{"id":26995,"date":"2018-11-27T23:50:20","date_gmt":"2018-11-28T04:50:20","guid":{"rendered":"https:\/\/www.dev.nitu.mx\/?p=26995"},"modified":"2018-11-28T01:10:47","modified_gmt":"2018-11-28T06:10:47","slug":"acotur-establece-alianza-estrategica-con-inverotel-para-promover-actividad-turistica-del-caribe-mexicano","status":"publish","type":"post","link":"https:\/\/nitu.mx\/index.php\/2018\/11\/27\/acotur-establece-alianza-estrategica-con-inverotel-para-promover-actividad-turistica-del-caribe-mexicano\/","title":{"rendered":"ACOTUR establece alianza estrat\u00e9gica con INVEROTEL para promover actividad tur\u00edstica del Caribe Mexicano"},"content":{"rendered":"<p>La Asociaci\u00f3n de Complejos Vacacionales y Tur\u00edsticos (ACOTUR) anunci\u00f3 que establecer\u00e1 una alianza estrat\u00e9gica con INVEROTEL, agrupaci\u00f3n que aglutina a las cadenas hoteleras espa\u00f1olas m\u00e1s importantes con presencia en Canc\u00fan, Riviera Maya y el Caribe, para promover la actividad tur\u00edstica de la regi\u00f3n.<\/p>\n<p>El Consejo Directivo de ACOTUR, encabezado por su presidente, Mauricio Carreon Lavalle (Grupo Posadas), acompa\u00f1ado del vicepresidente, Jorge Herrera (AMResorts); el secretario, Robert Kistner (Tafer), tesorero, Jorge Pard\u00edo (Legendary) y el representante del Comit\u00e9 Legal, Alberto Sol\u00eds (Apple Leisure Group) se reuni\u00f3 con el gerente general de INVEROTEL, Ram\u00f3n Rosell\u00f3 para iniciar un acercamiento que permita establecer las bases para elaborar un plan de trabajo, que fortalezca la representatividad de ambas agrupaciones en beneficio de la industria tur\u00edstica del Caribe Mexicano.<\/p>\n<p>\u201cEsta asociaci\u00f3n permitir\u00e1 apuntalar el crecimiento del sector tur\u00edstico de la regi\u00f3n y promover mejores condiciones competitivas, para que la industria vacacional siga creciendo, generando desarrollo y creando fuentes de empleo\u201d, destac\u00f3 Carre\u00f3n Lavalle, quien reconoci\u00f3 la necesidad de incrementar la infraestructura de servicios, la promoci\u00f3n tur\u00edstica, as\u00ed como la reducci\u00f3n de impuestos y tarifas el\u00e9ctricas que actualmente afectan la rentabilidad de las inversiones.<\/p>\n<p>Creada en febrero pasado, ACOTUR ha registrado en su primer a\u00f1o de operaciones un exponencial crecimiento a favor de la representaci\u00f3n de la industria vacacional al agrupar a 30 asociados con m\u00e1s de 38 mil 300 cuartos en el sureste de M\u00e9xico y 15 mil habitaciones en el Caribe Internacional, con ventas estimadas en m\u00e1s 650 millones de d\u00f3lares en el presente a\u00f1o.<\/p>\n<p>Por su parte, INVEROTEL aglutina a grandes cadenas hoteleras que operan m\u00e1s de 80 hoteles en Quintana Roo, con cerca de 40 mil llaves. Entre sus miembros destacan Majestic, Excellence, Mora Hotels, Meli\u00e1, Iberostar, Riu, Palladium, Sirenis, H10, Princess, Bah\u00eda Pr\u00edncipe, y el \u00fanico miembro no espa\u00f1ol, AMResorts.<\/p>\n<p>La asociaci\u00f3n de inversionistas mayormente espa\u00f1oles, actualmente construye 50 mil cuartos en M\u00e9xico con una inversi\u00f3n que alcanza los mil millones de d\u00f3lares, seg\u00fan cifras proporcionadas por el pr\u00f3ximo secretario de Turismo, Miguel Torruco Marqu\u00e9s, luego de una reuni\u00f3n sostenida en d\u00edas pasados con hoteleros de INVEROTEL.\u00a0<a title=\"Canc\u00fan tiene que mejorar su calidad tur\u00edstica y abrirse hacia nuevos mercados para mantener liderazgo\" href=\"https:\/\/www.dev.nitu.mx\/index.php\/2018\/11\/15\/cancun-tiene-que-mejorar-su-calidad-turistica-y-abrirse-hacia-nuevos-mercados-para-mantener-liderazgo\/\" rel=\"bookmark\">(Canc\u00fan tiene que mejorar su calidad tur\u00edstica y abrirse hacia nuevos mercados para mantener liderazgo<\/a>).<\/p>\n","protected":false},"excerpt":{"rendered":"<p>La Asociaci\u00f3n de Complejos Vacacionales y Tur\u00edsticos (ACOTUR) anunci\u00f3 que establecer\u00e1 una alianza estrat\u00e9gica con INVEROTEL, agrupaci\u00f3n que aglutina a las cadenas hoteleras espa\u00f1olas m\u00e1s importantes con presencia en Canc\u00fan, Riviera Maya y el Caribe, para promover la actividad tur\u00edstica de la regi\u00f3n. El Consejo Directivo de ACOTUR, encabezado por su presidente, Mauricio Carreon Lavalle [&hellip;]<\/p>\n","protected":false},"author":17,"featured_media":27020,"comment_status":"open","ping_status":"open","sticky":false,"template":"","format":"standard","meta":{"footnotes":""},"categories":[5,2],"tags":[12619,13519,43,7025,12574,1152,7026],"yoast_head":"<!-- This site is optimized with the Yoast SEO plugin v22.2 - https:\/\/yoast.com\/wordpress\/plugins\/seo\/ -->\n<title>ACOTUR establece alianza estrat\u00e9gica con INVEROTEL para promover actividad tur\u00edstica del Caribe Mexicano - Nitu - Noticias de la Industria Turistica<\/title>\n<meta name=\"description\" content=\"ACOTUR anunci\u00f3 que establecer\u00e1 una alianza estrat\u00e9gica con INVEROTEL, para promover la actividad tur\u00edstica de Canc\u00fan, Riviera Maya y el Caribe.\" \/>\n<meta name=\"robots\" content=\"index, follow, max-snippet:-1, max-image-preview:large, max-video-preview:-1\" \/>\n<link rel=\"canonical\" href=\"https:\/\/nitu.mx\/index.php\/2018\/11\/27\/acotur-establece-alianza-estrategica-con-inverotel-para-promover-actividad-turistica-del-caribe-mexicano\/\" \/>\n<meta name=\"twitter:card\" content=\"summary_large_image\" \/>\n<meta name=\"twitter:title\" content=\"ACOTUR establece alianza estrat\u00e9gica con INVEROTEL para promover actividad tur\u00edstica del Caribe Mexicano - Nitu - Noticias de la Industria Turistica\" \/>\n<meta name=\"twitter:description\" content=\"ACOTUR anunci\u00f3 que establecer\u00e1 una alianza estrat\u00e9gica con INVEROTEL, para promover la actividad tur\u00edstica de Canc\u00fan, Riviera Maya y el Caribe.\" \/>\n<meta name=\"twitter:image\" content=\"https:\/\/nitu.mx\/wp-content\/uploads\/2018\/11\/Acotur.jpg\" \/>\n<meta name=\"twitter:creator\" content=\"@NITUmx\" \/>\n<meta name=\"twitter:site\" content=\"@Arturo_Medina_G\" \/>\n<meta name=\"twitter:label1\" content=\"Escrito por\" \/>\n\t<meta name=\"twitter:data1\" content=\"Redacci\u00f3n\" \/>\n\t<meta name=\"twitter:label2\" content=\"Tiempo de lectura\" \/>\n\t<meta name=\"twitter:data2\" content=\"2 minutos\" \/>\n<script type=\"application\/ld+json\" class=\"yoast-schema-graph\">{\"@context\":\"https:\/\/schema.org\",\"@graph\":[{\"@type\":\"Article\",\"@id\":\"https:\/\/nitu.mx\/index.php\/2018\/11\/27\/acotur-establece-alianza-estrategica-con-inverotel-para-promover-actividad-turistica-del-caribe-mexicano\/#article\",\"isPartOf\":{\"@id\":\"https:\/\/nitu.mx\/index.php\/2018\/11\/27\/acotur-establece-alianza-estrategica-con-inverotel-para-promover-actividad-turistica-del-caribe-mexicano\/\"},\"author\":{\"name\":\"Redacci\u00f3n\",\"@id\":\"https:\/\/nitu.mx\/#\/schema\/person\/4a28fe9bd65924f7c90623773daf1b0b\"},\"headline\":\"ACOTUR establece alianza estrat\u00e9gica con INVEROTEL para promover actividad tur\u00edstica del Caribe Mexicano\",\"datePublished\":\"2018-11-28T04:50:20+00:00\",\"dateModified\":\"2018-11-28T06:10:47+00:00\",\"mainEntityOfPage\":{\"@id\":\"https:\/\/nitu.mx\/index.php\/2018\/11\/27\/acotur-establece-alianza-estrategica-con-inverotel-para-promover-actividad-turistica-del-caribe-mexicano\/\"},\"wordCount\":413,\"commentCount\":0,\"publisher\":{\"@id\":\"https:\/\/nitu.mx\/#\/schema\/person\/ae7a53426417292d3dd07b45a33e01bc\"},\"image\":{\"@id\":\"https:\/\/nitu.mx\/index.php\/2018\/11\/27\/acotur-establece-alianza-estrategica-con-inverotel-para-promover-actividad-turistica-del-caribe-mexicano\/#primaryimage\"},\"thumbnailUrl\":\"https:\/\/nitu.mx\/wp-content\/uploads\/2018\/11\/Acotur.jpg\",\"keywords\":[\"Asociaci\u00f3n de Complejos Vacacionales y Tur\u00edsticos (ACOTUR)\",\"cadenas hoteleras espa\u00f1olas\",\"Canc\u00fan\",\"Inverotel\",\"Mauricio Carre\u00f3n\",\"Promoci\u00f3n Tur\u00edstica\",\"Ram\u00f3n Rosell\u00f3\"],\"articleSection\":[\"Destinos\",\"Hoteles\"],\"inLanguage\":\"es-MX\",\"potentialAction\":[{\"@type\":\"CommentAction\",\"name\":\"Comment\",\"target\":[\"https:\/\/nitu.mx\/index.php\/2018\/11\/27\/acotur-establece-alianza-estrategica-con-inverotel-para-promover-actividad-turistica-del-caribe-mexicano\/#respond\"]}]},{\"@type\":\"WebPage\",\"@id\":\"https:\/\/nitu.mx\/index.php\/2018\/11\/27\/acotur-establece-alianza-estrategica-con-inverotel-para-promover-actividad-turistica-del-caribe-mexicano\/\",\"url\":\"https:\/\/nitu.mx\/index.php\/2018\/11\/27\/acotur-establece-alianza-estrategica-con-inverotel-para-promover-actividad-turistica-del-caribe-mexicano\/\",\"name\":\"ACOTUR establece alianza estrat\u00e9gica con INVEROTEL para promover actividad tur\u00edstica del Caribe Mexicano - Nitu - Noticias de la Industria Turistica\",\"isPartOf\":{\"@id\":\"https:\/\/nitu.mx\/#website\"},\"primaryImageOfPage\":{\"@id\":\"https:\/\/nitu.mx\/index.php\/2018\/11\/27\/acotur-establece-alianza-estrategica-con-inverotel-para-promover-actividad-turistica-del-caribe-mexicano\/#primaryimage\"},\"image\":{\"@id\":\"https:\/\/nitu.mx\/index.php\/2018\/11\/27\/acotur-establece-alianza-estrategica-con-inverotel-para-promover-actividad-turistica-del-caribe-mexicano\/#primaryimage\"},\"thumbnailUrl\":\"https:\/\/nitu.mx\/wp-content\/uploads\/2018\/11\/Acotur.jpg\",\"datePublished\":\"2018-11-28T04:50:20+00:00\",\"dateModified\":\"2018-11-28T06:10:47+00:00\",\"description\":\"ACOTUR anunci\u00f3 que establecer\u00e1 una alianza estrat\u00e9gica con INVEROTEL, para promover la actividad tur\u00edstica de Canc\u00fan, Riviera Maya y el Caribe.\",\"breadcrumb\":{\"@id\":\"https:\/\/nitu.mx\/index.php\/2018\/11\/27\/acotur-establece-alianza-estrategica-con-inverotel-para-promover-actividad-turistica-del-caribe-mexicano\/#breadcrumb\"},\"inLanguage\":\"es-MX\",\"potentialAction\":[{\"@type\":\"ReadAction\",\"target\":[\"https:\/\/nitu.mx\/index.php\/2018\/11\/27\/acotur-establece-alianza-estrategica-con-inverotel-para-promover-actividad-turistica-del-caribe-mexicano\/\"]}]},{\"@type\":\"ImageObject\",\"inLanguage\":\"es-MX\",\"@id\":\"https:\/\/nitu.mx\/index.php\/2018\/11\/27\/acotur-establece-alianza-estrategica-con-inverotel-para-promover-actividad-turistica-del-caribe-mexicano\/#primaryimage\",\"url\":\"https:\/\/nitu.mx\/wp-content\/uploads\/2018\/11\/Acotur.jpg\",\"contentUrl\":\"https:\/\/nitu.mx\/wp-content\/uploads\/2018\/11\/Acotur.jpg\",\"width\":850,\"height\":480,\"caption\":\"Acotur\"},{\"@type\":\"BreadcrumbList\",\"@id\":\"https:\/\/nitu.mx\/index.php\/2018\/11\/27\/acotur-establece-alianza-estrategica-con-inverotel-para-promover-actividad-turistica-del-caribe-mexicano\/#breadcrumb\",\"itemListElement\":[{\"@type\":\"ListItem\",\"position\":1,\"name\":\"Inicio\",\"item\":\"https:\/\/nitu.mx\/\"},{\"@type\":\"ListItem\",\"position\":2,\"name\":\"ACOTUR establece alianza estrat\u00e9gica con INVEROTEL para promover actividad tur\u00edstica del Caribe Mexicano\"}]},{\"@type\":\"WebSite\",\"@id\":\"https:\/\/nitu.mx\/#website\",\"url\":\"https:\/\/nitu.mx\/\",\"name\":\"Nitu - Noticias de la Industria Turistica\",\"description\":\"Noticias de la Industria Turistica\",\"publisher\":{\"@id\":\"https:\/\/nitu.mx\/#\/schema\/person\/ae7a53426417292d3dd07b45a33e01bc\"},\"alternateName\":\"Noticias de la Industria Turistica\",\"potentialAction\":[{\"@type\":\"SearchAction\",\"target\":{\"@type\":\"EntryPoint\",\"urlTemplate\":\"https:\/\/nitu.mx\/?s={search_term_string}\"},\"query-input\":\"required name=search_term_string\"}],\"inLanguage\":\"es-MX\"},{\"@type\":[\"Person\",\"Organization\"],\"@id\":\"https:\/\/nitu.mx\/#\/schema\/person\/ae7a53426417292d3dd07b45a33e01bc\",\"name\":\"Arturo Medina\",\"image\":{\"@type\":\"ImageObject\",\"inLanguage\":\"es-MX\",\"@id\":\"https:\/\/nitu.mx\/#\/schema\/person\/image\/\",\"url\":\"https:\/\/nitu.mx\/wp-content\/uploads\/2024\/04\/4A315622-1904-4D5C-B022-878CDC840E04-90x90-1.jpeg\",\"contentUrl\":\"https:\/\/nitu.mx\/wp-content\/uploads\/2024\/04\/4A315622-1904-4D5C-B022-878CDC840E04-90x90-1.jpeg\",\"width\":90,\"height\":90,\"caption\":\"Arturo Medina\"},\"logo\":{\"@id\":\"https:\/\/nitu.mx\/#\/schema\/person\/image\/\"},\"description\":\"Director NITU.mx, Egresado de la Escuela de Periodismo Carlos Septi\u00e9n Garc\u00eda. Periodista y analista especializado en turismo desde hace 35 a\u00f1os, radicado en Canc\u00fan Q.Roo. arturo@nitu.mx\",\"sameAs\":[\"https:\/\/nitu.mx\",\"https:\/\/www.facebook.com\/NITUmx\/\",\"medinacancun\",\"https:\/\/twitter.com\/@Arturo_Medina_G\"]},{\"@type\":\"Person\",\"@id\":\"https:\/\/nitu.mx\/#\/schema\/person\/4a28fe9bd65924f7c90623773daf1b0b\",\"name\":\"Redacci\u00f3n\",\"image\":{\"@type\":\"ImageObject\",\"inLanguage\":\"es-MX\",\"@id\":\"https:\/\/nitu.mx\/#\/schema\/person\/image\/\",\"url\":\"https:\/\/secure.gravatar.com\/avatar\/5dd011c8ccfc5cd7e4c81e42252aab38?s=96&d=mm&r=g\",\"contentUrl\":\"https:\/\/secure.gravatar.com\/avatar\/5dd011c8ccfc5cd7e4c81e42252aab38?s=96&d=mm&r=g\",\"caption\":\"Redacci\u00f3n\"},\"url\":\"https:\/\/nitu.mx\/index.php\/author\/redaccion\/\"}]}<\/script>\n<!-- \/ Yoast SEO plugin. -->","yoast_head_json":{"title":"ACOTUR establece alianza estrat\u00e9gica con INVEROTEL para promover actividad tur\u00edstica del Caribe Mexicano - Nitu - Noticias de la Industria Turistica","description":"ACOTUR anunci\u00f3 que establecer\u00e1 una alianza estrat\u00e9gica con INVEROTEL, para promover la actividad tur\u00edstica de Canc\u00fan, Riviera Maya y el Caribe.","robots":{"index":"index","follow":"follow","max-snippet":"max-snippet:-1","max-image-preview":"max-image-preview:large","max-video-preview":"max-video-preview:-1"},"canonical":"https:\/\/nitu.mx\/index.php\/2018\/11\/27\/acotur-establece-alianza-estrategica-con-inverotel-para-promover-actividad-turistica-del-caribe-mexicano\/","twitter_card":"summary_large_image","twitter_title":"ACOTUR establece alianza estrat\u00e9gica con INVEROTEL para promover actividad tur\u00edstica del Caribe Mexicano - Nitu - Noticias de la Industria Turistica","twitter_description":"ACOTUR anunci\u00f3 que establecer\u00e1 una alianza estrat\u00e9gica con INVEROTEL, para promover la actividad tur\u00edstica de Canc\u00fan, Riviera Maya y el Caribe.","twitter_image":"https:\/\/nitu.mx\/wp-content\/uploads\/2018\/11\/Acotur.jpg","twitter_creator":"@NITUmx","twitter_site":"@Arturo_Medina_G","twitter_misc":{"Escrito por":"Redacci\u00f3n","Tiempo de lectura":"2 minutos"},"schema":{"@context":"https:\/\/schema.org","@graph":[{"@type":"Article","@id":"https:\/\/nitu.mx\/index.php\/2018\/11\/27\/acotur-establece-alianza-estrategica-con-inverotel-para-promover-actividad-turistica-del-caribe-mexicano\/#article","isPartOf":{"@id":"https:\/\/nitu.mx\/index.php\/2018\/11\/27\/acotur-establece-alianza-estrategica-con-inverotel-para-promover-actividad-turistica-del-caribe-mexicano\/"},"author":{"name":"Redacci\u00f3n","@id":"https:\/\/nitu.mx\/#\/schema\/person\/4a28fe9bd65924f7c90623773daf1b0b"},"headline":"ACOTUR establece alianza estrat\u00e9gica con INVEROTEL para promover actividad tur\u00edstica del Caribe Mexicano","datePublished":"2018-11-28T04:50:20+00:00","dateModified":"2018-11-28T06:10:47+00:00","mainEntityOfPage":{"@id":"https:\/\/nitu.mx\/index.php\/2018\/11\/27\/acotur-establece-alianza-estrategica-con-inverotel-para-promover-actividad-turistica-del-caribe-mexicano\/"},"wordCount":413,"commentCount":0,"publisher":{"@id":"https:\/\/nitu.mx\/#\/schema\/person\/ae7a53426417292d3dd07b45a33e01bc"},"image":{"@id":"https:\/\/nitu.mx\/index.php\/2018\/11\/27\/acotur-establece-alianza-estrategica-con-inverotel-para-promover-actividad-turistica-del-caribe-mexicano\/#primaryimage"},"thumbnailUrl":"https:\/\/nitu.mx\/wp-content\/uploads\/2018\/11\/Acotur.jpg","keywords":["Asociaci\u00f3n de Complejos Vacacionales y Tur\u00edsticos (ACOTUR)","cadenas hoteleras espa\u00f1olas","Canc\u00fan","Inverotel","Mauricio Carre\u00f3n","Promoci\u00f3n Tur\u00edstica","Ram\u00f3n Rosell\u00f3"],"articleSection":["Destinos","Hoteles"],"inLanguage":"es-MX","potentialAction":[{"@type":"CommentAction","name":"Comment","target":["https:\/\/nitu.mx\/index.php\/2018\/11\/27\/acotur-establece-alianza-estrategica-con-inverotel-para-promover-actividad-turistica-del-caribe-mexicano\/#respond"]}]},{"@type":"WebPage","@id":"https:\/\/nitu.mx\/index.php\/2018\/11\/27\/acotur-establece-alianza-estrategica-con-inverotel-para-promover-actividad-turistica-del-caribe-mexicano\/","url":"https:\/\/nitu.mx\/index.php\/2018\/11\/27\/acotur-establece-alianza-estrategica-con-inverotel-para-promover-actividad-turistica-del-caribe-mexicano\/","name":"ACOTUR establece alianza estrat\u00e9gica con INVEROTEL para promover actividad tur\u00edstica del Caribe Mexicano - Nitu - Noticias de la Industria Turistica","isPartOf":{"@id":"https:\/\/nitu.mx\/#website"},"primaryImageOfPage":{"@id":"https:\/\/nitu.mx\/index.php\/2018\/11\/27\/acotur-establece-alianza-estrategica-con-inverotel-para-promover-actividad-turistica-del-caribe-mexicano\/#primaryimage"},"image":{"@id":"https:\/\/nitu.mx\/index.php\/2018\/11\/27\/acotur-establece-alianza-estrategica-con-inverotel-para-promover-actividad-turistica-del-caribe-mexicano\/#primaryimage"},"thumbnailUrl":"https:\/\/nitu.mx\/wp-content\/uploads\/2018\/11\/Acotur.jpg","datePublished":"2018-11-28T04:50:20+00:00","dateModified":"2018-11-28T06:10:47+00:00","description":"ACOTUR anunci\u00f3 que establecer\u00e1 una alianza estrat\u00e9gica con INVEROTEL, para promover la actividad tur\u00edstica de Canc\u00fan, Riviera Maya y el Caribe.","breadcrumb":{"@id":"https:\/\/nitu.mx\/index.php\/2018\/11\/27\/acotur-establece-alianza-estrategica-con-inverotel-para-promover-actividad-turistica-del-caribe-mexicano\/#breadcrumb"},"inLanguage":"es-MX","potentialAction":[{"@type":"ReadAction","target":["https:\/\/nitu.mx\/index.php\/2018\/11\/27\/acotur-establece-alianza-estrategica-con-inverotel-para-promover-actividad-turistica-del-caribe-mexicano\/"]}]},{"@type":"ImageObject","inLanguage":"es-MX","@id":"https:\/\/nitu.mx\/index.php\/2018\/11\/27\/acotur-establece-alianza-estrategica-con-inverotel-para-promover-actividad-turistica-del-caribe-mexicano\/#primaryimage","url":"https:\/\/nitu.mx\/wp-content\/uploads\/2018\/11\/Acotur.jpg","contentUrl":"https:\/\/nitu.mx\/wp-content\/uploads\/2018\/11\/Acotur.jpg","width":850,"height":480,"caption":"Acotur"},{"@type":"BreadcrumbList","@id":"https:\/\/nitu.mx\/index.php\/2018\/11\/27\/acotur-establece-alianza-estrategica-con-inverotel-para-promover-actividad-turistica-del-caribe-mexicano\/#breadcrumb","itemListElement":[{"@type":"ListItem","position":1,"name":"Inicio","item":"https:\/\/nitu.mx\/"},{"@type":"ListItem","position":2,"name":"ACOTUR establece alianza estrat\u00e9gica con INVEROTEL para promover actividad tur\u00edstica del Caribe Mexicano"}]},{"@type":"WebSite","@id":"https:\/\/nitu.mx\/#website","url":"https:\/\/nitu.mx\/","name":"Nitu - Noticias de la Industria Turistica","description":"Noticias de la Industria Turistica","publisher":{"@id":"https:\/\/nitu.mx\/#\/schema\/person\/ae7a53426417292d3dd07b45a33e01bc"},"alternateName":"Noticias de la Industria Turistica","potentialAction":[{"@type":"SearchAction","target":{"@type":"EntryPoint","urlTemplate":"https:\/\/nitu.mx\/?s={search_term_string}"},"query-input":"required name=search_term_string"}],"inLanguage":"es-MX"},{"@type":["Person","Organization"],"@id":"https:\/\/nitu.mx\/#\/schema\/person\/ae7a53426417292d3dd07b45a33e01bc","name":"Arturo Medina","image":{"@type":"ImageObject","inLanguage":"es-MX","@id":"https:\/\/nitu.mx\/#\/schema\/person\/image\/","url":"https:\/\/nitu.mx\/wp-content\/uploads\/2024\/04\/4A315622-1904-4D5C-B022-878CDC840E04-90x90-1.jpeg","contentUrl":"https:\/\/nitu.mx\/wp-content\/uploads\/2024\/04\/4A315622-1904-4D5C-B022-878CDC840E04-90x90-1.jpeg","width":90,"height":90,"caption":"Arturo Medina"},"logo":{"@id":"https:\/\/nitu.mx\/#\/schema\/person\/image\/"},"description":"Director NITU.mx, Egresado de la Escuela de Periodismo Carlos Septi\u00e9n Garc\u00eda. Periodista y analista especializado en turismo desde hace 35 a\u00f1os, radicado en Canc\u00fan Q.Roo. arturo@nitu.mx","sameAs":["https:\/\/nitu.mx","https:\/\/www.facebook.com\/NITUmx\/","medinacancun","https:\/\/twitter.com\/@Arturo_Medina_G"]},{"@type":"Person","@id":"https:\/\/nitu.mx\/#\/schema\/person\/4a28fe9bd65924f7c90623773daf1b0b","name":"Redacci\u00f3n","image":{"@type":"ImageObject","inLanguage":"es-MX","@id":"https:\/\/nitu.mx\/#\/schema\/person\/image\/","url":"https:\/\/secure.gravatar.com\/avatar\/5dd011c8ccfc5cd7e4c81e42252aab38?s=96&d=mm&r=g","contentUrl":"https:\/\/secure.gravatar.com\/avatar\/5dd011c8ccfc5cd7e4c81e42252aab38?s=96&d=mm&r=g","caption":"Redacci\u00f3n"},"url":"https:\/\/nitu.mx\/index.php\/author\/redaccion\/"}]}},"views":499,"_links":{"self":[{"href":"https:\/\/nitu.mx\/index.php\/wp-json\/wp\/v2\/posts\/26995"}],"collection":[{"href":"https:\/\/nitu.mx\/index.php\/wp-json\/wp\/v2\/posts"}],"about":[{"href":"https:\/\/nitu.mx\/index.php\/wp-json\/wp\/v2\/types\/post"}],"author":[{"embeddable":true,"href":"https:\/\/nitu.mx\/index.php\/wp-json\/wp\/v2\/users\/17"}],"replies":[{"embeddable":true,"href":"https:\/\/nitu.mx\/index.php\/wp-json\/wp\/v2\/comments?post=26995"}],"version-history":[{"count":3,"href":"https:\/\/nitu.mx\/index.php\/wp-json\/wp\/v2\/posts\/26995\/revisions"}],"predecessor-version":[{"id":27021,"href":"https:\/\/nitu.mx\/index.php\/wp-json\/wp\/v2\/posts\/26995\/revisions\/27021"}],"wp:featuredmedia":[{"embeddable":true,"href":"https:\/\/nitu.mx\/index.php\/wp-json\/wp\/v2\/media\/27020"}],"wp:attachment":[{"href":"https:\/\/nitu.mx\/index.php\/wp-json\/wp\/v2\/media?parent=26995"}],"wp:term":[{"taxonomy":"category","embeddable":true,"href":"https:\/\/nitu.mx\/index.php\/wp-json\/wp\/v2\/categories?post=26995"},{"taxonomy":"post_tag","embeddable":true,"href":"https:\/\/nitu.mx\/index.php\/wp-json\/wp\/v2\/tags?post=26995"}],"curies":[{"name":"wp","href":"https:\/\/api.w.org\/{rel}","templated":true}]}}