{"id":26858,"date":"2018-11-22T23:59:05","date_gmt":"2018-11-23T04:59:05","guid":{"rendered":"https:\/\/www.dev.nitu.mx\/?p=26858"},"modified":"2018-11-23T00:39:18","modified_gmt":"2018-11-23T05:39:18","slug":"construccion-del-tren-maya-arranca-en-ano-y-medio-no-el-16-de-diciembre","status":"publish","type":"post","link":"https:\/\/nitu.mx\/index.php\/2018\/11\/22\/construccion-del-tren-maya-arranca-en-ano-y-medio-no-el-16-de-diciembre\/","title":{"rendered":"Construcci\u00f3n del Tren Maya arranca en a\u00f1o y medio, no el 16 de diciembre"},"content":{"rendered":"<p>El Tren Maya no empezar\u00e1 a construirse el pr\u00f3ximo 16 de diciembre. El proyecto tampoco ser\u00e1 licitado en ese mes ni la consulta del pr\u00f3ximo 24 y 25 decidir\u00e1 su puesta en marcha. En tanto, algunas comunidades ya expresaron su descontento por el proyecto.<\/p>\n<p>Lo que pasar\u00e1 en realidad est\u00e1 determinado por las leyes en la materia para las obras de infraestructura, y tiene fases y tiempos perfectamente delimitados que el nuevo gobierno debe cumplir, reconoce el equipo responsable del proyecto.\u00a0<a title=\"Confirma AMLO que reasignar\u00e1n recursos de la promoci\u00f3n tur\u00edstica para el Tren Maya\" href=\"https:\/\/www.dev.nitu.mx\/index.php\/2018\/11\/22\/confirma-amlo-que-reasignaran-recursos-de-la-promocion-turistica-para-el-tren-maya\/\" rel=\"bookmark\">(Confirma AMLO que reasignar\u00e1n recursos de la promoci\u00f3n tur\u00edstica para el Tren Maya<\/a>).<\/p>\n<p>En entrevista, integrantes de las \u00e1reas responsables de la megaobra propuesta explican que lo que arrancar\u00e1 en diciembre es apenas la primera fase, que licitar\u00e1 la elaboraci\u00f3n del proyecto ejecutivo del tren con sus correspondientes estudios y evaluaciones de factibilidad, de mercado, legal y administrativo, de impacto ambiental, y financiero, para lo cual se ha solicitado un presupuesto de 8 mil millones de pesos al Congreso para 2019.<\/p>\n<p>De forma paralela, se ir\u00e1n realizando las sesiones informativas con las comunidades afectadas previo a la segunda fase del proyecto, que consiste en la realizaci\u00f3n de las consultas que decidir\u00e1n realmente si el tren procede o no: la consulta ambiental y la consulta ind\u00edgena. De obtenerse el consentimiento de las comunidades se proceder\u00e1 a la tercera fase, que es \u2013aqu\u00ed s\u00ed- el registro del proyecto ante Hacienda y su licitaci\u00f3n, para decidir qu\u00e9 empresas participar\u00e1n en la construcci\u00f3n de la obra. (<a title=\"El Tren Maya no cuenta con manifestaci\u00f3n de impacto ambiental\" href=\"https:\/\/www.dev.nitu.mx\/index.php\/2018\/11\/16\/el-tren-maya-no-cuenta-con-manifestacion-de-impacto-ambiental\/\" rel=\"bookmark\">El Tren Maya no cuenta con manifestaci\u00f3n de impacto ambiental)<\/a>.<\/p>\n<p>El Tren Maya no tiene nada de maya, comunidades ind\u00edgenas rechazan su construcci\u00f3n.<\/p>\n<p>Las tres fases del proyecto pueden tomar un a\u00f1o o m\u00e1s por el n\u00famero de estados, municipios y localidades consideradas en el trazo del tren, y cuyas comunidades y sectores son los primeros actores con derecho para participar en los procesos informativos y de consulta, de acuerdo con el equipo responsable. Esto significa que, de aprobarse, el inicio de construcci\u00f3n de la obra arrancar\u00eda hasta el 2020.<\/p>\n<p>No obstante, en lo que inicia la primera fase con la elaboraci\u00f3n del proyecto ejecutivo y la realizaci\u00f3n de los estudios correspondientes, Fonatur (dependencia promovente del proyecto) iniciar\u00e1 el 16 de diciembre trabajos de reparaci\u00f3n y mantenimiento de las v\u00edas ferroviarias ya existentes, por donde corren los trenes Mayab y Peninsular, que ya cuentan con derecho de v\u00eda y autorizaci\u00f3n para realizar ese tipo de obras, y que est\u00e1n incluidos en el circuito del Tren Maya. Ser\u00e1, precisa el equipo responsable, una especie de \u201clanzamiento simb\u00f3lico\u201d del inicio de la obra. (Animal pol\u00edtico).<\/p>\n","protected":false},"excerpt":{"rendered":"<p>El Tren Maya no empezar\u00e1 a construirse el pr\u00f3ximo 16 de diciembre. El proyecto tampoco ser\u00e1 licitado en ese mes ni la consulta del pr\u00f3ximo 24 y 25 decidir\u00e1 su puesta en marcha. En tanto, algunas comunidades ya expresaron su descontento por el proyecto. Lo que pasar\u00e1 en realidad est\u00e1 determinado por las leyes en [&hellip;]<\/p>\n","protected":false},"author":17,"featured_media":26725,"comment_status":"open","ping_status":"open","sticky":false,"template":"","format":"standard","meta":{"footnotes":""},"categories":[12,6],"tags":[13021,889,9452,11427],"yoast_head":"<!-- This site is optimized with the Yoast SEO plugin v22.2 - https:\/\/yoast.com\/wordpress\/plugins\/seo\/ -->\n<title>Construcci\u00f3n del Tren Maya arranca en a\u00f1o y medio, no el 16 de diciembre - Nitu - Noticias de la Industria Turistica<\/title>\n<meta name=\"description\" content=\"El Tren Maya no empezar\u00e1 a construirse el pr\u00f3ximo 16 de diciembre. El proyecto tampoco ser\u00e1 licitado en ese mes ni la consulta del pr\u00f3ximo 24 y 25.\" \/>\n<meta name=\"robots\" content=\"index, follow, max-snippet:-1, max-image-preview:large, max-video-preview:-1\" \/>\n<link rel=\"canonical\" href=\"https:\/\/nitu.mx\/index.php\/2018\/11\/22\/construccion-del-tren-maya-arranca-en-ano-y-medio-no-el-16-de-diciembre\/\" \/>\n<meta name=\"twitter:card\" content=\"summary_large_image\" \/>\n<meta name=\"twitter:title\" content=\"Construcci\u00f3n del Tren Maya arranca en a\u00f1o y medio, no el 16 de diciembre - Nitu - Noticias de la Industria Turistica\" \/>\n<meta name=\"twitter:description\" content=\"El Tren Maya no empezar\u00e1 a construirse el pr\u00f3ximo 16 de diciembre. El proyecto tampoco ser\u00e1 licitado en ese mes ni la consulta del pr\u00f3ximo 24 y 25.\" \/>\n<meta name=\"twitter:image\" content=\"https:\/\/nitu.mx\/wp-content\/uploads\/2018\/11\/jesus-ramirez-consulta-tren-maya.jpg\" \/>\n<meta name=\"twitter:creator\" content=\"@NITUmx\" \/>\n<meta name=\"twitter:site\" content=\"@Arturo_Medina_G\" \/>\n<meta name=\"twitter:label1\" content=\"Escrito por\" \/>\n\t<meta name=\"twitter:data1\" content=\"Redacci\u00f3n\" \/>\n\t<meta name=\"twitter:label2\" content=\"Tiempo de lectura\" \/>\n\t<meta name=\"twitter:data2\" content=\"2 minutos\" \/>\n<script type=\"application\/ld+json\" class=\"yoast-schema-graph\">{\"@context\":\"https:\/\/schema.org\",\"@graph\":[{\"@type\":\"Article\",\"@id\":\"https:\/\/nitu.mx\/index.php\/2018\/11\/22\/construccion-del-tren-maya-arranca-en-ano-y-medio-no-el-16-de-diciembre\/#article\",\"isPartOf\":{\"@id\":\"https:\/\/nitu.mx\/index.php\/2018\/11\/22\/construccion-del-tren-maya-arranca-en-ano-y-medio-no-el-16-de-diciembre\/\"},\"author\":{\"name\":\"Redacci\u00f3n\",\"@id\":\"https:\/\/nitu.mx\/#\/schema\/person\/4a28fe9bd65924f7c90623773daf1b0b\"},\"headline\":\"Construcci\u00f3n del Tren Maya arranca en a\u00f1o y medio, no el 16 de diciembre\",\"datePublished\":\"2018-11-23T04:59:05+00:00\",\"dateModified\":\"2018-11-23T05:39:18+00:00\",\"mainEntityOfPage\":{\"@id\":\"https:\/\/nitu.mx\/index.php\/2018\/11\/22\/construccion-del-tren-maya-arranca-en-ano-y-medio-no-el-16-de-diciembre\/\"},\"wordCount\":465,\"commentCount\":0,\"publisher\":{\"@id\":\"https:\/\/nitu.mx\/#\/schema\/person\/ae7a53426417292d3dd07b45a33e01bc\"},\"image\":{\"@id\":\"https:\/\/nitu.mx\/index.php\/2018\/11\/22\/construccion-del-tren-maya-arranca-en-ano-y-medio-no-el-16-de-diciembre\/#primaryimage\"},\"thumbnailUrl\":\"https:\/\/nitu.mx\/wp-content\/uploads\/2018\/11\/jesus-ramirez-consulta-tren-maya.jpg\",\"keywords\":[\"Consulta\",\"Fonatur\",\"primera fase\",\"Tren Maya\"],\"articleSection\":[\"Marketing\",\"M\u00e9xico\"],\"inLanguage\":\"es-MX\",\"potentialAction\":[{\"@type\":\"CommentAction\",\"name\":\"Comment\",\"target\":[\"https:\/\/nitu.mx\/index.php\/2018\/11\/22\/construccion-del-tren-maya-arranca-en-ano-y-medio-no-el-16-de-diciembre\/#respond\"]}]},{\"@type\":\"WebPage\",\"@id\":\"https:\/\/nitu.mx\/index.php\/2018\/11\/22\/construccion-del-tren-maya-arranca-en-ano-y-medio-no-el-16-de-diciembre\/\",\"url\":\"https:\/\/nitu.mx\/index.php\/2018\/11\/22\/construccion-del-tren-maya-arranca-en-ano-y-medio-no-el-16-de-diciembre\/\",\"name\":\"Construcci\u00f3n del Tren Maya arranca en a\u00f1o y medio, no el 16 de diciembre - Nitu - Noticias de la Industria Turistica\",\"isPartOf\":{\"@id\":\"https:\/\/nitu.mx\/#website\"},\"primaryImageOfPage\":{\"@id\":\"https:\/\/nitu.mx\/index.php\/2018\/11\/22\/construccion-del-tren-maya-arranca-en-ano-y-medio-no-el-16-de-diciembre\/#primaryimage\"},\"image\":{\"@id\":\"https:\/\/nitu.mx\/index.php\/2018\/11\/22\/construccion-del-tren-maya-arranca-en-ano-y-medio-no-el-16-de-diciembre\/#primaryimage\"},\"thumbnailUrl\":\"https:\/\/nitu.mx\/wp-content\/uploads\/2018\/11\/jesus-ramirez-consulta-tren-maya.jpg\",\"datePublished\":\"2018-11-23T04:59:05+00:00\",\"dateModified\":\"2018-11-23T05:39:18+00:00\",\"description\":\"El Tren Maya no empezar\u00e1 a construirse el pr\u00f3ximo 16 de diciembre. El proyecto tampoco ser\u00e1 licitado en ese mes ni la consulta del pr\u00f3ximo 24 y 25.\",\"breadcrumb\":{\"@id\":\"https:\/\/nitu.mx\/index.php\/2018\/11\/22\/construccion-del-tren-maya-arranca-en-ano-y-medio-no-el-16-de-diciembre\/#breadcrumb\"},\"inLanguage\":\"es-MX\",\"potentialAction\":[{\"@type\":\"ReadAction\",\"target\":[\"https:\/\/nitu.mx\/index.php\/2018\/11\/22\/construccion-del-tren-maya-arranca-en-ano-y-medio-no-el-16-de-diciembre\/\"]}]},{\"@type\":\"ImageObject\",\"inLanguage\":\"es-MX\",\"@id\":\"https:\/\/nitu.mx\/index.php\/2018\/11\/22\/construccion-del-tren-maya-arranca-en-ano-y-medio-no-el-16-de-diciembre\/#primaryimage\",\"url\":\"https:\/\/nitu.mx\/wp-content\/uploads\/2018\/11\/jesus-ramirez-consulta-tren-maya.jpg\",\"contentUrl\":\"https:\/\/nitu.mx\/wp-content\/uploads\/2018\/11\/jesus-ramirez-consulta-tren-maya.jpg\",\"width\":850,\"height\":480,\"caption\":\"jesus ramirez consulta tren maya\"},{\"@type\":\"BreadcrumbList\",\"@id\":\"https:\/\/nitu.mx\/index.php\/2018\/11\/22\/construccion-del-tren-maya-arranca-en-ano-y-medio-no-el-16-de-diciembre\/#breadcrumb\",\"itemListElement\":[{\"@type\":\"ListItem\",\"position\":1,\"name\":\"Inicio\",\"item\":\"https:\/\/nitu.mx\/\"},{\"@type\":\"ListItem\",\"position\":2,\"name\":\"Construcci\u00f3n del Tren Maya arranca en a\u00f1o y medio, no el 16 de diciembre\"}]},{\"@type\":\"WebSite\",\"@id\":\"https:\/\/nitu.mx\/#website\",\"url\":\"https:\/\/nitu.mx\/\",\"name\":\"Nitu - Noticias de la Industria Turistica\",\"description\":\"Noticias de la Industria Turistica\",\"publisher\":{\"@id\":\"https:\/\/nitu.mx\/#\/schema\/person\/ae7a53426417292d3dd07b45a33e01bc\"},\"alternateName\":\"Noticias de la Industria Turistica\",\"potentialAction\":[{\"@type\":\"SearchAction\",\"target\":{\"@type\":\"EntryPoint\",\"urlTemplate\":\"https:\/\/nitu.mx\/?s={search_term_string}\"},\"query-input\":\"required name=search_term_string\"}],\"inLanguage\":\"es-MX\"},{\"@type\":[\"Person\",\"Organization\"],\"@id\":\"https:\/\/nitu.mx\/#\/schema\/person\/ae7a53426417292d3dd07b45a33e01bc\",\"name\":\"Arturo Medina\",\"image\":{\"@type\":\"ImageObject\",\"inLanguage\":\"es-MX\",\"@id\":\"https:\/\/nitu.mx\/#\/schema\/person\/image\/\",\"url\":\"https:\/\/nitu.mx\/wp-content\/uploads\/2024\/04\/4A315622-1904-4D5C-B022-878CDC840E04-90x90-1.jpeg\",\"contentUrl\":\"https:\/\/nitu.mx\/wp-content\/uploads\/2024\/04\/4A315622-1904-4D5C-B022-878CDC840E04-90x90-1.jpeg\",\"width\":90,\"height\":90,\"caption\":\"Arturo Medina\"},\"logo\":{\"@id\":\"https:\/\/nitu.mx\/#\/schema\/person\/image\/\"},\"description\":\"Director NITU.mx, Egresado de la Escuela de Periodismo Carlos Septi\u00e9n Garc\u00eda. Periodista y analista especializado en turismo desde hace 35 a\u00f1os, radicado en Canc\u00fan Q.Roo. arturo@nitu.mx\",\"sameAs\":[\"https:\/\/nitu.mx\",\"https:\/\/www.facebook.com\/NITUmx\/\",\"medinacancun\",\"https:\/\/twitter.com\/@Arturo_Medina_G\"]},{\"@type\":\"Person\",\"@id\":\"https:\/\/nitu.mx\/#\/schema\/person\/4a28fe9bd65924f7c90623773daf1b0b\",\"name\":\"Redacci\u00f3n\",\"image\":{\"@type\":\"ImageObject\",\"inLanguage\":\"es-MX\",\"@id\":\"https:\/\/nitu.mx\/#\/schema\/person\/image\/\",\"url\":\"https:\/\/secure.gravatar.com\/avatar\/5dd011c8ccfc5cd7e4c81e42252aab38?s=96&d=mm&r=g\",\"contentUrl\":\"https:\/\/secure.gravatar.com\/avatar\/5dd011c8ccfc5cd7e4c81e42252aab38?s=96&d=mm&r=g\",\"caption\":\"Redacci\u00f3n\"},\"url\":\"https:\/\/nitu.mx\/index.php\/author\/redaccion\/\"}]}<\/script>\n<!-- \/ Yoast SEO plugin. -->","yoast_head_json":{"title":"Construcci\u00f3n del Tren Maya arranca en a\u00f1o y medio, no el 16 de diciembre - Nitu - Noticias de la Industria Turistica","description":"El Tren Maya no empezar\u00e1 a construirse el pr\u00f3ximo 16 de diciembre. El proyecto tampoco ser\u00e1 licitado en ese mes ni la consulta del pr\u00f3ximo 24 y 25.","robots":{"index":"index","follow":"follow","max-snippet":"max-snippet:-1","max-image-preview":"max-image-preview:large","max-video-preview":"max-video-preview:-1"},"canonical":"https:\/\/nitu.mx\/index.php\/2018\/11\/22\/construccion-del-tren-maya-arranca-en-ano-y-medio-no-el-16-de-diciembre\/","twitter_card":"summary_large_image","twitter_title":"Construcci\u00f3n del Tren Maya arranca en a\u00f1o y medio, no el 16 de diciembre - Nitu - Noticias de la Industria Turistica","twitter_description":"El Tren Maya no empezar\u00e1 a construirse el pr\u00f3ximo 16 de diciembre. El proyecto tampoco ser\u00e1 licitado en ese mes ni la consulta del pr\u00f3ximo 24 y 25.","twitter_image":"https:\/\/nitu.mx\/wp-content\/uploads\/2018\/11\/jesus-ramirez-consulta-tren-maya.jpg","twitter_creator":"@NITUmx","twitter_site":"@Arturo_Medina_G","twitter_misc":{"Escrito por":"Redacci\u00f3n","Tiempo de lectura":"2 minutos"},"schema":{"@context":"https:\/\/schema.org","@graph":[{"@type":"Article","@id":"https:\/\/nitu.mx\/index.php\/2018\/11\/22\/construccion-del-tren-maya-arranca-en-ano-y-medio-no-el-16-de-diciembre\/#article","isPartOf":{"@id":"https:\/\/nitu.mx\/index.php\/2018\/11\/22\/construccion-del-tren-maya-arranca-en-ano-y-medio-no-el-16-de-diciembre\/"},"author":{"name":"Redacci\u00f3n","@id":"https:\/\/nitu.mx\/#\/schema\/person\/4a28fe9bd65924f7c90623773daf1b0b"},"headline":"Construcci\u00f3n del Tren Maya arranca en a\u00f1o y medio, no el 16 de diciembre","datePublished":"2018-11-23T04:59:05+00:00","dateModified":"2018-11-23T05:39:18+00:00","mainEntityOfPage":{"@id":"https:\/\/nitu.mx\/index.php\/2018\/11\/22\/construccion-del-tren-maya-arranca-en-ano-y-medio-no-el-16-de-diciembre\/"},"wordCount":465,"commentCount":0,"publisher":{"@id":"https:\/\/nitu.mx\/#\/schema\/person\/ae7a53426417292d3dd07b45a33e01bc"},"image":{"@id":"https:\/\/nitu.mx\/index.php\/2018\/11\/22\/construccion-del-tren-maya-arranca-en-ano-y-medio-no-el-16-de-diciembre\/#primaryimage"},"thumbnailUrl":"https:\/\/nitu.mx\/wp-content\/uploads\/2018\/11\/jesus-ramirez-consulta-tren-maya.jpg","keywords":["Consulta","Fonatur","primera fase","Tren Maya"],"articleSection":["Marketing","M\u00e9xico"],"inLanguage":"es-MX","potentialAction":[{"@type":"CommentAction","name":"Comment","target":["https:\/\/nitu.mx\/index.php\/2018\/11\/22\/construccion-del-tren-maya-arranca-en-ano-y-medio-no-el-16-de-diciembre\/#respond"]}]},{"@type":"WebPage","@id":"https:\/\/nitu.mx\/index.php\/2018\/11\/22\/construccion-del-tren-maya-arranca-en-ano-y-medio-no-el-16-de-diciembre\/","url":"https:\/\/nitu.mx\/index.php\/2018\/11\/22\/construccion-del-tren-maya-arranca-en-ano-y-medio-no-el-16-de-diciembre\/","name":"Construcci\u00f3n del Tren Maya arranca en a\u00f1o y medio, no el 16 de diciembre - Nitu - Noticias de la Industria Turistica","isPartOf":{"@id":"https:\/\/nitu.mx\/#website"},"primaryImageOfPage":{"@id":"https:\/\/nitu.mx\/index.php\/2018\/11\/22\/construccion-del-tren-maya-arranca-en-ano-y-medio-no-el-16-de-diciembre\/#primaryimage"},"image":{"@id":"https:\/\/nitu.mx\/index.php\/2018\/11\/22\/construccion-del-tren-maya-arranca-en-ano-y-medio-no-el-16-de-diciembre\/#primaryimage"},"thumbnailUrl":"https:\/\/nitu.mx\/wp-content\/uploads\/2018\/11\/jesus-ramirez-consulta-tren-maya.jpg","datePublished":"2018-11-23T04:59:05+00:00","dateModified":"2018-11-23T05:39:18+00:00","description":"El Tren Maya no empezar\u00e1 a construirse el pr\u00f3ximo 16 de diciembre. El proyecto tampoco ser\u00e1 licitado en ese mes ni la consulta del pr\u00f3ximo 24 y 25.","breadcrumb":{"@id":"https:\/\/nitu.mx\/index.php\/2018\/11\/22\/construccion-del-tren-maya-arranca-en-ano-y-medio-no-el-16-de-diciembre\/#breadcrumb"},"inLanguage":"es-MX","potentialAction":[{"@type":"ReadAction","target":["https:\/\/nitu.mx\/index.php\/2018\/11\/22\/construccion-del-tren-maya-arranca-en-ano-y-medio-no-el-16-de-diciembre\/"]}]},{"@type":"ImageObject","inLanguage":"es-MX","@id":"https:\/\/nitu.mx\/index.php\/2018\/11\/22\/construccion-del-tren-maya-arranca-en-ano-y-medio-no-el-16-de-diciembre\/#primaryimage","url":"https:\/\/nitu.mx\/wp-content\/uploads\/2018\/11\/jesus-ramirez-consulta-tren-maya.jpg","contentUrl":"https:\/\/nitu.mx\/wp-content\/uploads\/2018\/11\/jesus-ramirez-consulta-tren-maya.jpg","width":850,"height":480,"caption":"jesus ramirez consulta tren maya"},{"@type":"BreadcrumbList","@id":"https:\/\/nitu.mx\/index.php\/2018\/11\/22\/construccion-del-tren-maya-arranca-en-ano-y-medio-no-el-16-de-diciembre\/#breadcrumb","itemListElement":[{"@type":"ListItem","position":1,"name":"Inicio","item":"https:\/\/nitu.mx\/"},{"@type":"ListItem","position":2,"name":"Construcci\u00f3n del Tren Maya arranca en a\u00f1o y medio, no el 16 de diciembre"}]},{"@type":"WebSite","@id":"https:\/\/nitu.mx\/#website","url":"https:\/\/nitu.mx\/","name":"Nitu - Noticias de la Industria Turistica","description":"Noticias de la Industria Turistica","publisher":{"@id":"https:\/\/nitu.mx\/#\/schema\/person\/ae7a53426417292d3dd07b45a33e01bc"},"alternateName":"Noticias de la Industria Turistica","potentialAction":[{"@type":"SearchAction","target":{"@type":"EntryPoint","urlTemplate":"https:\/\/nitu.mx\/?s={search_term_string}"},"query-input":"required name=search_term_string"}],"inLanguage":"es-MX"},{"@type":["Person","Organization"],"@id":"https:\/\/nitu.mx\/#\/schema\/person\/ae7a53426417292d3dd07b45a33e01bc","name":"Arturo Medina","image":{"@type":"ImageObject","inLanguage":"es-MX","@id":"https:\/\/nitu.mx\/#\/schema\/person\/image\/","url":"https:\/\/nitu.mx\/wp-content\/uploads\/2024\/04\/4A315622-1904-4D5C-B022-878CDC840E04-90x90-1.jpeg","contentUrl":"https:\/\/nitu.mx\/wp-content\/uploads\/2024\/04\/4A315622-1904-4D5C-B022-878CDC840E04-90x90-1.jpeg","width":90,"height":90,"caption":"Arturo Medina"},"logo":{"@id":"https:\/\/nitu.mx\/#\/schema\/person\/image\/"},"description":"Director NITU.mx, Egresado de la Escuela de Periodismo Carlos Septi\u00e9n Garc\u00eda. Periodista y analista especializado en turismo desde hace 35 a\u00f1os, radicado en Canc\u00fan Q.Roo. arturo@nitu.mx","sameAs":["https:\/\/nitu.mx","https:\/\/www.facebook.com\/NITUmx\/","medinacancun","https:\/\/twitter.com\/@Arturo_Medina_G"]},{"@type":"Person","@id":"https:\/\/nitu.mx\/#\/schema\/person\/4a28fe9bd65924f7c90623773daf1b0b","name":"Redacci\u00f3n","image":{"@type":"ImageObject","inLanguage":"es-MX","@id":"https:\/\/nitu.mx\/#\/schema\/person\/image\/","url":"https:\/\/secure.gravatar.com\/avatar\/5dd011c8ccfc5cd7e4c81e42252aab38?s=96&d=mm&r=g","contentUrl":"https:\/\/secure.gravatar.com\/avatar\/5dd011c8ccfc5cd7e4c81e42252aab38?s=96&d=mm&r=g","caption":"Redacci\u00f3n"},"url":"https:\/\/nitu.mx\/index.php\/author\/redaccion\/"}]}},"views":243,"_links":{"self":[{"href":"https:\/\/nitu.mx\/index.php\/wp-json\/wp\/v2\/posts\/26858"}],"collection":[{"href":"https:\/\/nitu.mx\/index.php\/wp-json\/wp\/v2\/posts"}],"about":[{"href":"https:\/\/nitu.mx\/index.php\/wp-json\/wp\/v2\/types\/post"}],"author":[{"embeddable":true,"href":"https:\/\/nitu.mx\/index.php\/wp-json\/wp\/v2\/users\/17"}],"replies":[{"embeddable":true,"href":"https:\/\/nitu.mx\/index.php\/wp-json\/wp\/v2\/comments?post=26858"}],"version-history":[{"count":3,"href":"https:\/\/nitu.mx\/index.php\/wp-json\/wp\/v2\/posts\/26858\/revisions"}],"predecessor-version":[{"id":26880,"href":"https:\/\/nitu.mx\/index.php\/wp-json\/wp\/v2\/posts\/26858\/revisions\/26880"}],"wp:featuredmedia":[{"embeddable":true,"href":"https:\/\/nitu.mx\/index.php\/wp-json\/wp\/v2\/media\/26725"}],"wp:attachment":[{"href":"https:\/\/nitu.mx\/index.php\/wp-json\/wp\/v2\/media?parent=26858"}],"wp:term":[{"taxonomy":"category","embeddable":true,"href":"https:\/\/nitu.mx\/index.php\/wp-json\/wp\/v2\/categories?post=26858"},{"taxonomy":"post_tag","embeddable":true,"href":"https:\/\/nitu.mx\/index.php\/wp-json\/wp\/v2\/tags?post=26858"}],"curies":[{"name":"wp","href":"https:\/\/api.w.org\/{rel}","templated":true}]}}