{"id":26824,"date":"2018-11-21T22:42:13","date_gmt":"2018-11-22T03:42:13","guid":{"rendered":"https:\/\/www.dev.nitu.mx\/?p=26824"},"modified":"2018-11-22T02:25:50","modified_gmt":"2018-11-22T07:25:50","slug":"cumplio-parque-amikoo-requisitos-ambientales","status":"publish","type":"post","link":"https:\/\/nitu.mx\/index.php\/2018\/11\/21\/cumplio-parque-amikoo-requisitos-ambientales\/","title":{"rendered":"Cumpli\u00f3 Parque Amikoo requisitos ambientales"},"content":{"rendered":"<p>Amikoo Park, que apunta a ser el parque tem\u00e1tico m\u00e1s importante de Am\u00e9rica Latina, present\u00f3 los avances de su primera fase de construcci\u00f3n al obtener todos los permisos de las diversas instituciones gubernamentales y cumplir con los requisitos ambientales.<\/p>\n<p>El presidente de M\u00e9xico, Enrique Pe\u00f1a Nieto y el empresario Carlos Peralta, presentaron el 18 de septiembre del a\u00f1o pasado, el proyecto del parque de diversiones y resort Amikoo, (amigo en lengua maya), con una inversi\u00f3n 100 por ciento mexicana del orden de 840 millones de d\u00f3lares de Grupo IUSA, y en donde anunciaron que generar\u00e1 nueve mil empleos directos, y 34 mil indirectos para Quintana Roo.\u00a0<a title=\"La Riviera Maya tendr\u00e1 el mejor Parque Tem\u00e1tico en el mundo: EPN\" href=\"https:\/\/www.dev.nitu.mx\/index.php\/2017\/09\/18\/la-riviera-maya-tendra-el-mejor-parque-tematico-en-el-mundo-epn\/\" rel=\"bookmark\">(La Riviera Maya tendr\u00e1 el mejor Parque Tem\u00e1tico en el mundo: EPN<\/a>).<\/p>\n<p>El parque se construir\u00e1 en dos etapas en un predio de 120 hect\u00e1reas, la primera de las cuales incluir\u00e1 un hotel de 320 habitaciones, un museo de arqueolog\u00eda y antropolog\u00eda maya, adem\u00e1s de zonas comerciales y gastron\u00f3micas.<\/p>\n<p>El proyecto estima atraer 4.5 millones de visitantes anuales; de esa cifra, m\u00e1s de dos millones de visitantes ser\u00edan turistas incrementales a M\u00e9xico.<\/p>\n<p>Amikoo Park, que contempla la puesta en marcha de operaciones en el tercer cuarto de 2019, ha concluido la fase de dise\u00f1o conceptual y ha finalizado ya el proyecto ejecutivo.\u00a0<a title=\"Amikoo inicia obras el pr\u00f3ximo mes y apertura en noviembre de 2018\" href=\"https:\/\/www.dev.nitu.mx\/index.php\/2017\/10\/17\/amikoo-inicia-obras-el-proximo-mes-y-apertura-en-noviembre-de-2018\/\" rel=\"bookmark\">(Amikoo inicia obras el pr\u00f3ximo mes y apertura en noviembre de 2018<\/a>).<\/p>\n<p>\u201cLos socios del proyecto comentaron que la recuperaci\u00f3n forestal se ha ejecutado con \u00e9xito y en cumplimiento con las regulaciones gubernamentales de M\u00e9xico\u201d, dice un comunicado.\u00a0<a title=\"Parque Amiko no ha puesto ni su primera piedra, AMResorts en stand by\" href=\"https:\/\/www.dev.nitu.mx\/index.php\/2018\/10\/10\/parque-amiko-no-ha-puesto-ni-su-primera-piedra-amresorts-en-stand-by\/\" rel=\"bookmark\">(Parque Amiko no ha puesto ni su primera piedra, AMResorts en stand by<\/a>).<\/p>\n<p>La Primera Fase est\u00e1 programada para finales de 2019. La segunda fase est\u00e1 programada entre 2020 y 2021 e incluir\u00e1 cuatro grandiosos mundos mayas con m\u00e1s de 40 atracciones, espect\u00e1culos y restaurantes.\u00a0<a title=\"A fin de a\u00f1o, concluir\u00e1n primera fase de Amikoo\" href=\"https:\/\/www.dev.nitu.mx\/index.php\/2018\/04\/20\/a-fin-de-ano-concluiran-primera-fase-de-amikoo\/\" rel=\"bookmark\">(A fin de a\u00f1o, concluir\u00e1n primera fase de Amikoo<\/a>).<\/p>\n","protected":false},"excerpt":{"rendered":"<p>Amikoo Park, que apunta a ser el parque tem\u00e1tico m\u00e1s importante de Am\u00e9rica Latina, present\u00f3 los avances de su primera fase de construcci\u00f3n al obtener todos los permisos de las diversas instituciones gubernamentales y cumplir con los requisitos ambientales. El presidente de M\u00e9xico, Enrique Pe\u00f1a Nieto y el empresario Carlos Peralta, presentaron el 18 de [&hellip;]<\/p>\n","protected":false},"author":17,"featured_media":26825,"comment_status":"open","ping_status":"open","sticky":false,"template":"","format":"standard","meta":{"footnotes":""},"categories":[5,6],"tags":[13441,144,39,9457,5967,2650,13445],"yoast_head":"<!-- This site is optimized with the Yoast SEO plugin v22.2 - https:\/\/yoast.com\/wordpress\/plugins\/seo\/ -->\n<title>Cumpli\u00f3 Parque Amikoo requisitos ambientales - Nitu - Noticias de la Industria Turistica<\/title>\n<meta name=\"description\" content=\"Amikoo Park present\u00f3 los avances de su primera fase de construcci\u00f3n al obtener todos los permisos de las diversas instituciones gubernamentales.\" \/>\n<meta name=\"robots\" content=\"index, follow, max-snippet:-1, max-image-preview:large, max-video-preview:-1\" \/>\n<link rel=\"canonical\" href=\"https:\/\/nitu.mx\/index.php\/2018\/11\/21\/cumplio-parque-amikoo-requisitos-ambientales\/\" \/>\n<meta name=\"twitter:card\" content=\"summary_large_image\" \/>\n<meta name=\"twitter:title\" content=\"Cumpli\u00f3 Parque Amikoo requisitos ambientales - Nitu - Noticias de la Industria Turistica\" \/>\n<meta name=\"twitter:description\" content=\"Amikoo Park present\u00f3 los avances de su primera fase de construcci\u00f3n al obtener todos los permisos de las diversas instituciones gubernamentales.\" \/>\n<meta name=\"twitter:image\" content=\"https:\/\/nitu.mx\/wp-content\/uploads\/2018\/11\/amikoo1-.jpg\" \/>\n<meta name=\"twitter:creator\" content=\"@NITUmx\" \/>\n<meta name=\"twitter:site\" content=\"@Arturo_Medina_G\" \/>\n<meta name=\"twitter:label1\" content=\"Escrito por\" \/>\n\t<meta name=\"twitter:data1\" content=\"Redacci\u00f3n\" \/>\n\t<meta name=\"twitter:label2\" content=\"Tiempo de lectura\" \/>\n\t<meta name=\"twitter:data2\" content=\"2 minutos\" \/>\n<script type=\"application\/ld+json\" class=\"yoast-schema-graph\">{\"@context\":\"https:\/\/schema.org\",\"@graph\":[{\"@type\":\"Article\",\"@id\":\"https:\/\/nitu.mx\/index.php\/2018\/11\/21\/cumplio-parque-amikoo-requisitos-ambientales\/#article\",\"isPartOf\":{\"@id\":\"https:\/\/nitu.mx\/index.php\/2018\/11\/21\/cumplio-parque-amikoo-requisitos-ambientales\/\"},\"author\":{\"name\":\"Redacci\u00f3n\",\"@id\":\"https:\/\/nitu.mx\/#\/schema\/person\/4a28fe9bd65924f7c90623773daf1b0b\"},\"headline\":\"Cumpli\u00f3 Parque Amikoo requisitos ambientales\",\"datePublished\":\"2018-11-22T03:42:13+00:00\",\"dateModified\":\"2018-11-22T07:25:50+00:00\",\"mainEntityOfPage\":{\"@id\":\"https:\/\/nitu.mx\/index.php\/2018\/11\/21\/cumplio-parque-amikoo-requisitos-ambientales\/\"},\"wordCount\":318,\"commentCount\":0,\"publisher\":{\"@id\":\"https:\/\/nitu.mx\/#\/schema\/person\/ae7a53426417292d3dd07b45a33e01bc\"},\"image\":{\"@id\":\"https:\/\/nitu.mx\/index.php\/2018\/11\/21\/cumplio-parque-amikoo-requisitos-ambientales\/#primaryimage\"},\"thumbnailUrl\":\"https:\/\/nitu.mx\/wp-content\/uploads\/2018\/11\/amikoo1-.jpg\",\"keywords\":[\"Amikoo Park\",\"Carlos Peralta\",\"Enrique Pe\u00f1a Nieto\",\"Grupo IUSA\",\"parque de diversiones\",\"presidente de M\u00e9xico\",\"zonas comerciales y gastron\u00f3micas\"],\"articleSection\":[\"Destinos\",\"M\u00e9xico\"],\"inLanguage\":\"es-MX\",\"potentialAction\":[{\"@type\":\"CommentAction\",\"name\":\"Comment\",\"target\":[\"https:\/\/nitu.mx\/index.php\/2018\/11\/21\/cumplio-parque-amikoo-requisitos-ambientales\/#respond\"]}]},{\"@type\":\"WebPage\",\"@id\":\"https:\/\/nitu.mx\/index.php\/2018\/11\/21\/cumplio-parque-amikoo-requisitos-ambientales\/\",\"url\":\"https:\/\/nitu.mx\/index.php\/2018\/11\/21\/cumplio-parque-amikoo-requisitos-ambientales\/\",\"name\":\"Cumpli\u00f3 Parque Amikoo requisitos ambientales - Nitu - Noticias de la Industria Turistica\",\"isPartOf\":{\"@id\":\"https:\/\/nitu.mx\/#website\"},\"primaryImageOfPage\":{\"@id\":\"https:\/\/nitu.mx\/index.php\/2018\/11\/21\/cumplio-parque-amikoo-requisitos-ambientales\/#primaryimage\"},\"image\":{\"@id\":\"https:\/\/nitu.mx\/index.php\/2018\/11\/21\/cumplio-parque-amikoo-requisitos-ambientales\/#primaryimage\"},\"thumbnailUrl\":\"https:\/\/nitu.mx\/wp-content\/uploads\/2018\/11\/amikoo1-.jpg\",\"datePublished\":\"2018-11-22T03:42:13+00:00\",\"dateModified\":\"2018-11-22T07:25:50+00:00\",\"description\":\"Amikoo Park present\u00f3 los avances de su primera fase de construcci\u00f3n al obtener todos los permisos de las diversas instituciones gubernamentales.\",\"breadcrumb\":{\"@id\":\"https:\/\/nitu.mx\/index.php\/2018\/11\/21\/cumplio-parque-amikoo-requisitos-ambientales\/#breadcrumb\"},\"inLanguage\":\"es-MX\",\"potentialAction\":[{\"@type\":\"ReadAction\",\"target\":[\"https:\/\/nitu.mx\/index.php\/2018\/11\/21\/cumplio-parque-amikoo-requisitos-ambientales\/\"]}]},{\"@type\":\"ImageObject\",\"inLanguage\":\"es-MX\",\"@id\":\"https:\/\/nitu.mx\/index.php\/2018\/11\/21\/cumplio-parque-amikoo-requisitos-ambientales\/#primaryimage\",\"url\":\"https:\/\/nitu.mx\/wp-content\/uploads\/2018\/11\/amikoo1-.jpg\",\"contentUrl\":\"https:\/\/nitu.mx\/wp-content\/uploads\/2018\/11\/amikoo1-.jpg\",\"width\":640,\"height\":360},{\"@type\":\"BreadcrumbList\",\"@id\":\"https:\/\/nitu.mx\/index.php\/2018\/11\/21\/cumplio-parque-amikoo-requisitos-ambientales\/#breadcrumb\",\"itemListElement\":[{\"@type\":\"ListItem\",\"position\":1,\"name\":\"Inicio\",\"item\":\"https:\/\/nitu.mx\/\"},{\"@type\":\"ListItem\",\"position\":2,\"name\":\"Cumpli\u00f3 Parque Amikoo requisitos ambientales\"}]},{\"@type\":\"WebSite\",\"@id\":\"https:\/\/nitu.mx\/#website\",\"url\":\"https:\/\/nitu.mx\/\",\"name\":\"Nitu - Noticias de la Industria Turistica\",\"description\":\"Noticias de la Industria Turistica\",\"publisher\":{\"@id\":\"https:\/\/nitu.mx\/#\/schema\/person\/ae7a53426417292d3dd07b45a33e01bc\"},\"alternateName\":\"Noticias de la Industria Turistica\",\"potentialAction\":[{\"@type\":\"SearchAction\",\"target\":{\"@type\":\"EntryPoint\",\"urlTemplate\":\"https:\/\/nitu.mx\/?s={search_term_string}\"},\"query-input\":\"required name=search_term_string\"}],\"inLanguage\":\"es-MX\"},{\"@type\":[\"Person\",\"Organization\"],\"@id\":\"https:\/\/nitu.mx\/#\/schema\/person\/ae7a53426417292d3dd07b45a33e01bc\",\"name\":\"Arturo Medina\",\"image\":{\"@type\":\"ImageObject\",\"inLanguage\":\"es-MX\",\"@id\":\"https:\/\/nitu.mx\/#\/schema\/person\/image\/\",\"url\":\"https:\/\/nitu.mx\/wp-content\/uploads\/2024\/04\/4A315622-1904-4D5C-B022-878CDC840E04-90x90-1.jpeg\",\"contentUrl\":\"https:\/\/nitu.mx\/wp-content\/uploads\/2024\/04\/4A315622-1904-4D5C-B022-878CDC840E04-90x90-1.jpeg\",\"width\":90,\"height\":90,\"caption\":\"Arturo Medina\"},\"logo\":{\"@id\":\"https:\/\/nitu.mx\/#\/schema\/person\/image\/\"},\"description\":\"Director NITU.mx, Egresado de la Escuela de Periodismo Carlos Septi\u00e9n Garc\u00eda. Periodista y analista especializado en turismo desde hace 35 a\u00f1os, radicado en Canc\u00fan Q.Roo. arturo@nitu.mx\",\"sameAs\":[\"https:\/\/nitu.mx\",\"https:\/\/www.facebook.com\/NITUmx\/\",\"medinacancun\",\"https:\/\/twitter.com\/@Arturo_Medina_G\"]},{\"@type\":\"Person\",\"@id\":\"https:\/\/nitu.mx\/#\/schema\/person\/4a28fe9bd65924f7c90623773daf1b0b\",\"name\":\"Redacci\u00f3n\",\"image\":{\"@type\":\"ImageObject\",\"inLanguage\":\"es-MX\",\"@id\":\"https:\/\/nitu.mx\/#\/schema\/person\/image\/\",\"url\":\"https:\/\/secure.gravatar.com\/avatar\/5dd011c8ccfc5cd7e4c81e42252aab38?s=96&d=mm&r=g\",\"contentUrl\":\"https:\/\/secure.gravatar.com\/avatar\/5dd011c8ccfc5cd7e4c81e42252aab38?s=96&d=mm&r=g\",\"caption\":\"Redacci\u00f3n\"},\"url\":\"https:\/\/nitu.mx\/index.php\/author\/redaccion\/\"}]}<\/script>\n<!-- \/ Yoast SEO plugin. -->","yoast_head_json":{"title":"Cumpli\u00f3 Parque Amikoo requisitos ambientales - Nitu - Noticias de la Industria Turistica","description":"Amikoo Park present\u00f3 los avances de su primera fase de construcci\u00f3n al obtener todos los permisos de las diversas instituciones gubernamentales.","robots":{"index":"index","follow":"follow","max-snippet":"max-snippet:-1","max-image-preview":"max-image-preview:large","max-video-preview":"max-video-preview:-1"},"canonical":"https:\/\/nitu.mx\/index.php\/2018\/11\/21\/cumplio-parque-amikoo-requisitos-ambientales\/","twitter_card":"summary_large_image","twitter_title":"Cumpli\u00f3 Parque Amikoo requisitos ambientales - Nitu - Noticias de la Industria Turistica","twitter_description":"Amikoo Park present\u00f3 los avances de su primera fase de construcci\u00f3n al obtener todos los permisos de las diversas instituciones gubernamentales.","twitter_image":"https:\/\/nitu.mx\/wp-content\/uploads\/2018\/11\/amikoo1-.jpg","twitter_creator":"@NITUmx","twitter_site":"@Arturo_Medina_G","twitter_misc":{"Escrito por":"Redacci\u00f3n","Tiempo de lectura":"2 minutos"},"schema":{"@context":"https:\/\/schema.org","@graph":[{"@type":"Article","@id":"https:\/\/nitu.mx\/index.php\/2018\/11\/21\/cumplio-parque-amikoo-requisitos-ambientales\/#article","isPartOf":{"@id":"https:\/\/nitu.mx\/index.php\/2018\/11\/21\/cumplio-parque-amikoo-requisitos-ambientales\/"},"author":{"name":"Redacci\u00f3n","@id":"https:\/\/nitu.mx\/#\/schema\/person\/4a28fe9bd65924f7c90623773daf1b0b"},"headline":"Cumpli\u00f3 Parque Amikoo requisitos ambientales","datePublished":"2018-11-22T03:42:13+00:00","dateModified":"2018-11-22T07:25:50+00:00","mainEntityOfPage":{"@id":"https:\/\/nitu.mx\/index.php\/2018\/11\/21\/cumplio-parque-amikoo-requisitos-ambientales\/"},"wordCount":318,"commentCount":0,"publisher":{"@id":"https:\/\/nitu.mx\/#\/schema\/person\/ae7a53426417292d3dd07b45a33e01bc"},"image":{"@id":"https:\/\/nitu.mx\/index.php\/2018\/11\/21\/cumplio-parque-amikoo-requisitos-ambientales\/#primaryimage"},"thumbnailUrl":"https:\/\/nitu.mx\/wp-content\/uploads\/2018\/11\/amikoo1-.jpg","keywords":["Amikoo Park","Carlos Peralta","Enrique Pe\u00f1a Nieto","Grupo IUSA","parque de diversiones","presidente de M\u00e9xico","zonas comerciales y gastron\u00f3micas"],"articleSection":["Destinos","M\u00e9xico"],"inLanguage":"es-MX","potentialAction":[{"@type":"CommentAction","name":"Comment","target":["https:\/\/nitu.mx\/index.php\/2018\/11\/21\/cumplio-parque-amikoo-requisitos-ambientales\/#respond"]}]},{"@type":"WebPage","@id":"https:\/\/nitu.mx\/index.php\/2018\/11\/21\/cumplio-parque-amikoo-requisitos-ambientales\/","url":"https:\/\/nitu.mx\/index.php\/2018\/11\/21\/cumplio-parque-amikoo-requisitos-ambientales\/","name":"Cumpli\u00f3 Parque Amikoo requisitos ambientales - Nitu - Noticias de la Industria Turistica","isPartOf":{"@id":"https:\/\/nitu.mx\/#website"},"primaryImageOfPage":{"@id":"https:\/\/nitu.mx\/index.php\/2018\/11\/21\/cumplio-parque-amikoo-requisitos-ambientales\/#primaryimage"},"image":{"@id":"https:\/\/nitu.mx\/index.php\/2018\/11\/21\/cumplio-parque-amikoo-requisitos-ambientales\/#primaryimage"},"thumbnailUrl":"https:\/\/nitu.mx\/wp-content\/uploads\/2018\/11\/amikoo1-.jpg","datePublished":"2018-11-22T03:42:13+00:00","dateModified":"2018-11-22T07:25:50+00:00","description":"Amikoo Park present\u00f3 los avances de su primera fase de construcci\u00f3n al obtener todos los permisos de las diversas instituciones gubernamentales.","breadcrumb":{"@id":"https:\/\/nitu.mx\/index.php\/2018\/11\/21\/cumplio-parque-amikoo-requisitos-ambientales\/#breadcrumb"},"inLanguage":"es-MX","potentialAction":[{"@type":"ReadAction","target":["https:\/\/nitu.mx\/index.php\/2018\/11\/21\/cumplio-parque-amikoo-requisitos-ambientales\/"]}]},{"@type":"ImageObject","inLanguage":"es-MX","@id":"https:\/\/nitu.mx\/index.php\/2018\/11\/21\/cumplio-parque-amikoo-requisitos-ambientales\/#primaryimage","url":"https:\/\/nitu.mx\/wp-content\/uploads\/2018\/11\/amikoo1-.jpg","contentUrl":"https:\/\/nitu.mx\/wp-content\/uploads\/2018\/11\/amikoo1-.jpg","width":640,"height":360},{"@type":"BreadcrumbList","@id":"https:\/\/nitu.mx\/index.php\/2018\/11\/21\/cumplio-parque-amikoo-requisitos-ambientales\/#breadcrumb","itemListElement":[{"@type":"ListItem","position":1,"name":"Inicio","item":"https:\/\/nitu.mx\/"},{"@type":"ListItem","position":2,"name":"Cumpli\u00f3 Parque Amikoo requisitos ambientales"}]},{"@type":"WebSite","@id":"https:\/\/nitu.mx\/#website","url":"https:\/\/nitu.mx\/","name":"Nitu - Noticias de la Industria Turistica","description":"Noticias de la Industria Turistica","publisher":{"@id":"https:\/\/nitu.mx\/#\/schema\/person\/ae7a53426417292d3dd07b45a33e01bc"},"alternateName":"Noticias de la Industria Turistica","potentialAction":[{"@type":"SearchAction","target":{"@type":"EntryPoint","urlTemplate":"https:\/\/nitu.mx\/?s={search_term_string}"},"query-input":"required name=search_term_string"}],"inLanguage":"es-MX"},{"@type":["Person","Organization"],"@id":"https:\/\/nitu.mx\/#\/schema\/person\/ae7a53426417292d3dd07b45a33e01bc","name":"Arturo Medina","image":{"@type":"ImageObject","inLanguage":"es-MX","@id":"https:\/\/nitu.mx\/#\/schema\/person\/image\/","url":"https:\/\/nitu.mx\/wp-content\/uploads\/2024\/04\/4A315622-1904-4D5C-B022-878CDC840E04-90x90-1.jpeg","contentUrl":"https:\/\/nitu.mx\/wp-content\/uploads\/2024\/04\/4A315622-1904-4D5C-B022-878CDC840E04-90x90-1.jpeg","width":90,"height":90,"caption":"Arturo Medina"},"logo":{"@id":"https:\/\/nitu.mx\/#\/schema\/person\/image\/"},"description":"Director NITU.mx, Egresado de la Escuela de Periodismo Carlos Septi\u00e9n Garc\u00eda. Periodista y analista especializado en turismo desde hace 35 a\u00f1os, radicado en Canc\u00fan Q.Roo. arturo@nitu.mx","sameAs":["https:\/\/nitu.mx","https:\/\/www.facebook.com\/NITUmx\/","medinacancun","https:\/\/twitter.com\/@Arturo_Medina_G"]},{"@type":"Person","@id":"https:\/\/nitu.mx\/#\/schema\/person\/4a28fe9bd65924f7c90623773daf1b0b","name":"Redacci\u00f3n","image":{"@type":"ImageObject","inLanguage":"es-MX","@id":"https:\/\/nitu.mx\/#\/schema\/person\/image\/","url":"https:\/\/secure.gravatar.com\/avatar\/5dd011c8ccfc5cd7e4c81e42252aab38?s=96&d=mm&r=g","contentUrl":"https:\/\/secure.gravatar.com\/avatar\/5dd011c8ccfc5cd7e4c81e42252aab38?s=96&d=mm&r=g","caption":"Redacci\u00f3n"},"url":"https:\/\/nitu.mx\/index.php\/author\/redaccion\/"}]}},"views":408,"_links":{"self":[{"href":"https:\/\/nitu.mx\/index.php\/wp-json\/wp\/v2\/posts\/26824"}],"collection":[{"href":"https:\/\/nitu.mx\/index.php\/wp-json\/wp\/v2\/posts"}],"about":[{"href":"https:\/\/nitu.mx\/index.php\/wp-json\/wp\/v2\/types\/post"}],"author":[{"embeddable":true,"href":"https:\/\/nitu.mx\/index.php\/wp-json\/wp\/v2\/users\/17"}],"replies":[{"embeddable":true,"href":"https:\/\/nitu.mx\/index.php\/wp-json\/wp\/v2\/comments?post=26824"}],"version-history":[{"count":4,"href":"https:\/\/nitu.mx\/index.php\/wp-json\/wp\/v2\/posts\/26824\/revisions"}],"predecessor-version":[{"id":26856,"href":"https:\/\/nitu.mx\/index.php\/wp-json\/wp\/v2\/posts\/26824\/revisions\/26856"}],"wp:featuredmedia":[{"embeddable":true,"href":"https:\/\/nitu.mx\/index.php\/wp-json\/wp\/v2\/media\/26825"}],"wp:attachment":[{"href":"https:\/\/nitu.mx\/index.php\/wp-json\/wp\/v2\/media?parent=26824"}],"wp:term":[{"taxonomy":"category","embeddable":true,"href":"https:\/\/nitu.mx\/index.php\/wp-json\/wp\/v2\/categories?post=26824"},{"taxonomy":"post_tag","embeddable":true,"href":"https:\/\/nitu.mx\/index.php\/wp-json\/wp\/v2\/tags?post=26824"}],"curies":[{"name":"wp","href":"https:\/\/api.w.org\/{rel}","templated":true}]}}