{"id":26721,"date":"2018-11-18T23:18:58","date_gmt":"2018-11-19T04:18:58","guid":{"rendered":"https:\/\/www.dev.nitu.mx\/?p=26721"},"modified":"2018-11-19T00:40:12","modified_gmt":"2018-11-19T05:40:12","slug":"la-industria-de-transporte-aereo-presente-en-el-buen-fin-2018","status":"publish","type":"post","link":"https:\/\/nitu.mx\/index.php\/2018\/11\/18\/la-industria-de-transporte-aereo-presente-en-el-buen-fin-2018\/","title":{"rendered":"La industria de transporte ae\u0301reo presente en El Buen Fin 2018"},"content":{"rendered":"<p>Con el fin de fomentar la econom\u00eda nacional al igual que en otras ediciones, el sector ae\u0301reo representado en la Ca\u0301mara Nacional de Aerotransportes (CANAERO) particip\u00f3 en la edicio\u0301n 2018 de El Buen Fin, ya que diversas aeroli\u0301neas nacionales e internacionales afiliadas al organismo ofrecieron una amplia gama de promociones en vuelos nacionales e internacionales de acuerdo con las necesidades de los consumidores.<\/p>\n<p>Por ejemplo Interjet cont\u00f3 con promociones en vuelos directos a m\u00e1s de 50 destinos, con descuentos de hasta el 70 por ciento.<\/p>\n<p dir=\"ltr\">Aerom\u00e9xico se adelant\u00f3 con una preventa\u00a0del 12 al 15 de noviembre, dirigida especialmente a los tarjetahabientes American Express y Santander con un beneficio de 15 meses sin intereses.<\/p>\n<p>&#8220;El comercio electro\u0301nico es fundamental para las ventas de boletos. De acuerdo con la Asociacio\u0301n Internet.MX, al 2017 la adquisicio\u0301n de paquetes turi\u0301sticos y servicios de viaje represento\u0301 el 5% de las compras totales por internet en El Buen Fin, por lo que se estima que en este an\u0303o se supere esa cifra&#8221;, dijo Rodrigo P\u00e9rez Alonso, director general de CANAERO. (<a title=\"Pide Canaero a AMLO reconsiderar continuidad del NAICM\" href=\"https:\/\/www.dev.nitu.mx\/index.php\/2018\/11\/13\/pide-canaero-a-amlo-reconsiderar-continuidad-del-naicm\/\" rel=\"bookmark\">Pide Canaero a AMLO reconsiderar continuidad del NAICM<\/a>).<\/p>\n<p>De acuerdo con una encuesta de Gabinete de Comunicacio\u0301n Estrate\u0301gica, preparado para la CANAERO, el 37% de los encuestados (de un universo de 6,254) compran sus boletos de avio\u0301n directamente en las pa\u0301ginas de internet de las aeroli\u0301neas, mientras que el 23.7% lo hace a trave\u0301s de diversas agencias de viaje en internet.<\/p>\n<p>Iniciativas comerciales como El Buen Fin impulsan el crecimiento de la economi\u0301a nacional, el comercio electro\u0301nico y los servicios de transporte ae\u0301reo. La CANAERO esta\u0301 conformada por 67 prestadores de servicios nacionales e internacionales, una flota comercial de ma\u0301s de 355 aeronaves para cubrir 800 rutas.<\/p>\n<p>La industria transporta ma\u0301s de 240 mil pasajeros diariamente y representa el 2.9% del Producto Interno Bruto (PIB), que generan 1 millo\u0301n de empleos directos e indirectos.<\/p>\n","protected":false},"excerpt":{"rendered":"<p>Con el fin de fomentar la econom\u00eda nacional al igual que en otras ediciones, el sector ae\u0301reo representado en la Ca\u0301mara Nacional de Aerotransportes (CANAERO) particip\u00f3 en la edicio\u0301n 2018 de El Buen Fin, ya que diversas aeroli\u0301neas nacionales e internacionales afiliadas al organismo ofrecieron una amplia gama de promociones en vuelos nacionales e internacionales [&hellip;]<\/p>\n","protected":false},"author":17,"featured_media":18011,"comment_status":"open","ping_status":"open","sticky":false,"template":"","format":"standard","meta":{"footnotes":""},"categories":[29,6],"tags":[30,416,1739,172,12823],"yoast_head":"<!-- This site is optimized with the Yoast SEO plugin v22.2 - https:\/\/yoast.com\/wordpress\/plugins\/seo\/ -->\n<title>La industria de transporte ae\u0301reo presente en El Buen Fin 2018 - Nitu - Noticias de la Industria Turistica<\/title>\n<meta name=\"description\" content=\"La Ca\u0301mara Nacional de Aerotransportes (CANAERO) particip\u00f3 en la edicio\u0301n 2018 de El Buen Fin, ya que diversas aeroli\u0301neas ofrecieron promociones.\" \/>\n<meta name=\"robots\" content=\"index, follow, max-snippet:-1, max-image-preview:large, max-video-preview:-1\" \/>\n<link rel=\"canonical\" href=\"https:\/\/nitu.mx\/index.php\/2018\/11\/18\/la-industria-de-transporte-aereo-presente-en-el-buen-fin-2018\/\" \/>\n<meta name=\"twitter:card\" content=\"summary_large_image\" \/>\n<meta name=\"twitter:title\" content=\"La industria de transporte ae\u0301reo presente en El Buen Fin 2018 - Nitu - Noticias de la Industria Turistica\" \/>\n<meta name=\"twitter:description\" content=\"La Ca\u0301mara Nacional de Aerotransportes (CANAERO) particip\u00f3 en la edicio\u0301n 2018 de El Buen Fin, ya que diversas aeroli\u0301neas ofrecieron promociones.\" \/>\n<meta name=\"twitter:image\" content=\"https:\/\/nitu.mx\/wp-content\/uploads\/2018\/02\/avion.jpg\" \/>\n<meta name=\"twitter:creator\" content=\"@NITUmx\" \/>\n<meta name=\"twitter:site\" content=\"@Arturo_Medina_G\" \/>\n<meta name=\"twitter:label1\" content=\"Escrito por\" \/>\n\t<meta name=\"twitter:data1\" content=\"Redacci\u00f3n\" \/>\n\t<meta name=\"twitter:label2\" content=\"Tiempo de lectura\" \/>\n\t<meta name=\"twitter:data2\" content=\"2 minutos\" \/>\n<script type=\"application\/ld+json\" class=\"yoast-schema-graph\">{\"@context\":\"https:\/\/schema.org\",\"@graph\":[{\"@type\":\"Article\",\"@id\":\"https:\/\/nitu.mx\/index.php\/2018\/11\/18\/la-industria-de-transporte-aereo-presente-en-el-buen-fin-2018\/#article\",\"isPartOf\":{\"@id\":\"https:\/\/nitu.mx\/index.php\/2018\/11\/18\/la-industria-de-transporte-aereo-presente-en-el-buen-fin-2018\/\"},\"author\":{\"name\":\"Redacci\u00f3n\",\"@id\":\"https:\/\/nitu.mx\/#\/schema\/person\/4a28fe9bd65924f7c90623773daf1b0b\"},\"headline\":\"La industria de transporte ae\u0301reo presente en El Buen Fin 2018\",\"datePublished\":\"2018-11-19T04:18:58+00:00\",\"dateModified\":\"2018-11-19T05:40:12+00:00\",\"mainEntityOfPage\":{\"@id\":\"https:\/\/nitu.mx\/index.php\/2018\/11\/18\/la-industria-de-transporte-aereo-presente-en-el-buen-fin-2018\/\"},\"wordCount\":329,\"commentCount\":0,\"publisher\":{\"@id\":\"https:\/\/nitu.mx\/#\/schema\/person\/ae7a53426417292d3dd07b45a33e01bc\"},\"image\":{\"@id\":\"https:\/\/nitu.mx\/index.php\/2018\/11\/18\/la-industria-de-transporte-aereo-presente-en-el-buen-fin-2018\/#primaryimage\"},\"thumbnailUrl\":\"https:\/\/nitu.mx\/wp-content\/uploads\/2018\/02\/avion.jpg\",\"keywords\":[\"Aerom\u00e9xico\",\"Canaero\",\"El Buen Fin\",\"Interjet\",\"Rodrigo P\u00e9rez Alonso\"],\"articleSection\":[\"Aerol\u00edneas\",\"M\u00e9xico\"],\"inLanguage\":\"es-MX\",\"potentialAction\":[{\"@type\":\"CommentAction\",\"name\":\"Comment\",\"target\":[\"https:\/\/nitu.mx\/index.php\/2018\/11\/18\/la-industria-de-transporte-aereo-presente-en-el-buen-fin-2018\/#respond\"]}]},{\"@type\":\"WebPage\",\"@id\":\"https:\/\/nitu.mx\/index.php\/2018\/11\/18\/la-industria-de-transporte-aereo-presente-en-el-buen-fin-2018\/\",\"url\":\"https:\/\/nitu.mx\/index.php\/2018\/11\/18\/la-industria-de-transporte-aereo-presente-en-el-buen-fin-2018\/\",\"name\":\"La industria de transporte ae\u0301reo presente en El Buen Fin 2018 - Nitu - Noticias de la Industria Turistica\",\"isPartOf\":{\"@id\":\"https:\/\/nitu.mx\/#website\"},\"primaryImageOfPage\":{\"@id\":\"https:\/\/nitu.mx\/index.php\/2018\/11\/18\/la-industria-de-transporte-aereo-presente-en-el-buen-fin-2018\/#primaryimage\"},\"image\":{\"@id\":\"https:\/\/nitu.mx\/index.php\/2018\/11\/18\/la-industria-de-transporte-aereo-presente-en-el-buen-fin-2018\/#primaryimage\"},\"thumbnailUrl\":\"https:\/\/nitu.mx\/wp-content\/uploads\/2018\/02\/avion.jpg\",\"datePublished\":\"2018-11-19T04:18:58+00:00\",\"dateModified\":\"2018-11-19T05:40:12+00:00\",\"description\":\"La Ca\u0301mara Nacional de Aerotransportes (CANAERO) particip\u00f3 en la edicio\u0301n 2018 de El Buen Fin, ya que diversas aeroli\u0301neas ofrecieron promociones.\",\"breadcrumb\":{\"@id\":\"https:\/\/nitu.mx\/index.php\/2018\/11\/18\/la-industria-de-transporte-aereo-presente-en-el-buen-fin-2018\/#breadcrumb\"},\"inLanguage\":\"es-MX\",\"potentialAction\":[{\"@type\":\"ReadAction\",\"target\":[\"https:\/\/nitu.mx\/index.php\/2018\/11\/18\/la-industria-de-transporte-aereo-presente-en-el-buen-fin-2018\/\"]}]},{\"@type\":\"ImageObject\",\"inLanguage\":\"es-MX\",\"@id\":\"https:\/\/nitu.mx\/index.php\/2018\/11\/18\/la-industria-de-transporte-aereo-presente-en-el-buen-fin-2018\/#primaryimage\",\"url\":\"https:\/\/nitu.mx\/wp-content\/uploads\/2018\/02\/avion.jpg\",\"contentUrl\":\"https:\/\/nitu.mx\/wp-content\/uploads\/2018\/02\/avion.jpg\",\"width\":850,\"height\":480,\"caption\":\"santa lucia avion aci canaero iata ALTA Categor\u00eda 1\"},{\"@type\":\"BreadcrumbList\",\"@id\":\"https:\/\/nitu.mx\/index.php\/2018\/11\/18\/la-industria-de-transporte-aereo-presente-en-el-buen-fin-2018\/#breadcrumb\",\"itemListElement\":[{\"@type\":\"ListItem\",\"position\":1,\"name\":\"Inicio\",\"item\":\"https:\/\/nitu.mx\/\"},{\"@type\":\"ListItem\",\"position\":2,\"name\":\"La industria de transporte ae\u0301reo presente en El Buen Fin 2018\"}]},{\"@type\":\"WebSite\",\"@id\":\"https:\/\/nitu.mx\/#website\",\"url\":\"https:\/\/nitu.mx\/\",\"name\":\"Nitu - Noticias de la Industria Turistica\",\"description\":\"Noticias de la Industria Turistica\",\"publisher\":{\"@id\":\"https:\/\/nitu.mx\/#\/schema\/person\/ae7a53426417292d3dd07b45a33e01bc\"},\"alternateName\":\"Noticias de la Industria Turistica\",\"potentialAction\":[{\"@type\":\"SearchAction\",\"target\":{\"@type\":\"EntryPoint\",\"urlTemplate\":\"https:\/\/nitu.mx\/?s={search_term_string}\"},\"query-input\":\"required name=search_term_string\"}],\"inLanguage\":\"es-MX\"},{\"@type\":[\"Person\",\"Organization\"],\"@id\":\"https:\/\/nitu.mx\/#\/schema\/person\/ae7a53426417292d3dd07b45a33e01bc\",\"name\":\"Arturo Medina\",\"image\":{\"@type\":\"ImageObject\",\"inLanguage\":\"es-MX\",\"@id\":\"https:\/\/nitu.mx\/#\/schema\/person\/image\/\",\"url\":\"https:\/\/nitu.mx\/wp-content\/uploads\/2024\/04\/4A315622-1904-4D5C-B022-878CDC840E04-90x90-1.jpeg\",\"contentUrl\":\"https:\/\/nitu.mx\/wp-content\/uploads\/2024\/04\/4A315622-1904-4D5C-B022-878CDC840E04-90x90-1.jpeg\",\"width\":90,\"height\":90,\"caption\":\"Arturo Medina\"},\"logo\":{\"@id\":\"https:\/\/nitu.mx\/#\/schema\/person\/image\/\"},\"description\":\"Director NITU.mx, Egresado de la Escuela de Periodismo Carlos Septi\u00e9n Garc\u00eda. Periodista y analista especializado en turismo desde hace 35 a\u00f1os, radicado en Canc\u00fan Q.Roo. arturo@nitu.mx\",\"sameAs\":[\"https:\/\/nitu.mx\",\"https:\/\/www.facebook.com\/NITUmx\/\",\"medinacancun\",\"https:\/\/twitter.com\/@Arturo_Medina_G\"]},{\"@type\":\"Person\",\"@id\":\"https:\/\/nitu.mx\/#\/schema\/person\/4a28fe9bd65924f7c90623773daf1b0b\",\"name\":\"Redacci\u00f3n\",\"image\":{\"@type\":\"ImageObject\",\"inLanguage\":\"es-MX\",\"@id\":\"https:\/\/nitu.mx\/#\/schema\/person\/image\/\",\"url\":\"https:\/\/secure.gravatar.com\/avatar\/5dd011c8ccfc5cd7e4c81e42252aab38?s=96&d=mm&r=g\",\"contentUrl\":\"https:\/\/secure.gravatar.com\/avatar\/5dd011c8ccfc5cd7e4c81e42252aab38?s=96&d=mm&r=g\",\"caption\":\"Redacci\u00f3n\"},\"url\":\"https:\/\/nitu.mx\/index.php\/author\/redaccion\/\"}]}<\/script>\n<!-- \/ Yoast SEO plugin. -->","yoast_head_json":{"title":"La industria de transporte ae\u0301reo presente en El Buen Fin 2018 - Nitu - Noticias de la Industria Turistica","description":"La Ca\u0301mara Nacional de Aerotransportes (CANAERO) particip\u00f3 en la edicio\u0301n 2018 de El Buen Fin, ya que diversas aeroli\u0301neas ofrecieron promociones.","robots":{"index":"index","follow":"follow","max-snippet":"max-snippet:-1","max-image-preview":"max-image-preview:large","max-video-preview":"max-video-preview:-1"},"canonical":"https:\/\/nitu.mx\/index.php\/2018\/11\/18\/la-industria-de-transporte-aereo-presente-en-el-buen-fin-2018\/","twitter_card":"summary_large_image","twitter_title":"La industria de transporte ae\u0301reo presente en El Buen Fin 2018 - Nitu - Noticias de la Industria Turistica","twitter_description":"La Ca\u0301mara Nacional de Aerotransportes (CANAERO) particip\u00f3 en la edicio\u0301n 2018 de El Buen Fin, ya que diversas aeroli\u0301neas ofrecieron promociones.","twitter_image":"https:\/\/nitu.mx\/wp-content\/uploads\/2018\/02\/avion.jpg","twitter_creator":"@NITUmx","twitter_site":"@Arturo_Medina_G","twitter_misc":{"Escrito por":"Redacci\u00f3n","Tiempo de lectura":"2 minutos"},"schema":{"@context":"https:\/\/schema.org","@graph":[{"@type":"Article","@id":"https:\/\/nitu.mx\/index.php\/2018\/11\/18\/la-industria-de-transporte-aereo-presente-en-el-buen-fin-2018\/#article","isPartOf":{"@id":"https:\/\/nitu.mx\/index.php\/2018\/11\/18\/la-industria-de-transporte-aereo-presente-en-el-buen-fin-2018\/"},"author":{"name":"Redacci\u00f3n","@id":"https:\/\/nitu.mx\/#\/schema\/person\/4a28fe9bd65924f7c90623773daf1b0b"},"headline":"La industria de transporte ae\u0301reo presente en El Buen Fin 2018","datePublished":"2018-11-19T04:18:58+00:00","dateModified":"2018-11-19T05:40:12+00:00","mainEntityOfPage":{"@id":"https:\/\/nitu.mx\/index.php\/2018\/11\/18\/la-industria-de-transporte-aereo-presente-en-el-buen-fin-2018\/"},"wordCount":329,"commentCount":0,"publisher":{"@id":"https:\/\/nitu.mx\/#\/schema\/person\/ae7a53426417292d3dd07b45a33e01bc"},"image":{"@id":"https:\/\/nitu.mx\/index.php\/2018\/11\/18\/la-industria-de-transporte-aereo-presente-en-el-buen-fin-2018\/#primaryimage"},"thumbnailUrl":"https:\/\/nitu.mx\/wp-content\/uploads\/2018\/02\/avion.jpg","keywords":["Aerom\u00e9xico","Canaero","El Buen Fin","Interjet","Rodrigo P\u00e9rez Alonso"],"articleSection":["Aerol\u00edneas","M\u00e9xico"],"inLanguage":"es-MX","potentialAction":[{"@type":"CommentAction","name":"Comment","target":["https:\/\/nitu.mx\/index.php\/2018\/11\/18\/la-industria-de-transporte-aereo-presente-en-el-buen-fin-2018\/#respond"]}]},{"@type":"WebPage","@id":"https:\/\/nitu.mx\/index.php\/2018\/11\/18\/la-industria-de-transporte-aereo-presente-en-el-buen-fin-2018\/","url":"https:\/\/nitu.mx\/index.php\/2018\/11\/18\/la-industria-de-transporte-aereo-presente-en-el-buen-fin-2018\/","name":"La industria de transporte ae\u0301reo presente en El Buen Fin 2018 - Nitu - Noticias de la Industria Turistica","isPartOf":{"@id":"https:\/\/nitu.mx\/#website"},"primaryImageOfPage":{"@id":"https:\/\/nitu.mx\/index.php\/2018\/11\/18\/la-industria-de-transporte-aereo-presente-en-el-buen-fin-2018\/#primaryimage"},"image":{"@id":"https:\/\/nitu.mx\/index.php\/2018\/11\/18\/la-industria-de-transporte-aereo-presente-en-el-buen-fin-2018\/#primaryimage"},"thumbnailUrl":"https:\/\/nitu.mx\/wp-content\/uploads\/2018\/02\/avion.jpg","datePublished":"2018-11-19T04:18:58+00:00","dateModified":"2018-11-19T05:40:12+00:00","description":"La Ca\u0301mara Nacional de Aerotransportes (CANAERO) particip\u00f3 en la edicio\u0301n 2018 de El Buen Fin, ya que diversas aeroli\u0301neas ofrecieron promociones.","breadcrumb":{"@id":"https:\/\/nitu.mx\/index.php\/2018\/11\/18\/la-industria-de-transporte-aereo-presente-en-el-buen-fin-2018\/#breadcrumb"},"inLanguage":"es-MX","potentialAction":[{"@type":"ReadAction","target":["https:\/\/nitu.mx\/index.php\/2018\/11\/18\/la-industria-de-transporte-aereo-presente-en-el-buen-fin-2018\/"]}]},{"@type":"ImageObject","inLanguage":"es-MX","@id":"https:\/\/nitu.mx\/index.php\/2018\/11\/18\/la-industria-de-transporte-aereo-presente-en-el-buen-fin-2018\/#primaryimage","url":"https:\/\/nitu.mx\/wp-content\/uploads\/2018\/02\/avion.jpg","contentUrl":"https:\/\/nitu.mx\/wp-content\/uploads\/2018\/02\/avion.jpg","width":850,"height":480,"caption":"santa lucia avion aci canaero iata ALTA Categor\u00eda 1"},{"@type":"BreadcrumbList","@id":"https:\/\/nitu.mx\/index.php\/2018\/11\/18\/la-industria-de-transporte-aereo-presente-en-el-buen-fin-2018\/#breadcrumb","itemListElement":[{"@type":"ListItem","position":1,"name":"Inicio","item":"https:\/\/nitu.mx\/"},{"@type":"ListItem","position":2,"name":"La industria de transporte ae\u0301reo presente en El Buen Fin 2018"}]},{"@type":"WebSite","@id":"https:\/\/nitu.mx\/#website","url":"https:\/\/nitu.mx\/","name":"Nitu - Noticias de la Industria Turistica","description":"Noticias de la Industria Turistica","publisher":{"@id":"https:\/\/nitu.mx\/#\/schema\/person\/ae7a53426417292d3dd07b45a33e01bc"},"alternateName":"Noticias de la Industria Turistica","potentialAction":[{"@type":"SearchAction","target":{"@type":"EntryPoint","urlTemplate":"https:\/\/nitu.mx\/?s={search_term_string}"},"query-input":"required name=search_term_string"}],"inLanguage":"es-MX"},{"@type":["Person","Organization"],"@id":"https:\/\/nitu.mx\/#\/schema\/person\/ae7a53426417292d3dd07b45a33e01bc","name":"Arturo Medina","image":{"@type":"ImageObject","inLanguage":"es-MX","@id":"https:\/\/nitu.mx\/#\/schema\/person\/image\/","url":"https:\/\/nitu.mx\/wp-content\/uploads\/2024\/04\/4A315622-1904-4D5C-B022-878CDC840E04-90x90-1.jpeg","contentUrl":"https:\/\/nitu.mx\/wp-content\/uploads\/2024\/04\/4A315622-1904-4D5C-B022-878CDC840E04-90x90-1.jpeg","width":90,"height":90,"caption":"Arturo Medina"},"logo":{"@id":"https:\/\/nitu.mx\/#\/schema\/person\/image\/"},"description":"Director NITU.mx, Egresado de la Escuela de Periodismo Carlos Septi\u00e9n Garc\u00eda. Periodista y analista especializado en turismo desde hace 35 a\u00f1os, radicado en Canc\u00fan Q.Roo. arturo@nitu.mx","sameAs":["https:\/\/nitu.mx","https:\/\/www.facebook.com\/NITUmx\/","medinacancun","https:\/\/twitter.com\/@Arturo_Medina_G"]},{"@type":"Person","@id":"https:\/\/nitu.mx\/#\/schema\/person\/4a28fe9bd65924f7c90623773daf1b0b","name":"Redacci\u00f3n","image":{"@type":"ImageObject","inLanguage":"es-MX","@id":"https:\/\/nitu.mx\/#\/schema\/person\/image\/","url":"https:\/\/secure.gravatar.com\/avatar\/5dd011c8ccfc5cd7e4c81e42252aab38?s=96&d=mm&r=g","contentUrl":"https:\/\/secure.gravatar.com\/avatar\/5dd011c8ccfc5cd7e4c81e42252aab38?s=96&d=mm&r=g","caption":"Redacci\u00f3n"},"url":"https:\/\/nitu.mx\/index.php\/author\/redaccion\/"}]}},"views":237,"_links":{"self":[{"href":"https:\/\/nitu.mx\/index.php\/wp-json\/wp\/v2\/posts\/26721"}],"collection":[{"href":"https:\/\/nitu.mx\/index.php\/wp-json\/wp\/v2\/posts"}],"about":[{"href":"https:\/\/nitu.mx\/index.php\/wp-json\/wp\/v2\/types\/post"}],"author":[{"embeddable":true,"href":"https:\/\/nitu.mx\/index.php\/wp-json\/wp\/v2\/users\/17"}],"replies":[{"embeddable":true,"href":"https:\/\/nitu.mx\/index.php\/wp-json\/wp\/v2\/comments?post=26721"}],"version-history":[{"count":3,"href":"https:\/\/nitu.mx\/index.php\/wp-json\/wp\/v2\/posts\/26721\/revisions"}],"predecessor-version":[{"id":26730,"href":"https:\/\/nitu.mx\/index.php\/wp-json\/wp\/v2\/posts\/26721\/revisions\/26730"}],"wp:featuredmedia":[{"embeddable":true,"href":"https:\/\/nitu.mx\/index.php\/wp-json\/wp\/v2\/media\/18011"}],"wp:attachment":[{"href":"https:\/\/nitu.mx\/index.php\/wp-json\/wp\/v2\/media?parent=26721"}],"wp:term":[{"taxonomy":"category","embeddable":true,"href":"https:\/\/nitu.mx\/index.php\/wp-json\/wp\/v2\/categories?post=26721"},{"taxonomy":"post_tag","embeddable":true,"href":"https:\/\/nitu.mx\/index.php\/wp-json\/wp\/v2\/tags?post=26721"}],"curies":[{"name":"wp","href":"https:\/\/api.w.org\/{rel}","templated":true}]}}