{"id":2662,"date":"2016-10-05T23:56:17","date_gmt":"2016-10-06T04:56:17","guid":{"rendered":"http:\/\/www.dev.nitu.mx\/?p=2662"},"modified":"2016-10-06T00:21:34","modified_gmt":"2016-10-06T05:21:34","slug":"aeromexico-llega-a-indonesia-con-codigo-compartido","status":"publish","type":"post","link":"https:\/\/nitu.mx\/index.php\/2016\/10\/05\/aeromexico-llega-a-indonesia-con-codigo-compartido\/","title":{"rendered":"Aerom\u00e9xico llega a Indonesia con c\u00f3digo compartido"},"content":{"rendered":"<p><span style=\"color: #000000; font-family: Calibri;\">Desde el\u00a0 pasado 1 de octubre Aerom\u00e9xico vuela hasta Yakarta y Bali, Indonesia, gracias a un convenio de c\u00f3digo compartido con Garuda Indonesia, v\u00eda Tokio-Narita, Jap\u00f3n.<\/span><\/p>\n<p><span style=\"color: #000000; font-family: Calibri;\">Jorge Goytort\u00faa, director corporativo de Ventas de Aerom\u00e9xico, dijo que la empresa busca generar alianzas para multiplicar la red de destinos a los que pueden llegar para eficientar los tiempos de conexi\u00f3n y generar valor a los miembros del programa Club Premier, al acumular y redimir puntos.<\/span><\/p>\n<p><span style=\"color: #000000; font-family: Calibri;\">En un comunicado, la empresa se\u00f1al\u00f3 que el convenio es con la aerol\u00ednea m\u00e1s importante de ese pa\u00eds, \u201cque ofrece a los viajeros de placer y negocios m\u00faltiples opciones\u201d, mencion\u00f3 Goytort\u00faa.<\/span><\/p>\n<p><span style=\"color: #000000; font-family: Calibri;\">Garuda es la aerol\u00ednea bandera de ese pa\u00eds, con una flota de 140 aeronaves, con las cuales conecta a las diferentes islas pertenecientes a Indonesia, Europa y Asia. <\/span><\/p>\n","protected":false},"excerpt":{"rendered":"<p>Desde el\u00a0 pasado 1 de octubre Aerom\u00e9xico vuela hasta Yakarta y Bali, Indonesia, gracias a un convenio de c\u00f3digo compartido con Garuda Indonesia, v\u00eda Tokio-Narita, Jap\u00f3n. Jorge Goytort\u00faa, director corporativo de Ventas de Aerom\u00e9xico, dijo que la empresa busca generar alianzas para multiplicar la red de destinos a los que pueden llegar para eficientar los [&hellip;]<\/p>\n","protected":false},"author":3,"featured_media":2664,"comment_status":"open","ping_status":"open","sticky":false,"template":"","format":"standard","meta":{"footnotes":""},"categories":[29,6],"tags":[30,932,930,931],"yoast_head":"<!-- This site is optimized with the Yoast SEO plugin v22.2 - https:\/\/yoast.com\/wordpress\/plugins\/seo\/ -->\n<title>Aerom\u00e9xico llega a Indonesia con c\u00f3digo compartido - Noticias de la<\/title>\n<meta name=\"description\" content=\"Aerom\u00e9xico vuela hasta Yakarta y Bali, Indonesia, gracias a un convenio de c\u00f3digo compartido con Garuda Indonesia, v\u00eda Tokio-Narita, Jap\u00f3n.\" \/>\n<meta name=\"robots\" content=\"index, follow, max-snippet:-1, max-image-preview:large, max-video-preview:-1\" \/>\n<link rel=\"canonical\" href=\"https:\/\/nitu.mx\/index.php\/2016\/10\/05\/aeromexico-llega-a-indonesia-con-codigo-compartido\/\" \/>\n<meta name=\"twitter:card\" content=\"summary_large_image\" \/>\n<meta name=\"twitter:title\" content=\"Aerom\u00e9xico llega a Indonesia con c\u00f3digo compartido - Noticias de la\" \/>\n<meta name=\"twitter:description\" content=\"Aerom\u00e9xico vuela hasta Yakarta y Bali, Indonesia, gracias a un convenio de c\u00f3digo compartido con Garuda Indonesia, v\u00eda Tokio-Narita, Jap\u00f3n.\" \/>\n<meta name=\"twitter:image\" content=\"https:\/\/nitu.mx\/wp-content\/uploads\/2016\/10\/Bali-en-peligro-por-el-turismo-de-masas-1.jpg\" \/>\n<meta name=\"twitter:creator\" content=\"@NITUmx\" \/>\n<meta name=\"twitter:site\" content=\"@Arturo_Medina_G\" \/>\n<meta name=\"twitter:label1\" content=\"Escrito por\" \/>\n\t<meta name=\"twitter:data1\" content=\"Alejandra Moncisbays\" \/>\n\t<meta name=\"twitter:label2\" content=\"Tiempo de lectura\" \/>\n\t<meta name=\"twitter:data2\" content=\"1 minuto\" \/>\n<script type=\"application\/ld+json\" class=\"yoast-schema-graph\">{\"@context\":\"https:\/\/schema.org\",\"@graph\":[{\"@type\":\"Article\",\"@id\":\"https:\/\/nitu.mx\/index.php\/2016\/10\/05\/aeromexico-llega-a-indonesia-con-codigo-compartido\/#article\",\"isPartOf\":{\"@id\":\"https:\/\/nitu.mx\/index.php\/2016\/10\/05\/aeromexico-llega-a-indonesia-con-codigo-compartido\/\"},\"author\":{\"name\":\"Alejandra Moncisbays\",\"@id\":\"https:\/\/nitu.mx\/#\/schema\/person\/2ecd887b19dfd3382d1f14fc5acf24a8\"},\"headline\":\"Aerom\u00e9xico llega a Indonesia con c\u00f3digo compartido\",\"datePublished\":\"2016-10-06T04:56:17+00:00\",\"dateModified\":\"2016-10-06T05:21:34+00:00\",\"mainEntityOfPage\":{\"@id\":\"https:\/\/nitu.mx\/index.php\/2016\/10\/05\/aeromexico-llega-a-indonesia-con-codigo-compartido\/\"},\"wordCount\":154,\"commentCount\":0,\"publisher\":{\"@id\":\"https:\/\/nitu.mx\/#\/schema\/person\/ae7a53426417292d3dd07b45a33e01bc\"},\"image\":{\"@id\":\"https:\/\/nitu.mx\/index.php\/2016\/10\/05\/aeromexico-llega-a-indonesia-con-codigo-compartido\/#primaryimage\"},\"thumbnailUrl\":\"https:\/\/nitu.mx\/wp-content\/uploads\/2016\/10\/Bali-en-peligro-por-el-turismo-de-masas-1.jpg\",\"keywords\":[\"Aerom\u00e9xico\",\"Bali\",\"Garuda Indonesia\",\"Yakarta\"],\"articleSection\":[\"Aerol\u00edneas\",\"M\u00e9xico\"],\"inLanguage\":\"es-MX\",\"potentialAction\":[{\"@type\":\"CommentAction\",\"name\":\"Comment\",\"target\":[\"https:\/\/nitu.mx\/index.php\/2016\/10\/05\/aeromexico-llega-a-indonesia-con-codigo-compartido\/#respond\"]}]},{\"@type\":\"WebPage\",\"@id\":\"https:\/\/nitu.mx\/index.php\/2016\/10\/05\/aeromexico-llega-a-indonesia-con-codigo-compartido\/\",\"url\":\"https:\/\/nitu.mx\/index.php\/2016\/10\/05\/aeromexico-llega-a-indonesia-con-codigo-compartido\/\",\"name\":\"Aerom\u00e9xico llega a Indonesia con c\u00f3digo compartido - Noticias de la\",\"isPartOf\":{\"@id\":\"https:\/\/nitu.mx\/#website\"},\"primaryImageOfPage\":{\"@id\":\"https:\/\/nitu.mx\/index.php\/2016\/10\/05\/aeromexico-llega-a-indonesia-con-codigo-compartido\/#primaryimage\"},\"image\":{\"@id\":\"https:\/\/nitu.mx\/index.php\/2016\/10\/05\/aeromexico-llega-a-indonesia-con-codigo-compartido\/#primaryimage\"},\"thumbnailUrl\":\"https:\/\/nitu.mx\/wp-content\/uploads\/2016\/10\/Bali-en-peligro-por-el-turismo-de-masas-1.jpg\",\"datePublished\":\"2016-10-06T04:56:17+00:00\",\"dateModified\":\"2016-10-06T05:21:34+00:00\",\"description\":\"Aerom\u00e9xico vuela hasta Yakarta y Bali, Indonesia, gracias a un convenio de c\u00f3digo compartido con Garuda Indonesia, v\u00eda Tokio-Narita, Jap\u00f3n.\",\"breadcrumb\":{\"@id\":\"https:\/\/nitu.mx\/index.php\/2016\/10\/05\/aeromexico-llega-a-indonesia-con-codigo-compartido\/#breadcrumb\"},\"inLanguage\":\"es-MX\",\"potentialAction\":[{\"@type\":\"ReadAction\",\"target\":[\"https:\/\/nitu.mx\/index.php\/2016\/10\/05\/aeromexico-llega-a-indonesia-con-codigo-compartido\/\"]}]},{\"@type\":\"ImageObject\",\"inLanguage\":\"es-MX\",\"@id\":\"https:\/\/nitu.mx\/index.php\/2016\/10\/05\/aeromexico-llega-a-indonesia-con-codigo-compartido\/#primaryimage\",\"url\":\"https:\/\/nitu.mx\/wp-content\/uploads\/2016\/10\/Bali-en-peligro-por-el-turismo-de-masas-1.jpg\",\"contentUrl\":\"https:\/\/nitu.mx\/wp-content\/uploads\/2016\/10\/Bali-en-peligro-por-el-turismo-de-masas-1.jpg\",\"width\":660,\"height\":378,\"caption\":\"Indonesia\"},{\"@type\":\"BreadcrumbList\",\"@id\":\"https:\/\/nitu.mx\/index.php\/2016\/10\/05\/aeromexico-llega-a-indonesia-con-codigo-compartido\/#breadcrumb\",\"itemListElement\":[{\"@type\":\"ListItem\",\"position\":1,\"name\":\"Inicio\",\"item\":\"https:\/\/nitu.mx\/\"},{\"@type\":\"ListItem\",\"position\":2,\"name\":\"Aerom\u00e9xico llega a Indonesia con c\u00f3digo compartido\"}]},{\"@type\":\"WebSite\",\"@id\":\"https:\/\/nitu.mx\/#website\",\"url\":\"https:\/\/nitu.mx\/\",\"name\":\"Nitu - Noticias de la Industria Turistica\",\"description\":\"Noticias de la Industria Turistica\",\"publisher\":{\"@id\":\"https:\/\/nitu.mx\/#\/schema\/person\/ae7a53426417292d3dd07b45a33e01bc\"},\"alternateName\":\"Noticias de la Industria Turistica\",\"potentialAction\":[{\"@type\":\"SearchAction\",\"target\":{\"@type\":\"EntryPoint\",\"urlTemplate\":\"https:\/\/nitu.mx\/?s={search_term_string}\"},\"query-input\":\"required name=search_term_string\"}],\"inLanguage\":\"es-MX\"},{\"@type\":[\"Person\",\"Organization\"],\"@id\":\"https:\/\/nitu.mx\/#\/schema\/person\/ae7a53426417292d3dd07b45a33e01bc\",\"name\":\"Arturo Medina\",\"image\":{\"@type\":\"ImageObject\",\"inLanguage\":\"es-MX\",\"@id\":\"https:\/\/nitu.mx\/#\/schema\/person\/image\/\",\"url\":\"https:\/\/nitu.mx\/wp-content\/uploads\/2024\/04\/4A315622-1904-4D5C-B022-878CDC840E04-90x90-1.jpeg\",\"contentUrl\":\"https:\/\/nitu.mx\/wp-content\/uploads\/2024\/04\/4A315622-1904-4D5C-B022-878CDC840E04-90x90-1.jpeg\",\"width\":90,\"height\":90,\"caption\":\"Arturo Medina\"},\"logo\":{\"@id\":\"https:\/\/nitu.mx\/#\/schema\/person\/image\/\"},\"description\":\"Director NITU.mx, Egresado de la Escuela de Periodismo Carlos Septi\u00e9n Garc\u00eda. Periodista y analista especializado en turismo desde hace 35 a\u00f1os, radicado en Canc\u00fan Q.Roo. arturo@nitu.mx\",\"sameAs\":[\"https:\/\/nitu.mx\",\"https:\/\/www.facebook.com\/NITUmx\/\",\"medinacancun\",\"https:\/\/twitter.com\/@Arturo_Medina_G\"]},{\"@type\":\"Person\",\"@id\":\"https:\/\/nitu.mx\/#\/schema\/person\/2ecd887b19dfd3382d1f14fc5acf24a8\",\"name\":\"Alejandra Moncisbays\",\"image\":{\"@type\":\"ImageObject\",\"inLanguage\":\"es-MX\",\"@id\":\"https:\/\/nitu.mx\/#\/schema\/person\/image\/\",\"url\":\"https:\/\/secure.gravatar.com\/avatar\/e74f7af0be172b7804dacfd0bfbef787?s=96&d=mm&r=g\",\"contentUrl\":\"https:\/\/secure.gravatar.com\/avatar\/e74f7af0be172b7804dacfd0bfbef787?s=96&d=mm&r=g\",\"caption\":\"Alejandra Moncisbays\"},\"description\":\"Curs\u00e9 la carrera de Periodismo y Comunicaci\u00f3n en la Facultad de Estudios Profesionales Acatl\u00e1n. Vivo en Canc\u00fan desde hace 24 a\u00f1os. Fui reportera de La Tarde de Canc\u00fan, y Novedades de Quintana Roo, colabor\u00e9 en TVCUN, edit\u00e9 Cancun\u00edssimo y colabor\u00e9 en las revistas Latitud21, entre otras, con principal enfoque en los sectores empresarial y tur\u00edstico. Desde hace varios a\u00f1os soy Agente de Seguros con c\u00e9dula de la Comisi\u00f3n Nacional de Seguros y Fianzas. Actualmente, me desarrollo en los \u00e1mbitos del periodismo y el sector asegurador.\",\"sameAs\":[\"https:\/\/nitu.mx\"],\"url\":\"https:\/\/nitu.mx\/index.php\/author\/alejandra\/\"}]}<\/script>\n<!-- \/ Yoast SEO plugin. -->","yoast_head_json":{"title":"Aerom\u00e9xico llega a Indonesia con c\u00f3digo compartido - Noticias de la","description":"Aerom\u00e9xico vuela hasta Yakarta y Bali, Indonesia, gracias a un convenio de c\u00f3digo compartido con Garuda Indonesia, v\u00eda Tokio-Narita, Jap\u00f3n.","robots":{"index":"index","follow":"follow","max-snippet":"max-snippet:-1","max-image-preview":"max-image-preview:large","max-video-preview":"max-video-preview:-1"},"canonical":"https:\/\/nitu.mx\/index.php\/2016\/10\/05\/aeromexico-llega-a-indonesia-con-codigo-compartido\/","twitter_card":"summary_large_image","twitter_title":"Aerom\u00e9xico llega a Indonesia con c\u00f3digo compartido - Noticias de la","twitter_description":"Aerom\u00e9xico vuela hasta Yakarta y Bali, Indonesia, gracias a un convenio de c\u00f3digo compartido con Garuda Indonesia, v\u00eda Tokio-Narita, Jap\u00f3n.","twitter_image":"https:\/\/nitu.mx\/wp-content\/uploads\/2016\/10\/Bali-en-peligro-por-el-turismo-de-masas-1.jpg","twitter_creator":"@NITUmx","twitter_site":"@Arturo_Medina_G","twitter_misc":{"Escrito por":"Alejandra Moncisbays","Tiempo de lectura":"1 minuto"},"schema":{"@context":"https:\/\/schema.org","@graph":[{"@type":"Article","@id":"https:\/\/nitu.mx\/index.php\/2016\/10\/05\/aeromexico-llega-a-indonesia-con-codigo-compartido\/#article","isPartOf":{"@id":"https:\/\/nitu.mx\/index.php\/2016\/10\/05\/aeromexico-llega-a-indonesia-con-codigo-compartido\/"},"author":{"name":"Alejandra Moncisbays","@id":"https:\/\/nitu.mx\/#\/schema\/person\/2ecd887b19dfd3382d1f14fc5acf24a8"},"headline":"Aerom\u00e9xico llega a Indonesia con c\u00f3digo compartido","datePublished":"2016-10-06T04:56:17+00:00","dateModified":"2016-10-06T05:21:34+00:00","mainEntityOfPage":{"@id":"https:\/\/nitu.mx\/index.php\/2016\/10\/05\/aeromexico-llega-a-indonesia-con-codigo-compartido\/"},"wordCount":154,"commentCount":0,"publisher":{"@id":"https:\/\/nitu.mx\/#\/schema\/person\/ae7a53426417292d3dd07b45a33e01bc"},"image":{"@id":"https:\/\/nitu.mx\/index.php\/2016\/10\/05\/aeromexico-llega-a-indonesia-con-codigo-compartido\/#primaryimage"},"thumbnailUrl":"https:\/\/nitu.mx\/wp-content\/uploads\/2016\/10\/Bali-en-peligro-por-el-turismo-de-masas-1.jpg","keywords":["Aerom\u00e9xico","Bali","Garuda Indonesia","Yakarta"],"articleSection":["Aerol\u00edneas","M\u00e9xico"],"inLanguage":"es-MX","potentialAction":[{"@type":"CommentAction","name":"Comment","target":["https:\/\/nitu.mx\/index.php\/2016\/10\/05\/aeromexico-llega-a-indonesia-con-codigo-compartido\/#respond"]}]},{"@type":"WebPage","@id":"https:\/\/nitu.mx\/index.php\/2016\/10\/05\/aeromexico-llega-a-indonesia-con-codigo-compartido\/","url":"https:\/\/nitu.mx\/index.php\/2016\/10\/05\/aeromexico-llega-a-indonesia-con-codigo-compartido\/","name":"Aerom\u00e9xico llega a Indonesia con c\u00f3digo compartido - Noticias de la","isPartOf":{"@id":"https:\/\/nitu.mx\/#website"},"primaryImageOfPage":{"@id":"https:\/\/nitu.mx\/index.php\/2016\/10\/05\/aeromexico-llega-a-indonesia-con-codigo-compartido\/#primaryimage"},"image":{"@id":"https:\/\/nitu.mx\/index.php\/2016\/10\/05\/aeromexico-llega-a-indonesia-con-codigo-compartido\/#primaryimage"},"thumbnailUrl":"https:\/\/nitu.mx\/wp-content\/uploads\/2016\/10\/Bali-en-peligro-por-el-turismo-de-masas-1.jpg","datePublished":"2016-10-06T04:56:17+00:00","dateModified":"2016-10-06T05:21:34+00:00","description":"Aerom\u00e9xico vuela hasta Yakarta y Bali, Indonesia, gracias a un convenio de c\u00f3digo compartido con Garuda Indonesia, v\u00eda Tokio-Narita, Jap\u00f3n.","breadcrumb":{"@id":"https:\/\/nitu.mx\/index.php\/2016\/10\/05\/aeromexico-llega-a-indonesia-con-codigo-compartido\/#breadcrumb"},"inLanguage":"es-MX","potentialAction":[{"@type":"ReadAction","target":["https:\/\/nitu.mx\/index.php\/2016\/10\/05\/aeromexico-llega-a-indonesia-con-codigo-compartido\/"]}]},{"@type":"ImageObject","inLanguage":"es-MX","@id":"https:\/\/nitu.mx\/index.php\/2016\/10\/05\/aeromexico-llega-a-indonesia-con-codigo-compartido\/#primaryimage","url":"https:\/\/nitu.mx\/wp-content\/uploads\/2016\/10\/Bali-en-peligro-por-el-turismo-de-masas-1.jpg","contentUrl":"https:\/\/nitu.mx\/wp-content\/uploads\/2016\/10\/Bali-en-peligro-por-el-turismo-de-masas-1.jpg","width":660,"height":378,"caption":"Indonesia"},{"@type":"BreadcrumbList","@id":"https:\/\/nitu.mx\/index.php\/2016\/10\/05\/aeromexico-llega-a-indonesia-con-codigo-compartido\/#breadcrumb","itemListElement":[{"@type":"ListItem","position":1,"name":"Inicio","item":"https:\/\/nitu.mx\/"},{"@type":"ListItem","position":2,"name":"Aerom\u00e9xico llega a Indonesia con c\u00f3digo compartido"}]},{"@type":"WebSite","@id":"https:\/\/nitu.mx\/#website","url":"https:\/\/nitu.mx\/","name":"Nitu - Noticias de la Industria Turistica","description":"Noticias de la Industria Turistica","publisher":{"@id":"https:\/\/nitu.mx\/#\/schema\/person\/ae7a53426417292d3dd07b45a33e01bc"},"alternateName":"Noticias de la Industria Turistica","potentialAction":[{"@type":"SearchAction","target":{"@type":"EntryPoint","urlTemplate":"https:\/\/nitu.mx\/?s={search_term_string}"},"query-input":"required name=search_term_string"}],"inLanguage":"es-MX"},{"@type":["Person","Organization"],"@id":"https:\/\/nitu.mx\/#\/schema\/person\/ae7a53426417292d3dd07b45a33e01bc","name":"Arturo Medina","image":{"@type":"ImageObject","inLanguage":"es-MX","@id":"https:\/\/nitu.mx\/#\/schema\/person\/image\/","url":"https:\/\/nitu.mx\/wp-content\/uploads\/2024\/04\/4A315622-1904-4D5C-B022-878CDC840E04-90x90-1.jpeg","contentUrl":"https:\/\/nitu.mx\/wp-content\/uploads\/2024\/04\/4A315622-1904-4D5C-B022-878CDC840E04-90x90-1.jpeg","width":90,"height":90,"caption":"Arturo Medina"},"logo":{"@id":"https:\/\/nitu.mx\/#\/schema\/person\/image\/"},"description":"Director NITU.mx, Egresado de la Escuela de Periodismo Carlos Septi\u00e9n Garc\u00eda. Periodista y analista especializado en turismo desde hace 35 a\u00f1os, radicado en Canc\u00fan Q.Roo. arturo@nitu.mx","sameAs":["https:\/\/nitu.mx","https:\/\/www.facebook.com\/NITUmx\/","medinacancun","https:\/\/twitter.com\/@Arturo_Medina_G"]},{"@type":"Person","@id":"https:\/\/nitu.mx\/#\/schema\/person\/2ecd887b19dfd3382d1f14fc5acf24a8","name":"Alejandra Moncisbays","image":{"@type":"ImageObject","inLanguage":"es-MX","@id":"https:\/\/nitu.mx\/#\/schema\/person\/image\/","url":"https:\/\/secure.gravatar.com\/avatar\/e74f7af0be172b7804dacfd0bfbef787?s=96&d=mm&r=g","contentUrl":"https:\/\/secure.gravatar.com\/avatar\/e74f7af0be172b7804dacfd0bfbef787?s=96&d=mm&r=g","caption":"Alejandra Moncisbays"},"description":"Curs\u00e9 la carrera de Periodismo y Comunicaci\u00f3n en la Facultad de Estudios Profesionales Acatl\u00e1n. Vivo en Canc\u00fan desde hace 24 a\u00f1os. Fui reportera de La Tarde de Canc\u00fan, y Novedades de Quintana Roo, colabor\u00e9 en TVCUN, edit\u00e9 Cancun\u00edssimo y colabor\u00e9 en las revistas Latitud21, entre otras, con principal enfoque en los sectores empresarial y tur\u00edstico. Desde hace varios a\u00f1os soy Agente de Seguros con c\u00e9dula de la Comisi\u00f3n Nacional de Seguros y Fianzas. Actualmente, me desarrollo en los \u00e1mbitos del periodismo y el sector asegurador.","sameAs":["https:\/\/nitu.mx"],"url":"https:\/\/nitu.mx\/index.php\/author\/alejandra\/"}]}},"views":326,"_links":{"self":[{"href":"https:\/\/nitu.mx\/index.php\/wp-json\/wp\/v2\/posts\/2662"}],"collection":[{"href":"https:\/\/nitu.mx\/index.php\/wp-json\/wp\/v2\/posts"}],"about":[{"href":"https:\/\/nitu.mx\/index.php\/wp-json\/wp\/v2\/types\/post"}],"author":[{"embeddable":true,"href":"https:\/\/nitu.mx\/index.php\/wp-json\/wp\/v2\/users\/3"}],"replies":[{"embeddable":true,"href":"https:\/\/nitu.mx\/index.php\/wp-json\/wp\/v2\/comments?post=2662"}],"version-history":[{"count":3,"href":"https:\/\/nitu.mx\/index.php\/wp-json\/wp\/v2\/posts\/2662\/revisions"}],"predecessor-version":[{"id":2678,"href":"https:\/\/nitu.mx\/index.php\/wp-json\/wp\/v2\/posts\/2662\/revisions\/2678"}],"wp:featuredmedia":[{"embeddable":true,"href":"https:\/\/nitu.mx\/index.php\/wp-json\/wp\/v2\/media\/2664"}],"wp:attachment":[{"href":"https:\/\/nitu.mx\/index.php\/wp-json\/wp\/v2\/media?parent=2662"}],"wp:term":[{"taxonomy":"category","embeddable":true,"href":"https:\/\/nitu.mx\/index.php\/wp-json\/wp\/v2\/categories?post=2662"},{"taxonomy":"post_tag","embeddable":true,"href":"https:\/\/nitu.mx\/index.php\/wp-json\/wp\/v2\/tags?post=2662"}],"curies":[{"name":"wp","href":"https:\/\/api.w.org\/{rel}","templated":true}]}}