{"id":26617,"date":"2018-11-15T01:00:21","date_gmt":"2018-11-15T06:00:21","guid":{"rendered":"https:\/\/www.dev.nitu.mx\/?p=26617"},"modified":"2018-11-15T01:34:46","modified_gmt":"2018-11-15T06:34:46","slug":"respalda-concanaco-tren-maya-pero-considera-innecesaria-la-consulta","status":"publish","type":"post","link":"https:\/\/nitu.mx\/index.php\/2018\/11\/15\/respalda-concanaco-tren-maya-pero-considera-innecesaria-la-consulta\/","title":{"rendered":"Respalda Concanaco Tren Maya pero considera innecesaria la consulta"},"content":{"rendered":"<p>Llevar a cabo la consulta ciudadana sobre el futuro del Tren Maya, pone en riesgo la toma de la decisi\u00f3n sobre un importante y positivo proyecto que busca el desarrollo del sureste del pa\u00eds, afirma el presidente de la Confederaci\u00f3n de C\u00e1maras Nacionales de Comercio, Servicios y Turismo (Concanaco Servytur), Jos\u00e9 Manuel L\u00f3pez Campos.<\/p>\n<p>El dirigente afirm\u00f3 que las decisiones que se toman basados en la consulta pueden no estar suficientemente informadas, ni ser representativas y pueden incidir en el desarrollo econ\u00f3mico del pa\u00eds, por lo que considera innecesario llevar a cabo este ejercicio.<\/p>\n<p>L\u00f3pez Campos respalda el proyecto presentado por el presidente electo, Andr\u00e9s Manuel L\u00f3pez Obrador, pues adem\u00e1s de potenciar el turismo de la regi\u00f3n, impulsar\u00e1 desarrollo integral al generar empleos e inversiones en \u00e9sta y otras ramas, como la infraestructura, construcci\u00f3n, vivienda y hoteler\u00eda.\u00a0<a title=\"Se re\u00fane AMLO con gobernadores del sureste por Tren Maya\" href=\"https:\/\/www.dev.nitu.mx\/index.php\/2018\/11\/13\/se-reune-amlo-con-gobernadores-del-sureste-por-tren-maya\/\" rel=\"bookmark\">(Se re\u00fane AMLO con gobernadores del sureste por Tren Maya<\/a>).<\/p>\n<p>\u201cLa gran consulta fue el 1 de julio, en la que 30 millones de mexicanos que representaron el 53 por ciento de la votaci\u00f3n, favorecieron al presidente electo, y ah\u00ed se decidi\u00f3 qui\u00e9n debe llevar las riendas y qui\u00e9n debe tomar las decisiones importantes\u201d, resalt\u00f3 el presidente de Concanaco Servytur.<\/p>\n<p>Detall\u00f3 que el Tren Maya ser\u00e1 un proyecto de mucha utilidad al ser un proyecto de uso mixto, tanto tur\u00edstico, como de carga y pasajeros, que permitir\u00e1 la creaci\u00f3n de cl\u00fasteres log\u00edsticos y fortalecer\u00e1 el mercado interno regional.<a title=\"Pide Concanaco que Tren Maya sea de uso de pasajeros y de carga\" href=\"https:\/\/www.dev.nitu.mx\/index.php\/2018\/08\/15\/pide-concanaco-que-tren-maya-sea-de-uso-de-pasajeros-y-de-carga\/\" rel=\"bookmark\">(Pide Concanaco que Tren Maya sea de uso de pasajeros y de carga<\/a>).<\/p>\n<p>Por estas razones, Jos\u00e9 Manuel L\u00f3pez Campos enfatiz\u00f3 que no es conveniente abrir una consulta en temas relacionados con alta tecnolog\u00eda, detonadores de turismo y econom\u00eda. \u201cEntendemos las decisiones de hacer participativo al pueblo en las acciones p\u00fablicas, pero estamos convencidos de que vivimos en una democracia participativa en donde la poblaci\u00f3n elige a sus gobernadores y a sus legisladores, y es ah\u00ed donde deben decidir\u201d, concluy\u00f3.<\/p>\n","protected":false},"excerpt":{"rendered":"<p>Llevar a cabo la consulta ciudadana sobre el futuro del Tren Maya, pone en riesgo la toma de la decisi\u00f3n sobre un importante y positivo proyecto que busca el desarrollo del sureste del pa\u00eds, afirma el presidente de la Confederaci\u00f3n de C\u00e1maras Nacionales de Comercio, Servicios y Turismo (Concanaco Servytur), Jos\u00e9 Manuel L\u00f3pez Campos. El [&hellip;]<\/p>\n","protected":false},"author":5,"featured_media":24412,"comment_status":"open","ping_status":"open","sticky":false,"template":"","format":"standard","meta":{"footnotes":""},"categories":[5,12],"tags":[3083,1607,10060,1713,11427],"yoast_head":"<!-- This site is optimized with the Yoast SEO plugin v22.2 - https:\/\/yoast.com\/wordpress\/plugins\/seo\/ -->\n<title>Respalda Concanaco Tren Maya pero considera innecesaria la consulta - Nitu - Noticias de la Industria Turistica<\/title>\n<meta name=\"description\" content=\"Llevar a cabo la consulta ciudadana sobre el futuro del Tren Maya, pone en riesgo la toma de la decisi\u00f3n sobre un importante y positivo proyecto.\" \/>\n<meta name=\"robots\" content=\"index, follow, max-snippet:-1, max-image-preview:large, max-video-preview:-1\" \/>\n<link rel=\"canonical\" href=\"https:\/\/nitu.mx\/index.php\/2018\/11\/15\/respalda-concanaco-tren-maya-pero-considera-innecesaria-la-consulta\/\" \/>\n<meta name=\"twitter:card\" content=\"summary_large_image\" \/>\n<meta name=\"twitter:title\" content=\"Respalda Concanaco Tren Maya pero considera innecesaria la consulta - Nitu - Noticias de la Industria Turistica\" \/>\n<meta name=\"twitter:description\" content=\"Llevar a cabo la consulta ciudadana sobre el futuro del Tren Maya, pone en riesgo la toma de la decisi\u00f3n sobre un importante y positivo proyecto.\" \/>\n<meta name=\"twitter:image\" content=\"https:\/\/nitu.mx\/wp-content\/uploads\/2018\/09\/recursos-federales-tren-maya-768x367.jpg\" \/>\n<meta name=\"twitter:creator\" content=\"@NITUmx\" \/>\n<meta name=\"twitter:site\" content=\"@Arturo_Medina_G\" \/>\n<meta name=\"twitter:label1\" content=\"Escrito por\" \/>\n\t<meta name=\"twitter:data1\" content=\"Mari Soto\" \/>\n\t<meta name=\"twitter:label2\" content=\"Tiempo de lectura\" \/>\n\t<meta name=\"twitter:data2\" content=\"2 minutos\" \/>\n<script type=\"application\/ld+json\" class=\"yoast-schema-graph\">{\"@context\":\"https:\/\/schema.org\",\"@graph\":[{\"@type\":\"Article\",\"@id\":\"https:\/\/nitu.mx\/index.php\/2018\/11\/15\/respalda-concanaco-tren-maya-pero-considera-innecesaria-la-consulta\/#article\",\"isPartOf\":{\"@id\":\"https:\/\/nitu.mx\/index.php\/2018\/11\/15\/respalda-concanaco-tren-maya-pero-considera-innecesaria-la-consulta\/\"},\"author\":{\"name\":\"Mari Soto\",\"@id\":\"https:\/\/nitu.mx\/#\/schema\/person\/afc52e313e27e660739556d421d3d6b4\"},\"headline\":\"Respalda Concanaco Tren Maya pero considera innecesaria la consulta\",\"datePublished\":\"2018-11-15T06:00:21+00:00\",\"dateModified\":\"2018-11-15T06:34:46+00:00\",\"mainEntityOfPage\":{\"@id\":\"https:\/\/nitu.mx\/index.php\/2018\/11\/15\/respalda-concanaco-tren-maya-pero-considera-innecesaria-la-consulta\/\"},\"wordCount\":348,\"commentCount\":0,\"publisher\":{\"@id\":\"https:\/\/nitu.mx\/#\/schema\/person\/ae7a53426417292d3dd07b45a33e01bc\"},\"image\":{\"@id\":\"https:\/\/nitu.mx\/index.php\/2018\/11\/15\/respalda-concanaco-tren-maya-pero-considera-innecesaria-la-consulta\/#primaryimage\"},\"thumbnailUrl\":\"https:\/\/nitu.mx\/wp-content\/uploads\/2018\/09\/recursos-federales-tren-maya-768x367.jpg\",\"keywords\":[\"Andr\u00e9s Manuel L\u00f3pez Obrador\",\"Concanaco Servytur\",\"consulta ciudadana\",\"Jos\u00e9 Manuel L\u00f3pez Campos\",\"Tren Maya\"],\"articleSection\":[\"Destinos\",\"Marketing\"],\"inLanguage\":\"es-MX\",\"potentialAction\":[{\"@type\":\"CommentAction\",\"name\":\"Comment\",\"target\":[\"https:\/\/nitu.mx\/index.php\/2018\/11\/15\/respalda-concanaco-tren-maya-pero-considera-innecesaria-la-consulta\/#respond\"]}]},{\"@type\":\"WebPage\",\"@id\":\"https:\/\/nitu.mx\/index.php\/2018\/11\/15\/respalda-concanaco-tren-maya-pero-considera-innecesaria-la-consulta\/\",\"url\":\"https:\/\/nitu.mx\/index.php\/2018\/11\/15\/respalda-concanaco-tren-maya-pero-considera-innecesaria-la-consulta\/\",\"name\":\"Respalda Concanaco Tren Maya pero considera innecesaria la consulta - Nitu - Noticias de la Industria Turistica\",\"isPartOf\":{\"@id\":\"https:\/\/nitu.mx\/#website\"},\"primaryImageOfPage\":{\"@id\":\"https:\/\/nitu.mx\/index.php\/2018\/11\/15\/respalda-concanaco-tren-maya-pero-considera-innecesaria-la-consulta\/#primaryimage\"},\"image\":{\"@id\":\"https:\/\/nitu.mx\/index.php\/2018\/11\/15\/respalda-concanaco-tren-maya-pero-considera-innecesaria-la-consulta\/#primaryimage\"},\"thumbnailUrl\":\"https:\/\/nitu.mx\/wp-content\/uploads\/2018\/09\/recursos-federales-tren-maya-768x367.jpg\",\"datePublished\":\"2018-11-15T06:00:21+00:00\",\"dateModified\":\"2018-11-15T06:34:46+00:00\",\"description\":\"Llevar a cabo la consulta ciudadana sobre el futuro del Tren Maya, pone en riesgo la toma de la decisi\u00f3n sobre un importante y positivo proyecto.\",\"breadcrumb\":{\"@id\":\"https:\/\/nitu.mx\/index.php\/2018\/11\/15\/respalda-concanaco-tren-maya-pero-considera-innecesaria-la-consulta\/#breadcrumb\"},\"inLanguage\":\"es-MX\",\"potentialAction\":[{\"@type\":\"ReadAction\",\"target\":[\"https:\/\/nitu.mx\/index.php\/2018\/11\/15\/respalda-concanaco-tren-maya-pero-considera-innecesaria-la-consulta\/\"]}]},{\"@type\":\"ImageObject\",\"inLanguage\":\"es-MX\",\"@id\":\"https:\/\/nitu.mx\/index.php\/2018\/11\/15\/respalda-concanaco-tren-maya-pero-considera-innecesaria-la-consulta\/#primaryimage\",\"url\":\"https:\/\/nitu.mx\/wp-content\/uploads\/2018\/09\/recursos-federales-tren-maya-768x367.jpg\",\"contentUrl\":\"https:\/\/nitu.mx\/wp-content\/uploads\/2018\/09\/recursos-federales-tren-maya-768x367.jpg\",\"width\":850,\"height\":480,\"caption\":\"tren maya\"},{\"@type\":\"BreadcrumbList\",\"@id\":\"https:\/\/nitu.mx\/index.php\/2018\/11\/15\/respalda-concanaco-tren-maya-pero-considera-innecesaria-la-consulta\/#breadcrumb\",\"itemListElement\":[{\"@type\":\"ListItem\",\"position\":1,\"name\":\"Inicio\",\"item\":\"https:\/\/nitu.mx\/\"},{\"@type\":\"ListItem\",\"position\":2,\"name\":\"Respalda Concanaco Tren Maya pero considera innecesaria la consulta\"}]},{\"@type\":\"WebSite\",\"@id\":\"https:\/\/nitu.mx\/#website\",\"url\":\"https:\/\/nitu.mx\/\",\"name\":\"Nitu - Noticias de la Industria Turistica\",\"description\":\"Noticias de la Industria Turistica\",\"publisher\":{\"@id\":\"https:\/\/nitu.mx\/#\/schema\/person\/ae7a53426417292d3dd07b45a33e01bc\"},\"alternateName\":\"Noticias de la Industria Turistica\",\"potentialAction\":[{\"@type\":\"SearchAction\",\"target\":{\"@type\":\"EntryPoint\",\"urlTemplate\":\"https:\/\/nitu.mx\/?s={search_term_string}\"},\"query-input\":\"required name=search_term_string\"}],\"inLanguage\":\"es-MX\"},{\"@type\":[\"Person\",\"Organization\"],\"@id\":\"https:\/\/nitu.mx\/#\/schema\/person\/ae7a53426417292d3dd07b45a33e01bc\",\"name\":\"Arturo Medina\",\"image\":{\"@type\":\"ImageObject\",\"inLanguage\":\"es-MX\",\"@id\":\"https:\/\/nitu.mx\/#\/schema\/person\/image\/\",\"url\":\"https:\/\/nitu.mx\/wp-content\/uploads\/2024\/04\/4A315622-1904-4D5C-B022-878CDC840E04-90x90-1.jpeg\",\"contentUrl\":\"https:\/\/nitu.mx\/wp-content\/uploads\/2024\/04\/4A315622-1904-4D5C-B022-878CDC840E04-90x90-1.jpeg\",\"width\":90,\"height\":90,\"caption\":\"Arturo Medina\"},\"logo\":{\"@id\":\"https:\/\/nitu.mx\/#\/schema\/person\/image\/\"},\"description\":\"Director NITU.mx, Egresado de la Escuela de Periodismo Carlos Septi\u00e9n Garc\u00eda. Periodista y analista especializado en turismo desde hace 35 a\u00f1os, radicado en Canc\u00fan Q.Roo. arturo@nitu.mx\",\"sameAs\":[\"https:\/\/nitu.mx\",\"https:\/\/www.facebook.com\/NITUmx\/\",\"medinacancun\",\"https:\/\/twitter.com\/@Arturo_Medina_G\"]},{\"@type\":\"Person\",\"@id\":\"https:\/\/nitu.mx\/#\/schema\/person\/afc52e313e27e660739556d421d3d6b4\",\"name\":\"Mari Soto\",\"image\":{\"@type\":\"ImageObject\",\"inLanguage\":\"es-MX\",\"@id\":\"https:\/\/nitu.mx\/#\/schema\/person\/image\/\",\"url\":\"https:\/\/secure.gravatar.com\/avatar\/2619c282a180a20d89fcaea82a6736e2?s=96&d=mm&r=g\",\"contentUrl\":\"https:\/\/secure.gravatar.com\/avatar\/2619c282a180a20d89fcaea82a6736e2?s=96&d=mm&r=g\",\"caption\":\"Mari Soto\"},\"sameAs\":[\"https:\/\/nitu.mx\"],\"url\":\"https:\/\/nitu.mx\/index.php\/author\/guadalupe\/\"}]}<\/script>\n<!-- \/ Yoast SEO plugin. -->","yoast_head_json":{"title":"Respalda Concanaco Tren Maya pero considera innecesaria la consulta - Nitu - Noticias de la Industria Turistica","description":"Llevar a cabo la consulta ciudadana sobre el futuro del Tren Maya, pone en riesgo la toma de la decisi\u00f3n sobre un importante y positivo proyecto.","robots":{"index":"index","follow":"follow","max-snippet":"max-snippet:-1","max-image-preview":"max-image-preview:large","max-video-preview":"max-video-preview:-1"},"canonical":"https:\/\/nitu.mx\/index.php\/2018\/11\/15\/respalda-concanaco-tren-maya-pero-considera-innecesaria-la-consulta\/","twitter_card":"summary_large_image","twitter_title":"Respalda Concanaco Tren Maya pero considera innecesaria la consulta - Nitu - Noticias de la Industria Turistica","twitter_description":"Llevar a cabo la consulta ciudadana sobre el futuro del Tren Maya, pone en riesgo la toma de la decisi\u00f3n sobre un importante y positivo proyecto.","twitter_image":"https:\/\/nitu.mx\/wp-content\/uploads\/2018\/09\/recursos-federales-tren-maya-768x367.jpg","twitter_creator":"@NITUmx","twitter_site":"@Arturo_Medina_G","twitter_misc":{"Escrito por":"Mari Soto","Tiempo de lectura":"2 minutos"},"schema":{"@context":"https:\/\/schema.org","@graph":[{"@type":"Article","@id":"https:\/\/nitu.mx\/index.php\/2018\/11\/15\/respalda-concanaco-tren-maya-pero-considera-innecesaria-la-consulta\/#article","isPartOf":{"@id":"https:\/\/nitu.mx\/index.php\/2018\/11\/15\/respalda-concanaco-tren-maya-pero-considera-innecesaria-la-consulta\/"},"author":{"name":"Mari Soto","@id":"https:\/\/nitu.mx\/#\/schema\/person\/afc52e313e27e660739556d421d3d6b4"},"headline":"Respalda Concanaco Tren Maya pero considera innecesaria la consulta","datePublished":"2018-11-15T06:00:21+00:00","dateModified":"2018-11-15T06:34:46+00:00","mainEntityOfPage":{"@id":"https:\/\/nitu.mx\/index.php\/2018\/11\/15\/respalda-concanaco-tren-maya-pero-considera-innecesaria-la-consulta\/"},"wordCount":348,"commentCount":0,"publisher":{"@id":"https:\/\/nitu.mx\/#\/schema\/person\/ae7a53426417292d3dd07b45a33e01bc"},"image":{"@id":"https:\/\/nitu.mx\/index.php\/2018\/11\/15\/respalda-concanaco-tren-maya-pero-considera-innecesaria-la-consulta\/#primaryimage"},"thumbnailUrl":"https:\/\/nitu.mx\/wp-content\/uploads\/2018\/09\/recursos-federales-tren-maya-768x367.jpg","keywords":["Andr\u00e9s Manuel L\u00f3pez Obrador","Concanaco Servytur","consulta ciudadana","Jos\u00e9 Manuel L\u00f3pez Campos","Tren Maya"],"articleSection":["Destinos","Marketing"],"inLanguage":"es-MX","potentialAction":[{"@type":"CommentAction","name":"Comment","target":["https:\/\/nitu.mx\/index.php\/2018\/11\/15\/respalda-concanaco-tren-maya-pero-considera-innecesaria-la-consulta\/#respond"]}]},{"@type":"WebPage","@id":"https:\/\/nitu.mx\/index.php\/2018\/11\/15\/respalda-concanaco-tren-maya-pero-considera-innecesaria-la-consulta\/","url":"https:\/\/nitu.mx\/index.php\/2018\/11\/15\/respalda-concanaco-tren-maya-pero-considera-innecesaria-la-consulta\/","name":"Respalda Concanaco Tren Maya pero considera innecesaria la consulta - Nitu - Noticias de la Industria Turistica","isPartOf":{"@id":"https:\/\/nitu.mx\/#website"},"primaryImageOfPage":{"@id":"https:\/\/nitu.mx\/index.php\/2018\/11\/15\/respalda-concanaco-tren-maya-pero-considera-innecesaria-la-consulta\/#primaryimage"},"image":{"@id":"https:\/\/nitu.mx\/index.php\/2018\/11\/15\/respalda-concanaco-tren-maya-pero-considera-innecesaria-la-consulta\/#primaryimage"},"thumbnailUrl":"https:\/\/nitu.mx\/wp-content\/uploads\/2018\/09\/recursos-federales-tren-maya-768x367.jpg","datePublished":"2018-11-15T06:00:21+00:00","dateModified":"2018-11-15T06:34:46+00:00","description":"Llevar a cabo la consulta ciudadana sobre el futuro del Tren Maya, pone en riesgo la toma de la decisi\u00f3n sobre un importante y positivo proyecto.","breadcrumb":{"@id":"https:\/\/nitu.mx\/index.php\/2018\/11\/15\/respalda-concanaco-tren-maya-pero-considera-innecesaria-la-consulta\/#breadcrumb"},"inLanguage":"es-MX","potentialAction":[{"@type":"ReadAction","target":["https:\/\/nitu.mx\/index.php\/2018\/11\/15\/respalda-concanaco-tren-maya-pero-considera-innecesaria-la-consulta\/"]}]},{"@type":"ImageObject","inLanguage":"es-MX","@id":"https:\/\/nitu.mx\/index.php\/2018\/11\/15\/respalda-concanaco-tren-maya-pero-considera-innecesaria-la-consulta\/#primaryimage","url":"https:\/\/nitu.mx\/wp-content\/uploads\/2018\/09\/recursos-federales-tren-maya-768x367.jpg","contentUrl":"https:\/\/nitu.mx\/wp-content\/uploads\/2018\/09\/recursos-federales-tren-maya-768x367.jpg","width":850,"height":480,"caption":"tren maya"},{"@type":"BreadcrumbList","@id":"https:\/\/nitu.mx\/index.php\/2018\/11\/15\/respalda-concanaco-tren-maya-pero-considera-innecesaria-la-consulta\/#breadcrumb","itemListElement":[{"@type":"ListItem","position":1,"name":"Inicio","item":"https:\/\/nitu.mx\/"},{"@type":"ListItem","position":2,"name":"Respalda Concanaco Tren Maya pero considera innecesaria la consulta"}]},{"@type":"WebSite","@id":"https:\/\/nitu.mx\/#website","url":"https:\/\/nitu.mx\/","name":"Nitu - Noticias de la Industria Turistica","description":"Noticias de la Industria Turistica","publisher":{"@id":"https:\/\/nitu.mx\/#\/schema\/person\/ae7a53426417292d3dd07b45a33e01bc"},"alternateName":"Noticias de la Industria Turistica","potentialAction":[{"@type":"SearchAction","target":{"@type":"EntryPoint","urlTemplate":"https:\/\/nitu.mx\/?s={search_term_string}"},"query-input":"required name=search_term_string"}],"inLanguage":"es-MX"},{"@type":["Person","Organization"],"@id":"https:\/\/nitu.mx\/#\/schema\/person\/ae7a53426417292d3dd07b45a33e01bc","name":"Arturo Medina","image":{"@type":"ImageObject","inLanguage":"es-MX","@id":"https:\/\/nitu.mx\/#\/schema\/person\/image\/","url":"https:\/\/nitu.mx\/wp-content\/uploads\/2024\/04\/4A315622-1904-4D5C-B022-878CDC840E04-90x90-1.jpeg","contentUrl":"https:\/\/nitu.mx\/wp-content\/uploads\/2024\/04\/4A315622-1904-4D5C-B022-878CDC840E04-90x90-1.jpeg","width":90,"height":90,"caption":"Arturo Medina"},"logo":{"@id":"https:\/\/nitu.mx\/#\/schema\/person\/image\/"},"description":"Director NITU.mx, Egresado de la Escuela de Periodismo Carlos Septi\u00e9n Garc\u00eda. Periodista y analista especializado en turismo desde hace 35 a\u00f1os, radicado en Canc\u00fan Q.Roo. arturo@nitu.mx","sameAs":["https:\/\/nitu.mx","https:\/\/www.facebook.com\/NITUmx\/","medinacancun","https:\/\/twitter.com\/@Arturo_Medina_G"]},{"@type":"Person","@id":"https:\/\/nitu.mx\/#\/schema\/person\/afc52e313e27e660739556d421d3d6b4","name":"Mari Soto","image":{"@type":"ImageObject","inLanguage":"es-MX","@id":"https:\/\/nitu.mx\/#\/schema\/person\/image\/","url":"https:\/\/secure.gravatar.com\/avatar\/2619c282a180a20d89fcaea82a6736e2?s=96&d=mm&r=g","contentUrl":"https:\/\/secure.gravatar.com\/avatar\/2619c282a180a20d89fcaea82a6736e2?s=96&d=mm&r=g","caption":"Mari Soto"},"sameAs":["https:\/\/nitu.mx"],"url":"https:\/\/nitu.mx\/index.php\/author\/guadalupe\/"}]}},"views":242,"_links":{"self":[{"href":"https:\/\/nitu.mx\/index.php\/wp-json\/wp\/v2\/posts\/26617"}],"collection":[{"href":"https:\/\/nitu.mx\/index.php\/wp-json\/wp\/v2\/posts"}],"about":[{"href":"https:\/\/nitu.mx\/index.php\/wp-json\/wp\/v2\/types\/post"}],"author":[{"embeddable":true,"href":"https:\/\/nitu.mx\/index.php\/wp-json\/wp\/v2\/users\/5"}],"replies":[{"embeddable":true,"href":"https:\/\/nitu.mx\/index.php\/wp-json\/wp\/v2\/comments?post=26617"}],"version-history":[{"count":2,"href":"https:\/\/nitu.mx\/index.php\/wp-json\/wp\/v2\/posts\/26617\/revisions"}],"predecessor-version":[{"id":26639,"href":"https:\/\/nitu.mx\/index.php\/wp-json\/wp\/v2\/posts\/26617\/revisions\/26639"}],"wp:featuredmedia":[{"embeddable":true,"href":"https:\/\/nitu.mx\/index.php\/wp-json\/wp\/v2\/media\/24412"}],"wp:attachment":[{"href":"https:\/\/nitu.mx\/index.php\/wp-json\/wp\/v2\/media?parent=26617"}],"wp:term":[{"taxonomy":"category","embeddable":true,"href":"https:\/\/nitu.mx\/index.php\/wp-json\/wp\/v2\/categories?post=26617"},{"taxonomy":"post_tag","embeddable":true,"href":"https:\/\/nitu.mx\/index.php\/wp-json\/wp\/v2\/tags?post=26617"}],"curies":[{"name":"wp","href":"https:\/\/api.w.org\/{rel}","templated":true}]}}