{"id":26546,"date":"2018-11-14T01:21:34","date_gmt":"2018-11-14T06:21:34","guid":{"rendered":"https:\/\/www.dev.nitu.mx\/?p=26546"},"modified":"2018-11-14T02:04:04","modified_gmt":"2018-11-14T07:04:04","slug":"mia-hotels-and-resorts-expande-presencia-en-caribe-mexicano","status":"publish","type":"post","link":"https:\/\/nitu.mx\/index.php\/2018\/11\/14\/mia-hotels-and-resorts-expande-presencia-en-caribe-mexicano\/","title":{"rendered":"MIA Hotels and Resorts expande presencia en Caribe Mexicano"},"content":{"rendered":"<p>Canc\u00fan sumar\u00e1 un nuevo macrohotel en la zona hotelera de unos 800 cuartos, en el kil\u00f3metro 11.5 del bulevar Kukulc\u00e1n, con una inversi\u00f3n de m\u00e1s de 130 millones de pesos, que servir\u00e1n para iniciar en 2019 la construcci\u00f3n del Hotel MIA Canc\u00fan, inform\u00f3 Alejandro Zavala Franco, gerente de marketing de MIA Hotels and Resorts.<\/p>\n<p>As\u00ed, el hotel MIA Canc\u00fan, que anteriormente operaba como el Avalon Baccara, como recoge Sipse, ampliar\u00e1 sus instalaciones de 27 habitaciones a 800, de acuerdo con la solicitud de Manifestaci\u00f3n de Impacto Ambiental (MIA), que ingres\u00f3 la empresa Circulo Creativo Villahermosa a la Secretar\u00eda de Medio Ambiente y Recursos Naturales (Semarnat).<\/p>\n<p>El centro de hospedaje se construir\u00e1 sobre la antigua estructura del hotel MIA, que primero ser\u00e1 demolida; aunque los trabajos se retrasaron por los permisos correspondiente ante el ayuntamiento.<\/p>\n<p>\u201cNos detuvieron el tema de la demolici\u00f3n, por cuesti\u00f3n de permisos, pero ya est\u00e1 todo listo; la intenci\u00f3n es finalizar al 100 por ciento el Hotel Bacalar, que es la apertura m\u00e1s cercana (1 de diciembre pr\u00f3ximo) y posteriormente comenzar la construcci\u00f3n de los palafitos en el hotel MIA Isla Mujeres y despu\u00e9s la construcci\u00f3n del hotel MIA Canc\u00fan\u201d, coment\u00f3.<\/p>\n","protected":false},"excerpt":{"rendered":"<p>Canc\u00fan sumar\u00e1 un nuevo macrohotel en la zona hotelera de unos 800 cuartos, en el kil\u00f3metro 11.5 del bulevar Kukulc\u00e1n, con una inversi\u00f3n de m\u00e1s de 130 millones de pesos, que servir\u00e1n para iniciar en 2019 la construcci\u00f3n del Hotel MIA Canc\u00fan, inform\u00f3 Alejandro Zavala Franco, gerente de marketing de MIA Hotels and Resorts. As\u00ed, [&hellip;]<\/p>\n","protected":false},"author":17,"featured_media":26574,"comment_status":"open","ping_status":"open","sticky":false,"template":"","format":"standard","meta":{"footnotes":""},"categories":[5,2],"tags":[13296,13294,13295,13306],"yoast_head":"<!-- This site is optimized with the Yoast SEO plugin v22.2 - https:\/\/yoast.com\/wordpress\/plugins\/seo\/ -->\n<title>MIA Hotels and Resorts expande presencia en Caribe Mexicano - Nitu - Noticias de la Industria Turistica<\/title>\n<meta name=\"description\" content=\"En 2019 iniciar\u00e1 la construcci\u00f3n del Hotel MIA Canc\u00fan, inform\u00f3 Alejandro Zavala Franco, gerente de marketing de MIA Hotels and Resorts.\" \/>\n<meta name=\"robots\" content=\"index, follow, max-snippet:-1, max-image-preview:large, max-video-preview:-1\" \/>\n<link rel=\"canonical\" href=\"https:\/\/nitu.mx\/index.php\/2018\/11\/14\/mia-hotels-and-resorts-expande-presencia-en-caribe-mexicano\/\" \/>\n<meta name=\"twitter:card\" content=\"summary_large_image\" \/>\n<meta name=\"twitter:title\" content=\"MIA Hotels and Resorts expande presencia en Caribe Mexicano - Nitu - Noticias de la Industria Turistica\" \/>\n<meta name=\"twitter:description\" content=\"En 2019 iniciar\u00e1 la construcci\u00f3n del Hotel MIA Canc\u00fan, inform\u00f3 Alejandro Zavala Franco, gerente de marketing de MIA Hotels and Resorts.\" \/>\n<meta name=\"twitter:image\" content=\"https:\/\/nitu.mx\/wp-content\/uploads\/2018\/11\/Hotel-MIA-Canc\u00fan.jpg\" \/>\n<meta name=\"twitter:creator\" content=\"@NITUmx\" \/>\n<meta name=\"twitter:site\" content=\"@Arturo_Medina_G\" \/>\n<meta name=\"twitter:label1\" content=\"Escrito por\" \/>\n\t<meta name=\"twitter:data1\" content=\"Redacci\u00f3n\" \/>\n\t<meta name=\"twitter:label2\" content=\"Tiempo de lectura\" \/>\n\t<meta name=\"twitter:data2\" content=\"1 minuto\" \/>\n<script type=\"application\/ld+json\" class=\"yoast-schema-graph\">{\"@context\":\"https:\/\/schema.org\",\"@graph\":[{\"@type\":\"Article\",\"@id\":\"https:\/\/nitu.mx\/index.php\/2018\/11\/14\/mia-hotels-and-resorts-expande-presencia-en-caribe-mexicano\/#article\",\"isPartOf\":{\"@id\":\"https:\/\/nitu.mx\/index.php\/2018\/11\/14\/mia-hotels-and-resorts-expande-presencia-en-caribe-mexicano\/\"},\"author\":{\"name\":\"Redacci\u00f3n\",\"@id\":\"https:\/\/nitu.mx\/#\/schema\/person\/4a28fe9bd65924f7c90623773daf1b0b\"},\"headline\":\"MIA Hotels and Resorts expande presencia en Caribe Mexicano\",\"datePublished\":\"2018-11-14T06:21:34+00:00\",\"dateModified\":\"2018-11-14T07:04:04+00:00\",\"mainEntityOfPage\":{\"@id\":\"https:\/\/nitu.mx\/index.php\/2018\/11\/14\/mia-hotels-and-resorts-expande-presencia-en-caribe-mexicano\/\"},\"wordCount\":215,\"commentCount\":0,\"publisher\":{\"@id\":\"https:\/\/nitu.mx\/#\/schema\/person\/ae7a53426417292d3dd07b45a33e01bc\"},\"image\":{\"@id\":\"https:\/\/nitu.mx\/index.php\/2018\/11\/14\/mia-hotels-and-resorts-expande-presencia-en-caribe-mexicano\/#primaryimage\"},\"thumbnailUrl\":\"https:\/\/nitu.mx\/wp-content\/uploads\/2018\/11\/Hotel-MIA-Canc\u00fan.jpg\",\"keywords\":[\"Alejandro Zavala Franco\",\"Canc\u00fan bulevar Kukulc\u00e1n\",\"Hotel MIA Canc\u00fan\",\"MIA Hotels and Resorts\"],\"articleSection\":[\"Destinos\",\"Hoteles\"],\"inLanguage\":\"es-MX\",\"potentialAction\":[{\"@type\":\"CommentAction\",\"name\":\"Comment\",\"target\":[\"https:\/\/nitu.mx\/index.php\/2018\/11\/14\/mia-hotels-and-resorts-expande-presencia-en-caribe-mexicano\/#respond\"]}]},{\"@type\":\"WebPage\",\"@id\":\"https:\/\/nitu.mx\/index.php\/2018\/11\/14\/mia-hotels-and-resorts-expande-presencia-en-caribe-mexicano\/\",\"url\":\"https:\/\/nitu.mx\/index.php\/2018\/11\/14\/mia-hotels-and-resorts-expande-presencia-en-caribe-mexicano\/\",\"name\":\"MIA Hotels and Resorts expande presencia en Caribe Mexicano - Nitu - Noticias de la Industria Turistica\",\"isPartOf\":{\"@id\":\"https:\/\/nitu.mx\/#website\"},\"primaryImageOfPage\":{\"@id\":\"https:\/\/nitu.mx\/index.php\/2018\/11\/14\/mia-hotels-and-resorts-expande-presencia-en-caribe-mexicano\/#primaryimage\"},\"image\":{\"@id\":\"https:\/\/nitu.mx\/index.php\/2018\/11\/14\/mia-hotels-and-resorts-expande-presencia-en-caribe-mexicano\/#primaryimage\"},\"thumbnailUrl\":\"https:\/\/nitu.mx\/wp-content\/uploads\/2018\/11\/Hotel-MIA-Canc\u00fan.jpg\",\"datePublished\":\"2018-11-14T06:21:34+00:00\",\"dateModified\":\"2018-11-14T07:04:04+00:00\",\"description\":\"En 2019 iniciar\u00e1 la construcci\u00f3n del Hotel MIA Canc\u00fan, inform\u00f3 Alejandro Zavala Franco, gerente de marketing de MIA Hotels and Resorts.\",\"breadcrumb\":{\"@id\":\"https:\/\/nitu.mx\/index.php\/2018\/11\/14\/mia-hotels-and-resorts-expande-presencia-en-caribe-mexicano\/#breadcrumb\"},\"inLanguage\":\"es-MX\",\"potentialAction\":[{\"@type\":\"ReadAction\",\"target\":[\"https:\/\/nitu.mx\/index.php\/2018\/11\/14\/mia-hotels-and-resorts-expande-presencia-en-caribe-mexicano\/\"]}]},{\"@type\":\"ImageObject\",\"inLanguage\":\"es-MX\",\"@id\":\"https:\/\/nitu.mx\/index.php\/2018\/11\/14\/mia-hotels-and-resorts-expande-presencia-en-caribe-mexicano\/#primaryimage\",\"url\":\"https:\/\/nitu.mx\/wp-content\/uploads\/2018\/11\/Hotel-MIA-Canc\u00fan.jpg\",\"contentUrl\":\"https:\/\/nitu.mx\/wp-content\/uploads\/2018\/11\/Hotel-MIA-Canc\u00fan.jpg\",\"width\":850,\"height\":480,\"caption\":\"MIA Hotels\"},{\"@type\":\"BreadcrumbList\",\"@id\":\"https:\/\/nitu.mx\/index.php\/2018\/11\/14\/mia-hotels-and-resorts-expande-presencia-en-caribe-mexicano\/#breadcrumb\",\"itemListElement\":[{\"@type\":\"ListItem\",\"position\":1,\"name\":\"Inicio\",\"item\":\"https:\/\/nitu.mx\/\"},{\"@type\":\"ListItem\",\"position\":2,\"name\":\"MIA Hotels and Resorts expande presencia en Caribe Mexicano\"}]},{\"@type\":\"WebSite\",\"@id\":\"https:\/\/nitu.mx\/#website\",\"url\":\"https:\/\/nitu.mx\/\",\"name\":\"Nitu - Noticias de la Industria Turistica\",\"description\":\"Noticias de la Industria Turistica\",\"publisher\":{\"@id\":\"https:\/\/nitu.mx\/#\/schema\/person\/ae7a53426417292d3dd07b45a33e01bc\"},\"alternateName\":\"Noticias de la Industria Turistica\",\"potentialAction\":[{\"@type\":\"SearchAction\",\"target\":{\"@type\":\"EntryPoint\",\"urlTemplate\":\"https:\/\/nitu.mx\/?s={search_term_string}\"},\"query-input\":\"required name=search_term_string\"}],\"inLanguage\":\"es-MX\"},{\"@type\":[\"Person\",\"Organization\"],\"@id\":\"https:\/\/nitu.mx\/#\/schema\/person\/ae7a53426417292d3dd07b45a33e01bc\",\"name\":\"Arturo Medina\",\"image\":{\"@type\":\"ImageObject\",\"inLanguage\":\"es-MX\",\"@id\":\"https:\/\/nitu.mx\/#\/schema\/person\/image\/\",\"url\":\"https:\/\/nitu.mx\/wp-content\/uploads\/2024\/04\/4A315622-1904-4D5C-B022-878CDC840E04-90x90-1.jpeg\",\"contentUrl\":\"https:\/\/nitu.mx\/wp-content\/uploads\/2024\/04\/4A315622-1904-4D5C-B022-878CDC840E04-90x90-1.jpeg\",\"width\":90,\"height\":90,\"caption\":\"Arturo Medina\"},\"logo\":{\"@id\":\"https:\/\/nitu.mx\/#\/schema\/person\/image\/\"},\"description\":\"Director NITU.mx, Egresado de la Escuela de Periodismo Carlos Septi\u00e9n Garc\u00eda. Periodista y analista especializado en turismo desde hace 35 a\u00f1os, radicado en Canc\u00fan Q.Roo. arturo@nitu.mx\",\"sameAs\":[\"https:\/\/nitu.mx\",\"https:\/\/www.facebook.com\/NITUmx\/\",\"medinacancun\",\"https:\/\/twitter.com\/@Arturo_Medina_G\"]},{\"@type\":\"Person\",\"@id\":\"https:\/\/nitu.mx\/#\/schema\/person\/4a28fe9bd65924f7c90623773daf1b0b\",\"name\":\"Redacci\u00f3n\",\"image\":{\"@type\":\"ImageObject\",\"inLanguage\":\"es-MX\",\"@id\":\"https:\/\/nitu.mx\/#\/schema\/person\/image\/\",\"url\":\"https:\/\/secure.gravatar.com\/avatar\/5dd011c8ccfc5cd7e4c81e42252aab38?s=96&d=mm&r=g\",\"contentUrl\":\"https:\/\/secure.gravatar.com\/avatar\/5dd011c8ccfc5cd7e4c81e42252aab38?s=96&d=mm&r=g\",\"caption\":\"Redacci\u00f3n\"},\"url\":\"https:\/\/nitu.mx\/index.php\/author\/redaccion\/\"}]}<\/script>\n<!-- \/ Yoast SEO plugin. -->","yoast_head_json":{"title":"MIA Hotels and Resorts expande presencia en Caribe Mexicano - Nitu - Noticias de la Industria Turistica","description":"En 2019 iniciar\u00e1 la construcci\u00f3n del Hotel MIA Canc\u00fan, inform\u00f3 Alejandro Zavala Franco, gerente de marketing de MIA Hotels and Resorts.","robots":{"index":"index","follow":"follow","max-snippet":"max-snippet:-1","max-image-preview":"max-image-preview:large","max-video-preview":"max-video-preview:-1"},"canonical":"https:\/\/nitu.mx\/index.php\/2018\/11\/14\/mia-hotels-and-resorts-expande-presencia-en-caribe-mexicano\/","twitter_card":"summary_large_image","twitter_title":"MIA Hotels and Resorts expande presencia en Caribe Mexicano - Nitu - Noticias de la Industria Turistica","twitter_description":"En 2019 iniciar\u00e1 la construcci\u00f3n del Hotel MIA Canc\u00fan, inform\u00f3 Alejandro Zavala Franco, gerente de marketing de MIA Hotels and Resorts.","twitter_image":"https:\/\/nitu.mx\/wp-content\/uploads\/2018\/11\/Hotel-MIA-Canc\u00fan.jpg","twitter_creator":"@NITUmx","twitter_site":"@Arturo_Medina_G","twitter_misc":{"Escrito por":"Redacci\u00f3n","Tiempo de lectura":"1 minuto"},"schema":{"@context":"https:\/\/schema.org","@graph":[{"@type":"Article","@id":"https:\/\/nitu.mx\/index.php\/2018\/11\/14\/mia-hotels-and-resorts-expande-presencia-en-caribe-mexicano\/#article","isPartOf":{"@id":"https:\/\/nitu.mx\/index.php\/2018\/11\/14\/mia-hotels-and-resorts-expande-presencia-en-caribe-mexicano\/"},"author":{"name":"Redacci\u00f3n","@id":"https:\/\/nitu.mx\/#\/schema\/person\/4a28fe9bd65924f7c90623773daf1b0b"},"headline":"MIA Hotels and Resorts expande presencia en Caribe Mexicano","datePublished":"2018-11-14T06:21:34+00:00","dateModified":"2018-11-14T07:04:04+00:00","mainEntityOfPage":{"@id":"https:\/\/nitu.mx\/index.php\/2018\/11\/14\/mia-hotels-and-resorts-expande-presencia-en-caribe-mexicano\/"},"wordCount":215,"commentCount":0,"publisher":{"@id":"https:\/\/nitu.mx\/#\/schema\/person\/ae7a53426417292d3dd07b45a33e01bc"},"image":{"@id":"https:\/\/nitu.mx\/index.php\/2018\/11\/14\/mia-hotels-and-resorts-expande-presencia-en-caribe-mexicano\/#primaryimage"},"thumbnailUrl":"https:\/\/nitu.mx\/wp-content\/uploads\/2018\/11\/Hotel-MIA-Canc\u00fan.jpg","keywords":["Alejandro Zavala Franco","Canc\u00fan bulevar Kukulc\u00e1n","Hotel MIA Canc\u00fan","MIA Hotels and Resorts"],"articleSection":["Destinos","Hoteles"],"inLanguage":"es-MX","potentialAction":[{"@type":"CommentAction","name":"Comment","target":["https:\/\/nitu.mx\/index.php\/2018\/11\/14\/mia-hotels-and-resorts-expande-presencia-en-caribe-mexicano\/#respond"]}]},{"@type":"WebPage","@id":"https:\/\/nitu.mx\/index.php\/2018\/11\/14\/mia-hotels-and-resorts-expande-presencia-en-caribe-mexicano\/","url":"https:\/\/nitu.mx\/index.php\/2018\/11\/14\/mia-hotels-and-resorts-expande-presencia-en-caribe-mexicano\/","name":"MIA Hotels and Resorts expande presencia en Caribe Mexicano - Nitu - Noticias de la Industria Turistica","isPartOf":{"@id":"https:\/\/nitu.mx\/#website"},"primaryImageOfPage":{"@id":"https:\/\/nitu.mx\/index.php\/2018\/11\/14\/mia-hotels-and-resorts-expande-presencia-en-caribe-mexicano\/#primaryimage"},"image":{"@id":"https:\/\/nitu.mx\/index.php\/2018\/11\/14\/mia-hotels-and-resorts-expande-presencia-en-caribe-mexicano\/#primaryimage"},"thumbnailUrl":"https:\/\/nitu.mx\/wp-content\/uploads\/2018\/11\/Hotel-MIA-Canc\u00fan.jpg","datePublished":"2018-11-14T06:21:34+00:00","dateModified":"2018-11-14T07:04:04+00:00","description":"En 2019 iniciar\u00e1 la construcci\u00f3n del Hotel MIA Canc\u00fan, inform\u00f3 Alejandro Zavala Franco, gerente de marketing de MIA Hotels and Resorts.","breadcrumb":{"@id":"https:\/\/nitu.mx\/index.php\/2018\/11\/14\/mia-hotels-and-resorts-expande-presencia-en-caribe-mexicano\/#breadcrumb"},"inLanguage":"es-MX","potentialAction":[{"@type":"ReadAction","target":["https:\/\/nitu.mx\/index.php\/2018\/11\/14\/mia-hotels-and-resorts-expande-presencia-en-caribe-mexicano\/"]}]},{"@type":"ImageObject","inLanguage":"es-MX","@id":"https:\/\/nitu.mx\/index.php\/2018\/11\/14\/mia-hotels-and-resorts-expande-presencia-en-caribe-mexicano\/#primaryimage","url":"https:\/\/nitu.mx\/wp-content\/uploads\/2018\/11\/Hotel-MIA-Canc\u00fan.jpg","contentUrl":"https:\/\/nitu.mx\/wp-content\/uploads\/2018\/11\/Hotel-MIA-Canc\u00fan.jpg","width":850,"height":480,"caption":"MIA Hotels"},{"@type":"BreadcrumbList","@id":"https:\/\/nitu.mx\/index.php\/2018\/11\/14\/mia-hotels-and-resorts-expande-presencia-en-caribe-mexicano\/#breadcrumb","itemListElement":[{"@type":"ListItem","position":1,"name":"Inicio","item":"https:\/\/nitu.mx\/"},{"@type":"ListItem","position":2,"name":"MIA Hotels and Resorts expande presencia en Caribe Mexicano"}]},{"@type":"WebSite","@id":"https:\/\/nitu.mx\/#website","url":"https:\/\/nitu.mx\/","name":"Nitu - Noticias de la Industria Turistica","description":"Noticias de la Industria Turistica","publisher":{"@id":"https:\/\/nitu.mx\/#\/schema\/person\/ae7a53426417292d3dd07b45a33e01bc"},"alternateName":"Noticias de la Industria Turistica","potentialAction":[{"@type":"SearchAction","target":{"@type":"EntryPoint","urlTemplate":"https:\/\/nitu.mx\/?s={search_term_string}"},"query-input":"required name=search_term_string"}],"inLanguage":"es-MX"},{"@type":["Person","Organization"],"@id":"https:\/\/nitu.mx\/#\/schema\/person\/ae7a53426417292d3dd07b45a33e01bc","name":"Arturo Medina","image":{"@type":"ImageObject","inLanguage":"es-MX","@id":"https:\/\/nitu.mx\/#\/schema\/person\/image\/","url":"https:\/\/nitu.mx\/wp-content\/uploads\/2024\/04\/4A315622-1904-4D5C-B022-878CDC840E04-90x90-1.jpeg","contentUrl":"https:\/\/nitu.mx\/wp-content\/uploads\/2024\/04\/4A315622-1904-4D5C-B022-878CDC840E04-90x90-1.jpeg","width":90,"height":90,"caption":"Arturo Medina"},"logo":{"@id":"https:\/\/nitu.mx\/#\/schema\/person\/image\/"},"description":"Director NITU.mx, Egresado de la Escuela de Periodismo Carlos Septi\u00e9n Garc\u00eda. Periodista y analista especializado en turismo desde hace 35 a\u00f1os, radicado en Canc\u00fan Q.Roo. arturo@nitu.mx","sameAs":["https:\/\/nitu.mx","https:\/\/www.facebook.com\/NITUmx\/","medinacancun","https:\/\/twitter.com\/@Arturo_Medina_G"]},{"@type":"Person","@id":"https:\/\/nitu.mx\/#\/schema\/person\/4a28fe9bd65924f7c90623773daf1b0b","name":"Redacci\u00f3n","image":{"@type":"ImageObject","inLanguage":"es-MX","@id":"https:\/\/nitu.mx\/#\/schema\/person\/image\/","url":"https:\/\/secure.gravatar.com\/avatar\/5dd011c8ccfc5cd7e4c81e42252aab38?s=96&d=mm&r=g","contentUrl":"https:\/\/secure.gravatar.com\/avatar\/5dd011c8ccfc5cd7e4c81e42252aab38?s=96&d=mm&r=g","caption":"Redacci\u00f3n"},"url":"https:\/\/nitu.mx\/index.php\/author\/redaccion\/"}]}},"views":229,"_links":{"self":[{"href":"https:\/\/nitu.mx\/index.php\/wp-json\/wp\/v2\/posts\/26546"}],"collection":[{"href":"https:\/\/nitu.mx\/index.php\/wp-json\/wp\/v2\/posts"}],"about":[{"href":"https:\/\/nitu.mx\/index.php\/wp-json\/wp\/v2\/types\/post"}],"author":[{"embeddable":true,"href":"https:\/\/nitu.mx\/index.php\/wp-json\/wp\/v2\/users\/17"}],"replies":[{"embeddable":true,"href":"https:\/\/nitu.mx\/index.php\/wp-json\/wp\/v2\/comments?post=26546"}],"version-history":[{"count":2,"href":"https:\/\/nitu.mx\/index.php\/wp-json\/wp\/v2\/posts\/26546\/revisions"}],"predecessor-version":[{"id":26575,"href":"https:\/\/nitu.mx\/index.php\/wp-json\/wp\/v2\/posts\/26546\/revisions\/26575"}],"wp:featuredmedia":[{"embeddable":true,"href":"https:\/\/nitu.mx\/index.php\/wp-json\/wp\/v2\/media\/26574"}],"wp:attachment":[{"href":"https:\/\/nitu.mx\/index.php\/wp-json\/wp\/v2\/media?parent=26546"}],"wp:term":[{"taxonomy":"category","embeddable":true,"href":"https:\/\/nitu.mx\/index.php\/wp-json\/wp\/v2\/categories?post=26546"},{"taxonomy":"post_tag","embeddable":true,"href":"https:\/\/nitu.mx\/index.php\/wp-json\/wp\/v2\/tags?post=26546"}],"curies":[{"name":"wp","href":"https:\/\/api.w.org\/{rel}","templated":true}]}}