{"id":26414,"date":"2018-11-09T18:28:14","date_gmt":"2018-11-09T23:28:14","guid":{"rendered":"https:\/\/www.dev.nitu.mx\/?p=26414"},"modified":"2018-11-09T18:28:14","modified_gmt":"2018-11-09T23:28:14","slug":"llegara-a-chetumal-vuelo-directo-de-volaris-desde-guadalajara","status":"publish","type":"post","link":"https:\/\/nitu.mx\/index.php\/2018\/11\/09\/llegara-a-chetumal-vuelo-directo-de-volaris-desde-guadalajara\/","title":{"rendered":"Llegar\u00e1 a Chetumal vuelo directo de Volaris desde Guadalajara"},"content":{"rendered":"<p>La aerol\u00ednea mexicana de bajo costo, Volaris, anunci\u00f3 que a partir del 2 de febrero de 2019 iniciar\u00e1 un nuevo vuelo directo de Guadalajara a Chetumal, resultado de las gestiones del gobernador Carlos Joaqu\u00edn para mejorar la conectividad a\u00e9rea e impulsar la zona sur del estado.<\/p>\n<p>Esta ruta tendr\u00e1 dos frecuencias semanales los d\u00edas lunes y s\u00e1bado, y ser\u00e1 operada en aviones Airbus A320 con capacidad para 179 pasajeros. La salida de la capital tapat\u00eda est\u00e1 programada a las 11:19 horas para aterrizar en Chetumal a las 15:03. El regreso ser\u00e1 a las 15:28 y llegar\u00e1 a Guadalajara a las 17:12 horas.<\/p>\n<p>Con este nuevo vuelo de Volaris, m\u00e1s turistas podr\u00e1n disfrutar la gama de producto de la zona sur de Quintana Roo, adem\u00e1s que se fortalecer\u00e1 el desarrollo econ\u00f3mico con la generaci\u00f3n de m\u00e1s empleos. Los boletos ya est\u00e1n a la venta desde el pasado 8 de noviembre.<\/p>\n<p>El compromiso del mandatario estatal es reducir la desigualdad existente entre el norte y el sur de la entidad, muestra de ello es el incremento de las operaciones en el aeropuerto de la capital de Quintana Roo.<\/p>\n<p>De acuerdo con Aeropuertos y Servicios Auxiliares (ASA), dependencia que administra el Aeropuerto Internacional de Chetumal, esta terminal a\u00e9rea registr\u00f3 durante los primeros nueve meses de 2018, una movilizaci\u00f3n de 237 mil 72 pasajeros, lo que refleja un alza de 20.2 por ciento, comparados con los 197 mil 245 pasajeros traslados en el mismo periodo de 2017.\u00a0<a title=\"Consolida Q.Roo crecimiento en el sur, aeropuerto en Chetumal tiene alza de 20%\" href=\"https:\/\/www.dev.nitu.mx\/index.php\/2018\/10\/12\/consolida-q-roo-crecimiento-en-el-sur-aeropuerto-en-chetumal-crece-20\/\" rel=\"bookmark\">(Consolida Q.Roo crecimiento en el sur, aeropuerto en Chetumal tiene alza de 20%<\/a>).<\/p>\n","protected":false},"excerpt":{"rendered":"<p>La aerol\u00ednea mexicana de bajo costo, Volaris, anunci\u00f3 que a partir del 2 de febrero de 2019 iniciar\u00e1 un nuevo vuelo directo de Guadalajara a Chetumal, resultado de las gestiones del gobernador Carlos Joaqu\u00edn para mejorar la conectividad a\u00e9rea e impulsar la zona sur del estado. Esta ruta tendr\u00e1 dos frecuencias semanales los d\u00edas lunes [&hellip;]<\/p>\n","protected":false},"author":5,"featured_media":7069,"comment_status":"open","ping_status":"open","sticky":false,"template":"","format":"standard","meta":{"footnotes":""},"categories":[29],"tags":[1021,384,454,490,131],"yoast_head":"<!-- This site is optimized with the Yoast SEO plugin v22.2 - https:\/\/yoast.com\/wordpress\/plugins\/seo\/ -->\n<title>Llegar\u00e1 a Chetumal vuelo directo de Volaris desde Guadalajara - Nitu - Noticias de la Industria Turistica<\/title>\n<meta name=\"description\" content=\"A partir del 2 de febrero, Volaris iniciar\u00e1 un nuevo vuelo directo de Guadalajara a Chetumal, resultado de las gestiones del gobernador Carlos Joaqu\u00edn.\" \/>\n<meta name=\"robots\" content=\"index, follow, max-snippet:-1, max-image-preview:large, max-video-preview:-1\" \/>\n<link rel=\"canonical\" href=\"https:\/\/nitu.mx\/index.php\/2018\/11\/09\/llegara-a-chetumal-vuelo-directo-de-volaris-desde-guadalajara\/\" \/>\n<meta name=\"twitter:card\" content=\"summary_large_image\" \/>\n<meta name=\"twitter:title\" content=\"Llegar\u00e1 a Chetumal vuelo directo de Volaris desde Guadalajara - Nitu - Noticias de la Industria Turistica\" \/>\n<meta name=\"twitter:description\" content=\"A partir del 2 de febrero, Volaris iniciar\u00e1 un nuevo vuelo directo de Guadalajara a Chetumal, resultado de las gestiones del gobernador Carlos Joaqu\u00edn.\" \/>\n<meta name=\"twitter:image\" content=\"https:\/\/nitu.mx\/wp-content\/uploads\/2017\/02\/Volaris-Chicago.jpg\" \/>\n<meta name=\"twitter:creator\" content=\"@NITUmx\" \/>\n<meta name=\"twitter:site\" content=\"@Arturo_Medina_G\" \/>\n<meta name=\"twitter:label1\" content=\"Escrito por\" \/>\n\t<meta name=\"twitter:data1\" content=\"Mari Soto\" \/>\n\t<meta name=\"twitter:label2\" content=\"Tiempo de lectura\" \/>\n\t<meta name=\"twitter:data2\" content=\"1 minuto\" \/>\n<script type=\"application\/ld+json\" class=\"yoast-schema-graph\">{\"@context\":\"https:\/\/schema.org\",\"@graph\":[{\"@type\":\"Article\",\"@id\":\"https:\/\/nitu.mx\/index.php\/2018\/11\/09\/llegara-a-chetumal-vuelo-directo-de-volaris-desde-guadalajara\/#article\",\"isPartOf\":{\"@id\":\"https:\/\/nitu.mx\/index.php\/2018\/11\/09\/llegara-a-chetumal-vuelo-directo-de-volaris-desde-guadalajara\/\"},\"author\":{\"name\":\"Mari Soto\",\"@id\":\"https:\/\/nitu.mx\/#\/schema\/person\/afc52e313e27e660739556d421d3d6b4\"},\"headline\":\"Llegar\u00e1 a Chetumal vuelo directo de Volaris desde Guadalajara\",\"datePublished\":\"2018-11-09T23:28:14+00:00\",\"dateModified\":\"2018-11-09T23:28:14+00:00\",\"mainEntityOfPage\":{\"@id\":\"https:\/\/nitu.mx\/index.php\/2018\/11\/09\/llegara-a-chetumal-vuelo-directo-de-volaris-desde-guadalajara\/\"},\"wordCount\":265,\"commentCount\":0,\"publisher\":{\"@id\":\"https:\/\/nitu.mx\/#\/schema\/person\/ae7a53426417292d3dd07b45a33e01bc\"},\"image\":{\"@id\":\"https:\/\/nitu.mx\/index.php\/2018\/11\/09\/llegara-a-chetumal-vuelo-directo-de-volaris-desde-guadalajara\/#primaryimage\"},\"thumbnailUrl\":\"https:\/\/nitu.mx\/wp-content\/uploads\/2017\/02\/Volaris-Chicago.jpg\",\"keywords\":[\"Aeropuertos y Servicios Auxiliares (ASA)\",\"Carlos Joaqu\u00edn\",\"Chetumal\",\"Guadalajara\",\"Volaris\"],\"articleSection\":[\"Aerol\u00edneas\"],\"inLanguage\":\"es-MX\",\"potentialAction\":[{\"@type\":\"CommentAction\",\"name\":\"Comment\",\"target\":[\"https:\/\/nitu.mx\/index.php\/2018\/11\/09\/llegara-a-chetumal-vuelo-directo-de-volaris-desde-guadalajara\/#respond\"]}]},{\"@type\":\"WebPage\",\"@id\":\"https:\/\/nitu.mx\/index.php\/2018\/11\/09\/llegara-a-chetumal-vuelo-directo-de-volaris-desde-guadalajara\/\",\"url\":\"https:\/\/nitu.mx\/index.php\/2018\/11\/09\/llegara-a-chetumal-vuelo-directo-de-volaris-desde-guadalajara\/\",\"name\":\"Llegar\u00e1 a Chetumal vuelo directo de Volaris desde Guadalajara - Nitu - Noticias de la Industria Turistica\",\"isPartOf\":{\"@id\":\"https:\/\/nitu.mx\/#website\"},\"primaryImageOfPage\":{\"@id\":\"https:\/\/nitu.mx\/index.php\/2018\/11\/09\/llegara-a-chetumal-vuelo-directo-de-volaris-desde-guadalajara\/#primaryimage\"},\"image\":{\"@id\":\"https:\/\/nitu.mx\/index.php\/2018\/11\/09\/llegara-a-chetumal-vuelo-directo-de-volaris-desde-guadalajara\/#primaryimage\"},\"thumbnailUrl\":\"https:\/\/nitu.mx\/wp-content\/uploads\/2017\/02\/Volaris-Chicago.jpg\",\"datePublished\":\"2018-11-09T23:28:14+00:00\",\"dateModified\":\"2018-11-09T23:28:14+00:00\",\"description\":\"A partir del 2 de febrero, Volaris iniciar\u00e1 un nuevo vuelo directo de Guadalajara a Chetumal, resultado de las gestiones del gobernador Carlos Joaqu\u00edn.\",\"breadcrumb\":{\"@id\":\"https:\/\/nitu.mx\/index.php\/2018\/11\/09\/llegara-a-chetumal-vuelo-directo-de-volaris-desde-guadalajara\/#breadcrumb\"},\"inLanguage\":\"es-MX\",\"potentialAction\":[{\"@type\":\"ReadAction\",\"target\":[\"https:\/\/nitu.mx\/index.php\/2018\/11\/09\/llegara-a-chetumal-vuelo-directo-de-volaris-desde-guadalajara\/\"]}]},{\"@type\":\"ImageObject\",\"inLanguage\":\"es-MX\",\"@id\":\"https:\/\/nitu.mx\/index.php\/2018\/11\/09\/llegara-a-chetumal-vuelo-directo-de-volaris-desde-guadalajara\/#primaryimage\",\"url\":\"https:\/\/nitu.mx\/wp-content\/uploads\/2017\/02\/Volaris-Chicago.jpg\",\"contentUrl\":\"https:\/\/nitu.mx\/wp-content\/uploads\/2017\/02\/Volaris-Chicago.jpg\",\"width\":850,\"height\":480,\"caption\":\"Volaris\"},{\"@type\":\"BreadcrumbList\",\"@id\":\"https:\/\/nitu.mx\/index.php\/2018\/11\/09\/llegara-a-chetumal-vuelo-directo-de-volaris-desde-guadalajara\/#breadcrumb\",\"itemListElement\":[{\"@type\":\"ListItem\",\"position\":1,\"name\":\"Inicio\",\"item\":\"https:\/\/nitu.mx\/\"},{\"@type\":\"ListItem\",\"position\":2,\"name\":\"Llegar\u00e1 a Chetumal vuelo directo de Volaris desde Guadalajara\"}]},{\"@type\":\"WebSite\",\"@id\":\"https:\/\/nitu.mx\/#website\",\"url\":\"https:\/\/nitu.mx\/\",\"name\":\"Nitu - Noticias de la Industria Turistica\",\"description\":\"Noticias de la Industria Turistica\",\"publisher\":{\"@id\":\"https:\/\/nitu.mx\/#\/schema\/person\/ae7a53426417292d3dd07b45a33e01bc\"},\"alternateName\":\"Noticias de la Industria Turistica\",\"potentialAction\":[{\"@type\":\"SearchAction\",\"target\":{\"@type\":\"EntryPoint\",\"urlTemplate\":\"https:\/\/nitu.mx\/?s={search_term_string}\"},\"query-input\":\"required name=search_term_string\"}],\"inLanguage\":\"es-MX\"},{\"@type\":[\"Person\",\"Organization\"],\"@id\":\"https:\/\/nitu.mx\/#\/schema\/person\/ae7a53426417292d3dd07b45a33e01bc\",\"name\":\"Arturo Medina\",\"image\":{\"@type\":\"ImageObject\",\"inLanguage\":\"es-MX\",\"@id\":\"https:\/\/nitu.mx\/#\/schema\/person\/image\/\",\"url\":\"https:\/\/nitu.mx\/wp-content\/uploads\/2024\/04\/4A315622-1904-4D5C-B022-878CDC840E04-90x90-1.jpeg\",\"contentUrl\":\"https:\/\/nitu.mx\/wp-content\/uploads\/2024\/04\/4A315622-1904-4D5C-B022-878CDC840E04-90x90-1.jpeg\",\"width\":90,\"height\":90,\"caption\":\"Arturo Medina\"},\"logo\":{\"@id\":\"https:\/\/nitu.mx\/#\/schema\/person\/image\/\"},\"description\":\"Director NITU.mx, Egresado de la Escuela de Periodismo Carlos Septi\u00e9n Garc\u00eda. Periodista y analista especializado en turismo desde hace 35 a\u00f1os, radicado en Canc\u00fan Q.Roo. arturo@nitu.mx\",\"sameAs\":[\"https:\/\/nitu.mx\",\"https:\/\/www.facebook.com\/NITUmx\/\",\"medinacancun\",\"https:\/\/twitter.com\/@Arturo_Medina_G\"]},{\"@type\":\"Person\",\"@id\":\"https:\/\/nitu.mx\/#\/schema\/person\/afc52e313e27e660739556d421d3d6b4\",\"name\":\"Mari Soto\",\"image\":{\"@type\":\"ImageObject\",\"inLanguage\":\"es-MX\",\"@id\":\"https:\/\/nitu.mx\/#\/schema\/person\/image\/\",\"url\":\"https:\/\/secure.gravatar.com\/avatar\/2619c282a180a20d89fcaea82a6736e2?s=96&d=mm&r=g\",\"contentUrl\":\"https:\/\/secure.gravatar.com\/avatar\/2619c282a180a20d89fcaea82a6736e2?s=96&d=mm&r=g\",\"caption\":\"Mari Soto\"},\"sameAs\":[\"https:\/\/nitu.mx\"],\"url\":\"https:\/\/nitu.mx\/index.php\/author\/guadalupe\/\"}]}<\/script>\n<!-- \/ Yoast SEO plugin. -->","yoast_head_json":{"title":"Llegar\u00e1 a Chetumal vuelo directo de Volaris desde Guadalajara - Nitu - Noticias de la Industria Turistica","description":"A partir del 2 de febrero, Volaris iniciar\u00e1 un nuevo vuelo directo de Guadalajara a Chetumal, resultado de las gestiones del gobernador Carlos Joaqu\u00edn.","robots":{"index":"index","follow":"follow","max-snippet":"max-snippet:-1","max-image-preview":"max-image-preview:large","max-video-preview":"max-video-preview:-1"},"canonical":"https:\/\/nitu.mx\/index.php\/2018\/11\/09\/llegara-a-chetumal-vuelo-directo-de-volaris-desde-guadalajara\/","twitter_card":"summary_large_image","twitter_title":"Llegar\u00e1 a Chetumal vuelo directo de Volaris desde Guadalajara - Nitu - Noticias de la Industria Turistica","twitter_description":"A partir del 2 de febrero, Volaris iniciar\u00e1 un nuevo vuelo directo de Guadalajara a Chetumal, resultado de las gestiones del gobernador Carlos Joaqu\u00edn.","twitter_image":"https:\/\/nitu.mx\/wp-content\/uploads\/2017\/02\/Volaris-Chicago.jpg","twitter_creator":"@NITUmx","twitter_site":"@Arturo_Medina_G","twitter_misc":{"Escrito por":"Mari Soto","Tiempo de lectura":"1 minuto"},"schema":{"@context":"https:\/\/schema.org","@graph":[{"@type":"Article","@id":"https:\/\/nitu.mx\/index.php\/2018\/11\/09\/llegara-a-chetumal-vuelo-directo-de-volaris-desde-guadalajara\/#article","isPartOf":{"@id":"https:\/\/nitu.mx\/index.php\/2018\/11\/09\/llegara-a-chetumal-vuelo-directo-de-volaris-desde-guadalajara\/"},"author":{"name":"Mari Soto","@id":"https:\/\/nitu.mx\/#\/schema\/person\/afc52e313e27e660739556d421d3d6b4"},"headline":"Llegar\u00e1 a Chetumal vuelo directo de Volaris desde Guadalajara","datePublished":"2018-11-09T23:28:14+00:00","dateModified":"2018-11-09T23:28:14+00:00","mainEntityOfPage":{"@id":"https:\/\/nitu.mx\/index.php\/2018\/11\/09\/llegara-a-chetumal-vuelo-directo-de-volaris-desde-guadalajara\/"},"wordCount":265,"commentCount":0,"publisher":{"@id":"https:\/\/nitu.mx\/#\/schema\/person\/ae7a53426417292d3dd07b45a33e01bc"},"image":{"@id":"https:\/\/nitu.mx\/index.php\/2018\/11\/09\/llegara-a-chetumal-vuelo-directo-de-volaris-desde-guadalajara\/#primaryimage"},"thumbnailUrl":"https:\/\/nitu.mx\/wp-content\/uploads\/2017\/02\/Volaris-Chicago.jpg","keywords":["Aeropuertos y Servicios Auxiliares (ASA)","Carlos Joaqu\u00edn","Chetumal","Guadalajara","Volaris"],"articleSection":["Aerol\u00edneas"],"inLanguage":"es-MX","potentialAction":[{"@type":"CommentAction","name":"Comment","target":["https:\/\/nitu.mx\/index.php\/2018\/11\/09\/llegara-a-chetumal-vuelo-directo-de-volaris-desde-guadalajara\/#respond"]}]},{"@type":"WebPage","@id":"https:\/\/nitu.mx\/index.php\/2018\/11\/09\/llegara-a-chetumal-vuelo-directo-de-volaris-desde-guadalajara\/","url":"https:\/\/nitu.mx\/index.php\/2018\/11\/09\/llegara-a-chetumal-vuelo-directo-de-volaris-desde-guadalajara\/","name":"Llegar\u00e1 a Chetumal vuelo directo de Volaris desde Guadalajara - Nitu - Noticias de la Industria Turistica","isPartOf":{"@id":"https:\/\/nitu.mx\/#website"},"primaryImageOfPage":{"@id":"https:\/\/nitu.mx\/index.php\/2018\/11\/09\/llegara-a-chetumal-vuelo-directo-de-volaris-desde-guadalajara\/#primaryimage"},"image":{"@id":"https:\/\/nitu.mx\/index.php\/2018\/11\/09\/llegara-a-chetumal-vuelo-directo-de-volaris-desde-guadalajara\/#primaryimage"},"thumbnailUrl":"https:\/\/nitu.mx\/wp-content\/uploads\/2017\/02\/Volaris-Chicago.jpg","datePublished":"2018-11-09T23:28:14+00:00","dateModified":"2018-11-09T23:28:14+00:00","description":"A partir del 2 de febrero, Volaris iniciar\u00e1 un nuevo vuelo directo de Guadalajara a Chetumal, resultado de las gestiones del gobernador Carlos Joaqu\u00edn.","breadcrumb":{"@id":"https:\/\/nitu.mx\/index.php\/2018\/11\/09\/llegara-a-chetumal-vuelo-directo-de-volaris-desde-guadalajara\/#breadcrumb"},"inLanguage":"es-MX","potentialAction":[{"@type":"ReadAction","target":["https:\/\/nitu.mx\/index.php\/2018\/11\/09\/llegara-a-chetumal-vuelo-directo-de-volaris-desde-guadalajara\/"]}]},{"@type":"ImageObject","inLanguage":"es-MX","@id":"https:\/\/nitu.mx\/index.php\/2018\/11\/09\/llegara-a-chetumal-vuelo-directo-de-volaris-desde-guadalajara\/#primaryimage","url":"https:\/\/nitu.mx\/wp-content\/uploads\/2017\/02\/Volaris-Chicago.jpg","contentUrl":"https:\/\/nitu.mx\/wp-content\/uploads\/2017\/02\/Volaris-Chicago.jpg","width":850,"height":480,"caption":"Volaris"},{"@type":"BreadcrumbList","@id":"https:\/\/nitu.mx\/index.php\/2018\/11\/09\/llegara-a-chetumal-vuelo-directo-de-volaris-desde-guadalajara\/#breadcrumb","itemListElement":[{"@type":"ListItem","position":1,"name":"Inicio","item":"https:\/\/nitu.mx\/"},{"@type":"ListItem","position":2,"name":"Llegar\u00e1 a Chetumal vuelo directo de Volaris desde Guadalajara"}]},{"@type":"WebSite","@id":"https:\/\/nitu.mx\/#website","url":"https:\/\/nitu.mx\/","name":"Nitu - Noticias de la Industria Turistica","description":"Noticias de la Industria Turistica","publisher":{"@id":"https:\/\/nitu.mx\/#\/schema\/person\/ae7a53426417292d3dd07b45a33e01bc"},"alternateName":"Noticias de la Industria Turistica","potentialAction":[{"@type":"SearchAction","target":{"@type":"EntryPoint","urlTemplate":"https:\/\/nitu.mx\/?s={search_term_string}"},"query-input":"required name=search_term_string"}],"inLanguage":"es-MX"},{"@type":["Person","Organization"],"@id":"https:\/\/nitu.mx\/#\/schema\/person\/ae7a53426417292d3dd07b45a33e01bc","name":"Arturo Medina","image":{"@type":"ImageObject","inLanguage":"es-MX","@id":"https:\/\/nitu.mx\/#\/schema\/person\/image\/","url":"https:\/\/nitu.mx\/wp-content\/uploads\/2024\/04\/4A315622-1904-4D5C-B022-878CDC840E04-90x90-1.jpeg","contentUrl":"https:\/\/nitu.mx\/wp-content\/uploads\/2024\/04\/4A315622-1904-4D5C-B022-878CDC840E04-90x90-1.jpeg","width":90,"height":90,"caption":"Arturo Medina"},"logo":{"@id":"https:\/\/nitu.mx\/#\/schema\/person\/image\/"},"description":"Director NITU.mx, Egresado de la Escuela de Periodismo Carlos Septi\u00e9n Garc\u00eda. Periodista y analista especializado en turismo desde hace 35 a\u00f1os, radicado en Canc\u00fan Q.Roo. arturo@nitu.mx","sameAs":["https:\/\/nitu.mx","https:\/\/www.facebook.com\/NITUmx\/","medinacancun","https:\/\/twitter.com\/@Arturo_Medina_G"]},{"@type":"Person","@id":"https:\/\/nitu.mx\/#\/schema\/person\/afc52e313e27e660739556d421d3d6b4","name":"Mari Soto","image":{"@type":"ImageObject","inLanguage":"es-MX","@id":"https:\/\/nitu.mx\/#\/schema\/person\/image\/","url":"https:\/\/secure.gravatar.com\/avatar\/2619c282a180a20d89fcaea82a6736e2?s=96&d=mm&r=g","contentUrl":"https:\/\/secure.gravatar.com\/avatar\/2619c282a180a20d89fcaea82a6736e2?s=96&d=mm&r=g","caption":"Mari Soto"},"sameAs":["https:\/\/nitu.mx"],"url":"https:\/\/nitu.mx\/index.php\/author\/guadalupe\/"}]}},"views":321,"_links":{"self":[{"href":"https:\/\/nitu.mx\/index.php\/wp-json\/wp\/v2\/posts\/26414"}],"collection":[{"href":"https:\/\/nitu.mx\/index.php\/wp-json\/wp\/v2\/posts"}],"about":[{"href":"https:\/\/nitu.mx\/index.php\/wp-json\/wp\/v2\/types\/post"}],"author":[{"embeddable":true,"href":"https:\/\/nitu.mx\/index.php\/wp-json\/wp\/v2\/users\/5"}],"replies":[{"embeddable":true,"href":"https:\/\/nitu.mx\/index.php\/wp-json\/wp\/v2\/comments?post=26414"}],"version-history":[{"count":1,"href":"https:\/\/nitu.mx\/index.php\/wp-json\/wp\/v2\/posts\/26414\/revisions"}],"predecessor-version":[{"id":26415,"href":"https:\/\/nitu.mx\/index.php\/wp-json\/wp\/v2\/posts\/26414\/revisions\/26415"}],"wp:featuredmedia":[{"embeddable":true,"href":"https:\/\/nitu.mx\/index.php\/wp-json\/wp\/v2\/media\/7069"}],"wp:attachment":[{"href":"https:\/\/nitu.mx\/index.php\/wp-json\/wp\/v2\/media?parent=26414"}],"wp:term":[{"taxonomy":"category","embeddable":true,"href":"https:\/\/nitu.mx\/index.php\/wp-json\/wp\/v2\/categories?post=26414"},{"taxonomy":"post_tag","embeddable":true,"href":"https:\/\/nitu.mx\/index.php\/wp-json\/wp\/v2\/tags?post=26414"}],"curies":[{"name":"wp","href":"https:\/\/api.w.org\/{rel}","templated":true}]}}