{"id":26333,"date":"2018-11-08T00:11:05","date_gmt":"2018-11-08T05:11:05","guid":{"rendered":"https:\/\/www.dev.nitu.mx\/?p=26333"},"modified":"2018-11-08T01:28:14","modified_gmt":"2018-11-08T06:28:14","slug":"volaris-ha-transportado-a-15-millones-de-pasajeros-de-enero-a-octubre","status":"publish","type":"post","link":"https:\/\/nitu.mx\/index.php\/2018\/11\/08\/volaris-ha-transportado-a-15-millones-de-pasajeros-de-enero-a-octubre\/","title":{"rendered":"Volaris ha transportado a 15 millones de pasajeros de enero a octubre"},"content":{"rendered":"<p>Volaris transport\u00f3 1.6 millones de pasajeros durante el d\u00e9cimo mes del a\u00f1o, lo que signific\u00f3 un incremento de 21.5 por ciento, comparado con octubre del a\u00f1o pasado.<\/p>\n<p>A trav\u00e9s de un comunicado, Enrique Beltranena, presidente y director general de la aerol\u00ednea, dijo que este crecimiento se debi\u00f3 a una mejor utilizaci\u00f3n de las aeronaves, proporcional a la mayor demanda de pasajeros.\u00a0<a title=\"Volaris pone a la venta 5 nuevas rutas desde Ciudad de M\u00e9xico\" href=\"https:\/\/www.dev.nitu.mx\/index.php\/2018\/08\/06\/volaris-pone-a-la-venta-5-nuevas-rutas-desde-ciudad-de-mexico\/\" rel=\"bookmark\">(Volaris pone a la venta 5 nuevas rutas desde Ciudad de M\u00e9xico<\/a>).<\/p>\n<p>Destac\u00f3 que su capacidad en t\u00e9rminos de asientos-milla disponibles tuvo un incremento de 19.1 por ciento comparado con el mismo periodo del a\u00f1o anterior, mientras que el factor de ocupaci\u00f3n para octubre fue de 85.4 por ciento, que signific\u00f3 un aumento de 1.5 puntos porcentuales respecto a 2017.\u00a0<a title=\"Volaris lanza servicio de pago en mensualidades\" href=\"https:\/\/www.dev.nitu.mx\/index.php\/2018\/06\/18\/volaris-lanza-servicio-de-pago-en-mensualidades\/\" rel=\"bookmark\">(Volaris lanza servicio de pago en mensualidades<\/a>).<\/p>\n<p>En el acumulado anual, la aerol\u00ednea registr\u00f3 un incremento de 11.2 por ciento de enero a octubre de 2018, pues transport\u00f3 a 15 millones de pasajeros, en relaci\u00f3n con los 13 millones que sum\u00f3 en el mismo periodo del a\u00f1o pasado.<\/p>\n","protected":false},"excerpt":{"rendered":"<p>Volaris transport\u00f3 1.6 millones de pasajeros durante el d\u00e9cimo mes del a\u00f1o, lo que signific\u00f3 un incremento de 21.5 por ciento, comparado con octubre del a\u00f1o pasado. A trav\u00e9s de un comunicado, Enrique Beltranena, presidente y director general de la aerol\u00ednea, dijo que este crecimiento se debi\u00f3 a una mejor utilizaci\u00f3n de las aeronaves, proporcional [&hellip;]<\/p>\n","protected":false},"author":17,"featured_media":26361,"comment_status":"open","ping_status":"open","sticky":false,"template":"","format":"standard","meta":{"footnotes":""},"categories":[29,5],"tags":[435,6280,3771,131],"yoast_head":"<!-- This site is optimized with the Yoast SEO plugin v22.2 - https:\/\/yoast.com\/wordpress\/plugins\/seo\/ -->\n<title>Volaris ha transportado a 15 millones de pasajeros de enero a octubre - Nitu - Noticias de la Industria Turistica<\/title>\n<meta name=\"description\" content=\"Volaris transport\u00f3 1.6 millones de pasajeros durante el d\u00e9cimo mes del a\u00f1o, lo que signific\u00f3 un incremento de 21.5 por ciento, comparado con el a\u00f1o pasado.\" \/>\n<meta name=\"robots\" content=\"index, follow, max-snippet:-1, max-image-preview:large, max-video-preview:-1\" \/>\n<link rel=\"canonical\" href=\"https:\/\/nitu.mx\/index.php\/2018\/11\/08\/volaris-ha-transportado-a-15-millones-de-pasajeros-de-enero-a-octubre\/\" \/>\n<meta name=\"twitter:card\" content=\"summary_large_image\" \/>\n<meta name=\"twitter:title\" content=\"Volaris ha transportado a 15 millones de pasajeros de enero a octubre - Nitu - Noticias de la Industria Turistica\" \/>\n<meta name=\"twitter:description\" content=\"Volaris transport\u00f3 1.6 millones de pasajeros durante el d\u00e9cimo mes del a\u00f1o, lo que signific\u00f3 un incremento de 21.5 por ciento, comparado con el a\u00f1o pasado.\" \/>\n<meta name=\"twitter:image\" content=\"https:\/\/nitu.mx\/wp-content\/uploads\/2018\/11\/volaris-1.jpg\" \/>\n<meta name=\"twitter:creator\" content=\"@NITUmx\" \/>\n<meta name=\"twitter:site\" content=\"@Arturo_Medina_G\" \/>\n<meta name=\"twitter:label1\" content=\"Escrito por\" \/>\n\t<meta name=\"twitter:data1\" content=\"Redacci\u00f3n\" \/>\n\t<meta name=\"twitter:label2\" content=\"Tiempo de lectura\" \/>\n\t<meta name=\"twitter:data2\" content=\"1 minuto\" \/>\n<script type=\"application\/ld+json\" class=\"yoast-schema-graph\">{\"@context\":\"https:\/\/schema.org\",\"@graph\":[{\"@type\":\"Article\",\"@id\":\"https:\/\/nitu.mx\/index.php\/2018\/11\/08\/volaris-ha-transportado-a-15-millones-de-pasajeros-de-enero-a-octubre\/#article\",\"isPartOf\":{\"@id\":\"https:\/\/nitu.mx\/index.php\/2018\/11\/08\/volaris-ha-transportado-a-15-millones-de-pasajeros-de-enero-a-octubre\/\"},\"author\":{\"name\":\"Redacci\u00f3n\",\"@id\":\"https:\/\/nitu.mx\/#\/schema\/person\/4a28fe9bd65924f7c90623773daf1b0b\"},\"headline\":\"Volaris ha transportado a 15 millones de pasajeros de enero a octubre\",\"datePublished\":\"2018-11-08T05:11:05+00:00\",\"dateModified\":\"2018-11-08T06:28:14+00:00\",\"mainEntityOfPage\":{\"@id\":\"https:\/\/nitu.mx\/index.php\/2018\/11\/08\/volaris-ha-transportado-a-15-millones-de-pasajeros-de-enero-a-octubre\/\"},\"wordCount\":182,\"commentCount\":0,\"publisher\":{\"@id\":\"https:\/\/nitu.mx\/#\/schema\/person\/ae7a53426417292d3dd07b45a33e01bc\"},\"image\":{\"@id\":\"https:\/\/nitu.mx\/index.php\/2018\/11\/08\/volaris-ha-transportado-a-15-millones-de-pasajeros-de-enero-a-octubre\/#primaryimage\"},\"thumbnailUrl\":\"https:\/\/nitu.mx\/wp-content\/uploads\/2018\/11\/volaris-1.jpg\",\"keywords\":[\"Enrique Beltranena\",\"ocupaci\u00f3n\",\"pasajeros\",\"Volaris\"],\"articleSection\":[\"Aerol\u00edneas\",\"Destinos\"],\"inLanguage\":\"es-MX\",\"potentialAction\":[{\"@type\":\"CommentAction\",\"name\":\"Comment\",\"target\":[\"https:\/\/nitu.mx\/index.php\/2018\/11\/08\/volaris-ha-transportado-a-15-millones-de-pasajeros-de-enero-a-octubre\/#respond\"]}]},{\"@type\":\"WebPage\",\"@id\":\"https:\/\/nitu.mx\/index.php\/2018\/11\/08\/volaris-ha-transportado-a-15-millones-de-pasajeros-de-enero-a-octubre\/\",\"url\":\"https:\/\/nitu.mx\/index.php\/2018\/11\/08\/volaris-ha-transportado-a-15-millones-de-pasajeros-de-enero-a-octubre\/\",\"name\":\"Volaris ha transportado a 15 millones de pasajeros de enero a octubre - Nitu - Noticias de la Industria Turistica\",\"isPartOf\":{\"@id\":\"https:\/\/nitu.mx\/#website\"},\"primaryImageOfPage\":{\"@id\":\"https:\/\/nitu.mx\/index.php\/2018\/11\/08\/volaris-ha-transportado-a-15-millones-de-pasajeros-de-enero-a-octubre\/#primaryimage\"},\"image\":{\"@id\":\"https:\/\/nitu.mx\/index.php\/2018\/11\/08\/volaris-ha-transportado-a-15-millones-de-pasajeros-de-enero-a-octubre\/#primaryimage\"},\"thumbnailUrl\":\"https:\/\/nitu.mx\/wp-content\/uploads\/2018\/11\/volaris-1.jpg\",\"datePublished\":\"2018-11-08T05:11:05+00:00\",\"dateModified\":\"2018-11-08T06:28:14+00:00\",\"description\":\"Volaris transport\u00f3 1.6 millones de pasajeros durante el d\u00e9cimo mes del a\u00f1o, lo que signific\u00f3 un incremento de 21.5 por ciento, comparado con el a\u00f1o pasado.\",\"breadcrumb\":{\"@id\":\"https:\/\/nitu.mx\/index.php\/2018\/11\/08\/volaris-ha-transportado-a-15-millones-de-pasajeros-de-enero-a-octubre\/#breadcrumb\"},\"inLanguage\":\"es-MX\",\"potentialAction\":[{\"@type\":\"ReadAction\",\"target\":[\"https:\/\/nitu.mx\/index.php\/2018\/11\/08\/volaris-ha-transportado-a-15-millones-de-pasajeros-de-enero-a-octubre\/\"]}]},{\"@type\":\"ImageObject\",\"inLanguage\":\"es-MX\",\"@id\":\"https:\/\/nitu.mx\/index.php\/2018\/11\/08\/volaris-ha-transportado-a-15-millones-de-pasajeros-de-enero-a-octubre\/#primaryimage\",\"url\":\"https:\/\/nitu.mx\/wp-content\/uploads\/2018\/11\/volaris-1.jpg\",\"contentUrl\":\"https:\/\/nitu.mx\/wp-content\/uploads\/2018\/11\/volaris-1.jpg\",\"width\":850,\"height\":480,\"caption\":\"volaris\"},{\"@type\":\"BreadcrumbList\",\"@id\":\"https:\/\/nitu.mx\/index.php\/2018\/11\/08\/volaris-ha-transportado-a-15-millones-de-pasajeros-de-enero-a-octubre\/#breadcrumb\",\"itemListElement\":[{\"@type\":\"ListItem\",\"position\":1,\"name\":\"Inicio\",\"item\":\"https:\/\/nitu.mx\/\"},{\"@type\":\"ListItem\",\"position\":2,\"name\":\"Volaris ha transportado a 15 millones de pasajeros de enero a octubre\"}]},{\"@type\":\"WebSite\",\"@id\":\"https:\/\/nitu.mx\/#website\",\"url\":\"https:\/\/nitu.mx\/\",\"name\":\"Nitu - Noticias de la Industria Turistica\",\"description\":\"Noticias de la Industria Turistica\",\"publisher\":{\"@id\":\"https:\/\/nitu.mx\/#\/schema\/person\/ae7a53426417292d3dd07b45a33e01bc\"},\"alternateName\":\"Noticias de la Industria Turistica\",\"potentialAction\":[{\"@type\":\"SearchAction\",\"target\":{\"@type\":\"EntryPoint\",\"urlTemplate\":\"https:\/\/nitu.mx\/?s={search_term_string}\"},\"query-input\":\"required name=search_term_string\"}],\"inLanguage\":\"es-MX\"},{\"@type\":[\"Person\",\"Organization\"],\"@id\":\"https:\/\/nitu.mx\/#\/schema\/person\/ae7a53426417292d3dd07b45a33e01bc\",\"name\":\"Arturo Medina\",\"image\":{\"@type\":\"ImageObject\",\"inLanguage\":\"es-MX\",\"@id\":\"https:\/\/nitu.mx\/#\/schema\/person\/image\/\",\"url\":\"https:\/\/nitu.mx\/wp-content\/uploads\/2024\/04\/4A315622-1904-4D5C-B022-878CDC840E04-90x90-1.jpeg\",\"contentUrl\":\"https:\/\/nitu.mx\/wp-content\/uploads\/2024\/04\/4A315622-1904-4D5C-B022-878CDC840E04-90x90-1.jpeg\",\"width\":90,\"height\":90,\"caption\":\"Arturo Medina\"},\"logo\":{\"@id\":\"https:\/\/nitu.mx\/#\/schema\/person\/image\/\"},\"description\":\"Director NITU.mx, Egresado de la Escuela de Periodismo Carlos Septi\u00e9n Garc\u00eda. Periodista y analista especializado en turismo desde hace 35 a\u00f1os, radicado en Canc\u00fan Q.Roo. arturo@nitu.mx\",\"sameAs\":[\"https:\/\/nitu.mx\",\"https:\/\/www.facebook.com\/NITUmx\/\",\"medinacancun\",\"https:\/\/twitter.com\/@Arturo_Medina_G\"]},{\"@type\":\"Person\",\"@id\":\"https:\/\/nitu.mx\/#\/schema\/person\/4a28fe9bd65924f7c90623773daf1b0b\",\"name\":\"Redacci\u00f3n\",\"image\":{\"@type\":\"ImageObject\",\"inLanguage\":\"es-MX\",\"@id\":\"https:\/\/nitu.mx\/#\/schema\/person\/image\/\",\"url\":\"https:\/\/secure.gravatar.com\/avatar\/5dd011c8ccfc5cd7e4c81e42252aab38?s=96&d=mm&r=g\",\"contentUrl\":\"https:\/\/secure.gravatar.com\/avatar\/5dd011c8ccfc5cd7e4c81e42252aab38?s=96&d=mm&r=g\",\"caption\":\"Redacci\u00f3n\"},\"url\":\"https:\/\/nitu.mx\/index.php\/author\/redaccion\/\"}]}<\/script>\n<!-- \/ Yoast SEO plugin. -->","yoast_head_json":{"title":"Volaris ha transportado a 15 millones de pasajeros de enero a octubre - Nitu - Noticias de la Industria Turistica","description":"Volaris transport\u00f3 1.6 millones de pasajeros durante el d\u00e9cimo mes del a\u00f1o, lo que signific\u00f3 un incremento de 21.5 por ciento, comparado con el a\u00f1o pasado.","robots":{"index":"index","follow":"follow","max-snippet":"max-snippet:-1","max-image-preview":"max-image-preview:large","max-video-preview":"max-video-preview:-1"},"canonical":"https:\/\/nitu.mx\/index.php\/2018\/11\/08\/volaris-ha-transportado-a-15-millones-de-pasajeros-de-enero-a-octubre\/","twitter_card":"summary_large_image","twitter_title":"Volaris ha transportado a 15 millones de pasajeros de enero a octubre - Nitu - Noticias de la Industria Turistica","twitter_description":"Volaris transport\u00f3 1.6 millones de pasajeros durante el d\u00e9cimo mes del a\u00f1o, lo que signific\u00f3 un incremento de 21.5 por ciento, comparado con el a\u00f1o pasado.","twitter_image":"https:\/\/nitu.mx\/wp-content\/uploads\/2018\/11\/volaris-1.jpg","twitter_creator":"@NITUmx","twitter_site":"@Arturo_Medina_G","twitter_misc":{"Escrito por":"Redacci\u00f3n","Tiempo de lectura":"1 minuto"},"schema":{"@context":"https:\/\/schema.org","@graph":[{"@type":"Article","@id":"https:\/\/nitu.mx\/index.php\/2018\/11\/08\/volaris-ha-transportado-a-15-millones-de-pasajeros-de-enero-a-octubre\/#article","isPartOf":{"@id":"https:\/\/nitu.mx\/index.php\/2018\/11\/08\/volaris-ha-transportado-a-15-millones-de-pasajeros-de-enero-a-octubre\/"},"author":{"name":"Redacci\u00f3n","@id":"https:\/\/nitu.mx\/#\/schema\/person\/4a28fe9bd65924f7c90623773daf1b0b"},"headline":"Volaris ha transportado a 15 millones de pasajeros de enero a octubre","datePublished":"2018-11-08T05:11:05+00:00","dateModified":"2018-11-08T06:28:14+00:00","mainEntityOfPage":{"@id":"https:\/\/nitu.mx\/index.php\/2018\/11\/08\/volaris-ha-transportado-a-15-millones-de-pasajeros-de-enero-a-octubre\/"},"wordCount":182,"commentCount":0,"publisher":{"@id":"https:\/\/nitu.mx\/#\/schema\/person\/ae7a53426417292d3dd07b45a33e01bc"},"image":{"@id":"https:\/\/nitu.mx\/index.php\/2018\/11\/08\/volaris-ha-transportado-a-15-millones-de-pasajeros-de-enero-a-octubre\/#primaryimage"},"thumbnailUrl":"https:\/\/nitu.mx\/wp-content\/uploads\/2018\/11\/volaris-1.jpg","keywords":["Enrique Beltranena","ocupaci\u00f3n","pasajeros","Volaris"],"articleSection":["Aerol\u00edneas","Destinos"],"inLanguage":"es-MX","potentialAction":[{"@type":"CommentAction","name":"Comment","target":["https:\/\/nitu.mx\/index.php\/2018\/11\/08\/volaris-ha-transportado-a-15-millones-de-pasajeros-de-enero-a-octubre\/#respond"]}]},{"@type":"WebPage","@id":"https:\/\/nitu.mx\/index.php\/2018\/11\/08\/volaris-ha-transportado-a-15-millones-de-pasajeros-de-enero-a-octubre\/","url":"https:\/\/nitu.mx\/index.php\/2018\/11\/08\/volaris-ha-transportado-a-15-millones-de-pasajeros-de-enero-a-octubre\/","name":"Volaris ha transportado a 15 millones de pasajeros de enero a octubre - Nitu - Noticias de la Industria Turistica","isPartOf":{"@id":"https:\/\/nitu.mx\/#website"},"primaryImageOfPage":{"@id":"https:\/\/nitu.mx\/index.php\/2018\/11\/08\/volaris-ha-transportado-a-15-millones-de-pasajeros-de-enero-a-octubre\/#primaryimage"},"image":{"@id":"https:\/\/nitu.mx\/index.php\/2018\/11\/08\/volaris-ha-transportado-a-15-millones-de-pasajeros-de-enero-a-octubre\/#primaryimage"},"thumbnailUrl":"https:\/\/nitu.mx\/wp-content\/uploads\/2018\/11\/volaris-1.jpg","datePublished":"2018-11-08T05:11:05+00:00","dateModified":"2018-11-08T06:28:14+00:00","description":"Volaris transport\u00f3 1.6 millones de pasajeros durante el d\u00e9cimo mes del a\u00f1o, lo que signific\u00f3 un incremento de 21.5 por ciento, comparado con el a\u00f1o pasado.","breadcrumb":{"@id":"https:\/\/nitu.mx\/index.php\/2018\/11\/08\/volaris-ha-transportado-a-15-millones-de-pasajeros-de-enero-a-octubre\/#breadcrumb"},"inLanguage":"es-MX","potentialAction":[{"@type":"ReadAction","target":["https:\/\/nitu.mx\/index.php\/2018\/11\/08\/volaris-ha-transportado-a-15-millones-de-pasajeros-de-enero-a-octubre\/"]}]},{"@type":"ImageObject","inLanguage":"es-MX","@id":"https:\/\/nitu.mx\/index.php\/2018\/11\/08\/volaris-ha-transportado-a-15-millones-de-pasajeros-de-enero-a-octubre\/#primaryimage","url":"https:\/\/nitu.mx\/wp-content\/uploads\/2018\/11\/volaris-1.jpg","contentUrl":"https:\/\/nitu.mx\/wp-content\/uploads\/2018\/11\/volaris-1.jpg","width":850,"height":480,"caption":"volaris"},{"@type":"BreadcrumbList","@id":"https:\/\/nitu.mx\/index.php\/2018\/11\/08\/volaris-ha-transportado-a-15-millones-de-pasajeros-de-enero-a-octubre\/#breadcrumb","itemListElement":[{"@type":"ListItem","position":1,"name":"Inicio","item":"https:\/\/nitu.mx\/"},{"@type":"ListItem","position":2,"name":"Volaris ha transportado a 15 millones de pasajeros de enero a octubre"}]},{"@type":"WebSite","@id":"https:\/\/nitu.mx\/#website","url":"https:\/\/nitu.mx\/","name":"Nitu - Noticias de la Industria Turistica","description":"Noticias de la Industria Turistica","publisher":{"@id":"https:\/\/nitu.mx\/#\/schema\/person\/ae7a53426417292d3dd07b45a33e01bc"},"alternateName":"Noticias de la Industria Turistica","potentialAction":[{"@type":"SearchAction","target":{"@type":"EntryPoint","urlTemplate":"https:\/\/nitu.mx\/?s={search_term_string}"},"query-input":"required name=search_term_string"}],"inLanguage":"es-MX"},{"@type":["Person","Organization"],"@id":"https:\/\/nitu.mx\/#\/schema\/person\/ae7a53426417292d3dd07b45a33e01bc","name":"Arturo Medina","image":{"@type":"ImageObject","inLanguage":"es-MX","@id":"https:\/\/nitu.mx\/#\/schema\/person\/image\/","url":"https:\/\/nitu.mx\/wp-content\/uploads\/2024\/04\/4A315622-1904-4D5C-B022-878CDC840E04-90x90-1.jpeg","contentUrl":"https:\/\/nitu.mx\/wp-content\/uploads\/2024\/04\/4A315622-1904-4D5C-B022-878CDC840E04-90x90-1.jpeg","width":90,"height":90,"caption":"Arturo Medina"},"logo":{"@id":"https:\/\/nitu.mx\/#\/schema\/person\/image\/"},"description":"Director NITU.mx, Egresado de la Escuela de Periodismo Carlos Septi\u00e9n Garc\u00eda. Periodista y analista especializado en turismo desde hace 35 a\u00f1os, radicado en Canc\u00fan Q.Roo. arturo@nitu.mx","sameAs":["https:\/\/nitu.mx","https:\/\/www.facebook.com\/NITUmx\/","medinacancun","https:\/\/twitter.com\/@Arturo_Medina_G"]},{"@type":"Person","@id":"https:\/\/nitu.mx\/#\/schema\/person\/4a28fe9bd65924f7c90623773daf1b0b","name":"Redacci\u00f3n","image":{"@type":"ImageObject","inLanguage":"es-MX","@id":"https:\/\/nitu.mx\/#\/schema\/person\/image\/","url":"https:\/\/secure.gravatar.com\/avatar\/5dd011c8ccfc5cd7e4c81e42252aab38?s=96&d=mm&r=g","contentUrl":"https:\/\/secure.gravatar.com\/avatar\/5dd011c8ccfc5cd7e4c81e42252aab38?s=96&d=mm&r=g","caption":"Redacci\u00f3n"},"url":"https:\/\/nitu.mx\/index.php\/author\/redaccion\/"}]}},"views":208,"_links":{"self":[{"href":"https:\/\/nitu.mx\/index.php\/wp-json\/wp\/v2\/posts\/26333"}],"collection":[{"href":"https:\/\/nitu.mx\/index.php\/wp-json\/wp\/v2\/posts"}],"about":[{"href":"https:\/\/nitu.mx\/index.php\/wp-json\/wp\/v2\/types\/post"}],"author":[{"embeddable":true,"href":"https:\/\/nitu.mx\/index.php\/wp-json\/wp\/v2\/users\/17"}],"replies":[{"embeddable":true,"href":"https:\/\/nitu.mx\/index.php\/wp-json\/wp\/v2\/comments?post=26333"}],"version-history":[{"count":3,"href":"https:\/\/nitu.mx\/index.php\/wp-json\/wp\/v2\/posts\/26333\/revisions"}],"predecessor-version":[{"id":26362,"href":"https:\/\/nitu.mx\/index.php\/wp-json\/wp\/v2\/posts\/26333\/revisions\/26362"}],"wp:featuredmedia":[{"embeddable":true,"href":"https:\/\/nitu.mx\/index.php\/wp-json\/wp\/v2\/media\/26361"}],"wp:attachment":[{"href":"https:\/\/nitu.mx\/index.php\/wp-json\/wp\/v2\/media?parent=26333"}],"wp:term":[{"taxonomy":"category","embeddable":true,"href":"https:\/\/nitu.mx\/index.php\/wp-json\/wp\/v2\/categories?post=26333"},{"taxonomy":"post_tag","embeddable":true,"href":"https:\/\/nitu.mx\/index.php\/wp-json\/wp\/v2\/tags?post=26333"}],"curies":[{"name":"wp","href":"https:\/\/api.w.org\/{rel}","templated":true}]}}