{"id":26276,"date":"2018-11-07T00:02:05","date_gmt":"2018-11-07T05:02:05","guid":{"rendered":"https:\/\/www.dev.nitu.mx\/?p=26276"},"modified":"2018-11-07T00:55:46","modified_gmt":"2018-11-07T05:55:46","slug":"promocionan-grand-costa-maya-en-feria-internacional-de-viajes-de-londres-wtm","status":"publish","type":"post","link":"https:\/\/nitu.mx\/index.php\/2018\/11\/07\/promocionan-grand-costa-maya-en-feria-internacional-de-viajes-de-londres-wtm\/","title":{"rendered":"Promocionan Grand Costa Maya en Feria Internacional de Viajes de Londres WTM"},"content":{"rendered":"<p>En el segundo d\u00eda de actividades de la Feria Internacional de Viajes World Travel Market (WTM) con sede en Londres, la secretaria de Turismo, Marisol Vanegas P\u00e9rez, destac\u00f3 la presencia, promoci\u00f3n e inter\u00e9s que despierta para el mercado europeo la Grand Costa Maya.<\/p>\n<p>&#8220;Es un producto que llama la atenci\u00f3n. Las Rutas de Arqueolog\u00eda del Sur de Quintana Roo y la Ruta Guerra de Castas son novedosas, despiertan mucho inter\u00e9s. El Consejo de Promoci\u00f3n Tur\u00edstica de Quintana Roo (CPTQ) encabezado por Dar\u00edo Flota y su equipo de trabajo mantienen reuniones, y aqu\u00ed en Londres se promueve con mucho \u00e9xito los atractivos del sur de Quintana Roo&#8221;.<\/p>\n<p>Para fortalecer los lazos de cooperaci\u00f3n con touroperadores y mayoristas, la delegaci\u00f3n de Quintana Roo ha sostenido diversas reuniones, asisti\u00f3 al lanzamiento del hotel &#8220;Casa de la Playa&#8221; de Grupo Xcaret, el cual operar\u00e1 en la Riviera Maya, y particip\u00f3 en la recepci\u00f3n anual del World Travel Tourism Council (WTTC por sus siglas en ingl\u00e9s).<\/p>\n<p>En Londres, la titular de la Sedetur destac\u00f3 que las perspectivas del turismo en Quintana Roo para los pr\u00f3ximos meses es alentadoras, como prueba \u2013dijo- en el mes de octubre el aeropuerto de Canc\u00fan registr\u00f3 un crecimiento de 9.5 por ciento en volumen de pasajeros y de 15.8 por ciento el aeropuerto de Cozumel. Y en conjunto con la Iniciativa Privada, el gobierno de Quintana Roo trabaja para mantener el nivel de certeza y confianza en la inversi\u00f3n, lo que a su vez se traduce en m\u00e1s y mejores fuentes de empleo para la poblaci\u00f3n. (<a title=\"Inaugura Quintana Roo Pabell\u00f3n M\u00e9xico en Feria Internacional de Turismo WTM en Londres\" href=\"https:\/\/www.dev.nitu.mx\/index.php\/2018\/11\/06\/inaugura-quintana-roo-pabellon-mexico-en-feria-internacional-de-turismo-wtm-en-londres\/\" rel=\"bookmark\">Inaugura Quintana Roo Pabell\u00f3n M\u00e9xico en Feria Internacional de Turismo WTM en Londres<\/a>).<\/p>\n","protected":false},"excerpt":{"rendered":"<p>En el segundo d\u00eda de actividades de la Feria Internacional de Viajes World Travel Market (WTM) con sede en Londres, la secretaria de Turismo, Marisol Vanegas P\u00e9rez, destac\u00f3 la presencia, promoci\u00f3n e inter\u00e9s que despierta para el mercado europeo la Grand Costa Maya. &#8220;Es un producto que llama la atenci\u00f3n. Las Rutas de Arqueolog\u00eda del [&hellip;]<\/p>\n","protected":false},"author":17,"featured_media":16645,"comment_status":"open","ping_status":"open","sticky":false,"template":"","format":"standard","meta":{"footnotes":""},"categories":[5,374],"tags":[13148,7604,1479,686,6533,260,254,5785],"yoast_head":"<!-- This site is optimized with the Yoast SEO plugin v22.2 - https:\/\/yoast.com\/wordpress\/plugins\/seo\/ -->\n<title>Promocionan Grand Costa Maya en Feria Internacional de Viajes de Londres WTM - Nitu - Noticias de la Industria Turistica<\/title>\n<meta name=\"description\" content=\"En WTM, Marisol Vanegas P\u00e9rez, destac\u00f3 la presencia, promoci\u00f3n e inter\u00e9s que despierta para el mercado europeo la Grand Costa Maya.\" \/>\n<meta name=\"robots\" content=\"index, follow, max-snippet:-1, max-image-preview:large, max-video-preview:-1\" \/>\n<link rel=\"canonical\" href=\"https:\/\/nitu.mx\/index.php\/2018\/11\/07\/promocionan-grand-costa-maya-en-feria-internacional-de-viajes-de-londres-wtm\/\" \/>\n<meta name=\"twitter:card\" content=\"summary_large_image\" \/>\n<meta name=\"twitter:title\" content=\"Promocionan Grand Costa Maya en Feria Internacional de Viajes de Londres WTM - Nitu - Noticias de la Industria Turistica\" \/>\n<meta name=\"twitter:description\" content=\"En WTM, Marisol Vanegas P\u00e9rez, destac\u00f3 la presencia, promoci\u00f3n e inter\u00e9s que despierta para el mercado europeo la Grand Costa Maya.\" \/>\n<meta name=\"twitter:image\" content=\"https:\/\/nitu.mx\/wp-content\/uploads\/2018\/01\/Grand-Costa-Maya.jpg\" \/>\n<meta name=\"twitter:creator\" content=\"@NITUmx\" \/>\n<meta name=\"twitter:site\" content=\"@Arturo_Medina_G\" \/>\n<meta name=\"twitter:label1\" content=\"Escrito por\" \/>\n\t<meta name=\"twitter:data1\" content=\"Redacci\u00f3n\" \/>\n\t<meta name=\"twitter:label2\" content=\"Tiempo de lectura\" \/>\n\t<meta name=\"twitter:data2\" content=\"1 minuto\" \/>\n<script type=\"application\/ld+json\" class=\"yoast-schema-graph\">{\"@context\":\"https:\/\/schema.org\",\"@graph\":[{\"@type\":\"Article\",\"@id\":\"https:\/\/nitu.mx\/index.php\/2018\/11\/07\/promocionan-grand-costa-maya-en-feria-internacional-de-viajes-de-londres-wtm\/#article\",\"isPartOf\":{\"@id\":\"https:\/\/nitu.mx\/index.php\/2018\/11\/07\/promocionan-grand-costa-maya-en-feria-internacional-de-viajes-de-londres-wtm\/\"},\"author\":{\"name\":\"Redacci\u00f3n\",\"@id\":\"https:\/\/nitu.mx\/#\/schema\/person\/4a28fe9bd65924f7c90623773daf1b0b\"},\"headline\":\"Promocionan Grand Costa Maya en Feria Internacional de Viajes de Londres WTM\",\"datePublished\":\"2018-11-07T05:02:05+00:00\",\"dateModified\":\"2018-11-07T05:55:46+00:00\",\"mainEntityOfPage\":{\"@id\":\"https:\/\/nitu.mx\/index.php\/2018\/11\/07\/promocionan-grand-costa-maya-en-feria-internacional-de-viajes-de-londres-wtm\/\"},\"wordCount\":300,\"commentCount\":0,\"publisher\":{\"@id\":\"https:\/\/nitu.mx\/#\/schema\/person\/ae7a53426417292d3dd07b45a33e01bc\"},\"image\":{\"@id\":\"https:\/\/nitu.mx\/index.php\/2018\/11\/07\/promocionan-grand-costa-maya-en-feria-internacional-de-viajes-de-londres-wtm\/#primaryimage\"},\"thumbnailUrl\":\"https:\/\/nitu.mx\/wp-content\/uploads\/2018\/01\/Grand-Costa-Maya.jpg\",\"keywords\":[\"Feria Internacional de Viajes World Travel Market (WTM)\",\"Grand Costa Maya\",\"Londres\",\"Marisol Vanegas P\u00e9rez\",\"mayoristas\",\"Quintana Roo\",\"Secretar\u00eda de Turismo\",\"touroperadores\"],\"articleSection\":[\"Destinos\",\"Internacional\"],\"inLanguage\":\"es-MX\",\"potentialAction\":[{\"@type\":\"CommentAction\",\"name\":\"Comment\",\"target\":[\"https:\/\/nitu.mx\/index.php\/2018\/11\/07\/promocionan-grand-costa-maya-en-feria-internacional-de-viajes-de-londres-wtm\/#respond\"]}]},{\"@type\":\"WebPage\",\"@id\":\"https:\/\/nitu.mx\/index.php\/2018\/11\/07\/promocionan-grand-costa-maya-en-feria-internacional-de-viajes-de-londres-wtm\/\",\"url\":\"https:\/\/nitu.mx\/index.php\/2018\/11\/07\/promocionan-grand-costa-maya-en-feria-internacional-de-viajes-de-londres-wtm\/\",\"name\":\"Promocionan Grand Costa Maya en Feria Internacional de Viajes de Londres WTM - Nitu - Noticias de la Industria Turistica\",\"isPartOf\":{\"@id\":\"https:\/\/nitu.mx\/#website\"},\"primaryImageOfPage\":{\"@id\":\"https:\/\/nitu.mx\/index.php\/2018\/11\/07\/promocionan-grand-costa-maya-en-feria-internacional-de-viajes-de-londres-wtm\/#primaryimage\"},\"image\":{\"@id\":\"https:\/\/nitu.mx\/index.php\/2018\/11\/07\/promocionan-grand-costa-maya-en-feria-internacional-de-viajes-de-londres-wtm\/#primaryimage\"},\"thumbnailUrl\":\"https:\/\/nitu.mx\/wp-content\/uploads\/2018\/01\/Grand-Costa-Maya.jpg\",\"datePublished\":\"2018-11-07T05:02:05+00:00\",\"dateModified\":\"2018-11-07T05:55:46+00:00\",\"description\":\"En WTM, Marisol Vanegas P\u00e9rez, destac\u00f3 la presencia, promoci\u00f3n e inter\u00e9s que despierta para el mercado europeo la Grand Costa Maya.\",\"breadcrumb\":{\"@id\":\"https:\/\/nitu.mx\/index.php\/2018\/11\/07\/promocionan-grand-costa-maya-en-feria-internacional-de-viajes-de-londres-wtm\/#breadcrumb\"},\"inLanguage\":\"es-MX\",\"potentialAction\":[{\"@type\":\"ReadAction\",\"target\":[\"https:\/\/nitu.mx\/index.php\/2018\/11\/07\/promocionan-grand-costa-maya-en-feria-internacional-de-viajes-de-londres-wtm\/\"]}]},{\"@type\":\"ImageObject\",\"inLanguage\":\"es-MX\",\"@id\":\"https:\/\/nitu.mx\/index.php\/2018\/11\/07\/promocionan-grand-costa-maya-en-feria-internacional-de-viajes-de-londres-wtm\/#primaryimage\",\"url\":\"https:\/\/nitu.mx\/wp-content\/uploads\/2018\/01\/Grand-Costa-Maya.jpg\",\"contentUrl\":\"https:\/\/nitu.mx\/wp-content\/uploads\/2018\/01\/Grand-Costa-Maya.jpg\",\"width\":850,\"height\":480,\"caption\":\"Grand Costa Maya\"},{\"@type\":\"BreadcrumbList\",\"@id\":\"https:\/\/nitu.mx\/index.php\/2018\/11\/07\/promocionan-grand-costa-maya-en-feria-internacional-de-viajes-de-londres-wtm\/#breadcrumb\",\"itemListElement\":[{\"@type\":\"ListItem\",\"position\":1,\"name\":\"Inicio\",\"item\":\"https:\/\/nitu.mx\/\"},{\"@type\":\"ListItem\",\"position\":2,\"name\":\"Promocionan Grand Costa Maya en Feria Internacional de Viajes de Londres WTM\"}]},{\"@type\":\"WebSite\",\"@id\":\"https:\/\/nitu.mx\/#website\",\"url\":\"https:\/\/nitu.mx\/\",\"name\":\"Nitu - Noticias de la Industria Turistica\",\"description\":\"Noticias de la Industria Turistica\",\"publisher\":{\"@id\":\"https:\/\/nitu.mx\/#\/schema\/person\/ae7a53426417292d3dd07b45a33e01bc\"},\"alternateName\":\"Noticias de la Industria Turistica\",\"potentialAction\":[{\"@type\":\"SearchAction\",\"target\":{\"@type\":\"EntryPoint\",\"urlTemplate\":\"https:\/\/nitu.mx\/?s={search_term_string}\"},\"query-input\":\"required name=search_term_string\"}],\"inLanguage\":\"es-MX\"},{\"@type\":[\"Person\",\"Organization\"],\"@id\":\"https:\/\/nitu.mx\/#\/schema\/person\/ae7a53426417292d3dd07b45a33e01bc\",\"name\":\"Arturo Medina\",\"image\":{\"@type\":\"ImageObject\",\"inLanguage\":\"es-MX\",\"@id\":\"https:\/\/nitu.mx\/#\/schema\/person\/image\/\",\"url\":\"https:\/\/nitu.mx\/wp-content\/uploads\/2024\/04\/4A315622-1904-4D5C-B022-878CDC840E04-90x90-1.jpeg\",\"contentUrl\":\"https:\/\/nitu.mx\/wp-content\/uploads\/2024\/04\/4A315622-1904-4D5C-B022-878CDC840E04-90x90-1.jpeg\",\"width\":90,\"height\":90,\"caption\":\"Arturo Medina\"},\"logo\":{\"@id\":\"https:\/\/nitu.mx\/#\/schema\/person\/image\/\"},\"description\":\"Director NITU.mx, Egresado de la Escuela de Periodismo Carlos Septi\u00e9n Garc\u00eda. Periodista y analista especializado en turismo desde hace 35 a\u00f1os, radicado en Canc\u00fan Q.Roo. arturo@nitu.mx\",\"sameAs\":[\"https:\/\/nitu.mx\",\"https:\/\/www.facebook.com\/NITUmx\/\",\"medinacancun\",\"https:\/\/twitter.com\/@Arturo_Medina_G\"]},{\"@type\":\"Person\",\"@id\":\"https:\/\/nitu.mx\/#\/schema\/person\/4a28fe9bd65924f7c90623773daf1b0b\",\"name\":\"Redacci\u00f3n\",\"image\":{\"@type\":\"ImageObject\",\"inLanguage\":\"es-MX\",\"@id\":\"https:\/\/nitu.mx\/#\/schema\/person\/image\/\",\"url\":\"https:\/\/secure.gravatar.com\/avatar\/5dd011c8ccfc5cd7e4c81e42252aab38?s=96&d=mm&r=g\",\"contentUrl\":\"https:\/\/secure.gravatar.com\/avatar\/5dd011c8ccfc5cd7e4c81e42252aab38?s=96&d=mm&r=g\",\"caption\":\"Redacci\u00f3n\"},\"url\":\"https:\/\/nitu.mx\/index.php\/author\/redaccion\/\"}]}<\/script>\n<!-- \/ Yoast SEO plugin. -->","yoast_head_json":{"title":"Promocionan Grand Costa Maya en Feria Internacional de Viajes de Londres WTM - Nitu - Noticias de la Industria Turistica","description":"En WTM, Marisol Vanegas P\u00e9rez, destac\u00f3 la presencia, promoci\u00f3n e inter\u00e9s que despierta para el mercado europeo la Grand Costa Maya.","robots":{"index":"index","follow":"follow","max-snippet":"max-snippet:-1","max-image-preview":"max-image-preview:large","max-video-preview":"max-video-preview:-1"},"canonical":"https:\/\/nitu.mx\/index.php\/2018\/11\/07\/promocionan-grand-costa-maya-en-feria-internacional-de-viajes-de-londres-wtm\/","twitter_card":"summary_large_image","twitter_title":"Promocionan Grand Costa Maya en Feria Internacional de Viajes de Londres WTM - Nitu - Noticias de la Industria Turistica","twitter_description":"En WTM, Marisol Vanegas P\u00e9rez, destac\u00f3 la presencia, promoci\u00f3n e inter\u00e9s que despierta para el mercado europeo la Grand Costa Maya.","twitter_image":"https:\/\/nitu.mx\/wp-content\/uploads\/2018\/01\/Grand-Costa-Maya.jpg","twitter_creator":"@NITUmx","twitter_site":"@Arturo_Medina_G","twitter_misc":{"Escrito por":"Redacci\u00f3n","Tiempo de lectura":"1 minuto"},"schema":{"@context":"https:\/\/schema.org","@graph":[{"@type":"Article","@id":"https:\/\/nitu.mx\/index.php\/2018\/11\/07\/promocionan-grand-costa-maya-en-feria-internacional-de-viajes-de-londres-wtm\/#article","isPartOf":{"@id":"https:\/\/nitu.mx\/index.php\/2018\/11\/07\/promocionan-grand-costa-maya-en-feria-internacional-de-viajes-de-londres-wtm\/"},"author":{"name":"Redacci\u00f3n","@id":"https:\/\/nitu.mx\/#\/schema\/person\/4a28fe9bd65924f7c90623773daf1b0b"},"headline":"Promocionan Grand Costa Maya en Feria Internacional de Viajes de Londres WTM","datePublished":"2018-11-07T05:02:05+00:00","dateModified":"2018-11-07T05:55:46+00:00","mainEntityOfPage":{"@id":"https:\/\/nitu.mx\/index.php\/2018\/11\/07\/promocionan-grand-costa-maya-en-feria-internacional-de-viajes-de-londres-wtm\/"},"wordCount":300,"commentCount":0,"publisher":{"@id":"https:\/\/nitu.mx\/#\/schema\/person\/ae7a53426417292d3dd07b45a33e01bc"},"image":{"@id":"https:\/\/nitu.mx\/index.php\/2018\/11\/07\/promocionan-grand-costa-maya-en-feria-internacional-de-viajes-de-londres-wtm\/#primaryimage"},"thumbnailUrl":"https:\/\/nitu.mx\/wp-content\/uploads\/2018\/01\/Grand-Costa-Maya.jpg","keywords":["Feria Internacional de Viajes World Travel Market (WTM)","Grand Costa Maya","Londres","Marisol Vanegas P\u00e9rez","mayoristas","Quintana Roo","Secretar\u00eda de Turismo","touroperadores"],"articleSection":["Destinos","Internacional"],"inLanguage":"es-MX","potentialAction":[{"@type":"CommentAction","name":"Comment","target":["https:\/\/nitu.mx\/index.php\/2018\/11\/07\/promocionan-grand-costa-maya-en-feria-internacional-de-viajes-de-londres-wtm\/#respond"]}]},{"@type":"WebPage","@id":"https:\/\/nitu.mx\/index.php\/2018\/11\/07\/promocionan-grand-costa-maya-en-feria-internacional-de-viajes-de-londres-wtm\/","url":"https:\/\/nitu.mx\/index.php\/2018\/11\/07\/promocionan-grand-costa-maya-en-feria-internacional-de-viajes-de-londres-wtm\/","name":"Promocionan Grand Costa Maya en Feria Internacional de Viajes de Londres WTM - Nitu - Noticias de la Industria Turistica","isPartOf":{"@id":"https:\/\/nitu.mx\/#website"},"primaryImageOfPage":{"@id":"https:\/\/nitu.mx\/index.php\/2018\/11\/07\/promocionan-grand-costa-maya-en-feria-internacional-de-viajes-de-londres-wtm\/#primaryimage"},"image":{"@id":"https:\/\/nitu.mx\/index.php\/2018\/11\/07\/promocionan-grand-costa-maya-en-feria-internacional-de-viajes-de-londres-wtm\/#primaryimage"},"thumbnailUrl":"https:\/\/nitu.mx\/wp-content\/uploads\/2018\/01\/Grand-Costa-Maya.jpg","datePublished":"2018-11-07T05:02:05+00:00","dateModified":"2018-11-07T05:55:46+00:00","description":"En WTM, Marisol Vanegas P\u00e9rez, destac\u00f3 la presencia, promoci\u00f3n e inter\u00e9s que despierta para el mercado europeo la Grand Costa Maya.","breadcrumb":{"@id":"https:\/\/nitu.mx\/index.php\/2018\/11\/07\/promocionan-grand-costa-maya-en-feria-internacional-de-viajes-de-londres-wtm\/#breadcrumb"},"inLanguage":"es-MX","potentialAction":[{"@type":"ReadAction","target":["https:\/\/nitu.mx\/index.php\/2018\/11\/07\/promocionan-grand-costa-maya-en-feria-internacional-de-viajes-de-londres-wtm\/"]}]},{"@type":"ImageObject","inLanguage":"es-MX","@id":"https:\/\/nitu.mx\/index.php\/2018\/11\/07\/promocionan-grand-costa-maya-en-feria-internacional-de-viajes-de-londres-wtm\/#primaryimage","url":"https:\/\/nitu.mx\/wp-content\/uploads\/2018\/01\/Grand-Costa-Maya.jpg","contentUrl":"https:\/\/nitu.mx\/wp-content\/uploads\/2018\/01\/Grand-Costa-Maya.jpg","width":850,"height":480,"caption":"Grand Costa Maya"},{"@type":"BreadcrumbList","@id":"https:\/\/nitu.mx\/index.php\/2018\/11\/07\/promocionan-grand-costa-maya-en-feria-internacional-de-viajes-de-londres-wtm\/#breadcrumb","itemListElement":[{"@type":"ListItem","position":1,"name":"Inicio","item":"https:\/\/nitu.mx\/"},{"@type":"ListItem","position":2,"name":"Promocionan Grand Costa Maya en Feria Internacional de Viajes de Londres WTM"}]},{"@type":"WebSite","@id":"https:\/\/nitu.mx\/#website","url":"https:\/\/nitu.mx\/","name":"Nitu - Noticias de la Industria Turistica","description":"Noticias de la Industria Turistica","publisher":{"@id":"https:\/\/nitu.mx\/#\/schema\/person\/ae7a53426417292d3dd07b45a33e01bc"},"alternateName":"Noticias de la Industria Turistica","potentialAction":[{"@type":"SearchAction","target":{"@type":"EntryPoint","urlTemplate":"https:\/\/nitu.mx\/?s={search_term_string}"},"query-input":"required name=search_term_string"}],"inLanguage":"es-MX"},{"@type":["Person","Organization"],"@id":"https:\/\/nitu.mx\/#\/schema\/person\/ae7a53426417292d3dd07b45a33e01bc","name":"Arturo Medina","image":{"@type":"ImageObject","inLanguage":"es-MX","@id":"https:\/\/nitu.mx\/#\/schema\/person\/image\/","url":"https:\/\/nitu.mx\/wp-content\/uploads\/2024\/04\/4A315622-1904-4D5C-B022-878CDC840E04-90x90-1.jpeg","contentUrl":"https:\/\/nitu.mx\/wp-content\/uploads\/2024\/04\/4A315622-1904-4D5C-B022-878CDC840E04-90x90-1.jpeg","width":90,"height":90,"caption":"Arturo Medina"},"logo":{"@id":"https:\/\/nitu.mx\/#\/schema\/person\/image\/"},"description":"Director NITU.mx, Egresado de la Escuela de Periodismo Carlos Septi\u00e9n Garc\u00eda. Periodista y analista especializado en turismo desde hace 35 a\u00f1os, radicado en Canc\u00fan Q.Roo. arturo@nitu.mx","sameAs":["https:\/\/nitu.mx","https:\/\/www.facebook.com\/NITUmx\/","medinacancun","https:\/\/twitter.com\/@Arturo_Medina_G"]},{"@type":"Person","@id":"https:\/\/nitu.mx\/#\/schema\/person\/4a28fe9bd65924f7c90623773daf1b0b","name":"Redacci\u00f3n","image":{"@type":"ImageObject","inLanguage":"es-MX","@id":"https:\/\/nitu.mx\/#\/schema\/person\/image\/","url":"https:\/\/secure.gravatar.com\/avatar\/5dd011c8ccfc5cd7e4c81e42252aab38?s=96&d=mm&r=g","contentUrl":"https:\/\/secure.gravatar.com\/avatar\/5dd011c8ccfc5cd7e4c81e42252aab38?s=96&d=mm&r=g","caption":"Redacci\u00f3n"},"url":"https:\/\/nitu.mx\/index.php\/author\/redaccion\/"}]}},"views":295,"_links":{"self":[{"href":"https:\/\/nitu.mx\/index.php\/wp-json\/wp\/v2\/posts\/26276"}],"collection":[{"href":"https:\/\/nitu.mx\/index.php\/wp-json\/wp\/v2\/posts"}],"about":[{"href":"https:\/\/nitu.mx\/index.php\/wp-json\/wp\/v2\/types\/post"}],"author":[{"embeddable":true,"href":"https:\/\/nitu.mx\/index.php\/wp-json\/wp\/v2\/users\/17"}],"replies":[{"embeddable":true,"href":"https:\/\/nitu.mx\/index.php\/wp-json\/wp\/v2\/comments?post=26276"}],"version-history":[{"count":2,"href":"https:\/\/nitu.mx\/index.php\/wp-json\/wp\/v2\/posts\/26276\/revisions"}],"predecessor-version":[{"id":26305,"href":"https:\/\/nitu.mx\/index.php\/wp-json\/wp\/v2\/posts\/26276\/revisions\/26305"}],"wp:featuredmedia":[{"embeddable":true,"href":"https:\/\/nitu.mx\/index.php\/wp-json\/wp\/v2\/media\/16645"}],"wp:attachment":[{"href":"https:\/\/nitu.mx\/index.php\/wp-json\/wp\/v2\/media?parent=26276"}],"wp:term":[{"taxonomy":"category","embeddable":true,"href":"https:\/\/nitu.mx\/index.php\/wp-json\/wp\/v2\/categories?post=26276"},{"taxonomy":"post_tag","embeddable":true,"href":"https:\/\/nitu.mx\/index.php\/wp-json\/wp\/v2\/tags?post=26276"}],"curies":[{"name":"wp","href":"https:\/\/api.w.org\/{rel}","templated":true}]}}