{"id":26222,"date":"2018-11-06T00:17:01","date_gmt":"2018-11-06T05:17:01","guid":{"rendered":"https:\/\/www.dev.nitu.mx\/?p=26222"},"modified":"2018-11-06T01:21:19","modified_gmt":"2018-11-06T06:21:19","slug":"inaugura-quintana-roo-pabellon-mexico-en-feria-internacional-de-turismo-wtm-en-londres","status":"publish","type":"post","link":"https:\/\/nitu.mx\/index.php\/2018\/11\/06\/inaugura-quintana-roo-pabellon-mexico-en-feria-internacional-de-turismo-wtm-en-londres\/","title":{"rendered":"Inaugura Quintana Roo Pabell\u00f3n M\u00e9xico en Feria Internacional de Turismo WTM en Londres"},"content":{"rendered":"<p>En representaci\u00f3n del gobernador Carlos Joaqu\u00edn, la secretaria de Turismo, Marisol Vanegas P\u00e9rez, y el director del Consejo de Promoci\u00f3n Tur\u00edstica de Quintana Roo, Dar\u00edo Flota Ocampo, participaron en la inauguraci\u00f3n del Pabell\u00f3n M\u00e9xico de la Feria Internacional de Viajes World Travel Market(WTM por sus siglas en ingl\u00e9s).<\/p>\n<p>&#8220;El mercado de turistas brit\u00e1nicos cuenta con mucha experiencia, es maduro y exigente. Actualmente, los operadores tur\u00edsticos est\u00e1n probando ser m\u00e1s flexibles, proporcionando cada vez m\u00e1s servicios personalizados y esto est\u00e1 siendo redituable&#8221;, sostuvo la secretaria de Turismo, Marisol Vanegas P\u00e9rez.<\/p>\n<p>La secretaria destac\u00f3 que Reino Unido es el mercado m\u00e1s importante de Europa para M\u00e9xico, y por consiguiente para el Caribe Mexicano y, con una intensa agenda de trabajo en la Feria se buscan fortalecer las relaciones con touroperadores y mayoristas europeos.<\/p>\n<p>Al referirse a la importancia del mercado brit\u00e1nico para el Caribe Mexicano, Vanegas P\u00e9rez destac\u00f3 que en 2017, los destinos de Quintana Roo reportaron m\u00e1s de 437 mil turistas ingleses. Y de enero a septiembre de 2018, la Direcci\u00f3n General de Aeron\u00e1utica Civil (DGAC) registr\u00f3 155 mil 767 turistas ingleses, v\u00eda el aeropuerto de Canc\u00fan.<\/p>\n<p>A\u00f1adi\u00f3 que, de acuerdo con el perfil de viaje ingl\u00e9s, 84 por ciento de quienes vienen a M\u00e9xico lo hacen por motivo de vacaciones, 77 por ciento se hospedan en un hotel de 4, 5 o categor\u00edas superiores y 52 por ciento hacen su reservaci\u00f3n con un tour operador.<\/p>\n<p>La agenda de trabajo de la delegaci\u00f3n de Quintana Roo en la Feria Internacional de Viajes de Londres, World Travel Market, incluye la recepci\u00f3n anual del World Travel Tourism Council, con Gloria Guevara Manzo, presidenta y CEO de este organismo.<\/p>\n<p>Los viajes de brit\u00e1nicos a M\u00e9xico tienen una duraci\u00f3n de 13 noches, un gasto medio de viaje por persona de mil 804 d\u00f3lares, incluyendo transporte, y provienen principalmente de ciudades como Londres, Birmingham y Glasgow.\u00a0<a title=\"CPTQ se desplaza a Londres al WTM para conocer el pulso europeo\" href=\"https:\/\/www.dev.nitu.mx\/index.php\/2018\/10\/31\/cptq-se-desplaza-a-londres-al-wtm-para-conocer-el-pulso-europeo\/\" rel=\"bookmark\">(CPTQ se desplaza a Londres al WTM para conocer el pulso europeo<\/a>).<\/p>\n","protected":false},"excerpt":{"rendered":"<p>En representaci\u00f3n del gobernador Carlos Joaqu\u00edn, la secretaria de Turismo, Marisol Vanegas P\u00e9rez, y el director del Consejo de Promoci\u00f3n Tur\u00edstica de Quintana Roo, Dar\u00edo Flota Ocampo, participaron en la inauguraci\u00f3n del Pabell\u00f3n M\u00e9xico de la Feria Internacional de Viajes World Travel Market(WTM por sus siglas en ingl\u00e9s). &#8220;El mercado de turistas brit\u00e1nicos cuenta con [&hellip;]<\/p>\n","protected":false},"author":17,"featured_media":26245,"comment_status":"open","ping_status":"open","sticky":false,"template":"","format":"standard","meta":{"footnotes":""},"categories":[5,374],"tags":[3161,874,120,13156,5861,1479,686,13155,260],"yoast_head":"<!-- This site is optimized with the Yoast SEO plugin v22.2 - https:\/\/yoast.com\/wordpress\/plugins\/seo\/ -->\n<title>Inaugura Quintana Roo Pabell\u00f3n M\u00e9xico en Feria Internacional de Turismo WTM en Londres - Nitu - Noticias de la Industria Turistica<\/title>\n<meta name=\"description\" content=\"Marisol Vanegas P\u00e9rez y Dar\u00edo Flota Ocampo, participaron en la inauguraci\u00f3n del Pabell\u00f3n M\u00e9xico de la Feria Internacional de Viajes World Travel Market.\" \/>\n<meta name=\"robots\" content=\"index, follow, max-snippet:-1, max-image-preview:large, max-video-preview:-1\" \/>\n<link rel=\"canonical\" href=\"https:\/\/nitu.mx\/index.php\/2018\/11\/06\/inaugura-quintana-roo-pabellon-mexico-en-feria-internacional-de-turismo-wtm-en-londres\/\" \/>\n<meta name=\"twitter:card\" content=\"summary_large_image\" \/>\n<meta name=\"twitter:title\" content=\"Inaugura Quintana Roo Pabell\u00f3n M\u00e9xico en Feria Internacional de Turismo WTM en Londres - Nitu - Noticias de la Industria Turistica\" \/>\n<meta name=\"twitter:description\" content=\"Marisol Vanegas P\u00e9rez y Dar\u00edo Flota Ocampo, participaron en la inauguraci\u00f3n del Pabell\u00f3n M\u00e9xico de la Feria Internacional de Viajes World Travel Market.\" \/>\n<meta name=\"twitter:image\" content=\"https:\/\/nitu.mx\/wp-content\/uploads\/2018\/11\/F.-Inauguraci\u00f3n-2-1.jpg\" \/>\n<meta name=\"twitter:creator\" content=\"@NITUmx\" \/>\n<meta name=\"twitter:site\" content=\"@Arturo_Medina_G\" \/>\n<meta name=\"twitter:label1\" content=\"Escrito por\" \/>\n\t<meta name=\"twitter:data1\" content=\"Redacci\u00f3n\" \/>\n\t<meta name=\"twitter:label2\" content=\"Tiempo de lectura\" \/>\n\t<meta name=\"twitter:data2\" content=\"2 minutos\" \/>\n<script type=\"application\/ld+json\" class=\"yoast-schema-graph\">{\"@context\":\"https:\/\/schema.org\",\"@graph\":[{\"@type\":\"Article\",\"@id\":\"https:\/\/nitu.mx\/index.php\/2018\/11\/06\/inaugura-quintana-roo-pabellon-mexico-en-feria-internacional-de-turismo-wtm-en-londres\/#article\",\"isPartOf\":{\"@id\":\"https:\/\/nitu.mx\/index.php\/2018\/11\/06\/inaugura-quintana-roo-pabellon-mexico-en-feria-internacional-de-turismo-wtm-en-londres\/\"},\"author\":{\"name\":\"Redacci\u00f3n\",\"@id\":\"https:\/\/nitu.mx\/#\/schema\/person\/4a28fe9bd65924f7c90623773daf1b0b\"},\"headline\":\"Inaugura Quintana Roo Pabell\u00f3n M\u00e9xico en Feria Internacional de Turismo WTM en Londres\",\"datePublished\":\"2018-11-06T05:17:01+00:00\",\"dateModified\":\"2018-11-06T06:21:19+00:00\",\"mainEntityOfPage\":{\"@id\":\"https:\/\/nitu.mx\/index.php\/2018\/11\/06\/inaugura-quintana-roo-pabellon-mexico-en-feria-internacional-de-turismo-wtm-en-londres\/\"},\"wordCount\":362,\"commentCount\":0,\"publisher\":{\"@id\":\"https:\/\/nitu.mx\/#\/schema\/person\/ae7a53426417292d3dd07b45a33e01bc\"},\"image\":{\"@id\":\"https:\/\/nitu.mx\/index.php\/2018\/11\/06\/inaugura-quintana-roo-pabellon-mexico-en-feria-internacional-de-turismo-wtm-en-londres\/#primaryimage\"},\"thumbnailUrl\":\"https:\/\/nitu.mx\/wp-content\/uploads\/2018\/11\/F.-Inauguraci\u00f3n-2-1.jpg\",\"keywords\":[\"Consejo de Promoci\u00f3n Tur\u00edstica de Quintana Roo\",\"Dar\u00edo Flota Ocampo\",\"Europa\",\"Feria Internacional de Viajes World Travel Market(WTM)\",\"Gobernador Carlos Joaqu\u00edn\",\"Londres\",\"Marisol Vanegas P\u00e9rez\",\"Pabell\u00f3n M\u00e9xico en Feria Internacional de Turismo (WTM)\",\"Quintana Roo\"],\"articleSection\":[\"Destinos\",\"Internacional\"],\"inLanguage\":\"es-MX\",\"potentialAction\":[{\"@type\":\"CommentAction\",\"name\":\"Comment\",\"target\":[\"https:\/\/nitu.mx\/index.php\/2018\/11\/06\/inaugura-quintana-roo-pabellon-mexico-en-feria-internacional-de-turismo-wtm-en-londres\/#respond\"]}]},{\"@type\":\"WebPage\",\"@id\":\"https:\/\/nitu.mx\/index.php\/2018\/11\/06\/inaugura-quintana-roo-pabellon-mexico-en-feria-internacional-de-turismo-wtm-en-londres\/\",\"url\":\"https:\/\/nitu.mx\/index.php\/2018\/11\/06\/inaugura-quintana-roo-pabellon-mexico-en-feria-internacional-de-turismo-wtm-en-londres\/\",\"name\":\"Inaugura Quintana Roo Pabell\u00f3n M\u00e9xico en Feria Internacional de Turismo WTM en Londres - Nitu - Noticias de la Industria Turistica\",\"isPartOf\":{\"@id\":\"https:\/\/nitu.mx\/#website\"},\"primaryImageOfPage\":{\"@id\":\"https:\/\/nitu.mx\/index.php\/2018\/11\/06\/inaugura-quintana-roo-pabellon-mexico-en-feria-internacional-de-turismo-wtm-en-londres\/#primaryimage\"},\"image\":{\"@id\":\"https:\/\/nitu.mx\/index.php\/2018\/11\/06\/inaugura-quintana-roo-pabellon-mexico-en-feria-internacional-de-turismo-wtm-en-londres\/#primaryimage\"},\"thumbnailUrl\":\"https:\/\/nitu.mx\/wp-content\/uploads\/2018\/11\/F.-Inauguraci\u00f3n-2-1.jpg\",\"datePublished\":\"2018-11-06T05:17:01+00:00\",\"dateModified\":\"2018-11-06T06:21:19+00:00\",\"description\":\"Marisol Vanegas P\u00e9rez y Dar\u00edo Flota Ocampo, participaron en la inauguraci\u00f3n del Pabell\u00f3n M\u00e9xico de la Feria Internacional de Viajes World Travel Market.\",\"breadcrumb\":{\"@id\":\"https:\/\/nitu.mx\/index.php\/2018\/11\/06\/inaugura-quintana-roo-pabellon-mexico-en-feria-internacional-de-turismo-wtm-en-londres\/#breadcrumb\"},\"inLanguage\":\"es-MX\",\"potentialAction\":[{\"@type\":\"ReadAction\",\"target\":[\"https:\/\/nitu.mx\/index.php\/2018\/11\/06\/inaugura-quintana-roo-pabellon-mexico-en-feria-internacional-de-turismo-wtm-en-londres\/\"]}]},{\"@type\":\"ImageObject\",\"inLanguage\":\"es-MX\",\"@id\":\"https:\/\/nitu.mx\/index.php\/2018\/11\/06\/inaugura-quintana-roo-pabellon-mexico-en-feria-internacional-de-turismo-wtm-en-londres\/#primaryimage\",\"url\":\"https:\/\/nitu.mx\/wp-content\/uploads\/2018\/11\/F.-Inauguraci\u00f3n-2-1.jpg\",\"contentUrl\":\"https:\/\/nitu.mx\/wp-content\/uploads\/2018\/11\/F.-Inauguraci\u00f3n-2-1.jpg\",\"width\":850,\"height\":480},{\"@type\":\"BreadcrumbList\",\"@id\":\"https:\/\/nitu.mx\/index.php\/2018\/11\/06\/inaugura-quintana-roo-pabellon-mexico-en-feria-internacional-de-turismo-wtm-en-londres\/#breadcrumb\",\"itemListElement\":[{\"@type\":\"ListItem\",\"position\":1,\"name\":\"Inicio\",\"item\":\"https:\/\/nitu.mx\/\"},{\"@type\":\"ListItem\",\"position\":2,\"name\":\"Inaugura Quintana Roo Pabell\u00f3n M\u00e9xico en Feria Internacional de Turismo WTM en Londres\"}]},{\"@type\":\"WebSite\",\"@id\":\"https:\/\/nitu.mx\/#website\",\"url\":\"https:\/\/nitu.mx\/\",\"name\":\"Nitu - Noticias de la Industria Turistica\",\"description\":\"Noticias de la Industria Turistica\",\"publisher\":{\"@id\":\"https:\/\/nitu.mx\/#\/schema\/person\/ae7a53426417292d3dd07b45a33e01bc\"},\"alternateName\":\"Noticias de la Industria Turistica\",\"potentialAction\":[{\"@type\":\"SearchAction\",\"target\":{\"@type\":\"EntryPoint\",\"urlTemplate\":\"https:\/\/nitu.mx\/?s={search_term_string}\"},\"query-input\":\"required name=search_term_string\"}],\"inLanguage\":\"es-MX\"},{\"@type\":[\"Person\",\"Organization\"],\"@id\":\"https:\/\/nitu.mx\/#\/schema\/person\/ae7a53426417292d3dd07b45a33e01bc\",\"name\":\"Arturo Medina\",\"image\":{\"@type\":\"ImageObject\",\"inLanguage\":\"es-MX\",\"@id\":\"https:\/\/nitu.mx\/#\/schema\/person\/image\/\",\"url\":\"https:\/\/nitu.mx\/wp-content\/uploads\/2024\/04\/4A315622-1904-4D5C-B022-878CDC840E04-90x90-1.jpeg\",\"contentUrl\":\"https:\/\/nitu.mx\/wp-content\/uploads\/2024\/04\/4A315622-1904-4D5C-B022-878CDC840E04-90x90-1.jpeg\",\"width\":90,\"height\":90,\"caption\":\"Arturo Medina\"},\"logo\":{\"@id\":\"https:\/\/nitu.mx\/#\/schema\/person\/image\/\"},\"description\":\"Director NITU.mx, Egresado de la Escuela de Periodismo Carlos Septi\u00e9n Garc\u00eda. Periodista y analista especializado en turismo desde hace 35 a\u00f1os, radicado en Canc\u00fan Q.Roo. arturo@nitu.mx\",\"sameAs\":[\"https:\/\/nitu.mx\",\"https:\/\/www.facebook.com\/NITUmx\/\",\"medinacancun\",\"https:\/\/twitter.com\/@Arturo_Medina_G\"]},{\"@type\":\"Person\",\"@id\":\"https:\/\/nitu.mx\/#\/schema\/person\/4a28fe9bd65924f7c90623773daf1b0b\",\"name\":\"Redacci\u00f3n\",\"image\":{\"@type\":\"ImageObject\",\"inLanguage\":\"es-MX\",\"@id\":\"https:\/\/nitu.mx\/#\/schema\/person\/image\/\",\"url\":\"https:\/\/secure.gravatar.com\/avatar\/5dd011c8ccfc5cd7e4c81e42252aab38?s=96&d=mm&r=g\",\"contentUrl\":\"https:\/\/secure.gravatar.com\/avatar\/5dd011c8ccfc5cd7e4c81e42252aab38?s=96&d=mm&r=g\",\"caption\":\"Redacci\u00f3n\"},\"url\":\"https:\/\/nitu.mx\/index.php\/author\/redaccion\/\"}]}<\/script>\n<!-- \/ Yoast SEO plugin. -->","yoast_head_json":{"title":"Inaugura Quintana Roo Pabell\u00f3n M\u00e9xico en Feria Internacional de Turismo WTM en Londres - Nitu - Noticias de la Industria Turistica","description":"Marisol Vanegas P\u00e9rez y Dar\u00edo Flota Ocampo, participaron en la inauguraci\u00f3n del Pabell\u00f3n M\u00e9xico de la Feria Internacional de Viajes World Travel Market.","robots":{"index":"index","follow":"follow","max-snippet":"max-snippet:-1","max-image-preview":"max-image-preview:large","max-video-preview":"max-video-preview:-1"},"canonical":"https:\/\/nitu.mx\/index.php\/2018\/11\/06\/inaugura-quintana-roo-pabellon-mexico-en-feria-internacional-de-turismo-wtm-en-londres\/","twitter_card":"summary_large_image","twitter_title":"Inaugura Quintana Roo Pabell\u00f3n M\u00e9xico en Feria Internacional de Turismo WTM en Londres - Nitu - Noticias de la Industria Turistica","twitter_description":"Marisol Vanegas P\u00e9rez y Dar\u00edo Flota Ocampo, participaron en la inauguraci\u00f3n del Pabell\u00f3n M\u00e9xico de la Feria Internacional de Viajes World Travel Market.","twitter_image":"https:\/\/nitu.mx\/wp-content\/uploads\/2018\/11\/F.-Inauguraci\u00f3n-2-1.jpg","twitter_creator":"@NITUmx","twitter_site":"@Arturo_Medina_G","twitter_misc":{"Escrito por":"Redacci\u00f3n","Tiempo de lectura":"2 minutos"},"schema":{"@context":"https:\/\/schema.org","@graph":[{"@type":"Article","@id":"https:\/\/nitu.mx\/index.php\/2018\/11\/06\/inaugura-quintana-roo-pabellon-mexico-en-feria-internacional-de-turismo-wtm-en-londres\/#article","isPartOf":{"@id":"https:\/\/nitu.mx\/index.php\/2018\/11\/06\/inaugura-quintana-roo-pabellon-mexico-en-feria-internacional-de-turismo-wtm-en-londres\/"},"author":{"name":"Redacci\u00f3n","@id":"https:\/\/nitu.mx\/#\/schema\/person\/4a28fe9bd65924f7c90623773daf1b0b"},"headline":"Inaugura Quintana Roo Pabell\u00f3n M\u00e9xico en Feria Internacional de Turismo WTM en Londres","datePublished":"2018-11-06T05:17:01+00:00","dateModified":"2018-11-06T06:21:19+00:00","mainEntityOfPage":{"@id":"https:\/\/nitu.mx\/index.php\/2018\/11\/06\/inaugura-quintana-roo-pabellon-mexico-en-feria-internacional-de-turismo-wtm-en-londres\/"},"wordCount":362,"commentCount":0,"publisher":{"@id":"https:\/\/nitu.mx\/#\/schema\/person\/ae7a53426417292d3dd07b45a33e01bc"},"image":{"@id":"https:\/\/nitu.mx\/index.php\/2018\/11\/06\/inaugura-quintana-roo-pabellon-mexico-en-feria-internacional-de-turismo-wtm-en-londres\/#primaryimage"},"thumbnailUrl":"https:\/\/nitu.mx\/wp-content\/uploads\/2018\/11\/F.-Inauguraci\u00f3n-2-1.jpg","keywords":["Consejo de Promoci\u00f3n Tur\u00edstica de Quintana Roo","Dar\u00edo Flota Ocampo","Europa","Feria Internacional de Viajes World Travel Market(WTM)","Gobernador Carlos Joaqu\u00edn","Londres","Marisol Vanegas P\u00e9rez","Pabell\u00f3n M\u00e9xico en Feria Internacional de Turismo (WTM)","Quintana Roo"],"articleSection":["Destinos","Internacional"],"inLanguage":"es-MX","potentialAction":[{"@type":"CommentAction","name":"Comment","target":["https:\/\/nitu.mx\/index.php\/2018\/11\/06\/inaugura-quintana-roo-pabellon-mexico-en-feria-internacional-de-turismo-wtm-en-londres\/#respond"]}]},{"@type":"WebPage","@id":"https:\/\/nitu.mx\/index.php\/2018\/11\/06\/inaugura-quintana-roo-pabellon-mexico-en-feria-internacional-de-turismo-wtm-en-londres\/","url":"https:\/\/nitu.mx\/index.php\/2018\/11\/06\/inaugura-quintana-roo-pabellon-mexico-en-feria-internacional-de-turismo-wtm-en-londres\/","name":"Inaugura Quintana Roo Pabell\u00f3n M\u00e9xico en Feria Internacional de Turismo WTM en Londres - Nitu - Noticias de la Industria Turistica","isPartOf":{"@id":"https:\/\/nitu.mx\/#website"},"primaryImageOfPage":{"@id":"https:\/\/nitu.mx\/index.php\/2018\/11\/06\/inaugura-quintana-roo-pabellon-mexico-en-feria-internacional-de-turismo-wtm-en-londres\/#primaryimage"},"image":{"@id":"https:\/\/nitu.mx\/index.php\/2018\/11\/06\/inaugura-quintana-roo-pabellon-mexico-en-feria-internacional-de-turismo-wtm-en-londres\/#primaryimage"},"thumbnailUrl":"https:\/\/nitu.mx\/wp-content\/uploads\/2018\/11\/F.-Inauguraci\u00f3n-2-1.jpg","datePublished":"2018-11-06T05:17:01+00:00","dateModified":"2018-11-06T06:21:19+00:00","description":"Marisol Vanegas P\u00e9rez y Dar\u00edo Flota Ocampo, participaron en la inauguraci\u00f3n del Pabell\u00f3n M\u00e9xico de la Feria Internacional de Viajes World Travel Market.","breadcrumb":{"@id":"https:\/\/nitu.mx\/index.php\/2018\/11\/06\/inaugura-quintana-roo-pabellon-mexico-en-feria-internacional-de-turismo-wtm-en-londres\/#breadcrumb"},"inLanguage":"es-MX","potentialAction":[{"@type":"ReadAction","target":["https:\/\/nitu.mx\/index.php\/2018\/11\/06\/inaugura-quintana-roo-pabellon-mexico-en-feria-internacional-de-turismo-wtm-en-londres\/"]}]},{"@type":"ImageObject","inLanguage":"es-MX","@id":"https:\/\/nitu.mx\/index.php\/2018\/11\/06\/inaugura-quintana-roo-pabellon-mexico-en-feria-internacional-de-turismo-wtm-en-londres\/#primaryimage","url":"https:\/\/nitu.mx\/wp-content\/uploads\/2018\/11\/F.-Inauguraci\u00f3n-2-1.jpg","contentUrl":"https:\/\/nitu.mx\/wp-content\/uploads\/2018\/11\/F.-Inauguraci\u00f3n-2-1.jpg","width":850,"height":480},{"@type":"BreadcrumbList","@id":"https:\/\/nitu.mx\/index.php\/2018\/11\/06\/inaugura-quintana-roo-pabellon-mexico-en-feria-internacional-de-turismo-wtm-en-londres\/#breadcrumb","itemListElement":[{"@type":"ListItem","position":1,"name":"Inicio","item":"https:\/\/nitu.mx\/"},{"@type":"ListItem","position":2,"name":"Inaugura Quintana Roo Pabell\u00f3n M\u00e9xico en Feria Internacional de Turismo WTM en Londres"}]},{"@type":"WebSite","@id":"https:\/\/nitu.mx\/#website","url":"https:\/\/nitu.mx\/","name":"Nitu - Noticias de la Industria Turistica","description":"Noticias de la Industria Turistica","publisher":{"@id":"https:\/\/nitu.mx\/#\/schema\/person\/ae7a53426417292d3dd07b45a33e01bc"},"alternateName":"Noticias de la Industria Turistica","potentialAction":[{"@type":"SearchAction","target":{"@type":"EntryPoint","urlTemplate":"https:\/\/nitu.mx\/?s={search_term_string}"},"query-input":"required name=search_term_string"}],"inLanguage":"es-MX"},{"@type":["Person","Organization"],"@id":"https:\/\/nitu.mx\/#\/schema\/person\/ae7a53426417292d3dd07b45a33e01bc","name":"Arturo Medina","image":{"@type":"ImageObject","inLanguage":"es-MX","@id":"https:\/\/nitu.mx\/#\/schema\/person\/image\/","url":"https:\/\/nitu.mx\/wp-content\/uploads\/2024\/04\/4A315622-1904-4D5C-B022-878CDC840E04-90x90-1.jpeg","contentUrl":"https:\/\/nitu.mx\/wp-content\/uploads\/2024\/04\/4A315622-1904-4D5C-B022-878CDC840E04-90x90-1.jpeg","width":90,"height":90,"caption":"Arturo Medina"},"logo":{"@id":"https:\/\/nitu.mx\/#\/schema\/person\/image\/"},"description":"Director NITU.mx, Egresado de la Escuela de Periodismo Carlos Septi\u00e9n Garc\u00eda. Periodista y analista especializado en turismo desde hace 35 a\u00f1os, radicado en Canc\u00fan Q.Roo. arturo@nitu.mx","sameAs":["https:\/\/nitu.mx","https:\/\/www.facebook.com\/NITUmx\/","medinacancun","https:\/\/twitter.com\/@Arturo_Medina_G"]},{"@type":"Person","@id":"https:\/\/nitu.mx\/#\/schema\/person\/4a28fe9bd65924f7c90623773daf1b0b","name":"Redacci\u00f3n","image":{"@type":"ImageObject","inLanguage":"es-MX","@id":"https:\/\/nitu.mx\/#\/schema\/person\/image\/","url":"https:\/\/secure.gravatar.com\/avatar\/5dd011c8ccfc5cd7e4c81e42252aab38?s=96&d=mm&r=g","contentUrl":"https:\/\/secure.gravatar.com\/avatar\/5dd011c8ccfc5cd7e4c81e42252aab38?s=96&d=mm&r=g","caption":"Redacci\u00f3n"},"url":"https:\/\/nitu.mx\/index.php\/author\/redaccion\/"}]}},"views":259,"_links":{"self":[{"href":"https:\/\/nitu.mx\/index.php\/wp-json\/wp\/v2\/posts\/26222"}],"collection":[{"href":"https:\/\/nitu.mx\/index.php\/wp-json\/wp\/v2\/posts"}],"about":[{"href":"https:\/\/nitu.mx\/index.php\/wp-json\/wp\/v2\/types\/post"}],"author":[{"embeddable":true,"href":"https:\/\/nitu.mx\/index.php\/wp-json\/wp\/v2\/users\/17"}],"replies":[{"embeddable":true,"href":"https:\/\/nitu.mx\/index.php\/wp-json\/wp\/v2\/comments?post=26222"}],"version-history":[{"count":3,"href":"https:\/\/nitu.mx\/index.php\/wp-json\/wp\/v2\/posts\/26222\/revisions"}],"predecessor-version":[{"id":26244,"href":"https:\/\/nitu.mx\/index.php\/wp-json\/wp\/v2\/posts\/26222\/revisions\/26244"}],"wp:featuredmedia":[{"embeddable":true,"href":"https:\/\/nitu.mx\/index.php\/wp-json\/wp\/v2\/media\/26245"}],"wp:attachment":[{"href":"https:\/\/nitu.mx\/index.php\/wp-json\/wp\/v2\/media?parent=26222"}],"wp:term":[{"taxonomy":"category","embeddable":true,"href":"https:\/\/nitu.mx\/index.php\/wp-json\/wp\/v2\/categories?post=26222"},{"taxonomy":"post_tag","embeddable":true,"href":"https:\/\/nitu.mx\/index.php\/wp-json\/wp\/v2\/tags?post=26222"}],"curies":[{"name":"wp","href":"https:\/\/api.w.org\/{rel}","templated":true}]}}