{"id":26192,"date":"2018-11-05T00:32:51","date_gmt":"2018-11-05T05:32:51","guid":{"rendered":"https:\/\/www.dev.nitu.mx\/?p=26192"},"modified":"2018-11-05T00:52:29","modified_gmt":"2018-11-05T05:52:29","slug":"dario-flota-ocampo-se-incrementara-frecuencias-desde-eu-a-caribe-mexicano","status":"publish","type":"post","link":"https:\/\/nitu.mx\/index.php\/2018\/11\/05\/dario-flota-ocampo-se-incrementara-frecuencias-desde-eu-a-caribe-mexicano\/","title":{"rendered":"Dar\u00edo Flota Ocampo: Se incrementar\u00e1 frecuencias desde EU a Caribe Mexicano"},"content":{"rendered":"<p>Las autoridades tur\u00edsticas de Quintana Roo respiran mejor, ya que sus estad\u00edsticas se\u00f1alan que: \u201cEn agosto y septiembre se tuvo crecimiento de 1.6 en llegadas v\u00eda a\u00e9rea de turismo norteamericano, por primera vez en varios meses, ya que se ten\u00eda n\u00fameros negativos o de nulo crecimiento\u201d, asever\u00f3 Dar\u00edo Flota Ocampo, titular del Consejo de Promoci\u00f3n Tur\u00edstica (CPT).<\/p>\n<p>Ocampo se\u00f1al\u00f3 que hace un par de semanas una comitiva encabezada por el gobernador de Quintana Roo, Carlos Joaqu\u00edn, visit\u00f3 a las aerol\u00edneas de Estados Unidos: en Chicago a United; en Dallas a Am\u00e9rica Airlines y en Atlanta a Delta, y los tres coincidieron en que detectaron una lentitud en sus ventas para el futuro.<\/p>\n<p>Empero dichas empresas aplicaron promociones y dieron m\u00e1s impulso a sus ventas hacia los destinos del Caribe Mexicano, y ya tienen una buena ocupaci\u00f3n para el futuro, nuevos n\u00fameros por lo que esperan tener un buen invierno a partir de la segunda quincena de diciembre.<\/p>\n<p>\u201cSon vuelos para Canc\u00fan desde Estados Unidos, mercado que representa casi dos tercios de los visitantes a la Riviera Maya y la mitad de Canc\u00fan. Tambi\u00e9n hay incrementos por temporada de las rutas: Dallas &#8211; Canc\u00fan y Miami &#8211; Canc\u00fan para American Airlines hay vuelos diarios o Miami, que se mantienen as\u00ed, por lo que estamos optimistas con respecto a los n\u00fameros de la pr\u00f3xima temporada invernal\u201d, detall\u00f3.\u00a0<a title=\"Har\u00e1 gobernador de Quintana Roo gira de promoci\u00f3n en el mercado de Estados Unidos\" href=\"https:\/\/www.dev.nitu.mx\/index.php\/2018\/10\/17\/hara-gobernador-de-quintana-roo-gira-de-promocion-en-el-mercado-norteamericano\/\" rel=\"bookmark\">(Har\u00e1 gobernador de Quintana Roo gira de promoci\u00f3n en el mercado de Estados Unidos<\/a>).<\/p>\n<p>Se\u00f1al\u00f3 que actualmente la ocupaci\u00f3n en los hoteles en Canc\u00fan est\u00e1 por arriba de 60 por ciento y en la Riviera Maya alrededor de 70 por ciento, por lo que las expectativas son de 90 por ciento del \u00edndice de ocupaci\u00f3n para la temporada de invierno.<\/p>\n<p>Aunque hay un pico en la temporada de navidad de 90 y tantos, calculan que destinos como Holbox, Bacalar y Chetumal tambi\u00e9n tendr\u00e1n buena ocupaci\u00f3n hacia final del a\u00f1o.<\/p>\n<p>Para finalizar se espera rebasar los 14 millones de visitantes y superar este n\u00famero y llegar a los 15 millones.<\/p>\n<p>El funcionario apunt\u00f3 que algunos hoteles bajaron tarifas y otros se vieron m\u00e1s afectados, por el tema del turismo de reuniones, por congresos cancelados. Pero a algunos les fue bien y no tuvieron afectaci\u00f3n y por lo tanto no bajaron tarifas.<\/p>\n<p>Reconoci\u00f3 que es una realidad que los n\u00fameros de llegada al aeropuerto no coinciden con los de ocupaci\u00f3n hotelera, por lo que hay un n\u00famero importante de visitantes que se est\u00e1 yendo a otras formas de alojamiento, que no se tiene cuantificado ya que existen muchas plataformas de renta de alojamiento y que los ciudadanos de Quintana Roo est\u00e1n utilizando para recibir turistas.<\/p>\n","protected":false},"excerpt":{"rendered":"<p>Las autoridades tur\u00edsticas de Quintana Roo respiran mejor, ya que sus estad\u00edsticas se\u00f1alan que: \u201cEn agosto y septiembre se tuvo crecimiento de 1.6 en llegadas v\u00eda a\u00e9rea de turismo norteamericano, por primera vez en varios meses, ya que se ten\u00eda n\u00fameros negativos o de nulo crecimiento\u201d, asever\u00f3 Dar\u00edo Flota Ocampo, titular del Consejo de Promoci\u00f3n [&hellip;]<\/p>\n","protected":false},"author":3,"featured_media":6695,"comment_status":"open","ping_status":"open","sticky":false,"template":"","format":"standard","meta":{"footnotes":""},"categories":[29,5],"tags":[13150,553,13149,384,454,324,12990,5817,874,534,100,1511,1152,260,11427,2646],"yoast_head":"<!-- This site is optimized with the Yoast SEO plugin v22.2 - https:\/\/yoast.com\/wordpress\/plugins\/seo\/ -->\n<title>Dar\u00edo Flota Ocampo: Se incrementar\u00e1 frecuencias desde EU a Caribe Mexicano - Nitu - Noticias de la Industria Turistica<\/title>\n<meta name=\"description\" content=\"\u201cEn agosto y septiembre se tuvo crecimiento de 1.6 en llegadas v\u00eda a\u00e9rea de turismo norteamericano&quot;, asever\u00f3 Dar\u00edo Flota Ocampo, titular del CPT.\" \/>\n<meta name=\"robots\" content=\"index, follow, max-snippet:-1, max-image-preview:large, max-video-preview:-1\" \/>\n<link rel=\"canonical\" href=\"https:\/\/nitu.mx\/index.php\/2018\/11\/05\/dario-flota-ocampo-se-incrementara-frecuencias-desde-eu-a-caribe-mexicano\/\" \/>\n<meta name=\"twitter:card\" content=\"summary_large_image\" \/>\n<meta name=\"twitter:title\" content=\"Dar\u00edo Flota Ocampo: Se incrementar\u00e1 frecuencias desde EU a Caribe Mexicano - Nitu - Noticias de la Industria Turistica\" \/>\n<meta name=\"twitter:description\" content=\"\u201cEn agosto y septiembre se tuvo crecimiento de 1.6 en llegadas v\u00eda a\u00e9rea de turismo norteamericano&quot;, asever\u00f3 Dar\u00edo Flota Ocampo, titular del CPT.\" \/>\n<meta name=\"twitter:image\" content=\"https:\/\/nitu.mx\/wp-content\/uploads\/2017\/02\/Aeropuerto-Canc\u00fan.jpg\" \/>\n<meta name=\"twitter:creator\" content=\"@NITUmx\" \/>\n<meta name=\"twitter:site\" content=\"@Arturo_Medina_G\" \/>\n<meta name=\"twitter:label1\" content=\"Escrito por\" \/>\n\t<meta name=\"twitter:data1\" content=\"Alejandra Moncisbays\" \/>\n\t<meta name=\"twitter:label2\" content=\"Tiempo de lectura\" \/>\n\t<meta name=\"twitter:data2\" content=\"2 minutos\" \/>\n<script type=\"application\/ld+json\" class=\"yoast-schema-graph\">{\"@context\":\"https:\/\/schema.org\",\"@graph\":[{\"@type\":\"Article\",\"@id\":\"https:\/\/nitu.mx\/index.php\/2018\/11\/05\/dario-flota-ocampo-se-incrementara-frecuencias-desde-eu-a-caribe-mexicano\/#article\",\"isPartOf\":{\"@id\":\"https:\/\/nitu.mx\/index.php\/2018\/11\/05\/dario-flota-ocampo-se-incrementara-frecuencias-desde-eu-a-caribe-mexicano\/\"},\"author\":{\"name\":\"Alejandra Moncisbays\",\"@id\":\"https:\/\/nitu.mx\/#\/schema\/person\/2ecd887b19dfd3382d1f14fc5acf24a8\"},\"headline\":\"Dar\u00edo Flota Ocampo: Se incrementar\u00e1 frecuencias desde EU a Caribe Mexicano\",\"datePublished\":\"2018-11-05T05:32:51+00:00\",\"dateModified\":\"2018-11-05T05:52:29+00:00\",\"mainEntityOfPage\":{\"@id\":\"https:\/\/nitu.mx\/index.php\/2018\/11\/05\/dario-flota-ocampo-se-incrementara-frecuencias-desde-eu-a-caribe-mexicano\/\"},\"wordCount\":483,\"commentCount\":0,\"publisher\":{\"@id\":\"https:\/\/nitu.mx\/#\/schema\/person\/ae7a53426417292d3dd07b45a33e01bc\"},\"image\":{\"@id\":\"https:\/\/nitu.mx\/index.php\/2018\/11\/05\/dario-flota-ocampo-se-incrementara-frecuencias-desde-eu-a-caribe-mexicano\/#primaryimage\"},\"thumbnailUrl\":\"https:\/\/nitu.mx\/wp-content\/uploads\/2017\/02\/Aeropuerto-Canc\u00fan.jpg\",\"keywords\":[\"Am\u00e9rica Airlines\",\"Atlanta\",\"Baccalar\",\"Carlos Joaqu\u00edn\",\"Chetumal\",\"Chicago\",\"Consejo de Promoci\u00f3n Tur\u00edstica (CPT)\",\"Dallas\",\"Dar\u00edo Flota Ocampo\",\"Delta\",\"Estados Unidos\",\"Holbox\",\"Promoci\u00f3n Tur\u00edstica\",\"Quintana Roo\",\"Tren Maya\",\"United\"],\"articleSection\":[\"Aerol\u00edneas\",\"Destinos\"],\"inLanguage\":\"es-MX\",\"potentialAction\":[{\"@type\":\"CommentAction\",\"name\":\"Comment\",\"target\":[\"https:\/\/nitu.mx\/index.php\/2018\/11\/05\/dario-flota-ocampo-se-incrementara-frecuencias-desde-eu-a-caribe-mexicano\/#respond\"]}]},{\"@type\":\"WebPage\",\"@id\":\"https:\/\/nitu.mx\/index.php\/2018\/11\/05\/dario-flota-ocampo-se-incrementara-frecuencias-desde-eu-a-caribe-mexicano\/\",\"url\":\"https:\/\/nitu.mx\/index.php\/2018\/11\/05\/dario-flota-ocampo-se-incrementara-frecuencias-desde-eu-a-caribe-mexicano\/\",\"name\":\"Dar\u00edo Flota Ocampo: Se incrementar\u00e1 frecuencias desde EU a Caribe Mexicano - Nitu - Noticias de la Industria Turistica\",\"isPartOf\":{\"@id\":\"https:\/\/nitu.mx\/#website\"},\"primaryImageOfPage\":{\"@id\":\"https:\/\/nitu.mx\/index.php\/2018\/11\/05\/dario-flota-ocampo-se-incrementara-frecuencias-desde-eu-a-caribe-mexicano\/#primaryimage\"},\"image\":{\"@id\":\"https:\/\/nitu.mx\/index.php\/2018\/11\/05\/dario-flota-ocampo-se-incrementara-frecuencias-desde-eu-a-caribe-mexicano\/#primaryimage\"},\"thumbnailUrl\":\"https:\/\/nitu.mx\/wp-content\/uploads\/2017\/02\/Aeropuerto-Canc\u00fan.jpg\",\"datePublished\":\"2018-11-05T05:32:51+00:00\",\"dateModified\":\"2018-11-05T05:52:29+00:00\",\"description\":\"\u201cEn agosto y septiembre se tuvo crecimiento de 1.6 en llegadas v\u00eda a\u00e9rea de turismo norteamericano\\\", asever\u00f3 Dar\u00edo Flota Ocampo, titular del CPT.\",\"breadcrumb\":{\"@id\":\"https:\/\/nitu.mx\/index.php\/2018\/11\/05\/dario-flota-ocampo-se-incrementara-frecuencias-desde-eu-a-caribe-mexicano\/#breadcrumb\"},\"inLanguage\":\"es-MX\",\"potentialAction\":[{\"@type\":\"ReadAction\",\"target\":[\"https:\/\/nitu.mx\/index.php\/2018\/11\/05\/dario-flota-ocampo-se-incrementara-frecuencias-desde-eu-a-caribe-mexicano\/\"]}]},{\"@type\":\"ImageObject\",\"inLanguage\":\"es-MX\",\"@id\":\"https:\/\/nitu.mx\/index.php\/2018\/11\/05\/dario-flota-ocampo-se-incrementara-frecuencias-desde-eu-a-caribe-mexicano\/#primaryimage\",\"url\":\"https:\/\/nitu.mx\/wp-content\/uploads\/2017\/02\/Aeropuerto-Canc\u00fan.jpg\",\"contentUrl\":\"https:\/\/nitu.mx\/wp-content\/uploads\/2017\/02\/Aeropuerto-Canc\u00fan.jpg\",\"width\":850,\"height\":480,\"caption\":\"Aeropuerto Internacional de Canc\u00fan Centro y Sudam\u00e9rica sismo Asur\"},{\"@type\":\"BreadcrumbList\",\"@id\":\"https:\/\/nitu.mx\/index.php\/2018\/11\/05\/dario-flota-ocampo-se-incrementara-frecuencias-desde-eu-a-caribe-mexicano\/#breadcrumb\",\"itemListElement\":[{\"@type\":\"ListItem\",\"position\":1,\"name\":\"Inicio\",\"item\":\"https:\/\/nitu.mx\/\"},{\"@type\":\"ListItem\",\"position\":2,\"name\":\"Dar\u00edo Flota Ocampo: Se incrementar\u00e1 frecuencias desde EU a Caribe Mexicano\"}]},{\"@type\":\"WebSite\",\"@id\":\"https:\/\/nitu.mx\/#website\",\"url\":\"https:\/\/nitu.mx\/\",\"name\":\"Nitu - Noticias de la Industria Turistica\",\"description\":\"Noticias de la Industria Turistica\",\"publisher\":{\"@id\":\"https:\/\/nitu.mx\/#\/schema\/person\/ae7a53426417292d3dd07b45a33e01bc\"},\"alternateName\":\"Noticias de la Industria Turistica\",\"potentialAction\":[{\"@type\":\"SearchAction\",\"target\":{\"@type\":\"EntryPoint\",\"urlTemplate\":\"https:\/\/nitu.mx\/?s={search_term_string}\"},\"query-input\":\"required name=search_term_string\"}],\"inLanguage\":\"es-MX\"},{\"@type\":[\"Person\",\"Organization\"],\"@id\":\"https:\/\/nitu.mx\/#\/schema\/person\/ae7a53426417292d3dd07b45a33e01bc\",\"name\":\"Arturo Medina\",\"image\":{\"@type\":\"ImageObject\",\"inLanguage\":\"es-MX\",\"@id\":\"https:\/\/nitu.mx\/#\/schema\/person\/image\/\",\"url\":\"https:\/\/nitu.mx\/wp-content\/uploads\/2024\/04\/4A315622-1904-4D5C-B022-878CDC840E04-90x90-1.jpeg\",\"contentUrl\":\"https:\/\/nitu.mx\/wp-content\/uploads\/2024\/04\/4A315622-1904-4D5C-B022-878CDC840E04-90x90-1.jpeg\",\"width\":90,\"height\":90,\"caption\":\"Arturo Medina\"},\"logo\":{\"@id\":\"https:\/\/nitu.mx\/#\/schema\/person\/image\/\"},\"description\":\"Director NITU.mx, Egresado de la Escuela de Periodismo Carlos Septi\u00e9n Garc\u00eda. Periodista y analista especializado en turismo desde hace 35 a\u00f1os, radicado en Canc\u00fan Q.Roo. arturo@nitu.mx\",\"sameAs\":[\"https:\/\/nitu.mx\",\"https:\/\/www.facebook.com\/NITUmx\/\",\"medinacancun\",\"https:\/\/twitter.com\/@Arturo_Medina_G\"]},{\"@type\":\"Person\",\"@id\":\"https:\/\/nitu.mx\/#\/schema\/person\/2ecd887b19dfd3382d1f14fc5acf24a8\",\"name\":\"Alejandra Moncisbays\",\"image\":{\"@type\":\"ImageObject\",\"inLanguage\":\"es-MX\",\"@id\":\"https:\/\/nitu.mx\/#\/schema\/person\/image\/\",\"url\":\"https:\/\/secure.gravatar.com\/avatar\/e74f7af0be172b7804dacfd0bfbef787?s=96&d=mm&r=g\",\"contentUrl\":\"https:\/\/secure.gravatar.com\/avatar\/e74f7af0be172b7804dacfd0bfbef787?s=96&d=mm&r=g\",\"caption\":\"Alejandra Moncisbays\"},\"description\":\"Curs\u00e9 la carrera de Periodismo y Comunicaci\u00f3n en la Facultad de Estudios Profesionales Acatl\u00e1n. Vivo en Canc\u00fan desde hace 24 a\u00f1os. Fui reportera de La Tarde de Canc\u00fan, y Novedades de Quintana Roo, colabor\u00e9 en TVCUN, edit\u00e9 Cancun\u00edssimo y colabor\u00e9 en las revistas Latitud21, entre otras, con principal enfoque en los sectores empresarial y tur\u00edstico. Desde hace varios a\u00f1os soy Agente de Seguros con c\u00e9dula de la Comisi\u00f3n Nacional de Seguros y Fianzas. Actualmente, me desarrollo en los \u00e1mbitos del periodismo y el sector asegurador.\",\"sameAs\":[\"https:\/\/nitu.mx\"],\"url\":\"https:\/\/nitu.mx\/index.php\/author\/alejandra\/\"}]}<\/script>\n<!-- \/ Yoast SEO plugin. -->","yoast_head_json":{"title":"Dar\u00edo Flota Ocampo: Se incrementar\u00e1 frecuencias desde EU a Caribe Mexicano - Nitu - Noticias de la Industria Turistica","description":"\u201cEn agosto y septiembre se tuvo crecimiento de 1.6 en llegadas v\u00eda a\u00e9rea de turismo norteamericano\", asever\u00f3 Dar\u00edo Flota Ocampo, titular del CPT.","robots":{"index":"index","follow":"follow","max-snippet":"max-snippet:-1","max-image-preview":"max-image-preview:large","max-video-preview":"max-video-preview:-1"},"canonical":"https:\/\/nitu.mx\/index.php\/2018\/11\/05\/dario-flota-ocampo-se-incrementara-frecuencias-desde-eu-a-caribe-mexicano\/","twitter_card":"summary_large_image","twitter_title":"Dar\u00edo Flota Ocampo: Se incrementar\u00e1 frecuencias desde EU a Caribe Mexicano - Nitu - Noticias de la Industria Turistica","twitter_description":"\u201cEn agosto y septiembre se tuvo crecimiento de 1.6 en llegadas v\u00eda a\u00e9rea de turismo norteamericano\", asever\u00f3 Dar\u00edo Flota Ocampo, titular del CPT.","twitter_image":"https:\/\/nitu.mx\/wp-content\/uploads\/2017\/02\/Aeropuerto-Canc\u00fan.jpg","twitter_creator":"@NITUmx","twitter_site":"@Arturo_Medina_G","twitter_misc":{"Escrito por":"Alejandra Moncisbays","Tiempo de lectura":"2 minutos"},"schema":{"@context":"https:\/\/schema.org","@graph":[{"@type":"Article","@id":"https:\/\/nitu.mx\/index.php\/2018\/11\/05\/dario-flota-ocampo-se-incrementara-frecuencias-desde-eu-a-caribe-mexicano\/#article","isPartOf":{"@id":"https:\/\/nitu.mx\/index.php\/2018\/11\/05\/dario-flota-ocampo-se-incrementara-frecuencias-desde-eu-a-caribe-mexicano\/"},"author":{"name":"Alejandra Moncisbays","@id":"https:\/\/nitu.mx\/#\/schema\/person\/2ecd887b19dfd3382d1f14fc5acf24a8"},"headline":"Dar\u00edo Flota Ocampo: Se incrementar\u00e1 frecuencias desde EU a Caribe Mexicano","datePublished":"2018-11-05T05:32:51+00:00","dateModified":"2018-11-05T05:52:29+00:00","mainEntityOfPage":{"@id":"https:\/\/nitu.mx\/index.php\/2018\/11\/05\/dario-flota-ocampo-se-incrementara-frecuencias-desde-eu-a-caribe-mexicano\/"},"wordCount":483,"commentCount":0,"publisher":{"@id":"https:\/\/nitu.mx\/#\/schema\/person\/ae7a53426417292d3dd07b45a33e01bc"},"image":{"@id":"https:\/\/nitu.mx\/index.php\/2018\/11\/05\/dario-flota-ocampo-se-incrementara-frecuencias-desde-eu-a-caribe-mexicano\/#primaryimage"},"thumbnailUrl":"https:\/\/nitu.mx\/wp-content\/uploads\/2017\/02\/Aeropuerto-Canc\u00fan.jpg","keywords":["Am\u00e9rica Airlines","Atlanta","Baccalar","Carlos Joaqu\u00edn","Chetumal","Chicago","Consejo de Promoci\u00f3n Tur\u00edstica (CPT)","Dallas","Dar\u00edo Flota Ocampo","Delta","Estados Unidos","Holbox","Promoci\u00f3n Tur\u00edstica","Quintana Roo","Tren Maya","United"],"articleSection":["Aerol\u00edneas","Destinos"],"inLanguage":"es-MX","potentialAction":[{"@type":"CommentAction","name":"Comment","target":["https:\/\/nitu.mx\/index.php\/2018\/11\/05\/dario-flota-ocampo-se-incrementara-frecuencias-desde-eu-a-caribe-mexicano\/#respond"]}]},{"@type":"WebPage","@id":"https:\/\/nitu.mx\/index.php\/2018\/11\/05\/dario-flota-ocampo-se-incrementara-frecuencias-desde-eu-a-caribe-mexicano\/","url":"https:\/\/nitu.mx\/index.php\/2018\/11\/05\/dario-flota-ocampo-se-incrementara-frecuencias-desde-eu-a-caribe-mexicano\/","name":"Dar\u00edo Flota Ocampo: Se incrementar\u00e1 frecuencias desde EU a Caribe Mexicano - Nitu - Noticias de la Industria Turistica","isPartOf":{"@id":"https:\/\/nitu.mx\/#website"},"primaryImageOfPage":{"@id":"https:\/\/nitu.mx\/index.php\/2018\/11\/05\/dario-flota-ocampo-se-incrementara-frecuencias-desde-eu-a-caribe-mexicano\/#primaryimage"},"image":{"@id":"https:\/\/nitu.mx\/index.php\/2018\/11\/05\/dario-flota-ocampo-se-incrementara-frecuencias-desde-eu-a-caribe-mexicano\/#primaryimage"},"thumbnailUrl":"https:\/\/nitu.mx\/wp-content\/uploads\/2017\/02\/Aeropuerto-Canc\u00fan.jpg","datePublished":"2018-11-05T05:32:51+00:00","dateModified":"2018-11-05T05:52:29+00:00","description":"\u201cEn agosto y septiembre se tuvo crecimiento de 1.6 en llegadas v\u00eda a\u00e9rea de turismo norteamericano\", asever\u00f3 Dar\u00edo Flota Ocampo, titular del CPT.","breadcrumb":{"@id":"https:\/\/nitu.mx\/index.php\/2018\/11\/05\/dario-flota-ocampo-se-incrementara-frecuencias-desde-eu-a-caribe-mexicano\/#breadcrumb"},"inLanguage":"es-MX","potentialAction":[{"@type":"ReadAction","target":["https:\/\/nitu.mx\/index.php\/2018\/11\/05\/dario-flota-ocampo-se-incrementara-frecuencias-desde-eu-a-caribe-mexicano\/"]}]},{"@type":"ImageObject","inLanguage":"es-MX","@id":"https:\/\/nitu.mx\/index.php\/2018\/11\/05\/dario-flota-ocampo-se-incrementara-frecuencias-desde-eu-a-caribe-mexicano\/#primaryimage","url":"https:\/\/nitu.mx\/wp-content\/uploads\/2017\/02\/Aeropuerto-Canc\u00fan.jpg","contentUrl":"https:\/\/nitu.mx\/wp-content\/uploads\/2017\/02\/Aeropuerto-Canc\u00fan.jpg","width":850,"height":480,"caption":"Aeropuerto Internacional de Canc\u00fan Centro y Sudam\u00e9rica sismo Asur"},{"@type":"BreadcrumbList","@id":"https:\/\/nitu.mx\/index.php\/2018\/11\/05\/dario-flota-ocampo-se-incrementara-frecuencias-desde-eu-a-caribe-mexicano\/#breadcrumb","itemListElement":[{"@type":"ListItem","position":1,"name":"Inicio","item":"https:\/\/nitu.mx\/"},{"@type":"ListItem","position":2,"name":"Dar\u00edo Flota Ocampo: Se incrementar\u00e1 frecuencias desde EU a Caribe Mexicano"}]},{"@type":"WebSite","@id":"https:\/\/nitu.mx\/#website","url":"https:\/\/nitu.mx\/","name":"Nitu - Noticias de la Industria Turistica","description":"Noticias de la Industria Turistica","publisher":{"@id":"https:\/\/nitu.mx\/#\/schema\/person\/ae7a53426417292d3dd07b45a33e01bc"},"alternateName":"Noticias de la Industria Turistica","potentialAction":[{"@type":"SearchAction","target":{"@type":"EntryPoint","urlTemplate":"https:\/\/nitu.mx\/?s={search_term_string}"},"query-input":"required name=search_term_string"}],"inLanguage":"es-MX"},{"@type":["Person","Organization"],"@id":"https:\/\/nitu.mx\/#\/schema\/person\/ae7a53426417292d3dd07b45a33e01bc","name":"Arturo Medina","image":{"@type":"ImageObject","inLanguage":"es-MX","@id":"https:\/\/nitu.mx\/#\/schema\/person\/image\/","url":"https:\/\/nitu.mx\/wp-content\/uploads\/2024\/04\/4A315622-1904-4D5C-B022-878CDC840E04-90x90-1.jpeg","contentUrl":"https:\/\/nitu.mx\/wp-content\/uploads\/2024\/04\/4A315622-1904-4D5C-B022-878CDC840E04-90x90-1.jpeg","width":90,"height":90,"caption":"Arturo Medina"},"logo":{"@id":"https:\/\/nitu.mx\/#\/schema\/person\/image\/"},"description":"Director NITU.mx, Egresado de la Escuela de Periodismo Carlos Septi\u00e9n Garc\u00eda. Periodista y analista especializado en turismo desde hace 35 a\u00f1os, radicado en Canc\u00fan Q.Roo. arturo@nitu.mx","sameAs":["https:\/\/nitu.mx","https:\/\/www.facebook.com\/NITUmx\/","medinacancun","https:\/\/twitter.com\/@Arturo_Medina_G"]},{"@type":"Person","@id":"https:\/\/nitu.mx\/#\/schema\/person\/2ecd887b19dfd3382d1f14fc5acf24a8","name":"Alejandra Moncisbays","image":{"@type":"ImageObject","inLanguage":"es-MX","@id":"https:\/\/nitu.mx\/#\/schema\/person\/image\/","url":"https:\/\/secure.gravatar.com\/avatar\/e74f7af0be172b7804dacfd0bfbef787?s=96&d=mm&r=g","contentUrl":"https:\/\/secure.gravatar.com\/avatar\/e74f7af0be172b7804dacfd0bfbef787?s=96&d=mm&r=g","caption":"Alejandra Moncisbays"},"description":"Curs\u00e9 la carrera de Periodismo y Comunicaci\u00f3n en la Facultad de Estudios Profesionales Acatl\u00e1n. Vivo en Canc\u00fan desde hace 24 a\u00f1os. Fui reportera de La Tarde de Canc\u00fan, y Novedades de Quintana Roo, colabor\u00e9 en TVCUN, edit\u00e9 Cancun\u00edssimo y colabor\u00e9 en las revistas Latitud21, entre otras, con principal enfoque en los sectores empresarial y tur\u00edstico. Desde hace varios a\u00f1os soy Agente de Seguros con c\u00e9dula de la Comisi\u00f3n Nacional de Seguros y Fianzas. Actualmente, me desarrollo en los \u00e1mbitos del periodismo y el sector asegurador.","sameAs":["https:\/\/nitu.mx"],"url":"https:\/\/nitu.mx\/index.php\/author\/alejandra\/"}]}},"views":254,"_links":{"self":[{"href":"https:\/\/nitu.mx\/index.php\/wp-json\/wp\/v2\/posts\/26192"}],"collection":[{"href":"https:\/\/nitu.mx\/index.php\/wp-json\/wp\/v2\/posts"}],"about":[{"href":"https:\/\/nitu.mx\/index.php\/wp-json\/wp\/v2\/types\/post"}],"author":[{"embeddable":true,"href":"https:\/\/nitu.mx\/index.php\/wp-json\/wp\/v2\/users\/3"}],"replies":[{"embeddable":true,"href":"https:\/\/nitu.mx\/index.php\/wp-json\/wp\/v2\/comments?post=26192"}],"version-history":[{"count":3,"href":"https:\/\/nitu.mx\/index.php\/wp-json\/wp\/v2\/posts\/26192\/revisions"}],"predecessor-version":[{"id":26207,"href":"https:\/\/nitu.mx\/index.php\/wp-json\/wp\/v2\/posts\/26192\/revisions\/26207"}],"wp:featuredmedia":[{"embeddable":true,"href":"https:\/\/nitu.mx\/index.php\/wp-json\/wp\/v2\/media\/6695"}],"wp:attachment":[{"href":"https:\/\/nitu.mx\/index.php\/wp-json\/wp\/v2\/media?parent=26192"}],"wp:term":[{"taxonomy":"category","embeddable":true,"href":"https:\/\/nitu.mx\/index.php\/wp-json\/wp\/v2\/categories?post=26192"},{"taxonomy":"post_tag","embeddable":true,"href":"https:\/\/nitu.mx\/index.php\/wp-json\/wp\/v2\/tags?post=26192"}],"curies":[{"name":"wp","href":"https:\/\/api.w.org\/{rel}","templated":true}]}}