{"id":26117,"date":"2018-11-02T01:48:49","date_gmt":"2018-11-02T06:48:49","guid":{"rendered":"https:\/\/www.dev.nitu.mx\/?p=26117"},"modified":"2018-11-02T02:03:11","modified_gmt":"2018-11-02T07:03:11","slug":"viva-aerobus-aterriza-en-zacatecas","status":"publish","type":"post","link":"https:\/\/nitu.mx\/index.php\/2018\/11\/02\/viva-aerobus-aterriza-en-zacatecas\/","title":{"rendered":"Viva Aerobus aterriza en Zacatecas"},"content":{"rendered":"<p>Este jueves Viva Aerobus inaugur\u00f3 su nuevo vuelo ciudad de M\u00e9xico- Zacatecas, el cual contar\u00e1 con una frecuencia diaria de ida y vuelta.<\/p>\n<p>Juan Carlos Zuazua, director general de la aerol\u00ednea destac\u00f3 que estar\u00e1n ofreciendo al destino 186 asientos, y resalt\u00f3 que por introducci\u00f3n estar\u00e1n manteniendo una tarifa de 898 pesos. Estiman que durante su primer a\u00f1o de operaciones, estar\u00e1n ofreciendo un total de 132 mil lugares.<\/p>\n<p>El directivo destac\u00f3 que una de las ventajas clave de esta ruta hacia la Ciudad de M\u00e9xico consiste en que la aerol\u00ednea oferta otros 18 viajes a ciudades nacionales y una m\u00e1s al extranjero, desde el Aeropuerto Internacional de la Ciudad de M\u00e9xico, de modo que se ampl\u00eda la conectividad territorial del estado.<\/p>\n<p>Para el vuelo Ciudad de M\u00e9xico-Zacatecas, el horario de salida y llegada es de 12:45-14:10 horas; mientras que el viaje Zacatecas-Ciudad de M\u00e9xico es 14:40-16:05 horas; ambas rutas tendr\u00e1n una duraci\u00f3n aproximada de 85 minutos, y los boletos ya se encuentran disponibles con precios que compiten entre los m\u00e1s econ\u00f3micos de Am\u00e9rica Latina.<\/p>\n<p>\u201cCon estas dos frecuencias, Zacatecas expande su conectividad a ocho frecuencias diarias de vuelo entre ambas regiones. El trabajo del gobierno del estado, a trav\u00e9s de la Secretar\u00eda de Turismo, por abrir nuevas rutas a\u00e9reas tiene como objetivo generar alternativas para los visitantes, para que as\u00ed, un mayor n\u00famero de personas pueda visitar el destino\u201d, dijo Eduardo Yarto, secretario de turismo del estado.\u00a0<a title=\"VivaAerobus sumar\u00e1 en diciembre otra ruta entre Canc\u00fan y Cuba\" href=\"https:\/\/www.dev.nitu.mx\/index.php\/2018\/10\/21\/vivaaerobus-sumara-en-diciembre-otra-ruta-entre-cancun-y-cuba\/\" rel=\"bookmark\">(VivaAerobus sumar\u00e1 en diciembre otra ruta entre Canc\u00fan y Cuba)<\/a><\/p>\n<p>Asimismo el funcionario invit\u00f3 a visitar Zacatecas y a descubrir todos sus atractivos tur\u00edsticos entre los que destacan sus seis Pueblos M\u00e1gicos (Guadalupe, Te\u00fal, Pinos, Sombrerete, Nochistl\u00e1n y Jerez); sus zonas arqueol\u00f3gicas, como la reci\u00e9n abierta en el Cerro del Te\u00fal; el hermoso centro hist\u00f3rico de su capital, nombrado Ciudad Patrimonio Mundial, en el cual los visitantes pueden realizar las t\u00edpicas callejoneadas, disfrutar de recorridos de leyenda, visitar el emblem\u00e1tico Cerro de la Bufa, adem\u00e1s de disfrutar de la gastronom\u00eda local con platillos como el asado de bodas, los tacos envenenados, queso, mezcal y dulces t\u00edpicos.<\/p>\n","protected":false},"excerpt":{"rendered":"<p>Este jueves Viva Aerobus inaugur\u00f3 su nuevo vuelo ciudad de M\u00e9xico- Zacatecas, el cual contar\u00e1 con una frecuencia diaria de ida y vuelta. Juan Carlos Zuazua, director general de la aerol\u00ednea destac\u00f3 que estar\u00e1n ofreciendo al destino 186 asientos, y resalt\u00f3 que por introducci\u00f3n estar\u00e1n manteniendo una tarifa de 898 pesos. Estiman que durante su [&hellip;]<\/p>\n","protected":false},"author":17,"featured_media":26120,"comment_status":"open","ping_status":"open","sticky":false,"template":"","format":"standard","meta":{"footnotes":""},"categories":[29,6],"tags":[678,295,2102,887],"yoast_head":"<!-- This site is optimized with the Yoast SEO plugin v22.2 - https:\/\/yoast.com\/wordpress\/plugins\/seo\/ -->\n<title>Viva Aerobus aterriza en Zacatecas - Nitu - Noticias de la Industria Turistica<\/title>\n<meta name=\"robots\" content=\"index, follow, max-snippet:-1, max-image-preview:large, max-video-preview:-1\" \/>\n<link rel=\"canonical\" href=\"https:\/\/nitu.mx\/index.php\/2018\/11\/02\/viva-aerobus-aterriza-en-zacatecas\/\" \/>\n<meta name=\"twitter:card\" content=\"summary_large_image\" \/>\n<meta name=\"twitter:title\" content=\"Viva Aerobus aterriza en Zacatecas - Nitu - Noticias de la Industria Turistica\" \/>\n<meta name=\"twitter:description\" content=\"Este jueves Viva Aerobus inaugur\u00f3 su nuevo vuelo ciudad de M\u00e9xico- Zacatecas, el cual contar\u00e1 con una frecuencia diaria de ida y vuelta. Juan Carlos Zuazua, director general de la aerol\u00ednea destac\u00f3 que estar\u00e1n ofreciendo al destino 186 asientos, y resalt\u00f3 que por introducci\u00f3n estar\u00e1n manteniendo una tarifa de 898 pesos. Estiman que durante su [&hellip;]\" \/>\n<meta name=\"twitter:image\" content=\"https:\/\/nitu.mx\/wp-content\/uploads\/2018\/11\/Vuelo-VivaAerobus-Zac-1-e1541121448720.jpeg\" \/>\n<meta name=\"twitter:creator\" content=\"@NITUmx\" \/>\n<meta name=\"twitter:site\" content=\"@Arturo_Medina_G\" \/>\n<meta name=\"twitter:label1\" content=\"Escrito por\" \/>\n\t<meta name=\"twitter:data1\" content=\"Redacci\u00f3n\" \/>\n\t<meta name=\"twitter:label2\" content=\"Tiempo de lectura\" \/>\n\t<meta name=\"twitter:data2\" content=\"2 minutos\" \/>\n<script type=\"application\/ld+json\" class=\"yoast-schema-graph\">{\"@context\":\"https:\/\/schema.org\",\"@graph\":[{\"@type\":\"Article\",\"@id\":\"https:\/\/nitu.mx\/index.php\/2018\/11\/02\/viva-aerobus-aterriza-en-zacatecas\/#article\",\"isPartOf\":{\"@id\":\"https:\/\/nitu.mx\/index.php\/2018\/11\/02\/viva-aerobus-aterriza-en-zacatecas\/\"},\"author\":{\"name\":\"Redacci\u00f3n\",\"@id\":\"https:\/\/nitu.mx\/#\/schema\/person\/4a28fe9bd65924f7c90623773daf1b0b\"},\"headline\":\"Viva Aerobus aterriza en Zacatecas\",\"datePublished\":\"2018-11-02T06:48:49+00:00\",\"dateModified\":\"2018-11-02T07:03:11+00:00\",\"mainEntityOfPage\":{\"@id\":\"https:\/\/nitu.mx\/index.php\/2018\/11\/02\/viva-aerobus-aterriza-en-zacatecas\/\"},\"wordCount\":379,\"commentCount\":0,\"publisher\":{\"@id\":\"https:\/\/nitu.mx\/#\/schema\/person\/ae7a53426417292d3dd07b45a33e01bc\"},\"image\":{\"@id\":\"https:\/\/nitu.mx\/index.php\/2018\/11\/02\/viva-aerobus-aterriza-en-zacatecas\/#primaryimage\"},\"thumbnailUrl\":\"https:\/\/nitu.mx\/wp-content\/uploads\/2018\/11\/Vuelo-VivaAerobus-Zac-1-e1541121448720.jpeg\",\"keywords\":[\"Eduardo Yarto\",\"Juan Carlos Zuazua\",\"Viva Aerobus\",\"Zacatecas\"],\"articleSection\":[\"Aerol\u00edneas\",\"M\u00e9xico\"],\"inLanguage\":\"es-MX\",\"potentialAction\":[{\"@type\":\"CommentAction\",\"name\":\"Comment\",\"target\":[\"https:\/\/nitu.mx\/index.php\/2018\/11\/02\/viva-aerobus-aterriza-en-zacatecas\/#respond\"]}]},{\"@type\":\"WebPage\",\"@id\":\"https:\/\/nitu.mx\/index.php\/2018\/11\/02\/viva-aerobus-aterriza-en-zacatecas\/\",\"url\":\"https:\/\/nitu.mx\/index.php\/2018\/11\/02\/viva-aerobus-aterriza-en-zacatecas\/\",\"name\":\"Viva Aerobus aterriza en Zacatecas - Nitu - Noticias de la Industria Turistica\",\"isPartOf\":{\"@id\":\"https:\/\/nitu.mx\/#website\"},\"primaryImageOfPage\":{\"@id\":\"https:\/\/nitu.mx\/index.php\/2018\/11\/02\/viva-aerobus-aterriza-en-zacatecas\/#primaryimage\"},\"image\":{\"@id\":\"https:\/\/nitu.mx\/index.php\/2018\/11\/02\/viva-aerobus-aterriza-en-zacatecas\/#primaryimage\"},\"thumbnailUrl\":\"https:\/\/nitu.mx\/wp-content\/uploads\/2018\/11\/Vuelo-VivaAerobus-Zac-1-e1541121448720.jpeg\",\"datePublished\":\"2018-11-02T06:48:49+00:00\",\"dateModified\":\"2018-11-02T07:03:11+00:00\",\"breadcrumb\":{\"@id\":\"https:\/\/nitu.mx\/index.php\/2018\/11\/02\/viva-aerobus-aterriza-en-zacatecas\/#breadcrumb\"},\"inLanguage\":\"es-MX\",\"potentialAction\":[{\"@type\":\"ReadAction\",\"target\":[\"https:\/\/nitu.mx\/index.php\/2018\/11\/02\/viva-aerobus-aterriza-en-zacatecas\/\"]}]},{\"@type\":\"ImageObject\",\"inLanguage\":\"es-MX\",\"@id\":\"https:\/\/nitu.mx\/index.php\/2018\/11\/02\/viva-aerobus-aterriza-en-zacatecas\/#primaryimage\",\"url\":\"https:\/\/nitu.mx\/wp-content\/uploads\/2018\/11\/Vuelo-VivaAerobus-Zac-1-e1541121448720.jpeg\",\"contentUrl\":\"https:\/\/nitu.mx\/wp-content\/uploads\/2018\/11\/Vuelo-VivaAerobus-Zac-1-e1541121448720.jpeg\",\"width\":600,\"height\":450},{\"@type\":\"BreadcrumbList\",\"@id\":\"https:\/\/nitu.mx\/index.php\/2018\/11\/02\/viva-aerobus-aterriza-en-zacatecas\/#breadcrumb\",\"itemListElement\":[{\"@type\":\"ListItem\",\"position\":1,\"name\":\"Inicio\",\"item\":\"https:\/\/nitu.mx\/\"},{\"@type\":\"ListItem\",\"position\":2,\"name\":\"Viva Aerobus aterriza en Zacatecas\"}]},{\"@type\":\"WebSite\",\"@id\":\"https:\/\/nitu.mx\/#website\",\"url\":\"https:\/\/nitu.mx\/\",\"name\":\"Nitu - Noticias de la Industria Turistica\",\"description\":\"Noticias de la Industria Turistica\",\"publisher\":{\"@id\":\"https:\/\/nitu.mx\/#\/schema\/person\/ae7a53426417292d3dd07b45a33e01bc\"},\"alternateName\":\"Noticias de la Industria Turistica\",\"potentialAction\":[{\"@type\":\"SearchAction\",\"target\":{\"@type\":\"EntryPoint\",\"urlTemplate\":\"https:\/\/nitu.mx\/?s={search_term_string}\"},\"query-input\":\"required name=search_term_string\"}],\"inLanguage\":\"es-MX\"},{\"@type\":[\"Person\",\"Organization\"],\"@id\":\"https:\/\/nitu.mx\/#\/schema\/person\/ae7a53426417292d3dd07b45a33e01bc\",\"name\":\"Arturo Medina\",\"image\":{\"@type\":\"ImageObject\",\"inLanguage\":\"es-MX\",\"@id\":\"https:\/\/nitu.mx\/#\/schema\/person\/image\/\",\"url\":\"https:\/\/nitu.mx\/wp-content\/uploads\/2024\/04\/4A315622-1904-4D5C-B022-878CDC840E04-90x90-1.jpeg\",\"contentUrl\":\"https:\/\/nitu.mx\/wp-content\/uploads\/2024\/04\/4A315622-1904-4D5C-B022-878CDC840E04-90x90-1.jpeg\",\"width\":90,\"height\":90,\"caption\":\"Arturo Medina\"},\"logo\":{\"@id\":\"https:\/\/nitu.mx\/#\/schema\/person\/image\/\"},\"description\":\"Director NITU.mx, Egresado de la Escuela de Periodismo Carlos Septi\u00e9n Garc\u00eda. Periodista y analista especializado en turismo desde hace 35 a\u00f1os, radicado en Canc\u00fan Q.Roo. arturo@nitu.mx\",\"sameAs\":[\"https:\/\/nitu.mx\",\"https:\/\/www.facebook.com\/NITUmx\/\",\"medinacancun\",\"https:\/\/twitter.com\/@Arturo_Medina_G\"]},{\"@type\":\"Person\",\"@id\":\"https:\/\/nitu.mx\/#\/schema\/person\/4a28fe9bd65924f7c90623773daf1b0b\",\"name\":\"Redacci\u00f3n\",\"image\":{\"@type\":\"ImageObject\",\"inLanguage\":\"es-MX\",\"@id\":\"https:\/\/nitu.mx\/#\/schema\/person\/image\/\",\"url\":\"https:\/\/secure.gravatar.com\/avatar\/5dd011c8ccfc5cd7e4c81e42252aab38?s=96&d=mm&r=g\",\"contentUrl\":\"https:\/\/secure.gravatar.com\/avatar\/5dd011c8ccfc5cd7e4c81e42252aab38?s=96&d=mm&r=g\",\"caption\":\"Redacci\u00f3n\"},\"url\":\"https:\/\/nitu.mx\/index.php\/author\/redaccion\/\"}]}<\/script>\n<!-- \/ Yoast SEO plugin. -->","yoast_head_json":{"title":"Viva Aerobus aterriza en Zacatecas - Nitu - Noticias de la Industria Turistica","robots":{"index":"index","follow":"follow","max-snippet":"max-snippet:-1","max-image-preview":"max-image-preview:large","max-video-preview":"max-video-preview:-1"},"canonical":"https:\/\/nitu.mx\/index.php\/2018\/11\/02\/viva-aerobus-aterriza-en-zacatecas\/","twitter_card":"summary_large_image","twitter_title":"Viva Aerobus aterriza en Zacatecas - Nitu - Noticias de la Industria Turistica","twitter_description":"Este jueves Viva Aerobus inaugur\u00f3 su nuevo vuelo ciudad de M\u00e9xico- Zacatecas, el cual contar\u00e1 con una frecuencia diaria de ida y vuelta. Juan Carlos Zuazua, director general de la aerol\u00ednea destac\u00f3 que estar\u00e1n ofreciendo al destino 186 asientos, y resalt\u00f3 que por introducci\u00f3n estar\u00e1n manteniendo una tarifa de 898 pesos. Estiman que durante su [&hellip;]","twitter_image":"https:\/\/nitu.mx\/wp-content\/uploads\/2018\/11\/Vuelo-VivaAerobus-Zac-1-e1541121448720.jpeg","twitter_creator":"@NITUmx","twitter_site":"@Arturo_Medina_G","twitter_misc":{"Escrito por":"Redacci\u00f3n","Tiempo de lectura":"2 minutos"},"schema":{"@context":"https:\/\/schema.org","@graph":[{"@type":"Article","@id":"https:\/\/nitu.mx\/index.php\/2018\/11\/02\/viva-aerobus-aterriza-en-zacatecas\/#article","isPartOf":{"@id":"https:\/\/nitu.mx\/index.php\/2018\/11\/02\/viva-aerobus-aterriza-en-zacatecas\/"},"author":{"name":"Redacci\u00f3n","@id":"https:\/\/nitu.mx\/#\/schema\/person\/4a28fe9bd65924f7c90623773daf1b0b"},"headline":"Viva Aerobus aterriza en Zacatecas","datePublished":"2018-11-02T06:48:49+00:00","dateModified":"2018-11-02T07:03:11+00:00","mainEntityOfPage":{"@id":"https:\/\/nitu.mx\/index.php\/2018\/11\/02\/viva-aerobus-aterriza-en-zacatecas\/"},"wordCount":379,"commentCount":0,"publisher":{"@id":"https:\/\/nitu.mx\/#\/schema\/person\/ae7a53426417292d3dd07b45a33e01bc"},"image":{"@id":"https:\/\/nitu.mx\/index.php\/2018\/11\/02\/viva-aerobus-aterriza-en-zacatecas\/#primaryimage"},"thumbnailUrl":"https:\/\/nitu.mx\/wp-content\/uploads\/2018\/11\/Vuelo-VivaAerobus-Zac-1-e1541121448720.jpeg","keywords":["Eduardo Yarto","Juan Carlos Zuazua","Viva Aerobus","Zacatecas"],"articleSection":["Aerol\u00edneas","M\u00e9xico"],"inLanguage":"es-MX","potentialAction":[{"@type":"CommentAction","name":"Comment","target":["https:\/\/nitu.mx\/index.php\/2018\/11\/02\/viva-aerobus-aterriza-en-zacatecas\/#respond"]}]},{"@type":"WebPage","@id":"https:\/\/nitu.mx\/index.php\/2018\/11\/02\/viva-aerobus-aterriza-en-zacatecas\/","url":"https:\/\/nitu.mx\/index.php\/2018\/11\/02\/viva-aerobus-aterriza-en-zacatecas\/","name":"Viva Aerobus aterriza en Zacatecas - Nitu - Noticias de la Industria Turistica","isPartOf":{"@id":"https:\/\/nitu.mx\/#website"},"primaryImageOfPage":{"@id":"https:\/\/nitu.mx\/index.php\/2018\/11\/02\/viva-aerobus-aterriza-en-zacatecas\/#primaryimage"},"image":{"@id":"https:\/\/nitu.mx\/index.php\/2018\/11\/02\/viva-aerobus-aterriza-en-zacatecas\/#primaryimage"},"thumbnailUrl":"https:\/\/nitu.mx\/wp-content\/uploads\/2018\/11\/Vuelo-VivaAerobus-Zac-1-e1541121448720.jpeg","datePublished":"2018-11-02T06:48:49+00:00","dateModified":"2018-11-02T07:03:11+00:00","breadcrumb":{"@id":"https:\/\/nitu.mx\/index.php\/2018\/11\/02\/viva-aerobus-aterriza-en-zacatecas\/#breadcrumb"},"inLanguage":"es-MX","potentialAction":[{"@type":"ReadAction","target":["https:\/\/nitu.mx\/index.php\/2018\/11\/02\/viva-aerobus-aterriza-en-zacatecas\/"]}]},{"@type":"ImageObject","inLanguage":"es-MX","@id":"https:\/\/nitu.mx\/index.php\/2018\/11\/02\/viva-aerobus-aterriza-en-zacatecas\/#primaryimage","url":"https:\/\/nitu.mx\/wp-content\/uploads\/2018\/11\/Vuelo-VivaAerobus-Zac-1-e1541121448720.jpeg","contentUrl":"https:\/\/nitu.mx\/wp-content\/uploads\/2018\/11\/Vuelo-VivaAerobus-Zac-1-e1541121448720.jpeg","width":600,"height":450},{"@type":"BreadcrumbList","@id":"https:\/\/nitu.mx\/index.php\/2018\/11\/02\/viva-aerobus-aterriza-en-zacatecas\/#breadcrumb","itemListElement":[{"@type":"ListItem","position":1,"name":"Inicio","item":"https:\/\/nitu.mx\/"},{"@type":"ListItem","position":2,"name":"Viva Aerobus aterriza en Zacatecas"}]},{"@type":"WebSite","@id":"https:\/\/nitu.mx\/#website","url":"https:\/\/nitu.mx\/","name":"Nitu - Noticias de la Industria Turistica","description":"Noticias de la Industria Turistica","publisher":{"@id":"https:\/\/nitu.mx\/#\/schema\/person\/ae7a53426417292d3dd07b45a33e01bc"},"alternateName":"Noticias de la Industria Turistica","potentialAction":[{"@type":"SearchAction","target":{"@type":"EntryPoint","urlTemplate":"https:\/\/nitu.mx\/?s={search_term_string}"},"query-input":"required name=search_term_string"}],"inLanguage":"es-MX"},{"@type":["Person","Organization"],"@id":"https:\/\/nitu.mx\/#\/schema\/person\/ae7a53426417292d3dd07b45a33e01bc","name":"Arturo Medina","image":{"@type":"ImageObject","inLanguage":"es-MX","@id":"https:\/\/nitu.mx\/#\/schema\/person\/image\/","url":"https:\/\/nitu.mx\/wp-content\/uploads\/2024\/04\/4A315622-1904-4D5C-B022-878CDC840E04-90x90-1.jpeg","contentUrl":"https:\/\/nitu.mx\/wp-content\/uploads\/2024\/04\/4A315622-1904-4D5C-B022-878CDC840E04-90x90-1.jpeg","width":90,"height":90,"caption":"Arturo Medina"},"logo":{"@id":"https:\/\/nitu.mx\/#\/schema\/person\/image\/"},"description":"Director NITU.mx, Egresado de la Escuela de Periodismo Carlos Septi\u00e9n Garc\u00eda. Periodista y analista especializado en turismo desde hace 35 a\u00f1os, radicado en Canc\u00fan Q.Roo. arturo@nitu.mx","sameAs":["https:\/\/nitu.mx","https:\/\/www.facebook.com\/NITUmx\/","medinacancun","https:\/\/twitter.com\/@Arturo_Medina_G"]},{"@type":"Person","@id":"https:\/\/nitu.mx\/#\/schema\/person\/4a28fe9bd65924f7c90623773daf1b0b","name":"Redacci\u00f3n","image":{"@type":"ImageObject","inLanguage":"es-MX","@id":"https:\/\/nitu.mx\/#\/schema\/person\/image\/","url":"https:\/\/secure.gravatar.com\/avatar\/5dd011c8ccfc5cd7e4c81e42252aab38?s=96&d=mm&r=g","contentUrl":"https:\/\/secure.gravatar.com\/avatar\/5dd011c8ccfc5cd7e4c81e42252aab38?s=96&d=mm&r=g","caption":"Redacci\u00f3n"},"url":"https:\/\/nitu.mx\/index.php\/author\/redaccion\/"}]}},"views":299,"_links":{"self":[{"href":"https:\/\/nitu.mx\/index.php\/wp-json\/wp\/v2\/posts\/26117"}],"collection":[{"href":"https:\/\/nitu.mx\/index.php\/wp-json\/wp\/v2\/posts"}],"about":[{"href":"https:\/\/nitu.mx\/index.php\/wp-json\/wp\/v2\/types\/post"}],"author":[{"embeddable":true,"href":"https:\/\/nitu.mx\/index.php\/wp-json\/wp\/v2\/users\/17"}],"replies":[{"embeddable":true,"href":"https:\/\/nitu.mx\/index.php\/wp-json\/wp\/v2\/comments?post=26117"}],"version-history":[{"count":2,"href":"https:\/\/nitu.mx\/index.php\/wp-json\/wp\/v2\/posts\/26117\/revisions"}],"predecessor-version":[{"id":26145,"href":"https:\/\/nitu.mx\/index.php\/wp-json\/wp\/v2\/posts\/26117\/revisions\/26145"}],"wp:featuredmedia":[{"embeddable":true,"href":"https:\/\/nitu.mx\/index.php\/wp-json\/wp\/v2\/media\/26120"}],"wp:attachment":[{"href":"https:\/\/nitu.mx\/index.php\/wp-json\/wp\/v2\/media?parent=26117"}],"wp:term":[{"taxonomy":"category","embeddable":true,"href":"https:\/\/nitu.mx\/index.php\/wp-json\/wp\/v2\/categories?post=26117"},{"taxonomy":"post_tag","embeddable":true,"href":"https:\/\/nitu.mx\/index.php\/wp-json\/wp\/v2\/tags?post=26117"}],"curies":[{"name":"wp","href":"https:\/\/api.w.org\/{rel}","templated":true}]}}