{"id":26114,"date":"2018-11-02T02:01:45","date_gmt":"2018-11-02T07:01:45","guid":{"rendered":"https:\/\/www.dev.nitu.mx\/?p=26114"},"modified":"2018-11-02T02:02:33","modified_gmt":"2018-11-02T07:02:33","slug":"los-espanoles-los-segundos-turistas-europeos-que-mas-viajan-a-mexico","status":"publish","type":"post","link":"https:\/\/nitu.mx\/index.php\/2018\/11\/02\/los-espanoles-los-segundos-turistas-europeos-que-mas-viajan-a-mexico\/","title":{"rendered":"Los espa\u00f1oles, los segundos turistas europeos que m\u00e1s viajan a M\u00e9xico"},"content":{"rendered":"<p>Los espa\u00f1oles son los segundos turistas europeos que m\u00e1s visitan M\u00e9xico, por lo que Espa\u00f1a es el segundo mercado emisor europeo para el pa\u00eds azteca, por detr\u00e1s de Reino Unido, as\u00ed como el s\u00e9ptimo a nivel mundial. Adem\u00e1s, los destinos m\u00e1s demandados por los visitantes espa\u00f1oles son Ciudad de M\u00e9xico, Canc\u00fan y Riviera Maya.<\/p>\n<p>Seg\u00fan ha informado El Economista, M\u00e9xico recibi\u00f3 191.700 turistas procedentes de Espa\u00f1a en los \u00faltimos ocho meses, de acuerdo con los datos manejados por Turismo de M\u00e9xico. A nivel global, 39,3 millones de for\u00e1neos visitaron el pa\u00eds azteca, lo que supone un incremento del 78,7% en las visitas internacionales desde 2012, todo un r\u00e9cord hist\u00f3rico.<\/p>\n<p>En esta l\u00ednea, M\u00e9xico es el sexto pa\u00eds m\u00e1s visitado del mundo, donde la aportaci\u00f3n del turismo representa el 8,7% del PIB, que son m\u00e1s de 18.700 millones de euros y supone la creaci\u00f3n de m\u00e1s de diez millones de empleos, tal y como informa la Organizaci\u00f3n Mundial de Turismo (OMT).<\/p>\n<p>La oficina de turismo de M\u00e9xico considera que los buenos datos corresponden al aumento de la conectividad a\u00e9rea a mercados prioritarios, as\u00ed como a la oferta de nuevos productos tur\u00edsticos. Tal es as\u00ed que las rutas nacionales han crecido un 41% y las internacionales un 28%, mientras que las visitas europeas han subido un 33%, con un incremento de 1,5 millones de asientos en vuelos internacionales. (Agencias).<\/p>\n","protected":false},"excerpt":{"rendered":"<p>Los espa\u00f1oles son los segundos turistas europeos que m\u00e1s visitan M\u00e9xico, por lo que Espa\u00f1a es el segundo mercado emisor europeo para el pa\u00eds azteca, por detr\u00e1s de Reino Unido, as\u00ed como el s\u00e9ptimo a nivel mundial. Adem\u00e1s, los destinos m\u00e1s demandados por los visitantes espa\u00f1oles son Ciudad de M\u00e9xico, Canc\u00fan y Riviera Maya. Seg\u00fan [&hellip;]<\/p>\n","protected":false},"author":17,"featured_media":25316,"comment_status":"open","ping_status":"open","sticky":false,"template":"","format":"standard","meta":{"footnotes":""},"categories":[12,6],"tags":[8877,5576,68,4460,11757],"yoast_head":"<!-- This site is optimized with the Yoast SEO plugin v22.2 - https:\/\/yoast.com\/wordpress\/plugins\/seo\/ -->\n<title>Los espa\u00f1oles, los segundos turistas europeos que m\u00e1s viajan a M\u00e9xico - Nitu - Noticias de la Industria Turistica<\/title>\n<meta name=\"robots\" content=\"index, follow, max-snippet:-1, max-image-preview:large, max-video-preview:-1\" \/>\n<link rel=\"canonical\" href=\"https:\/\/nitu.mx\/index.php\/2018\/11\/02\/los-espanoles-los-segundos-turistas-europeos-que-mas-viajan-a-mexico\/\" \/>\n<meta name=\"twitter:card\" content=\"summary_large_image\" \/>\n<meta name=\"twitter:title\" content=\"Los espa\u00f1oles, los segundos turistas europeos que m\u00e1s viajan a M\u00e9xico - Nitu - Noticias de la Industria Turistica\" \/>\n<meta name=\"twitter:description\" content=\"Los espa\u00f1oles son los segundos turistas europeos que m\u00e1s visitan M\u00e9xico, por lo que Espa\u00f1a es el segundo mercado emisor europeo para el pa\u00eds azteca, por detr\u00e1s de Reino Unido, as\u00ed como el s\u00e9ptimo a nivel mundial. Adem\u00e1s, los destinos m\u00e1s demandados por los visitantes espa\u00f1oles son Ciudad de M\u00e9xico, Canc\u00fan y Riviera Maya. Seg\u00fan [&hellip;]\" \/>\n<meta name=\"twitter:image\" content=\"https:\/\/nitu.mx\/wp-content\/uploads\/2018\/10\/riviera-maya.jpg\" \/>\n<meta name=\"twitter:creator\" content=\"@NITUmx\" \/>\n<meta name=\"twitter:site\" content=\"@Arturo_Medina_G\" \/>\n<meta name=\"twitter:label1\" content=\"Escrito por\" \/>\n\t<meta name=\"twitter:data1\" content=\"Redacci\u00f3n\" \/>\n\t<meta name=\"twitter:label2\" content=\"Tiempo de lectura\" \/>\n\t<meta name=\"twitter:data2\" content=\"1 minuto\" \/>\n<script type=\"application\/ld+json\" class=\"yoast-schema-graph\">{\"@context\":\"https:\/\/schema.org\",\"@graph\":[{\"@type\":\"Article\",\"@id\":\"https:\/\/nitu.mx\/index.php\/2018\/11\/02\/los-espanoles-los-segundos-turistas-europeos-que-mas-viajan-a-mexico\/#article\",\"isPartOf\":{\"@id\":\"https:\/\/nitu.mx\/index.php\/2018\/11\/02\/los-espanoles-los-segundos-turistas-europeos-que-mas-viajan-a-mexico\/\"},\"author\":{\"name\":\"Redacci\u00f3n\",\"@id\":\"https:\/\/nitu.mx\/#\/schema\/person\/4a28fe9bd65924f7c90623773daf1b0b\"},\"headline\":\"Los espa\u00f1oles, los segundos turistas europeos que m\u00e1s viajan a M\u00e9xico\",\"datePublished\":\"2018-11-02T07:01:45+00:00\",\"dateModified\":\"2018-11-02T07:02:33+00:00\",\"mainEntityOfPage\":{\"@id\":\"https:\/\/nitu.mx\/index.php\/2018\/11\/02\/los-espanoles-los-segundos-turistas-europeos-que-mas-viajan-a-mexico\/\"},\"wordCount\":263,\"commentCount\":0,\"publisher\":{\"@id\":\"https:\/\/nitu.mx\/#\/schema\/person\/ae7a53426417292d3dd07b45a33e01bc\"},\"image\":{\"@id\":\"https:\/\/nitu.mx\/index.php\/2018\/11\/02\/los-espanoles-los-segundos-turistas-europeos-que-mas-viajan-a-mexico\/#primaryimage\"},\"thumbnailUrl\":\"https:\/\/nitu.mx\/wp-content\/uploads\/2018\/10\/riviera-maya.jpg\",\"keywords\":[\"espa\u00f1oles\",\"europeos\",\"M\u00e9xico\",\"turistas\",\"viajan\"],\"articleSection\":[\"Marketing\",\"M\u00e9xico\"],\"inLanguage\":\"es-MX\",\"potentialAction\":[{\"@type\":\"CommentAction\",\"name\":\"Comment\",\"target\":[\"https:\/\/nitu.mx\/index.php\/2018\/11\/02\/los-espanoles-los-segundos-turistas-europeos-que-mas-viajan-a-mexico\/#respond\"]}]},{\"@type\":\"WebPage\",\"@id\":\"https:\/\/nitu.mx\/index.php\/2018\/11\/02\/los-espanoles-los-segundos-turistas-europeos-que-mas-viajan-a-mexico\/\",\"url\":\"https:\/\/nitu.mx\/index.php\/2018\/11\/02\/los-espanoles-los-segundos-turistas-europeos-que-mas-viajan-a-mexico\/\",\"name\":\"Los espa\u00f1oles, los segundos turistas europeos que m\u00e1s viajan a M\u00e9xico - Nitu - Noticias de la Industria Turistica\",\"isPartOf\":{\"@id\":\"https:\/\/nitu.mx\/#website\"},\"primaryImageOfPage\":{\"@id\":\"https:\/\/nitu.mx\/index.php\/2018\/11\/02\/los-espanoles-los-segundos-turistas-europeos-que-mas-viajan-a-mexico\/#primaryimage\"},\"image\":{\"@id\":\"https:\/\/nitu.mx\/index.php\/2018\/11\/02\/los-espanoles-los-segundos-turistas-europeos-que-mas-viajan-a-mexico\/#primaryimage\"},\"thumbnailUrl\":\"https:\/\/nitu.mx\/wp-content\/uploads\/2018\/10\/riviera-maya.jpg\",\"datePublished\":\"2018-11-02T07:01:45+00:00\",\"dateModified\":\"2018-11-02T07:02:33+00:00\",\"breadcrumb\":{\"@id\":\"https:\/\/nitu.mx\/index.php\/2018\/11\/02\/los-espanoles-los-segundos-turistas-europeos-que-mas-viajan-a-mexico\/#breadcrumb\"},\"inLanguage\":\"es-MX\",\"potentialAction\":[{\"@type\":\"ReadAction\",\"target\":[\"https:\/\/nitu.mx\/index.php\/2018\/11\/02\/los-espanoles-los-segundos-turistas-europeos-que-mas-viajan-a-mexico\/\"]}]},{\"@type\":\"ImageObject\",\"inLanguage\":\"es-MX\",\"@id\":\"https:\/\/nitu.mx\/index.php\/2018\/11\/02\/los-espanoles-los-segundos-turistas-europeos-que-mas-viajan-a-mexico\/#primaryimage\",\"url\":\"https:\/\/nitu.mx\/wp-content\/uploads\/2018\/10\/riviera-maya.jpg\",\"contentUrl\":\"https:\/\/nitu.mx\/wp-content\/uploads\/2018\/10\/riviera-maya.jpg\",\"width\":850,\"height\":480,\"caption\":\"riviera maya\"},{\"@type\":\"BreadcrumbList\",\"@id\":\"https:\/\/nitu.mx\/index.php\/2018\/11\/02\/los-espanoles-los-segundos-turistas-europeos-que-mas-viajan-a-mexico\/#breadcrumb\",\"itemListElement\":[{\"@type\":\"ListItem\",\"position\":1,\"name\":\"Inicio\",\"item\":\"https:\/\/nitu.mx\/\"},{\"@type\":\"ListItem\",\"position\":2,\"name\":\"Los espa\u00f1oles, los segundos turistas europeos que m\u00e1s viajan a M\u00e9xico\"}]},{\"@type\":\"WebSite\",\"@id\":\"https:\/\/nitu.mx\/#website\",\"url\":\"https:\/\/nitu.mx\/\",\"name\":\"Nitu - Noticias de la Industria Turistica\",\"description\":\"Noticias de la Industria Turistica\",\"publisher\":{\"@id\":\"https:\/\/nitu.mx\/#\/schema\/person\/ae7a53426417292d3dd07b45a33e01bc\"},\"alternateName\":\"Noticias de la Industria Turistica\",\"potentialAction\":[{\"@type\":\"SearchAction\",\"target\":{\"@type\":\"EntryPoint\",\"urlTemplate\":\"https:\/\/nitu.mx\/?s={search_term_string}\"},\"query-input\":\"required name=search_term_string\"}],\"inLanguage\":\"es-MX\"},{\"@type\":[\"Person\",\"Organization\"],\"@id\":\"https:\/\/nitu.mx\/#\/schema\/person\/ae7a53426417292d3dd07b45a33e01bc\",\"name\":\"Arturo Medina\",\"image\":{\"@type\":\"ImageObject\",\"inLanguage\":\"es-MX\",\"@id\":\"https:\/\/nitu.mx\/#\/schema\/person\/image\/\",\"url\":\"https:\/\/nitu.mx\/wp-content\/uploads\/2024\/04\/4A315622-1904-4D5C-B022-878CDC840E04-90x90-1.jpeg\",\"contentUrl\":\"https:\/\/nitu.mx\/wp-content\/uploads\/2024\/04\/4A315622-1904-4D5C-B022-878CDC840E04-90x90-1.jpeg\",\"width\":90,\"height\":90,\"caption\":\"Arturo Medina\"},\"logo\":{\"@id\":\"https:\/\/nitu.mx\/#\/schema\/person\/image\/\"},\"description\":\"Director NITU.mx, Egresado de la Escuela de Periodismo Carlos Septi\u00e9n Garc\u00eda. Periodista y analista especializado en turismo desde hace 35 a\u00f1os, radicado en Canc\u00fan Q.Roo. arturo@nitu.mx\",\"sameAs\":[\"https:\/\/nitu.mx\",\"https:\/\/www.facebook.com\/NITUmx\/\",\"medinacancun\",\"https:\/\/twitter.com\/@Arturo_Medina_G\"]},{\"@type\":\"Person\",\"@id\":\"https:\/\/nitu.mx\/#\/schema\/person\/4a28fe9bd65924f7c90623773daf1b0b\",\"name\":\"Redacci\u00f3n\",\"image\":{\"@type\":\"ImageObject\",\"inLanguage\":\"es-MX\",\"@id\":\"https:\/\/nitu.mx\/#\/schema\/person\/image\/\",\"url\":\"https:\/\/secure.gravatar.com\/avatar\/5dd011c8ccfc5cd7e4c81e42252aab38?s=96&d=mm&r=g\",\"contentUrl\":\"https:\/\/secure.gravatar.com\/avatar\/5dd011c8ccfc5cd7e4c81e42252aab38?s=96&d=mm&r=g\",\"caption\":\"Redacci\u00f3n\"},\"url\":\"https:\/\/nitu.mx\/index.php\/author\/redaccion\/\"}]}<\/script>\n<!-- \/ Yoast SEO plugin. -->","yoast_head_json":{"title":"Los espa\u00f1oles, los segundos turistas europeos que m\u00e1s viajan a M\u00e9xico - Nitu - Noticias de la Industria Turistica","robots":{"index":"index","follow":"follow","max-snippet":"max-snippet:-1","max-image-preview":"max-image-preview:large","max-video-preview":"max-video-preview:-1"},"canonical":"https:\/\/nitu.mx\/index.php\/2018\/11\/02\/los-espanoles-los-segundos-turistas-europeos-que-mas-viajan-a-mexico\/","twitter_card":"summary_large_image","twitter_title":"Los espa\u00f1oles, los segundos turistas europeos que m\u00e1s viajan a M\u00e9xico - Nitu - Noticias de la Industria Turistica","twitter_description":"Los espa\u00f1oles son los segundos turistas europeos que m\u00e1s visitan M\u00e9xico, por lo que Espa\u00f1a es el segundo mercado emisor europeo para el pa\u00eds azteca, por detr\u00e1s de Reino Unido, as\u00ed como el s\u00e9ptimo a nivel mundial. Adem\u00e1s, los destinos m\u00e1s demandados por los visitantes espa\u00f1oles son Ciudad de M\u00e9xico, Canc\u00fan y Riviera Maya. Seg\u00fan [&hellip;]","twitter_image":"https:\/\/nitu.mx\/wp-content\/uploads\/2018\/10\/riviera-maya.jpg","twitter_creator":"@NITUmx","twitter_site":"@Arturo_Medina_G","twitter_misc":{"Escrito por":"Redacci\u00f3n","Tiempo de lectura":"1 minuto"},"schema":{"@context":"https:\/\/schema.org","@graph":[{"@type":"Article","@id":"https:\/\/nitu.mx\/index.php\/2018\/11\/02\/los-espanoles-los-segundos-turistas-europeos-que-mas-viajan-a-mexico\/#article","isPartOf":{"@id":"https:\/\/nitu.mx\/index.php\/2018\/11\/02\/los-espanoles-los-segundos-turistas-europeos-que-mas-viajan-a-mexico\/"},"author":{"name":"Redacci\u00f3n","@id":"https:\/\/nitu.mx\/#\/schema\/person\/4a28fe9bd65924f7c90623773daf1b0b"},"headline":"Los espa\u00f1oles, los segundos turistas europeos que m\u00e1s viajan a M\u00e9xico","datePublished":"2018-11-02T07:01:45+00:00","dateModified":"2018-11-02T07:02:33+00:00","mainEntityOfPage":{"@id":"https:\/\/nitu.mx\/index.php\/2018\/11\/02\/los-espanoles-los-segundos-turistas-europeos-que-mas-viajan-a-mexico\/"},"wordCount":263,"commentCount":0,"publisher":{"@id":"https:\/\/nitu.mx\/#\/schema\/person\/ae7a53426417292d3dd07b45a33e01bc"},"image":{"@id":"https:\/\/nitu.mx\/index.php\/2018\/11\/02\/los-espanoles-los-segundos-turistas-europeos-que-mas-viajan-a-mexico\/#primaryimage"},"thumbnailUrl":"https:\/\/nitu.mx\/wp-content\/uploads\/2018\/10\/riviera-maya.jpg","keywords":["espa\u00f1oles","europeos","M\u00e9xico","turistas","viajan"],"articleSection":["Marketing","M\u00e9xico"],"inLanguage":"es-MX","potentialAction":[{"@type":"CommentAction","name":"Comment","target":["https:\/\/nitu.mx\/index.php\/2018\/11\/02\/los-espanoles-los-segundos-turistas-europeos-que-mas-viajan-a-mexico\/#respond"]}]},{"@type":"WebPage","@id":"https:\/\/nitu.mx\/index.php\/2018\/11\/02\/los-espanoles-los-segundos-turistas-europeos-que-mas-viajan-a-mexico\/","url":"https:\/\/nitu.mx\/index.php\/2018\/11\/02\/los-espanoles-los-segundos-turistas-europeos-que-mas-viajan-a-mexico\/","name":"Los espa\u00f1oles, los segundos turistas europeos que m\u00e1s viajan a M\u00e9xico - Nitu - Noticias de la Industria Turistica","isPartOf":{"@id":"https:\/\/nitu.mx\/#website"},"primaryImageOfPage":{"@id":"https:\/\/nitu.mx\/index.php\/2018\/11\/02\/los-espanoles-los-segundos-turistas-europeos-que-mas-viajan-a-mexico\/#primaryimage"},"image":{"@id":"https:\/\/nitu.mx\/index.php\/2018\/11\/02\/los-espanoles-los-segundos-turistas-europeos-que-mas-viajan-a-mexico\/#primaryimage"},"thumbnailUrl":"https:\/\/nitu.mx\/wp-content\/uploads\/2018\/10\/riviera-maya.jpg","datePublished":"2018-11-02T07:01:45+00:00","dateModified":"2018-11-02T07:02:33+00:00","breadcrumb":{"@id":"https:\/\/nitu.mx\/index.php\/2018\/11\/02\/los-espanoles-los-segundos-turistas-europeos-que-mas-viajan-a-mexico\/#breadcrumb"},"inLanguage":"es-MX","potentialAction":[{"@type":"ReadAction","target":["https:\/\/nitu.mx\/index.php\/2018\/11\/02\/los-espanoles-los-segundos-turistas-europeos-que-mas-viajan-a-mexico\/"]}]},{"@type":"ImageObject","inLanguage":"es-MX","@id":"https:\/\/nitu.mx\/index.php\/2018\/11\/02\/los-espanoles-los-segundos-turistas-europeos-que-mas-viajan-a-mexico\/#primaryimage","url":"https:\/\/nitu.mx\/wp-content\/uploads\/2018\/10\/riviera-maya.jpg","contentUrl":"https:\/\/nitu.mx\/wp-content\/uploads\/2018\/10\/riviera-maya.jpg","width":850,"height":480,"caption":"riviera maya"},{"@type":"BreadcrumbList","@id":"https:\/\/nitu.mx\/index.php\/2018\/11\/02\/los-espanoles-los-segundos-turistas-europeos-que-mas-viajan-a-mexico\/#breadcrumb","itemListElement":[{"@type":"ListItem","position":1,"name":"Inicio","item":"https:\/\/nitu.mx\/"},{"@type":"ListItem","position":2,"name":"Los espa\u00f1oles, los segundos turistas europeos que m\u00e1s viajan a M\u00e9xico"}]},{"@type":"WebSite","@id":"https:\/\/nitu.mx\/#website","url":"https:\/\/nitu.mx\/","name":"Nitu - Noticias de la Industria Turistica","description":"Noticias de la Industria Turistica","publisher":{"@id":"https:\/\/nitu.mx\/#\/schema\/person\/ae7a53426417292d3dd07b45a33e01bc"},"alternateName":"Noticias de la Industria Turistica","potentialAction":[{"@type":"SearchAction","target":{"@type":"EntryPoint","urlTemplate":"https:\/\/nitu.mx\/?s={search_term_string}"},"query-input":"required name=search_term_string"}],"inLanguage":"es-MX"},{"@type":["Person","Organization"],"@id":"https:\/\/nitu.mx\/#\/schema\/person\/ae7a53426417292d3dd07b45a33e01bc","name":"Arturo Medina","image":{"@type":"ImageObject","inLanguage":"es-MX","@id":"https:\/\/nitu.mx\/#\/schema\/person\/image\/","url":"https:\/\/nitu.mx\/wp-content\/uploads\/2024\/04\/4A315622-1904-4D5C-B022-878CDC840E04-90x90-1.jpeg","contentUrl":"https:\/\/nitu.mx\/wp-content\/uploads\/2024\/04\/4A315622-1904-4D5C-B022-878CDC840E04-90x90-1.jpeg","width":90,"height":90,"caption":"Arturo Medina"},"logo":{"@id":"https:\/\/nitu.mx\/#\/schema\/person\/image\/"},"description":"Director NITU.mx, Egresado de la Escuela de Periodismo Carlos Septi\u00e9n Garc\u00eda. Periodista y analista especializado en turismo desde hace 35 a\u00f1os, radicado en Canc\u00fan Q.Roo. arturo@nitu.mx","sameAs":["https:\/\/nitu.mx","https:\/\/www.facebook.com\/NITUmx\/","medinacancun","https:\/\/twitter.com\/@Arturo_Medina_G"]},{"@type":"Person","@id":"https:\/\/nitu.mx\/#\/schema\/person\/4a28fe9bd65924f7c90623773daf1b0b","name":"Redacci\u00f3n","image":{"@type":"ImageObject","inLanguage":"es-MX","@id":"https:\/\/nitu.mx\/#\/schema\/person\/image\/","url":"https:\/\/secure.gravatar.com\/avatar\/5dd011c8ccfc5cd7e4c81e42252aab38?s=96&d=mm&r=g","contentUrl":"https:\/\/secure.gravatar.com\/avatar\/5dd011c8ccfc5cd7e4c81e42252aab38?s=96&d=mm&r=g","caption":"Redacci\u00f3n"},"url":"https:\/\/nitu.mx\/index.php\/author\/redaccion\/"}]}},"views":360,"_links":{"self":[{"href":"https:\/\/nitu.mx\/index.php\/wp-json\/wp\/v2\/posts\/26114"}],"collection":[{"href":"https:\/\/nitu.mx\/index.php\/wp-json\/wp\/v2\/posts"}],"about":[{"href":"https:\/\/nitu.mx\/index.php\/wp-json\/wp\/v2\/types\/post"}],"author":[{"embeddable":true,"href":"https:\/\/nitu.mx\/index.php\/wp-json\/wp\/v2\/users\/17"}],"replies":[{"embeddable":true,"href":"https:\/\/nitu.mx\/index.php\/wp-json\/wp\/v2\/comments?post=26114"}],"version-history":[{"count":1,"href":"https:\/\/nitu.mx\/index.php\/wp-json\/wp\/v2\/posts\/26114\/revisions"}],"predecessor-version":[{"id":26115,"href":"https:\/\/nitu.mx\/index.php\/wp-json\/wp\/v2\/posts\/26114\/revisions\/26115"}],"wp:featuredmedia":[{"embeddable":true,"href":"https:\/\/nitu.mx\/index.php\/wp-json\/wp\/v2\/media\/25316"}],"wp:attachment":[{"href":"https:\/\/nitu.mx\/index.php\/wp-json\/wp\/v2\/media?parent=26114"}],"wp:term":[{"taxonomy":"category","embeddable":true,"href":"https:\/\/nitu.mx\/index.php\/wp-json\/wp\/v2\/categories?post=26114"},{"taxonomy":"post_tag","embeddable":true,"href":"https:\/\/nitu.mx\/index.php\/wp-json\/wp\/v2\/tags?post=26114"}],"curies":[{"name":"wp","href":"https:\/\/api.w.org\/{rel}","templated":true}]}}