{"id":25934,"date":"2018-10-29T03:01:28","date_gmt":"2018-10-29T08:01:28","guid":{"rendered":"https:\/\/www.dev.nitu.mx\/?p=25934"},"modified":"2018-10-29T03:09:16","modified_gmt":"2018-10-29T08:09:16","slug":"pricetravel-participa-en-la-fiesta-amigos-de-mazatlan","status":"publish","type":"post","link":"https:\/\/nitu.mx\/index.php\/2018\/10\/29\/pricetravel-participa-en-la-fiesta-amigos-de-mazatlan\/","title":{"rendered":"PriceTravel participa en la Fiesta amigos de Mazatl\u00e1n"},"content":{"rendered":"<p>PriceTravel Holding se une a la celebraci\u00f3n de la XXIV edici\u00f3n de la Fiesta Amigos de Mazatl\u00e1n, evento tur\u00edstico, cultural y gastron\u00f3mico, donde la industria tur\u00edstica mazatleca dar\u00e1 la bienvenida a los m\u00e1s importantes operadores, mayoristas, l\u00edneas \u00e1reas y agentes de viajes, nacionales e internacionales, quienes durante 4 d\u00edas realizar\u00e1n una serie de actividades y reuniones de negocios con el fin de promocionar el destino.<\/p>\n<p>En esta ocasi\u00f3n, la fiesta tur\u00edstica espera una asistencia de m\u00e1s de 300 operadores tur\u00edsticos, mayoristas y medios de comunicaci\u00f3n; el objetivo del evento estar\u00e1 enfocado al tema de negocios como lo especific\u00f3 Julio Birrueta, director de mercadotecnia de la Asociaci\u00f3n de Hoteles y Empresas Tur\u00edsticas de Mazatl\u00e1n.<\/p>\n<p>Tras el paso, casi desapercibido, del hurac\u00e1n Willa, Mazatl\u00e1n demuestra que su infraestructura tur\u00edstica se encuentra mejor que nunca y espera a los mayores exponentes de la industria para este gran evento.<\/p>\n<p>Este evento se presenta como una oportunidad para fortalecer el sector tur\u00edstico en Mazatl\u00e1n y en ese sentido PriceTravel Holding, la agencia de viajes en l\u00ednea y mayorista m\u00e1s importante de Latinoam\u00e9rica, se\u00f1al\u00f3 que durante el per\u00edodo de enero a septiembre, sus ventas totales hacia el destino han tenido un crecimiento del 40% respecto al a\u00f1o anterior.<\/p>\n<p>De igual manera, la compa\u00f1\u00eda ha reportado que la venta de cuartos noche ha incrementado en un 45% respecto al mismo periodo, esto sin duda gracias a las hermosas playas, espacios culturales y la oferta gastron\u00f3mica y hotelera del destino.<\/p>\n<p>En el marco del evento, la empresa llevar\u00e1 a cabo un seminario dirigido a hoteleros el d\u00eda 29 de octubre en las instalaciones del Luna Palace Hotel &amp; Suites, en el que se abordar\u00e1n temas como \u201cPr\u00e1cticas de mejora en estructuras tarifarias\u201d y \u201cNovedades de extranet\u201d, lo cual ser\u00e1 de mucho beneficio para los hoteles participantes.<\/p>\n<p>\u201cEs muy importante para PriceTravel Holding estar presentes en este evento, pues nos permite tener un mayor acercamiento con las bondades que ofrece este destino, as\u00ed como crear lazos para continuar promoviendo a Mazatl\u00e1n como uno de los principales destinos tur\u00edsticos del pa\u00eds.\u201d, coment\u00f3 Pablo Castro, Director de Marketing y Relaci\u00f3n con Proveedores de PriceTravel Holding.<\/p>\n","protected":false},"excerpt":{"rendered":"<p>PriceTravel Holding se une a la celebraci\u00f3n de la XXIV edici\u00f3n de la Fiesta Amigos de Mazatl\u00e1n, evento tur\u00edstico, cultural y gastron\u00f3mico, donde la industria tur\u00edstica mazatleca dar\u00e1 la bienvenida a los m\u00e1s importantes operadores, mayoristas, l\u00edneas \u00e1reas y agentes de viajes, nacionales e internacionales, quienes durante 4 d\u00edas realizar\u00e1n una serie de actividades y [&hellip;]<\/p>\n","protected":false},"author":17,"featured_media":25968,"comment_status":"open","ping_status":"open","sticky":false,"template":"","format":"standard","meta":{"footnotes":""},"categories":[3,5],"tags":[13026,4470,4984,443,796],"yoast_head":"<!-- This site is optimized with the Yoast SEO plugin v22.2 - https:\/\/yoast.com\/wordpress\/plugins\/seo\/ -->\n<title>PriceTravel participa en la Fiesta amigos de Mazatl\u00e1n - Nitu - Noticias de la Industria Turistica<\/title>\n<meta name=\"robots\" content=\"index, follow, max-snippet:-1, max-image-preview:large, max-video-preview:-1\" \/>\n<link rel=\"canonical\" href=\"https:\/\/nitu.mx\/index.php\/2018\/10\/29\/pricetravel-participa-en-la-fiesta-amigos-de-mazatlan\/\" \/>\n<meta name=\"twitter:card\" content=\"summary_large_image\" \/>\n<meta name=\"twitter:title\" content=\"PriceTravel participa en la Fiesta amigos de Mazatl\u00e1n - Nitu - Noticias de la Industria Turistica\" \/>\n<meta name=\"twitter:description\" content=\"PriceTravel Holding se une a la celebraci\u00f3n de la XXIV edici\u00f3n de la Fiesta Amigos de Mazatl\u00e1n, evento tur\u00edstico, cultural y gastron\u00f3mico, donde la industria tur\u00edstica mazatleca dar\u00e1 la bienvenida a los m\u00e1s importantes operadores, mayoristas, l\u00edneas \u00e1reas y agentes de viajes, nacionales e internacionales, quienes durante 4 d\u00edas realizar\u00e1n una serie de actividades y [&hellip;]\" \/>\n<meta name=\"twitter:image\" content=\"https:\/\/nitu.mx\/wp-content\/uploads\/2018\/10\/Mazatla\u0301n.jpg\" \/>\n<meta name=\"twitter:creator\" content=\"@NITUmx\" \/>\n<meta name=\"twitter:site\" content=\"@Arturo_Medina_G\" \/>\n<meta name=\"twitter:label1\" content=\"Escrito por\" \/>\n\t<meta name=\"twitter:data1\" content=\"Redacci\u00f3n\" \/>\n\t<meta name=\"twitter:label2\" content=\"Tiempo de lectura\" \/>\n\t<meta name=\"twitter:data2\" content=\"2 minutos\" \/>\n<script type=\"application\/ld+json\" class=\"yoast-schema-graph\">{\"@context\":\"https:\/\/schema.org\",\"@graph\":[{\"@type\":\"Article\",\"@id\":\"https:\/\/nitu.mx\/index.php\/2018\/10\/29\/pricetravel-participa-en-la-fiesta-amigos-de-mazatlan\/#article\",\"isPartOf\":{\"@id\":\"https:\/\/nitu.mx\/index.php\/2018\/10\/29\/pricetravel-participa-en-la-fiesta-amigos-de-mazatlan\/\"},\"author\":{\"name\":\"Redacci\u00f3n\",\"@id\":\"https:\/\/nitu.mx\/#\/schema\/person\/4a28fe9bd65924f7c90623773daf1b0b\"},\"headline\":\"PriceTravel participa en la Fiesta amigos de Mazatl\u00e1n\",\"datePublished\":\"2018-10-29T08:01:28+00:00\",\"dateModified\":\"2018-10-29T08:09:16+00:00\",\"mainEntityOfPage\":{\"@id\":\"https:\/\/nitu.mx\/index.php\/2018\/10\/29\/pricetravel-participa-en-la-fiesta-amigos-de-mazatlan\/\"},\"wordCount\":396,\"commentCount\":0,\"publisher\":{\"@id\":\"https:\/\/nitu.mx\/#\/schema\/person\/ae7a53426417292d3dd07b45a33e01bc\"},\"image\":{\"@id\":\"https:\/\/nitu.mx\/index.php\/2018\/10\/29\/pricetravel-participa-en-la-fiesta-amigos-de-mazatlan\/#primaryimage\"},\"thumbnailUrl\":\"https:\/\/nitu.mx\/wp-content\/uploads\/2018\/10\/Mazatla\u0301n.jpg\",\"keywords\":[\"\u201cFiesta Amigos de Mazatl\u00e1n\u201d\",\"agencia de viajes\",\"destino\",\"Mazatl\u00e1n\",\"Sector Hotelero\"],\"articleSection\":[\"Agencias de Viajes\",\"Destinos\"],\"inLanguage\":\"es-MX\",\"potentialAction\":[{\"@type\":\"CommentAction\",\"name\":\"Comment\",\"target\":[\"https:\/\/nitu.mx\/index.php\/2018\/10\/29\/pricetravel-participa-en-la-fiesta-amigos-de-mazatlan\/#respond\"]}]},{\"@type\":\"WebPage\",\"@id\":\"https:\/\/nitu.mx\/index.php\/2018\/10\/29\/pricetravel-participa-en-la-fiesta-amigos-de-mazatlan\/\",\"url\":\"https:\/\/nitu.mx\/index.php\/2018\/10\/29\/pricetravel-participa-en-la-fiesta-amigos-de-mazatlan\/\",\"name\":\"PriceTravel participa en la Fiesta amigos de Mazatl\u00e1n - Nitu - Noticias de la Industria Turistica\",\"isPartOf\":{\"@id\":\"https:\/\/nitu.mx\/#website\"},\"primaryImageOfPage\":{\"@id\":\"https:\/\/nitu.mx\/index.php\/2018\/10\/29\/pricetravel-participa-en-la-fiesta-amigos-de-mazatlan\/#primaryimage\"},\"image\":{\"@id\":\"https:\/\/nitu.mx\/index.php\/2018\/10\/29\/pricetravel-participa-en-la-fiesta-amigos-de-mazatlan\/#primaryimage\"},\"thumbnailUrl\":\"https:\/\/nitu.mx\/wp-content\/uploads\/2018\/10\/Mazatla\u0301n.jpg\",\"datePublished\":\"2018-10-29T08:01:28+00:00\",\"dateModified\":\"2018-10-29T08:09:16+00:00\",\"breadcrumb\":{\"@id\":\"https:\/\/nitu.mx\/index.php\/2018\/10\/29\/pricetravel-participa-en-la-fiesta-amigos-de-mazatlan\/#breadcrumb\"},\"inLanguage\":\"es-MX\",\"potentialAction\":[{\"@type\":\"ReadAction\",\"target\":[\"https:\/\/nitu.mx\/index.php\/2018\/10\/29\/pricetravel-participa-en-la-fiesta-amigos-de-mazatlan\/\"]}]},{\"@type\":\"ImageObject\",\"inLanguage\":\"es-MX\",\"@id\":\"https:\/\/nitu.mx\/index.php\/2018\/10\/29\/pricetravel-participa-en-la-fiesta-amigos-de-mazatlan\/#primaryimage\",\"url\":\"https:\/\/nitu.mx\/wp-content\/uploads\/2018\/10\/Mazatla\u0301n.jpg\",\"contentUrl\":\"https:\/\/nitu.mx\/wp-content\/uploads\/2018\/10\/Mazatla\u0301n.jpg\",\"width\":850,\"height\":480,\"caption\":\"Mazatla\u0301n\"},{\"@type\":\"BreadcrumbList\",\"@id\":\"https:\/\/nitu.mx\/index.php\/2018\/10\/29\/pricetravel-participa-en-la-fiesta-amigos-de-mazatlan\/#breadcrumb\",\"itemListElement\":[{\"@type\":\"ListItem\",\"position\":1,\"name\":\"Inicio\",\"item\":\"https:\/\/nitu.mx\/\"},{\"@type\":\"ListItem\",\"position\":2,\"name\":\"PriceTravel participa en la Fiesta amigos de Mazatl\u00e1n\"}]},{\"@type\":\"WebSite\",\"@id\":\"https:\/\/nitu.mx\/#website\",\"url\":\"https:\/\/nitu.mx\/\",\"name\":\"Nitu - Noticias de la Industria Turistica\",\"description\":\"Noticias de la Industria Turistica\",\"publisher\":{\"@id\":\"https:\/\/nitu.mx\/#\/schema\/person\/ae7a53426417292d3dd07b45a33e01bc\"},\"alternateName\":\"Noticias de la Industria Turistica\",\"potentialAction\":[{\"@type\":\"SearchAction\",\"target\":{\"@type\":\"EntryPoint\",\"urlTemplate\":\"https:\/\/nitu.mx\/?s={search_term_string}\"},\"query-input\":\"required name=search_term_string\"}],\"inLanguage\":\"es-MX\"},{\"@type\":[\"Person\",\"Organization\"],\"@id\":\"https:\/\/nitu.mx\/#\/schema\/person\/ae7a53426417292d3dd07b45a33e01bc\",\"name\":\"Arturo Medina\",\"image\":{\"@type\":\"ImageObject\",\"inLanguage\":\"es-MX\",\"@id\":\"https:\/\/nitu.mx\/#\/schema\/person\/image\/\",\"url\":\"https:\/\/nitu.mx\/wp-content\/uploads\/2024\/04\/4A315622-1904-4D5C-B022-878CDC840E04-90x90-1.jpeg\",\"contentUrl\":\"https:\/\/nitu.mx\/wp-content\/uploads\/2024\/04\/4A315622-1904-4D5C-B022-878CDC840E04-90x90-1.jpeg\",\"width\":90,\"height\":90,\"caption\":\"Arturo Medina\"},\"logo\":{\"@id\":\"https:\/\/nitu.mx\/#\/schema\/person\/image\/\"},\"description\":\"Director NITU.mx, Egresado de la Escuela de Periodismo Carlos Septi\u00e9n Garc\u00eda. Periodista y analista especializado en turismo desde hace 35 a\u00f1os, radicado en Canc\u00fan Q.Roo. arturo@nitu.mx\",\"sameAs\":[\"https:\/\/nitu.mx\",\"https:\/\/www.facebook.com\/NITUmx\/\",\"medinacancun\",\"https:\/\/twitter.com\/@Arturo_Medina_G\"]},{\"@type\":\"Person\",\"@id\":\"https:\/\/nitu.mx\/#\/schema\/person\/4a28fe9bd65924f7c90623773daf1b0b\",\"name\":\"Redacci\u00f3n\",\"image\":{\"@type\":\"ImageObject\",\"inLanguage\":\"es-MX\",\"@id\":\"https:\/\/nitu.mx\/#\/schema\/person\/image\/\",\"url\":\"https:\/\/secure.gravatar.com\/avatar\/5dd011c8ccfc5cd7e4c81e42252aab38?s=96&d=mm&r=g\",\"contentUrl\":\"https:\/\/secure.gravatar.com\/avatar\/5dd011c8ccfc5cd7e4c81e42252aab38?s=96&d=mm&r=g\",\"caption\":\"Redacci\u00f3n\"},\"url\":\"https:\/\/nitu.mx\/index.php\/author\/redaccion\/\"}]}<\/script>\n<!-- \/ Yoast SEO plugin. -->","yoast_head_json":{"title":"PriceTravel participa en la Fiesta amigos de Mazatl\u00e1n - Nitu - Noticias de la Industria Turistica","robots":{"index":"index","follow":"follow","max-snippet":"max-snippet:-1","max-image-preview":"max-image-preview:large","max-video-preview":"max-video-preview:-1"},"canonical":"https:\/\/nitu.mx\/index.php\/2018\/10\/29\/pricetravel-participa-en-la-fiesta-amigos-de-mazatlan\/","twitter_card":"summary_large_image","twitter_title":"PriceTravel participa en la Fiesta amigos de Mazatl\u00e1n - Nitu - Noticias de la Industria Turistica","twitter_description":"PriceTravel Holding se une a la celebraci\u00f3n de la XXIV edici\u00f3n de la Fiesta Amigos de Mazatl\u00e1n, evento tur\u00edstico, cultural y gastron\u00f3mico, donde la industria tur\u00edstica mazatleca dar\u00e1 la bienvenida a los m\u00e1s importantes operadores, mayoristas, l\u00edneas \u00e1reas y agentes de viajes, nacionales e internacionales, quienes durante 4 d\u00edas realizar\u00e1n una serie de actividades y [&hellip;]","twitter_image":"https:\/\/nitu.mx\/wp-content\/uploads\/2018\/10\/Mazatla\u0301n.jpg","twitter_creator":"@NITUmx","twitter_site":"@Arturo_Medina_G","twitter_misc":{"Escrito por":"Redacci\u00f3n","Tiempo de lectura":"2 minutos"},"schema":{"@context":"https:\/\/schema.org","@graph":[{"@type":"Article","@id":"https:\/\/nitu.mx\/index.php\/2018\/10\/29\/pricetravel-participa-en-la-fiesta-amigos-de-mazatlan\/#article","isPartOf":{"@id":"https:\/\/nitu.mx\/index.php\/2018\/10\/29\/pricetravel-participa-en-la-fiesta-amigos-de-mazatlan\/"},"author":{"name":"Redacci\u00f3n","@id":"https:\/\/nitu.mx\/#\/schema\/person\/4a28fe9bd65924f7c90623773daf1b0b"},"headline":"PriceTravel participa en la Fiesta amigos de Mazatl\u00e1n","datePublished":"2018-10-29T08:01:28+00:00","dateModified":"2018-10-29T08:09:16+00:00","mainEntityOfPage":{"@id":"https:\/\/nitu.mx\/index.php\/2018\/10\/29\/pricetravel-participa-en-la-fiesta-amigos-de-mazatlan\/"},"wordCount":396,"commentCount":0,"publisher":{"@id":"https:\/\/nitu.mx\/#\/schema\/person\/ae7a53426417292d3dd07b45a33e01bc"},"image":{"@id":"https:\/\/nitu.mx\/index.php\/2018\/10\/29\/pricetravel-participa-en-la-fiesta-amigos-de-mazatlan\/#primaryimage"},"thumbnailUrl":"https:\/\/nitu.mx\/wp-content\/uploads\/2018\/10\/Mazatla\u0301n.jpg","keywords":["\u201cFiesta Amigos de Mazatl\u00e1n\u201d","agencia de viajes","destino","Mazatl\u00e1n","Sector Hotelero"],"articleSection":["Agencias de Viajes","Destinos"],"inLanguage":"es-MX","potentialAction":[{"@type":"CommentAction","name":"Comment","target":["https:\/\/nitu.mx\/index.php\/2018\/10\/29\/pricetravel-participa-en-la-fiesta-amigos-de-mazatlan\/#respond"]}]},{"@type":"WebPage","@id":"https:\/\/nitu.mx\/index.php\/2018\/10\/29\/pricetravel-participa-en-la-fiesta-amigos-de-mazatlan\/","url":"https:\/\/nitu.mx\/index.php\/2018\/10\/29\/pricetravel-participa-en-la-fiesta-amigos-de-mazatlan\/","name":"PriceTravel participa en la Fiesta amigos de Mazatl\u00e1n - Nitu - Noticias de la Industria Turistica","isPartOf":{"@id":"https:\/\/nitu.mx\/#website"},"primaryImageOfPage":{"@id":"https:\/\/nitu.mx\/index.php\/2018\/10\/29\/pricetravel-participa-en-la-fiesta-amigos-de-mazatlan\/#primaryimage"},"image":{"@id":"https:\/\/nitu.mx\/index.php\/2018\/10\/29\/pricetravel-participa-en-la-fiesta-amigos-de-mazatlan\/#primaryimage"},"thumbnailUrl":"https:\/\/nitu.mx\/wp-content\/uploads\/2018\/10\/Mazatla\u0301n.jpg","datePublished":"2018-10-29T08:01:28+00:00","dateModified":"2018-10-29T08:09:16+00:00","breadcrumb":{"@id":"https:\/\/nitu.mx\/index.php\/2018\/10\/29\/pricetravel-participa-en-la-fiesta-amigos-de-mazatlan\/#breadcrumb"},"inLanguage":"es-MX","potentialAction":[{"@type":"ReadAction","target":["https:\/\/nitu.mx\/index.php\/2018\/10\/29\/pricetravel-participa-en-la-fiesta-amigos-de-mazatlan\/"]}]},{"@type":"ImageObject","inLanguage":"es-MX","@id":"https:\/\/nitu.mx\/index.php\/2018\/10\/29\/pricetravel-participa-en-la-fiesta-amigos-de-mazatlan\/#primaryimage","url":"https:\/\/nitu.mx\/wp-content\/uploads\/2018\/10\/Mazatla\u0301n.jpg","contentUrl":"https:\/\/nitu.mx\/wp-content\/uploads\/2018\/10\/Mazatla\u0301n.jpg","width":850,"height":480,"caption":"Mazatla\u0301n"},{"@type":"BreadcrumbList","@id":"https:\/\/nitu.mx\/index.php\/2018\/10\/29\/pricetravel-participa-en-la-fiesta-amigos-de-mazatlan\/#breadcrumb","itemListElement":[{"@type":"ListItem","position":1,"name":"Inicio","item":"https:\/\/nitu.mx\/"},{"@type":"ListItem","position":2,"name":"PriceTravel participa en la Fiesta amigos de Mazatl\u00e1n"}]},{"@type":"WebSite","@id":"https:\/\/nitu.mx\/#website","url":"https:\/\/nitu.mx\/","name":"Nitu - Noticias de la Industria Turistica","description":"Noticias de la Industria Turistica","publisher":{"@id":"https:\/\/nitu.mx\/#\/schema\/person\/ae7a53426417292d3dd07b45a33e01bc"},"alternateName":"Noticias de la Industria Turistica","potentialAction":[{"@type":"SearchAction","target":{"@type":"EntryPoint","urlTemplate":"https:\/\/nitu.mx\/?s={search_term_string}"},"query-input":"required name=search_term_string"}],"inLanguage":"es-MX"},{"@type":["Person","Organization"],"@id":"https:\/\/nitu.mx\/#\/schema\/person\/ae7a53426417292d3dd07b45a33e01bc","name":"Arturo Medina","image":{"@type":"ImageObject","inLanguage":"es-MX","@id":"https:\/\/nitu.mx\/#\/schema\/person\/image\/","url":"https:\/\/nitu.mx\/wp-content\/uploads\/2024\/04\/4A315622-1904-4D5C-B022-878CDC840E04-90x90-1.jpeg","contentUrl":"https:\/\/nitu.mx\/wp-content\/uploads\/2024\/04\/4A315622-1904-4D5C-B022-878CDC840E04-90x90-1.jpeg","width":90,"height":90,"caption":"Arturo Medina"},"logo":{"@id":"https:\/\/nitu.mx\/#\/schema\/person\/image\/"},"description":"Director NITU.mx, Egresado de la Escuela de Periodismo Carlos Septi\u00e9n Garc\u00eda. Periodista y analista especializado en turismo desde hace 35 a\u00f1os, radicado en Canc\u00fan Q.Roo. arturo@nitu.mx","sameAs":["https:\/\/nitu.mx","https:\/\/www.facebook.com\/NITUmx\/","medinacancun","https:\/\/twitter.com\/@Arturo_Medina_G"]},{"@type":"Person","@id":"https:\/\/nitu.mx\/#\/schema\/person\/4a28fe9bd65924f7c90623773daf1b0b","name":"Redacci\u00f3n","image":{"@type":"ImageObject","inLanguage":"es-MX","@id":"https:\/\/nitu.mx\/#\/schema\/person\/image\/","url":"https:\/\/secure.gravatar.com\/avatar\/5dd011c8ccfc5cd7e4c81e42252aab38?s=96&d=mm&r=g","contentUrl":"https:\/\/secure.gravatar.com\/avatar\/5dd011c8ccfc5cd7e4c81e42252aab38?s=96&d=mm&r=g","caption":"Redacci\u00f3n"},"url":"https:\/\/nitu.mx\/index.php\/author\/redaccion\/"}]}},"views":234,"_links":{"self":[{"href":"https:\/\/nitu.mx\/index.php\/wp-json\/wp\/v2\/posts\/25934"}],"collection":[{"href":"https:\/\/nitu.mx\/index.php\/wp-json\/wp\/v2\/posts"}],"about":[{"href":"https:\/\/nitu.mx\/index.php\/wp-json\/wp\/v2\/types\/post"}],"author":[{"embeddable":true,"href":"https:\/\/nitu.mx\/index.php\/wp-json\/wp\/v2\/users\/17"}],"replies":[{"embeddable":true,"href":"https:\/\/nitu.mx\/index.php\/wp-json\/wp\/v2\/comments?post=25934"}],"version-history":[{"count":2,"href":"https:\/\/nitu.mx\/index.php\/wp-json\/wp\/v2\/posts\/25934\/revisions"}],"predecessor-version":[{"id":25969,"href":"https:\/\/nitu.mx\/index.php\/wp-json\/wp\/v2\/posts\/25934\/revisions\/25969"}],"wp:featuredmedia":[{"embeddable":true,"href":"https:\/\/nitu.mx\/index.php\/wp-json\/wp\/v2\/media\/25968"}],"wp:attachment":[{"href":"https:\/\/nitu.mx\/index.php\/wp-json\/wp\/v2\/media?parent=25934"}],"wp:term":[{"taxonomy":"category","embeddable":true,"href":"https:\/\/nitu.mx\/index.php\/wp-json\/wp\/v2\/categories?post=25934"},{"taxonomy":"post_tag","embeddable":true,"href":"https:\/\/nitu.mx\/index.php\/wp-json\/wp\/v2\/tags?post=25934"}],"curies":[{"name":"wp","href":"https:\/\/api.w.org\/{rel}","templated":true}]}}