{"id":25874,"date":"2018-10-24T23:51:58","date_gmt":"2018-10-25T04:51:58","guid":{"rendered":"https:\/\/www.dev.nitu.mx\/?p=25874"},"modified":"2018-10-25T00:01:36","modified_gmt":"2018-10-25T05:01:36","slug":"diputados-se-comprometen-a-fortalecer-infraestructura-aerea-ferroviaria-carretera-y-portuaria","status":"publish","type":"post","link":"https:\/\/nitu.mx\/index.php\/2018\/10\/24\/diputados-se-comprometen-a-fortalecer-infraestructura-aerea-ferroviaria-carretera-y-portuaria\/","title":{"rendered":"Diputados se comprometen a fortalecer infraestructura a\u00e9rea, ferroviaria, carretera y portuaria"},"content":{"rendered":"<p>En medio del debate sobre el Nuevo Aeropuerto Internacional de la Ciudad de M\u00e9xico (NAICM), los integrantes de la reci\u00e9n integrada Comisi\u00f3n de Infraestructura de la C\u00e1mara de Diputados se comprometieron a fortalecer la conectividad nacional no s\u00f3lo por la v\u00eda a\u00e9rea, sino tambi\u00e9n la ferroviaria, carretera y portuaria.<\/p>\n<p>El presidente de dicha Comisi\u00f3n, Ricardo Exsome Zapata, aprob\u00f3 un programa de trabajo de aqu\u00ed a 10 meses para facilitar la implementaci\u00f3n de proyectos que faciliten esta tarea. El legislador por Morena destac\u00f3 que este plan \u201crepresenta los cimientos para construir acuerdos y cumplir con nuestra tarea de legislar, sobre todo en el contexto del an\u00e1lisis del Paquete Econ\u00f3mico 2019\u201d.<\/p>\n<p>Por ello, la Comisi\u00f3n que preside buscar\u00e1 modernizar el marco legal en la materia, mejorar los esquemas de inversi\u00f3n y de integraci\u00f3n de proyectos viables y de alto impacto social. Una de las metas planteadas es hacer un pa\u00eds competitivo en infraestructura, pero sin que haya sobrecostos ni incumplimientos de obligaciones contractuales; tema que tiene en jaque al sector pol\u00edtico y empresarial respecto al NAICM, entre otros proyectos.\u00a0<a title=\"Aerol\u00edneas de EEUU piden a AMLO continuar con NAICM\" href=\"https:\/\/www.dev.nitu.mx\/index.php\/2018\/10\/23\/aerolineas-de-eeuu-piden-a-amlo-continuar-con-naicm\/\" rel=\"bookmark\">(Aerol\u00edneas de EEUU piden a AMLO continuar con NAICM<\/a>).<\/p>\n<p>Los legisladores contemplan tambi\u00e9n la comparecencia y reuniones con los servidores p\u00fablicos involucrados con los proyectos que se desarrollen para conocer y participar de la planeaci\u00f3n de presupuestos, an\u00e1lisis y seguimiento de los mismos.<\/p>\n<p>Las seis subcomisiones que trabajar\u00e1n en ello ser\u00e1n ferroviaria, carretera y de caminos rurales, portuaria, aeroportuaria, energ\u00eda e hidr\u00e1ulica, y transportes, y en ellas participar\u00e1n los diputados Rosalinda Dom\u00ednguez Flores de Morena, Anil\u00fa Ingram Vallines por el PRI, Armando Reyes Ledesma de la bancada del PT, el independiente Carlos Alberto Morales V\u00e1zquez y Nohem\u00ed Alem\u00e1n Hern\u00e1ndez del PAN.<\/p>\n<p>Al reiterar la importancia de una correcta planeaci\u00f3n y desarrollo de proyectos, Exsome Zapata se\u00f1al\u00f3 que \u201cno existe alg\u00fan estado en el mundo que haya logrado superar condiciones de pobreza, desigualdad social, falta de competencia econ\u00f3mica y apertura comercial, sin un aparato de infraestructura eficiente y confiable que lo respalde, haciendo posible el traslado seguro de personas, bienes y mercanc\u00edas a lo largo de su territorio y allende sus fronteras\u201d.<\/p>\n","protected":false},"excerpt":{"rendered":"<p>En medio del debate sobre el Nuevo Aeropuerto Internacional de la Ciudad de M\u00e9xico (NAICM), los integrantes de la reci\u00e9n integrada Comisi\u00f3n de Infraestructura de la C\u00e1mara de Diputados se comprometieron a fortalecer la conectividad nacional no s\u00f3lo por la v\u00eda a\u00e9rea, sino tambi\u00e9n la ferroviaria, carretera y portuaria. El presidente de dicha Comisi\u00f3n, Ricardo [&hellip;]<\/p>\n","protected":false},"author":5,"featured_media":25886,"comment_status":"open","ping_status":"open","sticky":false,"template":"","format":"standard","meta":{"footnotes":""},"categories":[29,4,6],"tags":[1063,13002,2589,13001],"yoast_head":"<!-- This site is optimized with the Yoast SEO plugin v22.2 - https:\/\/yoast.com\/wordpress\/plugins\/seo\/ -->\n<title>Diputados se comprometen a fortalecer infraestructura a\u00e9rea, ferroviaria, carretera y portuaria - Nitu - Noticias de la Industria Turistica<\/title>\n<meta name=\"description\" content=\"La Comisi\u00f3n de Infraestructura de la C\u00e1mara de Diputados se comprometieron a fortalecer la conectividad nacional a\u00e9rea, ferroviaria, carretera y portuaria.\" \/>\n<meta name=\"robots\" content=\"index, follow, max-snippet:-1, max-image-preview:large, max-video-preview:-1\" \/>\n<link rel=\"canonical\" href=\"https:\/\/nitu.mx\/index.php\/2018\/10\/24\/diputados-se-comprometen-a-fortalecer-infraestructura-aerea-ferroviaria-carretera-y-portuaria\/\" \/>\n<meta name=\"twitter:card\" content=\"summary_large_image\" \/>\n<meta name=\"twitter:title\" content=\"Diputados se comprometen a fortalecer infraestructura a\u00e9rea, ferroviaria, carretera y portuaria - Nitu - Noticias de la Industria Turistica\" \/>\n<meta name=\"twitter:description\" content=\"La Comisi\u00f3n de Infraestructura de la C\u00e1mara de Diputados se comprometieron a fortalecer la conectividad nacional a\u00e9rea, ferroviaria, carretera y portuaria.\" \/>\n<meta name=\"twitter:image\" content=\"https:\/\/nitu.mx\/wp-content\/uploads\/2018\/10\/carreteras-de-M\u00e9xico.jpg\" \/>\n<meta name=\"twitter:creator\" content=\"@NITUmx\" \/>\n<meta name=\"twitter:site\" content=\"@Arturo_Medina_G\" \/>\n<meta name=\"twitter:label1\" content=\"Escrito por\" \/>\n\t<meta name=\"twitter:data1\" content=\"Mari Soto\" \/>\n\t<meta name=\"twitter:label2\" content=\"Tiempo de lectura\" \/>\n\t<meta name=\"twitter:data2\" content=\"2 minutos\" \/>\n<script type=\"application\/ld+json\" class=\"yoast-schema-graph\">{\"@context\":\"https:\/\/schema.org\",\"@graph\":[{\"@type\":\"Article\",\"@id\":\"https:\/\/nitu.mx\/index.php\/2018\/10\/24\/diputados-se-comprometen-a-fortalecer-infraestructura-aerea-ferroviaria-carretera-y-portuaria\/#article\",\"isPartOf\":{\"@id\":\"https:\/\/nitu.mx\/index.php\/2018\/10\/24\/diputados-se-comprometen-a-fortalecer-infraestructura-aerea-ferroviaria-carretera-y-portuaria\/\"},\"author\":{\"name\":\"Mari Soto\",\"@id\":\"https:\/\/nitu.mx\/#\/schema\/person\/afc52e313e27e660739556d421d3d6b4\"},\"headline\":\"Diputados se comprometen a fortalecer infraestructura a\u00e9rea, ferroviaria, carretera y portuaria\",\"datePublished\":\"2018-10-25T04:51:58+00:00\",\"dateModified\":\"2018-10-25T05:01:36+00:00\",\"mainEntityOfPage\":{\"@id\":\"https:\/\/nitu.mx\/index.php\/2018\/10\/24\/diputados-se-comprometen-a-fortalecer-infraestructura-aerea-ferroviaria-carretera-y-portuaria\/\"},\"wordCount\":394,\"commentCount\":0,\"publisher\":{\"@id\":\"https:\/\/nitu.mx\/#\/schema\/person\/ae7a53426417292d3dd07b45a33e01bc\"},\"image\":{\"@id\":\"https:\/\/nitu.mx\/index.php\/2018\/10\/24\/diputados-se-comprometen-a-fortalecer-infraestructura-aerea-ferroviaria-carretera-y-portuaria\/#primaryimage\"},\"thumbnailUrl\":\"https:\/\/nitu.mx\/wp-content\/uploads\/2018\/10\/carreteras-de-M\u00e9xico.jpg\",\"keywords\":[\"C\u00e1mara de Diputados\",\"Comisi\u00f3n de Infraestructura\",\"NAICM\",\"Ricardo Exsome Zapata\"],\"articleSection\":[\"Aerol\u00edneas\",\"Cruceros\",\"M\u00e9xico\"],\"inLanguage\":\"es-MX\",\"potentialAction\":[{\"@type\":\"CommentAction\",\"name\":\"Comment\",\"target\":[\"https:\/\/nitu.mx\/index.php\/2018\/10\/24\/diputados-se-comprometen-a-fortalecer-infraestructura-aerea-ferroviaria-carretera-y-portuaria\/#respond\"]}]},{\"@type\":\"WebPage\",\"@id\":\"https:\/\/nitu.mx\/index.php\/2018\/10\/24\/diputados-se-comprometen-a-fortalecer-infraestructura-aerea-ferroviaria-carretera-y-portuaria\/\",\"url\":\"https:\/\/nitu.mx\/index.php\/2018\/10\/24\/diputados-se-comprometen-a-fortalecer-infraestructura-aerea-ferroviaria-carretera-y-portuaria\/\",\"name\":\"Diputados se comprometen a fortalecer infraestructura a\u00e9rea, ferroviaria, carretera y portuaria - Nitu - Noticias de la Industria Turistica\",\"isPartOf\":{\"@id\":\"https:\/\/nitu.mx\/#website\"},\"primaryImageOfPage\":{\"@id\":\"https:\/\/nitu.mx\/index.php\/2018\/10\/24\/diputados-se-comprometen-a-fortalecer-infraestructura-aerea-ferroviaria-carretera-y-portuaria\/#primaryimage\"},\"image\":{\"@id\":\"https:\/\/nitu.mx\/index.php\/2018\/10\/24\/diputados-se-comprometen-a-fortalecer-infraestructura-aerea-ferroviaria-carretera-y-portuaria\/#primaryimage\"},\"thumbnailUrl\":\"https:\/\/nitu.mx\/wp-content\/uploads\/2018\/10\/carreteras-de-M\u00e9xico.jpg\",\"datePublished\":\"2018-10-25T04:51:58+00:00\",\"dateModified\":\"2018-10-25T05:01:36+00:00\",\"description\":\"La Comisi\u00f3n de Infraestructura de la C\u00e1mara de Diputados se comprometieron a fortalecer la conectividad nacional a\u00e9rea, ferroviaria, carretera y portuaria.\",\"breadcrumb\":{\"@id\":\"https:\/\/nitu.mx\/index.php\/2018\/10\/24\/diputados-se-comprometen-a-fortalecer-infraestructura-aerea-ferroviaria-carretera-y-portuaria\/#breadcrumb\"},\"inLanguage\":\"es-MX\",\"potentialAction\":[{\"@type\":\"ReadAction\",\"target\":[\"https:\/\/nitu.mx\/index.php\/2018\/10\/24\/diputados-se-comprometen-a-fortalecer-infraestructura-aerea-ferroviaria-carretera-y-portuaria\/\"]}]},{\"@type\":\"ImageObject\",\"inLanguage\":\"es-MX\",\"@id\":\"https:\/\/nitu.mx\/index.php\/2018\/10\/24\/diputados-se-comprometen-a-fortalecer-infraestructura-aerea-ferroviaria-carretera-y-portuaria\/#primaryimage\",\"url\":\"https:\/\/nitu.mx\/wp-content\/uploads\/2018\/10\/carreteras-de-M\u00e9xico.jpg\",\"contentUrl\":\"https:\/\/nitu.mx\/wp-content\/uploads\/2018\/10\/carreteras-de-M\u00e9xico.jpg\",\"width\":850,\"height\":480,\"caption\":\"infraestructura\"},{\"@type\":\"BreadcrumbList\",\"@id\":\"https:\/\/nitu.mx\/index.php\/2018\/10\/24\/diputados-se-comprometen-a-fortalecer-infraestructura-aerea-ferroviaria-carretera-y-portuaria\/#breadcrumb\",\"itemListElement\":[{\"@type\":\"ListItem\",\"position\":1,\"name\":\"Inicio\",\"item\":\"https:\/\/nitu.mx\/\"},{\"@type\":\"ListItem\",\"position\":2,\"name\":\"Diputados se comprometen a fortalecer infraestructura a\u00e9rea, ferroviaria, carretera y portuaria\"}]},{\"@type\":\"WebSite\",\"@id\":\"https:\/\/nitu.mx\/#website\",\"url\":\"https:\/\/nitu.mx\/\",\"name\":\"Nitu - Noticias de la Industria Turistica\",\"description\":\"Noticias de la Industria Turistica\",\"publisher\":{\"@id\":\"https:\/\/nitu.mx\/#\/schema\/person\/ae7a53426417292d3dd07b45a33e01bc\"},\"alternateName\":\"Noticias de la Industria Turistica\",\"potentialAction\":[{\"@type\":\"SearchAction\",\"target\":{\"@type\":\"EntryPoint\",\"urlTemplate\":\"https:\/\/nitu.mx\/?s={search_term_string}\"},\"query-input\":\"required name=search_term_string\"}],\"inLanguage\":\"es-MX\"},{\"@type\":[\"Person\",\"Organization\"],\"@id\":\"https:\/\/nitu.mx\/#\/schema\/person\/ae7a53426417292d3dd07b45a33e01bc\",\"name\":\"Arturo Medina\",\"image\":{\"@type\":\"ImageObject\",\"inLanguage\":\"es-MX\",\"@id\":\"https:\/\/nitu.mx\/#\/schema\/person\/image\/\",\"url\":\"https:\/\/nitu.mx\/wp-content\/uploads\/2024\/04\/4A315622-1904-4D5C-B022-878CDC840E04-90x90-1.jpeg\",\"contentUrl\":\"https:\/\/nitu.mx\/wp-content\/uploads\/2024\/04\/4A315622-1904-4D5C-B022-878CDC840E04-90x90-1.jpeg\",\"width\":90,\"height\":90,\"caption\":\"Arturo Medina\"},\"logo\":{\"@id\":\"https:\/\/nitu.mx\/#\/schema\/person\/image\/\"},\"description\":\"Director NITU.mx, Egresado de la Escuela de Periodismo Carlos Septi\u00e9n Garc\u00eda. Periodista y analista especializado en turismo desde hace 35 a\u00f1os, radicado en Canc\u00fan Q.Roo. arturo@nitu.mx\",\"sameAs\":[\"https:\/\/nitu.mx\",\"https:\/\/www.facebook.com\/NITUmx\/\",\"medinacancun\",\"https:\/\/twitter.com\/@Arturo_Medina_G\"]},{\"@type\":\"Person\",\"@id\":\"https:\/\/nitu.mx\/#\/schema\/person\/afc52e313e27e660739556d421d3d6b4\",\"name\":\"Mari Soto\",\"image\":{\"@type\":\"ImageObject\",\"inLanguage\":\"es-MX\",\"@id\":\"https:\/\/nitu.mx\/#\/schema\/person\/image\/\",\"url\":\"https:\/\/secure.gravatar.com\/avatar\/2619c282a180a20d89fcaea82a6736e2?s=96&d=mm&r=g\",\"contentUrl\":\"https:\/\/secure.gravatar.com\/avatar\/2619c282a180a20d89fcaea82a6736e2?s=96&d=mm&r=g\",\"caption\":\"Mari Soto\"},\"sameAs\":[\"https:\/\/nitu.mx\"],\"url\":\"https:\/\/nitu.mx\/index.php\/author\/guadalupe\/\"}]}<\/script>\n<!-- \/ Yoast SEO plugin. -->","yoast_head_json":{"title":"Diputados se comprometen a fortalecer infraestructura a\u00e9rea, ferroviaria, carretera y portuaria - Nitu - Noticias de la Industria Turistica","description":"La Comisi\u00f3n de Infraestructura de la C\u00e1mara de Diputados se comprometieron a fortalecer la conectividad nacional a\u00e9rea, ferroviaria, carretera y portuaria.","robots":{"index":"index","follow":"follow","max-snippet":"max-snippet:-1","max-image-preview":"max-image-preview:large","max-video-preview":"max-video-preview:-1"},"canonical":"https:\/\/nitu.mx\/index.php\/2018\/10\/24\/diputados-se-comprometen-a-fortalecer-infraestructura-aerea-ferroviaria-carretera-y-portuaria\/","twitter_card":"summary_large_image","twitter_title":"Diputados se comprometen a fortalecer infraestructura a\u00e9rea, ferroviaria, carretera y portuaria - Nitu - Noticias de la Industria Turistica","twitter_description":"La Comisi\u00f3n de Infraestructura de la C\u00e1mara de Diputados se comprometieron a fortalecer la conectividad nacional a\u00e9rea, ferroviaria, carretera y portuaria.","twitter_image":"https:\/\/nitu.mx\/wp-content\/uploads\/2018\/10\/carreteras-de-M\u00e9xico.jpg","twitter_creator":"@NITUmx","twitter_site":"@Arturo_Medina_G","twitter_misc":{"Escrito por":"Mari Soto","Tiempo de lectura":"2 minutos"},"schema":{"@context":"https:\/\/schema.org","@graph":[{"@type":"Article","@id":"https:\/\/nitu.mx\/index.php\/2018\/10\/24\/diputados-se-comprometen-a-fortalecer-infraestructura-aerea-ferroviaria-carretera-y-portuaria\/#article","isPartOf":{"@id":"https:\/\/nitu.mx\/index.php\/2018\/10\/24\/diputados-se-comprometen-a-fortalecer-infraestructura-aerea-ferroviaria-carretera-y-portuaria\/"},"author":{"name":"Mari Soto","@id":"https:\/\/nitu.mx\/#\/schema\/person\/afc52e313e27e660739556d421d3d6b4"},"headline":"Diputados se comprometen a fortalecer infraestructura a\u00e9rea, ferroviaria, carretera y portuaria","datePublished":"2018-10-25T04:51:58+00:00","dateModified":"2018-10-25T05:01:36+00:00","mainEntityOfPage":{"@id":"https:\/\/nitu.mx\/index.php\/2018\/10\/24\/diputados-se-comprometen-a-fortalecer-infraestructura-aerea-ferroviaria-carretera-y-portuaria\/"},"wordCount":394,"commentCount":0,"publisher":{"@id":"https:\/\/nitu.mx\/#\/schema\/person\/ae7a53426417292d3dd07b45a33e01bc"},"image":{"@id":"https:\/\/nitu.mx\/index.php\/2018\/10\/24\/diputados-se-comprometen-a-fortalecer-infraestructura-aerea-ferroviaria-carretera-y-portuaria\/#primaryimage"},"thumbnailUrl":"https:\/\/nitu.mx\/wp-content\/uploads\/2018\/10\/carreteras-de-M\u00e9xico.jpg","keywords":["C\u00e1mara de Diputados","Comisi\u00f3n de Infraestructura","NAICM","Ricardo Exsome Zapata"],"articleSection":["Aerol\u00edneas","Cruceros","M\u00e9xico"],"inLanguage":"es-MX","potentialAction":[{"@type":"CommentAction","name":"Comment","target":["https:\/\/nitu.mx\/index.php\/2018\/10\/24\/diputados-se-comprometen-a-fortalecer-infraestructura-aerea-ferroviaria-carretera-y-portuaria\/#respond"]}]},{"@type":"WebPage","@id":"https:\/\/nitu.mx\/index.php\/2018\/10\/24\/diputados-se-comprometen-a-fortalecer-infraestructura-aerea-ferroviaria-carretera-y-portuaria\/","url":"https:\/\/nitu.mx\/index.php\/2018\/10\/24\/diputados-se-comprometen-a-fortalecer-infraestructura-aerea-ferroviaria-carretera-y-portuaria\/","name":"Diputados se comprometen a fortalecer infraestructura a\u00e9rea, ferroviaria, carretera y portuaria - Nitu - Noticias de la Industria Turistica","isPartOf":{"@id":"https:\/\/nitu.mx\/#website"},"primaryImageOfPage":{"@id":"https:\/\/nitu.mx\/index.php\/2018\/10\/24\/diputados-se-comprometen-a-fortalecer-infraestructura-aerea-ferroviaria-carretera-y-portuaria\/#primaryimage"},"image":{"@id":"https:\/\/nitu.mx\/index.php\/2018\/10\/24\/diputados-se-comprometen-a-fortalecer-infraestructura-aerea-ferroviaria-carretera-y-portuaria\/#primaryimage"},"thumbnailUrl":"https:\/\/nitu.mx\/wp-content\/uploads\/2018\/10\/carreteras-de-M\u00e9xico.jpg","datePublished":"2018-10-25T04:51:58+00:00","dateModified":"2018-10-25T05:01:36+00:00","description":"La Comisi\u00f3n de Infraestructura de la C\u00e1mara de Diputados se comprometieron a fortalecer la conectividad nacional a\u00e9rea, ferroviaria, carretera y portuaria.","breadcrumb":{"@id":"https:\/\/nitu.mx\/index.php\/2018\/10\/24\/diputados-se-comprometen-a-fortalecer-infraestructura-aerea-ferroviaria-carretera-y-portuaria\/#breadcrumb"},"inLanguage":"es-MX","potentialAction":[{"@type":"ReadAction","target":["https:\/\/nitu.mx\/index.php\/2018\/10\/24\/diputados-se-comprometen-a-fortalecer-infraestructura-aerea-ferroviaria-carretera-y-portuaria\/"]}]},{"@type":"ImageObject","inLanguage":"es-MX","@id":"https:\/\/nitu.mx\/index.php\/2018\/10\/24\/diputados-se-comprometen-a-fortalecer-infraestructura-aerea-ferroviaria-carretera-y-portuaria\/#primaryimage","url":"https:\/\/nitu.mx\/wp-content\/uploads\/2018\/10\/carreteras-de-M\u00e9xico.jpg","contentUrl":"https:\/\/nitu.mx\/wp-content\/uploads\/2018\/10\/carreteras-de-M\u00e9xico.jpg","width":850,"height":480,"caption":"infraestructura"},{"@type":"BreadcrumbList","@id":"https:\/\/nitu.mx\/index.php\/2018\/10\/24\/diputados-se-comprometen-a-fortalecer-infraestructura-aerea-ferroviaria-carretera-y-portuaria\/#breadcrumb","itemListElement":[{"@type":"ListItem","position":1,"name":"Inicio","item":"https:\/\/nitu.mx\/"},{"@type":"ListItem","position":2,"name":"Diputados se comprometen a fortalecer infraestructura a\u00e9rea, ferroviaria, carretera y portuaria"}]},{"@type":"WebSite","@id":"https:\/\/nitu.mx\/#website","url":"https:\/\/nitu.mx\/","name":"Nitu - Noticias de la Industria Turistica","description":"Noticias de la Industria Turistica","publisher":{"@id":"https:\/\/nitu.mx\/#\/schema\/person\/ae7a53426417292d3dd07b45a33e01bc"},"alternateName":"Noticias de la Industria Turistica","potentialAction":[{"@type":"SearchAction","target":{"@type":"EntryPoint","urlTemplate":"https:\/\/nitu.mx\/?s={search_term_string}"},"query-input":"required name=search_term_string"}],"inLanguage":"es-MX"},{"@type":["Person","Organization"],"@id":"https:\/\/nitu.mx\/#\/schema\/person\/ae7a53426417292d3dd07b45a33e01bc","name":"Arturo Medina","image":{"@type":"ImageObject","inLanguage":"es-MX","@id":"https:\/\/nitu.mx\/#\/schema\/person\/image\/","url":"https:\/\/nitu.mx\/wp-content\/uploads\/2024\/04\/4A315622-1904-4D5C-B022-878CDC840E04-90x90-1.jpeg","contentUrl":"https:\/\/nitu.mx\/wp-content\/uploads\/2024\/04\/4A315622-1904-4D5C-B022-878CDC840E04-90x90-1.jpeg","width":90,"height":90,"caption":"Arturo Medina"},"logo":{"@id":"https:\/\/nitu.mx\/#\/schema\/person\/image\/"},"description":"Director NITU.mx, Egresado de la Escuela de Periodismo Carlos Septi\u00e9n Garc\u00eda. Periodista y analista especializado en turismo desde hace 35 a\u00f1os, radicado en Canc\u00fan Q.Roo. arturo@nitu.mx","sameAs":["https:\/\/nitu.mx","https:\/\/www.facebook.com\/NITUmx\/","medinacancun","https:\/\/twitter.com\/@Arturo_Medina_G"]},{"@type":"Person","@id":"https:\/\/nitu.mx\/#\/schema\/person\/afc52e313e27e660739556d421d3d6b4","name":"Mari Soto","image":{"@type":"ImageObject","inLanguage":"es-MX","@id":"https:\/\/nitu.mx\/#\/schema\/person\/image\/","url":"https:\/\/secure.gravatar.com\/avatar\/2619c282a180a20d89fcaea82a6736e2?s=96&d=mm&r=g","contentUrl":"https:\/\/secure.gravatar.com\/avatar\/2619c282a180a20d89fcaea82a6736e2?s=96&d=mm&r=g","caption":"Mari Soto"},"sameAs":["https:\/\/nitu.mx"],"url":"https:\/\/nitu.mx\/index.php\/author\/guadalupe\/"}]}},"views":481,"_links":{"self":[{"href":"https:\/\/nitu.mx\/index.php\/wp-json\/wp\/v2\/posts\/25874"}],"collection":[{"href":"https:\/\/nitu.mx\/index.php\/wp-json\/wp\/v2\/posts"}],"about":[{"href":"https:\/\/nitu.mx\/index.php\/wp-json\/wp\/v2\/types\/post"}],"author":[{"embeddable":true,"href":"https:\/\/nitu.mx\/index.php\/wp-json\/wp\/v2\/users\/5"}],"replies":[{"embeddable":true,"href":"https:\/\/nitu.mx\/index.php\/wp-json\/wp\/v2\/comments?post=25874"}],"version-history":[{"count":2,"href":"https:\/\/nitu.mx\/index.php\/wp-json\/wp\/v2\/posts\/25874\/revisions"}],"predecessor-version":[{"id":25887,"href":"https:\/\/nitu.mx\/index.php\/wp-json\/wp\/v2\/posts\/25874\/revisions\/25887"}],"wp:featuredmedia":[{"embeddable":true,"href":"https:\/\/nitu.mx\/index.php\/wp-json\/wp\/v2\/media\/25886"}],"wp:attachment":[{"href":"https:\/\/nitu.mx\/index.php\/wp-json\/wp\/v2\/media?parent=25874"}],"wp:term":[{"taxonomy":"category","embeddable":true,"href":"https:\/\/nitu.mx\/index.php\/wp-json\/wp\/v2\/categories?post=25874"},{"taxonomy":"post_tag","embeddable":true,"href":"https:\/\/nitu.mx\/index.php\/wp-json\/wp\/v2\/tags?post=25874"}],"curies":[{"name":"wp","href":"https:\/\/api.w.org\/{rel}","templated":true}]}}