{"id":25860,"date":"2018-10-24T23:26:25","date_gmt":"2018-10-25T04:26:25","guid":{"rendered":"https:\/\/www.dev.nitu.mx\/?p=25860"},"modified":"2018-10-25T00:01:15","modified_gmt":"2018-10-25T05:01:15","slug":"cptq-preve-reduccion-de-presupuesto-por-construccion-del-tren-maya","status":"publish","type":"post","link":"https:\/\/nitu.mx\/index.php\/2018\/10\/24\/cptq-preve-reduccion-de-presupuesto-por-construccion-del-tren-maya\/","title":{"rendered":"CPTQ prev\u00e9 reducci\u00f3n de presupuesto por construcci\u00f3n del Tren Maya"},"content":{"rendered":"<p>Dar\u00edo Flota Ocampo, titular del Consejo de Promoci\u00f3n Tur\u00edstica de Quintana Roo (CPTQ), reconoci\u00f3 que la instancia planea ya ajustar su agenda de trabajo para 2019, previendo que la construcci\u00f3n del Tren Maya, pueda dejarlos parcialmente sin los 230 millones de pesos que reciben de la federaci\u00f3n para la promoci\u00f3n tur\u00edstica de Quintana Roo.<\/p>\n<p>Refiri\u00f3 que existe nerviosismo de los empresarios ante la posibilidad de que el pr\u00f3ximo gobierno utilice todo o parte del dinero federal destinado a la promoci\u00f3n tur\u00edstica para financiar el proyecto<\/p>\n<p>Empero, en su reciente visita a Quintana Roo, \u00a0en pl\u00e1tica con los medios de comunicaci\u00f3n, el pr\u00f3ximo secretario de Turismo federal, Miguel Torruco Marqu\u00e9s, asegur\u00f3 que la promoci\u00f3n tur\u00edstica de M\u00e9xico y el proyecto del Tren Maya se podr\u00e1n financiar a partir de los ahorros que genere la eliminaci\u00f3n de programas duplicados, y de contratos de promoci\u00f3n \u201conerosos\u201d que no han sido efectivos para el pa\u00eds.<\/p>\n<p>Asegur\u00f3 que se respetar\u00e1n ciertas partidas, \u00a0\u201cpero algunas otras se van a cancelar para reorientar lo recursos, eficient\u00e1ndolos m\u00e1s, y ello nos dar\u00e1 muchos recursos para promover bien el pa\u00eds\u201d.\u00a0<a title=\"Miguel Torruco critica \u201ccifras alegres\u201d de turismo y alude a la pobreza en Caribe mexicano\" href=\"https:\/\/www.dev.nitu.mx\/index.php\/2018\/10\/18\/miguel-torruco-critica-cifras-alegres-de-turismo-y-alude-a-la-pobreza-en-caribe-mexicano\/\" rel=\"bookmark\">(Miguel Torruco critica \u201ccifras alegres\u201d de turismo y alude a la pobreza en Caribe mexicano<\/a>).<\/p>\n<p>Ya que no est\u00e1 todo definido, el funcionario pidi\u00f3 a los empresarios estar pendientes de las decisiones del Congreso de la Uni\u00f3n y del gobierno federal que inicia el primero de diciembre, para conocer el destino que tendr\u00e1n los recursos destinados a la promoci\u00f3n tur\u00edstica.<\/p>\n<p>Asimismo, dijo que si al llegar el nuevo gobierno federal se reduce el presupuesto global de promoci\u00f3n tur\u00edstica, seguramente la parte que corresponde a los destinos de Quintana Roo se reducir\u00e1 tambi\u00e9n.<\/p>\n<p>\u201cTendr\u00edamos que hacer ajustes porque significar\u00e1 que con el mismo dinero vamos a tener que hacer m\u00e1s, nosotros estamos en los pr\u00f3ximos d\u00edas por que se determine el presupuesto que tendremos como Consejo de Promoci\u00f3n, que finalmente pase a Congreso federal para su autorizaci\u00f3n, y una vez que nos notifiquen a finales de a\u00f1o cu\u00e1l ser\u00e1 nuestro tope tendremos que ver c\u00f3mo lo vamos a definir\u201d.<\/p>\n<p>Aclar\u00f3 que se refiere a los recursos de la millonaria bolsa federal destinada a promover tur\u00edsticamente los atractivos de todo M\u00e9xico, y asegur\u00f3 que el dinero proveniente del Impuesto al Hospedaje que recauda alrededor de 600 millones de pesos anuales, esos no tienen ning\u00fan riesgo, por tratarse de recursos locales.\u00a0<a title=\"Secretarios de turismo se manifiestan a favor de la promoci\u00f3n tur\u00edstica de M\u00e9xico\" href=\"https:\/\/www.dev.nitu.mx\/index.php\/2018\/10\/15\/secretarios-de-turismo-se-manifiestan-a-favor-de-la-promocion-turistica-de-mexico\/\" rel=\"bookmark\">(Secretarios de turismo se manifiestan a favor de la promoci\u00f3n tur\u00edstica de M\u00e9xico<\/a>).<\/p>\n<p>\u201cNo, los recursos del estado no est\u00e1n en esta incertidumbre, este a\u00f1o fueron de casi 600 millones de pesos, y tendr\u00e1n una inversi\u00f3n total para los destinos de Quintana Roo, en donde se estar\u00e1 aumentando la presencia en promoci\u00f3n de los puntos que existen en el sur del estado, sobre todo Chetumal, Bacalar y Mahahual, habr\u00e1 montos de inversi\u00f3n que nunca se hab\u00edan tenido aqu\u00ed en el sur del estado, y es una prioridad como lo encarg\u00f3 el gobernador.<\/p>\n<p>Dar\u00edo Flota se reuni\u00f3 este martes con empresarios y hoteleros del sur del estado para darles a conocer que conjuntamente con el Consejo de Promoci\u00f3n Tur\u00edstica de M\u00e9xico (CPTM), y empresas como Interjet, Best Day, Maya Prince Travel y Expedia, este a\u00f1o se han aplicado 24 millones 419 mil pesos en campa\u00f1as destinadas a fortalecer la marca Grand Costa Maya, destacando los destinos Chetumal, Bacalar y Mahahual. (Luces del Siglo).<\/p>\n","protected":false},"excerpt":{"rendered":"<p>Dar\u00edo Flota Ocampo, titular del Consejo de Promoci\u00f3n Tur\u00edstica de Quintana Roo (CPTQ), reconoci\u00f3 que la instancia planea ya ajustar su agenda de trabajo para 2019, previendo que la construcci\u00f3n del Tren Maya, pueda dejarlos parcialmente sin los 230 millones de pesos que reciben de la federaci\u00f3n para la promoci\u00f3n tur\u00edstica de Quintana Roo. Refiri\u00f3 [&hellip;]<\/p>\n","protected":false},"author":17,"featured_media":25877,"comment_status":"open","ping_status":"open","sticky":false,"template":"","format":"standard","meta":{"footnotes":""},"categories":[5,12],"tags":[2545,874,1152,260,11427],"yoast_head":"<!-- This site is optimized with the Yoast SEO plugin v22.2 - https:\/\/yoast.com\/wordpress\/plugins\/seo\/ -->\n<title>CPTQ prev\u00e9 reducci\u00f3n de presupuesto por construcci\u00f3n del Tren Maya - Nitu - Noticias de la Industria Turistica<\/title>\n<meta name=\"description\" content=\"El titular del CPTQ reconoci\u00f3 que la construcci\u00f3n del Tren Maya, podr\u00eda dejarlos parcialmente sin los 230 millones de pesos que reciben de la federaci\u00f3n.\" \/>\n<meta name=\"robots\" content=\"index, follow, max-snippet:-1, max-image-preview:large, max-video-preview:-1\" \/>\n<link rel=\"canonical\" href=\"https:\/\/nitu.mx\/index.php\/2018\/10\/24\/cptq-preve-reduccion-de-presupuesto-por-construccion-del-tren-maya\/\" \/>\n<meta name=\"twitter:card\" content=\"summary_large_image\" \/>\n<meta name=\"twitter:title\" content=\"CPTQ prev\u00e9 reducci\u00f3n de presupuesto por construcci\u00f3n del Tren Maya - Nitu - Noticias de la Industria Turistica\" \/>\n<meta name=\"twitter:description\" content=\"El titular del CPTQ reconoci\u00f3 que la construcci\u00f3n del Tren Maya, podr\u00eda dejarlos parcialmente sin los 230 millones de pesos que reciben de la federaci\u00f3n.\" \/>\n<meta name=\"twitter:image\" content=\"https:\/\/nitu.mx\/wp-content\/uploads\/2018\/10\/CPTQ.jpg\" \/>\n<meta name=\"twitter:creator\" content=\"@NITUmx\" \/>\n<meta name=\"twitter:site\" content=\"@Arturo_Medina_G\" \/>\n<meta name=\"twitter:label1\" content=\"Escrito por\" \/>\n\t<meta name=\"twitter:data1\" content=\"Redacci\u00f3n\" \/>\n\t<meta name=\"twitter:label2\" content=\"Tiempo de lectura\" \/>\n\t<meta name=\"twitter:data2\" content=\"3 minutos\" \/>\n<script type=\"application\/ld+json\" class=\"yoast-schema-graph\">{\"@context\":\"https:\/\/schema.org\",\"@graph\":[{\"@type\":\"Article\",\"@id\":\"https:\/\/nitu.mx\/index.php\/2018\/10\/24\/cptq-preve-reduccion-de-presupuesto-por-construccion-del-tren-maya\/#article\",\"isPartOf\":{\"@id\":\"https:\/\/nitu.mx\/index.php\/2018\/10\/24\/cptq-preve-reduccion-de-presupuesto-por-construccion-del-tren-maya\/\"},\"author\":{\"name\":\"Redacci\u00f3n\",\"@id\":\"https:\/\/nitu.mx\/#\/schema\/person\/4a28fe9bd65924f7c90623773daf1b0b\"},\"headline\":\"CPTQ prev\u00e9 reducci\u00f3n de presupuesto por construcci\u00f3n del Tren Maya\",\"datePublished\":\"2018-10-25T04:26:25+00:00\",\"dateModified\":\"2018-10-25T05:01:15+00:00\",\"mainEntityOfPage\":{\"@id\":\"https:\/\/nitu.mx\/index.php\/2018\/10\/24\/cptq-preve-reduccion-de-presupuesto-por-construccion-del-tren-maya\/\"},\"wordCount\":617,\"commentCount\":0,\"publisher\":{\"@id\":\"https:\/\/nitu.mx\/#\/schema\/person\/ae7a53426417292d3dd07b45a33e01bc\"},\"image\":{\"@id\":\"https:\/\/nitu.mx\/index.php\/2018\/10\/24\/cptq-preve-reduccion-de-presupuesto-por-construccion-del-tren-maya\/#primaryimage\"},\"thumbnailUrl\":\"https:\/\/nitu.mx\/wp-content\/uploads\/2018\/10\/CPTQ.jpg\",\"keywords\":[\"Consejo de Promoci\u00f3n Turistica de Quintana Roo (CPTQ)\",\"Dar\u00edo Flota Ocampo\",\"Promoci\u00f3n Tur\u00edstica\",\"Quintana Roo\",\"Tren Maya\"],\"articleSection\":[\"Destinos\",\"Marketing\"],\"inLanguage\":\"es-MX\",\"potentialAction\":[{\"@type\":\"CommentAction\",\"name\":\"Comment\",\"target\":[\"https:\/\/nitu.mx\/index.php\/2018\/10\/24\/cptq-preve-reduccion-de-presupuesto-por-construccion-del-tren-maya\/#respond\"]}]},{\"@type\":\"WebPage\",\"@id\":\"https:\/\/nitu.mx\/index.php\/2018\/10\/24\/cptq-preve-reduccion-de-presupuesto-por-construccion-del-tren-maya\/\",\"url\":\"https:\/\/nitu.mx\/index.php\/2018\/10\/24\/cptq-preve-reduccion-de-presupuesto-por-construccion-del-tren-maya\/\",\"name\":\"CPTQ prev\u00e9 reducci\u00f3n de presupuesto por construcci\u00f3n del Tren Maya - Nitu - Noticias de la Industria Turistica\",\"isPartOf\":{\"@id\":\"https:\/\/nitu.mx\/#website\"},\"primaryImageOfPage\":{\"@id\":\"https:\/\/nitu.mx\/index.php\/2018\/10\/24\/cptq-preve-reduccion-de-presupuesto-por-construccion-del-tren-maya\/#primaryimage\"},\"image\":{\"@id\":\"https:\/\/nitu.mx\/index.php\/2018\/10\/24\/cptq-preve-reduccion-de-presupuesto-por-construccion-del-tren-maya\/#primaryimage\"},\"thumbnailUrl\":\"https:\/\/nitu.mx\/wp-content\/uploads\/2018\/10\/CPTQ.jpg\",\"datePublished\":\"2018-10-25T04:26:25+00:00\",\"dateModified\":\"2018-10-25T05:01:15+00:00\",\"description\":\"El titular del CPTQ reconoci\u00f3 que la construcci\u00f3n del Tren Maya, podr\u00eda dejarlos parcialmente sin los 230 millones de pesos que reciben de la federaci\u00f3n.\",\"breadcrumb\":{\"@id\":\"https:\/\/nitu.mx\/index.php\/2018\/10\/24\/cptq-preve-reduccion-de-presupuesto-por-construccion-del-tren-maya\/#breadcrumb\"},\"inLanguage\":\"es-MX\",\"potentialAction\":[{\"@type\":\"ReadAction\",\"target\":[\"https:\/\/nitu.mx\/index.php\/2018\/10\/24\/cptq-preve-reduccion-de-presupuesto-por-construccion-del-tren-maya\/\"]}]},{\"@type\":\"ImageObject\",\"inLanguage\":\"es-MX\",\"@id\":\"https:\/\/nitu.mx\/index.php\/2018\/10\/24\/cptq-preve-reduccion-de-presupuesto-por-construccion-del-tren-maya\/#primaryimage\",\"url\":\"https:\/\/nitu.mx\/wp-content\/uploads\/2018\/10\/CPTQ.jpg\",\"contentUrl\":\"https:\/\/nitu.mx\/wp-content\/uploads\/2018\/10\/CPTQ.jpg\",\"width\":850,\"height\":480,\"caption\":\"CPTQ\"},{\"@type\":\"BreadcrumbList\",\"@id\":\"https:\/\/nitu.mx\/index.php\/2018\/10\/24\/cptq-preve-reduccion-de-presupuesto-por-construccion-del-tren-maya\/#breadcrumb\",\"itemListElement\":[{\"@type\":\"ListItem\",\"position\":1,\"name\":\"Inicio\",\"item\":\"https:\/\/nitu.mx\/\"},{\"@type\":\"ListItem\",\"position\":2,\"name\":\"CPTQ prev\u00e9 reducci\u00f3n de presupuesto por construcci\u00f3n del Tren Maya\"}]},{\"@type\":\"WebSite\",\"@id\":\"https:\/\/nitu.mx\/#website\",\"url\":\"https:\/\/nitu.mx\/\",\"name\":\"Nitu - Noticias de la Industria Turistica\",\"description\":\"Noticias de la Industria Turistica\",\"publisher\":{\"@id\":\"https:\/\/nitu.mx\/#\/schema\/person\/ae7a53426417292d3dd07b45a33e01bc\"},\"alternateName\":\"Noticias de la Industria Turistica\",\"potentialAction\":[{\"@type\":\"SearchAction\",\"target\":{\"@type\":\"EntryPoint\",\"urlTemplate\":\"https:\/\/nitu.mx\/?s={search_term_string}\"},\"query-input\":\"required name=search_term_string\"}],\"inLanguage\":\"es-MX\"},{\"@type\":[\"Person\",\"Organization\"],\"@id\":\"https:\/\/nitu.mx\/#\/schema\/person\/ae7a53426417292d3dd07b45a33e01bc\",\"name\":\"Arturo Medina\",\"image\":{\"@type\":\"ImageObject\",\"inLanguage\":\"es-MX\",\"@id\":\"https:\/\/nitu.mx\/#\/schema\/person\/image\/\",\"url\":\"https:\/\/nitu.mx\/wp-content\/uploads\/2024\/04\/4A315622-1904-4D5C-B022-878CDC840E04-90x90-1.jpeg\",\"contentUrl\":\"https:\/\/nitu.mx\/wp-content\/uploads\/2024\/04\/4A315622-1904-4D5C-B022-878CDC840E04-90x90-1.jpeg\",\"width\":90,\"height\":90,\"caption\":\"Arturo Medina\"},\"logo\":{\"@id\":\"https:\/\/nitu.mx\/#\/schema\/person\/image\/\"},\"description\":\"Director NITU.mx, Egresado de la Escuela de Periodismo Carlos Septi\u00e9n Garc\u00eda. Periodista y analista especializado en turismo desde hace 35 a\u00f1os, radicado en Canc\u00fan Q.Roo. arturo@nitu.mx\",\"sameAs\":[\"https:\/\/nitu.mx\",\"https:\/\/www.facebook.com\/NITUmx\/\",\"medinacancun\",\"https:\/\/twitter.com\/@Arturo_Medina_G\"]},{\"@type\":\"Person\",\"@id\":\"https:\/\/nitu.mx\/#\/schema\/person\/4a28fe9bd65924f7c90623773daf1b0b\",\"name\":\"Redacci\u00f3n\",\"image\":{\"@type\":\"ImageObject\",\"inLanguage\":\"es-MX\",\"@id\":\"https:\/\/nitu.mx\/#\/schema\/person\/image\/\",\"url\":\"https:\/\/secure.gravatar.com\/avatar\/5dd011c8ccfc5cd7e4c81e42252aab38?s=96&d=mm&r=g\",\"contentUrl\":\"https:\/\/secure.gravatar.com\/avatar\/5dd011c8ccfc5cd7e4c81e42252aab38?s=96&d=mm&r=g\",\"caption\":\"Redacci\u00f3n\"},\"url\":\"https:\/\/nitu.mx\/index.php\/author\/redaccion\/\"}]}<\/script>\n<!-- \/ Yoast SEO plugin. -->","yoast_head_json":{"title":"CPTQ prev\u00e9 reducci\u00f3n de presupuesto por construcci\u00f3n del Tren Maya - Nitu - Noticias de la Industria Turistica","description":"El titular del CPTQ reconoci\u00f3 que la construcci\u00f3n del Tren Maya, podr\u00eda dejarlos parcialmente sin los 230 millones de pesos que reciben de la federaci\u00f3n.","robots":{"index":"index","follow":"follow","max-snippet":"max-snippet:-1","max-image-preview":"max-image-preview:large","max-video-preview":"max-video-preview:-1"},"canonical":"https:\/\/nitu.mx\/index.php\/2018\/10\/24\/cptq-preve-reduccion-de-presupuesto-por-construccion-del-tren-maya\/","twitter_card":"summary_large_image","twitter_title":"CPTQ prev\u00e9 reducci\u00f3n de presupuesto por construcci\u00f3n del Tren Maya - Nitu - Noticias de la Industria Turistica","twitter_description":"El titular del CPTQ reconoci\u00f3 que la construcci\u00f3n del Tren Maya, podr\u00eda dejarlos parcialmente sin los 230 millones de pesos que reciben de la federaci\u00f3n.","twitter_image":"https:\/\/nitu.mx\/wp-content\/uploads\/2018\/10\/CPTQ.jpg","twitter_creator":"@NITUmx","twitter_site":"@Arturo_Medina_G","twitter_misc":{"Escrito por":"Redacci\u00f3n","Tiempo de lectura":"3 minutos"},"schema":{"@context":"https:\/\/schema.org","@graph":[{"@type":"Article","@id":"https:\/\/nitu.mx\/index.php\/2018\/10\/24\/cptq-preve-reduccion-de-presupuesto-por-construccion-del-tren-maya\/#article","isPartOf":{"@id":"https:\/\/nitu.mx\/index.php\/2018\/10\/24\/cptq-preve-reduccion-de-presupuesto-por-construccion-del-tren-maya\/"},"author":{"name":"Redacci\u00f3n","@id":"https:\/\/nitu.mx\/#\/schema\/person\/4a28fe9bd65924f7c90623773daf1b0b"},"headline":"CPTQ prev\u00e9 reducci\u00f3n de presupuesto por construcci\u00f3n del Tren Maya","datePublished":"2018-10-25T04:26:25+00:00","dateModified":"2018-10-25T05:01:15+00:00","mainEntityOfPage":{"@id":"https:\/\/nitu.mx\/index.php\/2018\/10\/24\/cptq-preve-reduccion-de-presupuesto-por-construccion-del-tren-maya\/"},"wordCount":617,"commentCount":0,"publisher":{"@id":"https:\/\/nitu.mx\/#\/schema\/person\/ae7a53426417292d3dd07b45a33e01bc"},"image":{"@id":"https:\/\/nitu.mx\/index.php\/2018\/10\/24\/cptq-preve-reduccion-de-presupuesto-por-construccion-del-tren-maya\/#primaryimage"},"thumbnailUrl":"https:\/\/nitu.mx\/wp-content\/uploads\/2018\/10\/CPTQ.jpg","keywords":["Consejo de Promoci\u00f3n Turistica de Quintana Roo (CPTQ)","Dar\u00edo Flota Ocampo","Promoci\u00f3n Tur\u00edstica","Quintana Roo","Tren Maya"],"articleSection":["Destinos","Marketing"],"inLanguage":"es-MX","potentialAction":[{"@type":"CommentAction","name":"Comment","target":["https:\/\/nitu.mx\/index.php\/2018\/10\/24\/cptq-preve-reduccion-de-presupuesto-por-construccion-del-tren-maya\/#respond"]}]},{"@type":"WebPage","@id":"https:\/\/nitu.mx\/index.php\/2018\/10\/24\/cptq-preve-reduccion-de-presupuesto-por-construccion-del-tren-maya\/","url":"https:\/\/nitu.mx\/index.php\/2018\/10\/24\/cptq-preve-reduccion-de-presupuesto-por-construccion-del-tren-maya\/","name":"CPTQ prev\u00e9 reducci\u00f3n de presupuesto por construcci\u00f3n del Tren Maya - Nitu - Noticias de la Industria Turistica","isPartOf":{"@id":"https:\/\/nitu.mx\/#website"},"primaryImageOfPage":{"@id":"https:\/\/nitu.mx\/index.php\/2018\/10\/24\/cptq-preve-reduccion-de-presupuesto-por-construccion-del-tren-maya\/#primaryimage"},"image":{"@id":"https:\/\/nitu.mx\/index.php\/2018\/10\/24\/cptq-preve-reduccion-de-presupuesto-por-construccion-del-tren-maya\/#primaryimage"},"thumbnailUrl":"https:\/\/nitu.mx\/wp-content\/uploads\/2018\/10\/CPTQ.jpg","datePublished":"2018-10-25T04:26:25+00:00","dateModified":"2018-10-25T05:01:15+00:00","description":"El titular del CPTQ reconoci\u00f3 que la construcci\u00f3n del Tren Maya, podr\u00eda dejarlos parcialmente sin los 230 millones de pesos que reciben de la federaci\u00f3n.","breadcrumb":{"@id":"https:\/\/nitu.mx\/index.php\/2018\/10\/24\/cptq-preve-reduccion-de-presupuesto-por-construccion-del-tren-maya\/#breadcrumb"},"inLanguage":"es-MX","potentialAction":[{"@type":"ReadAction","target":["https:\/\/nitu.mx\/index.php\/2018\/10\/24\/cptq-preve-reduccion-de-presupuesto-por-construccion-del-tren-maya\/"]}]},{"@type":"ImageObject","inLanguage":"es-MX","@id":"https:\/\/nitu.mx\/index.php\/2018\/10\/24\/cptq-preve-reduccion-de-presupuesto-por-construccion-del-tren-maya\/#primaryimage","url":"https:\/\/nitu.mx\/wp-content\/uploads\/2018\/10\/CPTQ.jpg","contentUrl":"https:\/\/nitu.mx\/wp-content\/uploads\/2018\/10\/CPTQ.jpg","width":850,"height":480,"caption":"CPTQ"},{"@type":"BreadcrumbList","@id":"https:\/\/nitu.mx\/index.php\/2018\/10\/24\/cptq-preve-reduccion-de-presupuesto-por-construccion-del-tren-maya\/#breadcrumb","itemListElement":[{"@type":"ListItem","position":1,"name":"Inicio","item":"https:\/\/nitu.mx\/"},{"@type":"ListItem","position":2,"name":"CPTQ prev\u00e9 reducci\u00f3n de presupuesto por construcci\u00f3n del Tren Maya"}]},{"@type":"WebSite","@id":"https:\/\/nitu.mx\/#website","url":"https:\/\/nitu.mx\/","name":"Nitu - Noticias de la Industria Turistica","description":"Noticias de la Industria Turistica","publisher":{"@id":"https:\/\/nitu.mx\/#\/schema\/person\/ae7a53426417292d3dd07b45a33e01bc"},"alternateName":"Noticias de la Industria Turistica","potentialAction":[{"@type":"SearchAction","target":{"@type":"EntryPoint","urlTemplate":"https:\/\/nitu.mx\/?s={search_term_string}"},"query-input":"required name=search_term_string"}],"inLanguage":"es-MX"},{"@type":["Person","Organization"],"@id":"https:\/\/nitu.mx\/#\/schema\/person\/ae7a53426417292d3dd07b45a33e01bc","name":"Arturo Medina","image":{"@type":"ImageObject","inLanguage":"es-MX","@id":"https:\/\/nitu.mx\/#\/schema\/person\/image\/","url":"https:\/\/nitu.mx\/wp-content\/uploads\/2024\/04\/4A315622-1904-4D5C-B022-878CDC840E04-90x90-1.jpeg","contentUrl":"https:\/\/nitu.mx\/wp-content\/uploads\/2024\/04\/4A315622-1904-4D5C-B022-878CDC840E04-90x90-1.jpeg","width":90,"height":90,"caption":"Arturo Medina"},"logo":{"@id":"https:\/\/nitu.mx\/#\/schema\/person\/image\/"},"description":"Director NITU.mx, Egresado de la Escuela de Periodismo Carlos Septi\u00e9n Garc\u00eda. Periodista y analista especializado en turismo desde hace 35 a\u00f1os, radicado en Canc\u00fan Q.Roo. arturo@nitu.mx","sameAs":["https:\/\/nitu.mx","https:\/\/www.facebook.com\/NITUmx\/","medinacancun","https:\/\/twitter.com\/@Arturo_Medina_G"]},{"@type":"Person","@id":"https:\/\/nitu.mx\/#\/schema\/person\/4a28fe9bd65924f7c90623773daf1b0b","name":"Redacci\u00f3n","image":{"@type":"ImageObject","inLanguage":"es-MX","@id":"https:\/\/nitu.mx\/#\/schema\/person\/image\/","url":"https:\/\/secure.gravatar.com\/avatar\/5dd011c8ccfc5cd7e4c81e42252aab38?s=96&d=mm&r=g","contentUrl":"https:\/\/secure.gravatar.com\/avatar\/5dd011c8ccfc5cd7e4c81e42252aab38?s=96&d=mm&r=g","caption":"Redacci\u00f3n"},"url":"https:\/\/nitu.mx\/index.php\/author\/redaccion\/"}]}},"views":321,"_links":{"self":[{"href":"https:\/\/nitu.mx\/index.php\/wp-json\/wp\/v2\/posts\/25860"}],"collection":[{"href":"https:\/\/nitu.mx\/index.php\/wp-json\/wp\/v2\/posts"}],"about":[{"href":"https:\/\/nitu.mx\/index.php\/wp-json\/wp\/v2\/types\/post"}],"author":[{"embeddable":true,"href":"https:\/\/nitu.mx\/index.php\/wp-json\/wp\/v2\/users\/17"}],"replies":[{"embeddable":true,"href":"https:\/\/nitu.mx\/index.php\/wp-json\/wp\/v2\/comments?post=25860"}],"version-history":[{"count":3,"href":"https:\/\/nitu.mx\/index.php\/wp-json\/wp\/v2\/posts\/25860\/revisions"}],"predecessor-version":[{"id":25878,"href":"https:\/\/nitu.mx\/index.php\/wp-json\/wp\/v2\/posts\/25860\/revisions\/25878"}],"wp:featuredmedia":[{"embeddable":true,"href":"https:\/\/nitu.mx\/index.php\/wp-json\/wp\/v2\/media\/25877"}],"wp:attachment":[{"href":"https:\/\/nitu.mx\/index.php\/wp-json\/wp\/v2\/media?parent=25860"}],"wp:term":[{"taxonomy":"category","embeddable":true,"href":"https:\/\/nitu.mx\/index.php\/wp-json\/wp\/v2\/categories?post=25860"},{"taxonomy":"post_tag","embeddable":true,"href":"https:\/\/nitu.mx\/index.php\/wp-json\/wp\/v2\/tags?post=25860"}],"curies":[{"name":"wp","href":"https:\/\/api.w.org\/{rel}","templated":true}]}}