{"id":25635,"date":"2018-10-17T23:33:27","date_gmt":"2018-10-18T04:33:27","guid":{"rendered":"https:\/\/www.dev.nitu.mx\/?p=25635"},"modified":"2018-10-18T00:05:28","modified_gmt":"2018-10-18T05:05:28","slug":"cancun-sede-de-la-xlix-reunion-anual-de-la-fonasba","status":"publish","type":"post","link":"https:\/\/nitu.mx\/index.php\/2018\/10\/17\/cancun-sede-de-la-xlix-reunion-anual-de-la-fonasba\/","title":{"rendered":"Canc\u00fan, sede de la XLIX Reuni\u00f3n Anual de la FONASBA"},"content":{"rendered":"<p>En representaci\u00f3n del gobernador Carlos Joaqu\u00edn, la directora general de la Administraci\u00f3n Portuaria Integral de Quintana Roo (Apiqroo), Alicia Ricalde Maga\u00f1a, asisti\u00f3 a la inauguraci\u00f3n de la XLIX Reuni\u00f3n Anual de la Federaci\u00f3n de Asociaciones Nacionales de Agentes Navieros y Corredores (FONASBA), en la que destac\u00f3 que al cierre de 2018 se espera la llegada de mil 255 cruceros, con cuatro millones 154 mil 465 pasajeros, superando as\u00ed las cifras alcanzadas en el\u00a0 2017.<\/p>\n<p>Ante la presencia de representantes de 45 asociaciones de agentes y corredores de buques de 55 pa\u00edses miembros, la titular de la paraestatal destac\u00f3 que Quintana Roo cuenta con un solo puerto de carga en el municipio de Puerto Morelos, el cual recibe a la semana una embarcaci\u00f3n procedente de Port Everglades, Florida, bajo la operaci\u00f3n de las empresas Sea Board Marine y Hyde Shipping.<\/p>\n<p>Ricalde Maga\u00f1a afirm\u00f3 que \u201cla carga que entra por este puerto son principalmente insumos para la hoteler\u00eda, perfumer\u00eda y mercanc\u00edas en general\u201d, sobre todo porque la prioridad del gobernador Carlos Joaqu\u00edn es brindar las herramientas necesarias que permitan fortalecer la principal industria de Quintana Roo.<\/p>\n<p>La Reuni\u00f3n FONASBA 2018, que se llevar\u00e1 a cabo del 17 al 20 de octubre, en Canc\u00fan, est\u00e1 enfocada en fortalecer el comercio internacional, y donde se dar\u00e1n cita empresas navieras especializadas en el transporte de carga especializada, la documentaci\u00f3n de los productos, as\u00ed como el papel de los puertos en la l\u00ednea de suministros.<\/p>\n<p>Fernando Gamboa Rosas, director general de Fomento y Administraci\u00f3n Portuaria, de la Coordinaci\u00f3n General de Puertos y Marina Mercante de la Secretaria de Comunicaciones y Trasportes (SCT), afirm\u00f3\u00a0 que 80 por ciento del comercio mundial se mueve v\u00eda mar\u00edtima, siendo M\u00e9xico una plataforma log\u00edstica de excelencia al contar con una frontera superior a tres mil km que ubica al pa\u00eds como la entrada natural con los m\u00e1s grandes oc\u00e9anos del mundo a trav\u00e9s de los 11 mil 122 kil\u00f3metros de costa.<\/p>\n<p>Asimismo, dijo que en la administraci\u00f3n del presidente Enrique Pe\u00f1a Nieto se invirtieron m\u00e1s de 80 mil millones de pesos en 25 proyectos prioritarios portuarios del pa\u00eds, de los cuales 80 por ciento corresponden al sector privado.<\/p>\n<p>Durante el encuentro, se destac\u00f3 que M\u00e9xico es un ejemplo para el mundo de c\u00f3mo se trabaja de manera proactiva con aduanas y gobierno para facilitar el movimiento de las mercanc\u00edas.\u00a0<a title=\"Apiqroo reconstruy\u00f3 muelle del club N\u00e1utico de Chetumal para atraer turismo\" href=\"https:\/\/www.dev.nitu.mx\/index.php\/2018\/08\/28\/apiqroo-reconstruyo-muelle-del-club-nautico-de-chetumal-para-atraer-turismo\/\" rel=\"bookmark\">(Apiqroo reconstruy\u00f3 muelle del club N\u00e1utico de Chetumal para atraer turismo<\/a>).<\/p>\n","protected":false},"excerpt":{"rendered":"<p>En representaci\u00f3n del gobernador Carlos Joaqu\u00edn, la directora general de la Administraci\u00f3n Portuaria Integral de Quintana Roo (Apiqroo), Alicia Ricalde Maga\u00f1a, asisti\u00f3 a la inauguraci\u00f3n de la XLIX Reuni\u00f3n Anual de la Federaci\u00f3n de Asociaciones Nacionales de Agentes Navieros y Corredores (FONASBA), en la que destac\u00f3 que al cierre de 2018 se espera la llegada [&hellip;]<\/p>\n","protected":false},"author":17,"featured_media":25659,"comment_status":"open","ping_status":"open","sticky":false,"template":"","format":"standard","meta":{"footnotes":""},"categories":[4,5],"tags":[108,2264,12879,5861],"yoast_head":"<!-- This site is optimized with the Yoast SEO plugin v22.2 - https:\/\/yoast.com\/wordpress\/plugins\/seo\/ -->\n<title>Canc\u00fan, sede de la XLIX Reuni\u00f3n Anual de la FONASBA - Nitu - Noticias de la Industria Turistica<\/title>\n<meta name=\"description\" content=\"Alicia Ricalde Maga\u00f1a asisti\u00f3 a la inauguraci\u00f3n de la Reuni\u00f3n Anual de la Federaci\u00f3n de Asociaciones Nacionales de Agentes Navieros y Corredores (FONASBA).\" \/>\n<meta name=\"robots\" content=\"index, follow, max-snippet:-1, max-image-preview:large, max-video-preview:-1\" \/>\n<link rel=\"canonical\" href=\"https:\/\/nitu.mx\/index.php\/2018\/10\/17\/cancun-sede-de-la-xlix-reunion-anual-de-la-fonasba\/\" \/>\n<meta name=\"twitter:card\" content=\"summary_large_image\" \/>\n<meta name=\"twitter:title\" content=\"Canc\u00fan, sede de la XLIX Reuni\u00f3n Anual de la FONASBA - Nitu - Noticias de la Industria Turistica\" \/>\n<meta name=\"twitter:description\" content=\"Alicia Ricalde Maga\u00f1a asisti\u00f3 a la inauguraci\u00f3n de la Reuni\u00f3n Anual de la Federaci\u00f3n de Asociaciones Nacionales de Agentes Navieros y Corredores (FONASBA).\" \/>\n<meta name=\"twitter:image\" content=\"https:\/\/nitu.mx\/wp-content\/uploads\/2018\/10\/Fonasba-2018.jpg\" \/>\n<meta name=\"twitter:creator\" content=\"@NITUmx\" \/>\n<meta name=\"twitter:site\" content=\"@Arturo_Medina_G\" \/>\n<meta name=\"twitter:label1\" content=\"Escrito por\" \/>\n\t<meta name=\"twitter:data1\" content=\"Redacci\u00f3n\" \/>\n\t<meta name=\"twitter:label2\" content=\"Tiempo de lectura\" \/>\n\t<meta name=\"twitter:data2\" content=\"2 minutos\" \/>\n<script type=\"application\/ld+json\" class=\"yoast-schema-graph\">{\"@context\":\"https:\/\/schema.org\",\"@graph\":[{\"@type\":\"Article\",\"@id\":\"https:\/\/nitu.mx\/index.php\/2018\/10\/17\/cancun-sede-de-la-xlix-reunion-anual-de-la-fonasba\/#article\",\"isPartOf\":{\"@id\":\"https:\/\/nitu.mx\/index.php\/2018\/10\/17\/cancun-sede-de-la-xlix-reunion-anual-de-la-fonasba\/\"},\"author\":{\"name\":\"Redacci\u00f3n\",\"@id\":\"https:\/\/nitu.mx\/#\/schema\/person\/4a28fe9bd65924f7c90623773daf1b0b\"},\"headline\":\"Canc\u00fan, sede de la XLIX Reuni\u00f3n Anual de la FONASBA\",\"datePublished\":\"2018-10-18T04:33:27+00:00\",\"dateModified\":\"2018-10-18T05:05:28+00:00\",\"mainEntityOfPage\":{\"@id\":\"https:\/\/nitu.mx\/index.php\/2018\/10\/17\/cancun-sede-de-la-xlix-reunion-anual-de-la-fonasba\/\"},\"wordCount\":434,\"commentCount\":0,\"publisher\":{\"@id\":\"https:\/\/nitu.mx\/#\/schema\/person\/ae7a53426417292d3dd07b45a33e01bc\"},\"image\":{\"@id\":\"https:\/\/nitu.mx\/index.php\/2018\/10\/17\/cancun-sede-de-la-xlix-reunion-anual-de-la-fonasba\/#primaryimage\"},\"thumbnailUrl\":\"https:\/\/nitu.mx\/wp-content\/uploads\/2018\/10\/Fonasba-2018.jpg\",\"keywords\":[\"Administraci\u00f3n Portuaria Integral de Quintana Roo (APIQROO)\",\"Alicia Ricalde Maga\u00f1a\",\"Federaci\u00f3n de Asociaciones Nacionales de Agentes Navieros y Corredores (FONASBA)\",\"Gobernador Carlos Joaqu\u00edn\"],\"articleSection\":[\"Cruceros\",\"Destinos\"],\"inLanguage\":\"es-MX\",\"potentialAction\":[{\"@type\":\"CommentAction\",\"name\":\"Comment\",\"target\":[\"https:\/\/nitu.mx\/index.php\/2018\/10\/17\/cancun-sede-de-la-xlix-reunion-anual-de-la-fonasba\/#respond\"]}]},{\"@type\":\"WebPage\",\"@id\":\"https:\/\/nitu.mx\/index.php\/2018\/10\/17\/cancun-sede-de-la-xlix-reunion-anual-de-la-fonasba\/\",\"url\":\"https:\/\/nitu.mx\/index.php\/2018\/10\/17\/cancun-sede-de-la-xlix-reunion-anual-de-la-fonasba\/\",\"name\":\"Canc\u00fan, sede de la XLIX Reuni\u00f3n Anual de la FONASBA - Nitu - Noticias de la Industria Turistica\",\"isPartOf\":{\"@id\":\"https:\/\/nitu.mx\/#website\"},\"primaryImageOfPage\":{\"@id\":\"https:\/\/nitu.mx\/index.php\/2018\/10\/17\/cancun-sede-de-la-xlix-reunion-anual-de-la-fonasba\/#primaryimage\"},\"image\":{\"@id\":\"https:\/\/nitu.mx\/index.php\/2018\/10\/17\/cancun-sede-de-la-xlix-reunion-anual-de-la-fonasba\/#primaryimage\"},\"thumbnailUrl\":\"https:\/\/nitu.mx\/wp-content\/uploads\/2018\/10\/Fonasba-2018.jpg\",\"datePublished\":\"2018-10-18T04:33:27+00:00\",\"dateModified\":\"2018-10-18T05:05:28+00:00\",\"description\":\"Alicia Ricalde Maga\u00f1a asisti\u00f3 a la inauguraci\u00f3n de la Reuni\u00f3n Anual de la Federaci\u00f3n de Asociaciones Nacionales de Agentes Navieros y Corredores (FONASBA).\",\"breadcrumb\":{\"@id\":\"https:\/\/nitu.mx\/index.php\/2018\/10\/17\/cancun-sede-de-la-xlix-reunion-anual-de-la-fonasba\/#breadcrumb\"},\"inLanguage\":\"es-MX\",\"potentialAction\":[{\"@type\":\"ReadAction\",\"target\":[\"https:\/\/nitu.mx\/index.php\/2018\/10\/17\/cancun-sede-de-la-xlix-reunion-anual-de-la-fonasba\/\"]}]},{\"@type\":\"ImageObject\",\"inLanguage\":\"es-MX\",\"@id\":\"https:\/\/nitu.mx\/index.php\/2018\/10\/17\/cancun-sede-de-la-xlix-reunion-anual-de-la-fonasba\/#primaryimage\",\"url\":\"https:\/\/nitu.mx\/wp-content\/uploads\/2018\/10\/Fonasba-2018.jpg\",\"contentUrl\":\"https:\/\/nitu.mx\/wp-content\/uploads\/2018\/10\/Fonasba-2018.jpg\",\"width\":850,\"height\":480,\"caption\":\"Fonasba\"},{\"@type\":\"BreadcrumbList\",\"@id\":\"https:\/\/nitu.mx\/index.php\/2018\/10\/17\/cancun-sede-de-la-xlix-reunion-anual-de-la-fonasba\/#breadcrumb\",\"itemListElement\":[{\"@type\":\"ListItem\",\"position\":1,\"name\":\"Inicio\",\"item\":\"https:\/\/nitu.mx\/\"},{\"@type\":\"ListItem\",\"position\":2,\"name\":\"Canc\u00fan, sede de la XLIX Reuni\u00f3n Anual de la FONASBA\"}]},{\"@type\":\"WebSite\",\"@id\":\"https:\/\/nitu.mx\/#website\",\"url\":\"https:\/\/nitu.mx\/\",\"name\":\"Nitu - Noticias de la Industria Turistica\",\"description\":\"Noticias de la Industria Turistica\",\"publisher\":{\"@id\":\"https:\/\/nitu.mx\/#\/schema\/person\/ae7a53426417292d3dd07b45a33e01bc\"},\"alternateName\":\"Noticias de la Industria Turistica\",\"potentialAction\":[{\"@type\":\"SearchAction\",\"target\":{\"@type\":\"EntryPoint\",\"urlTemplate\":\"https:\/\/nitu.mx\/?s={search_term_string}\"},\"query-input\":\"required name=search_term_string\"}],\"inLanguage\":\"es-MX\"},{\"@type\":[\"Person\",\"Organization\"],\"@id\":\"https:\/\/nitu.mx\/#\/schema\/person\/ae7a53426417292d3dd07b45a33e01bc\",\"name\":\"Arturo Medina\",\"image\":{\"@type\":\"ImageObject\",\"inLanguage\":\"es-MX\",\"@id\":\"https:\/\/nitu.mx\/#\/schema\/person\/image\/\",\"url\":\"https:\/\/nitu.mx\/wp-content\/uploads\/2024\/04\/4A315622-1904-4D5C-B022-878CDC840E04-90x90-1.jpeg\",\"contentUrl\":\"https:\/\/nitu.mx\/wp-content\/uploads\/2024\/04\/4A315622-1904-4D5C-B022-878CDC840E04-90x90-1.jpeg\",\"width\":90,\"height\":90,\"caption\":\"Arturo Medina\"},\"logo\":{\"@id\":\"https:\/\/nitu.mx\/#\/schema\/person\/image\/\"},\"description\":\"Director NITU.mx, Egresado de la Escuela de Periodismo Carlos Septi\u00e9n Garc\u00eda. Periodista y analista especializado en turismo desde hace 35 a\u00f1os, radicado en Canc\u00fan Q.Roo. arturo@nitu.mx\",\"sameAs\":[\"https:\/\/nitu.mx\",\"https:\/\/www.facebook.com\/NITUmx\/\",\"medinacancun\",\"https:\/\/twitter.com\/@Arturo_Medina_G\"]},{\"@type\":\"Person\",\"@id\":\"https:\/\/nitu.mx\/#\/schema\/person\/4a28fe9bd65924f7c90623773daf1b0b\",\"name\":\"Redacci\u00f3n\",\"image\":{\"@type\":\"ImageObject\",\"inLanguage\":\"es-MX\",\"@id\":\"https:\/\/nitu.mx\/#\/schema\/person\/image\/\",\"url\":\"https:\/\/secure.gravatar.com\/avatar\/5dd011c8ccfc5cd7e4c81e42252aab38?s=96&d=mm&r=g\",\"contentUrl\":\"https:\/\/secure.gravatar.com\/avatar\/5dd011c8ccfc5cd7e4c81e42252aab38?s=96&d=mm&r=g\",\"caption\":\"Redacci\u00f3n\"},\"url\":\"https:\/\/nitu.mx\/index.php\/author\/redaccion\/\"}]}<\/script>\n<!-- \/ Yoast SEO plugin. -->","yoast_head_json":{"title":"Canc\u00fan, sede de la XLIX Reuni\u00f3n Anual de la FONASBA - Nitu - Noticias de la Industria Turistica","description":"Alicia Ricalde Maga\u00f1a asisti\u00f3 a la inauguraci\u00f3n de la Reuni\u00f3n Anual de la Federaci\u00f3n de Asociaciones Nacionales de Agentes Navieros y Corredores (FONASBA).","robots":{"index":"index","follow":"follow","max-snippet":"max-snippet:-1","max-image-preview":"max-image-preview:large","max-video-preview":"max-video-preview:-1"},"canonical":"https:\/\/nitu.mx\/index.php\/2018\/10\/17\/cancun-sede-de-la-xlix-reunion-anual-de-la-fonasba\/","twitter_card":"summary_large_image","twitter_title":"Canc\u00fan, sede de la XLIX Reuni\u00f3n Anual de la FONASBA - Nitu - Noticias de la Industria Turistica","twitter_description":"Alicia Ricalde Maga\u00f1a asisti\u00f3 a la inauguraci\u00f3n de la Reuni\u00f3n Anual de la Federaci\u00f3n de Asociaciones Nacionales de Agentes Navieros y Corredores (FONASBA).","twitter_image":"https:\/\/nitu.mx\/wp-content\/uploads\/2018\/10\/Fonasba-2018.jpg","twitter_creator":"@NITUmx","twitter_site":"@Arturo_Medina_G","twitter_misc":{"Escrito por":"Redacci\u00f3n","Tiempo de lectura":"2 minutos"},"schema":{"@context":"https:\/\/schema.org","@graph":[{"@type":"Article","@id":"https:\/\/nitu.mx\/index.php\/2018\/10\/17\/cancun-sede-de-la-xlix-reunion-anual-de-la-fonasba\/#article","isPartOf":{"@id":"https:\/\/nitu.mx\/index.php\/2018\/10\/17\/cancun-sede-de-la-xlix-reunion-anual-de-la-fonasba\/"},"author":{"name":"Redacci\u00f3n","@id":"https:\/\/nitu.mx\/#\/schema\/person\/4a28fe9bd65924f7c90623773daf1b0b"},"headline":"Canc\u00fan, sede de la XLIX Reuni\u00f3n Anual de la FONASBA","datePublished":"2018-10-18T04:33:27+00:00","dateModified":"2018-10-18T05:05:28+00:00","mainEntityOfPage":{"@id":"https:\/\/nitu.mx\/index.php\/2018\/10\/17\/cancun-sede-de-la-xlix-reunion-anual-de-la-fonasba\/"},"wordCount":434,"commentCount":0,"publisher":{"@id":"https:\/\/nitu.mx\/#\/schema\/person\/ae7a53426417292d3dd07b45a33e01bc"},"image":{"@id":"https:\/\/nitu.mx\/index.php\/2018\/10\/17\/cancun-sede-de-la-xlix-reunion-anual-de-la-fonasba\/#primaryimage"},"thumbnailUrl":"https:\/\/nitu.mx\/wp-content\/uploads\/2018\/10\/Fonasba-2018.jpg","keywords":["Administraci\u00f3n Portuaria Integral de Quintana Roo (APIQROO)","Alicia Ricalde Maga\u00f1a","Federaci\u00f3n de Asociaciones Nacionales de Agentes Navieros y Corredores (FONASBA)","Gobernador Carlos Joaqu\u00edn"],"articleSection":["Cruceros","Destinos"],"inLanguage":"es-MX","potentialAction":[{"@type":"CommentAction","name":"Comment","target":["https:\/\/nitu.mx\/index.php\/2018\/10\/17\/cancun-sede-de-la-xlix-reunion-anual-de-la-fonasba\/#respond"]}]},{"@type":"WebPage","@id":"https:\/\/nitu.mx\/index.php\/2018\/10\/17\/cancun-sede-de-la-xlix-reunion-anual-de-la-fonasba\/","url":"https:\/\/nitu.mx\/index.php\/2018\/10\/17\/cancun-sede-de-la-xlix-reunion-anual-de-la-fonasba\/","name":"Canc\u00fan, sede de la XLIX Reuni\u00f3n Anual de la FONASBA - Nitu - Noticias de la Industria Turistica","isPartOf":{"@id":"https:\/\/nitu.mx\/#website"},"primaryImageOfPage":{"@id":"https:\/\/nitu.mx\/index.php\/2018\/10\/17\/cancun-sede-de-la-xlix-reunion-anual-de-la-fonasba\/#primaryimage"},"image":{"@id":"https:\/\/nitu.mx\/index.php\/2018\/10\/17\/cancun-sede-de-la-xlix-reunion-anual-de-la-fonasba\/#primaryimage"},"thumbnailUrl":"https:\/\/nitu.mx\/wp-content\/uploads\/2018\/10\/Fonasba-2018.jpg","datePublished":"2018-10-18T04:33:27+00:00","dateModified":"2018-10-18T05:05:28+00:00","description":"Alicia Ricalde Maga\u00f1a asisti\u00f3 a la inauguraci\u00f3n de la Reuni\u00f3n Anual de la Federaci\u00f3n de Asociaciones Nacionales de Agentes Navieros y Corredores (FONASBA).","breadcrumb":{"@id":"https:\/\/nitu.mx\/index.php\/2018\/10\/17\/cancun-sede-de-la-xlix-reunion-anual-de-la-fonasba\/#breadcrumb"},"inLanguage":"es-MX","potentialAction":[{"@type":"ReadAction","target":["https:\/\/nitu.mx\/index.php\/2018\/10\/17\/cancun-sede-de-la-xlix-reunion-anual-de-la-fonasba\/"]}]},{"@type":"ImageObject","inLanguage":"es-MX","@id":"https:\/\/nitu.mx\/index.php\/2018\/10\/17\/cancun-sede-de-la-xlix-reunion-anual-de-la-fonasba\/#primaryimage","url":"https:\/\/nitu.mx\/wp-content\/uploads\/2018\/10\/Fonasba-2018.jpg","contentUrl":"https:\/\/nitu.mx\/wp-content\/uploads\/2018\/10\/Fonasba-2018.jpg","width":850,"height":480,"caption":"Fonasba"},{"@type":"BreadcrumbList","@id":"https:\/\/nitu.mx\/index.php\/2018\/10\/17\/cancun-sede-de-la-xlix-reunion-anual-de-la-fonasba\/#breadcrumb","itemListElement":[{"@type":"ListItem","position":1,"name":"Inicio","item":"https:\/\/nitu.mx\/"},{"@type":"ListItem","position":2,"name":"Canc\u00fan, sede de la XLIX Reuni\u00f3n Anual de la FONASBA"}]},{"@type":"WebSite","@id":"https:\/\/nitu.mx\/#website","url":"https:\/\/nitu.mx\/","name":"Nitu - Noticias de la Industria Turistica","description":"Noticias de la Industria Turistica","publisher":{"@id":"https:\/\/nitu.mx\/#\/schema\/person\/ae7a53426417292d3dd07b45a33e01bc"},"alternateName":"Noticias de la Industria Turistica","potentialAction":[{"@type":"SearchAction","target":{"@type":"EntryPoint","urlTemplate":"https:\/\/nitu.mx\/?s={search_term_string}"},"query-input":"required name=search_term_string"}],"inLanguage":"es-MX"},{"@type":["Person","Organization"],"@id":"https:\/\/nitu.mx\/#\/schema\/person\/ae7a53426417292d3dd07b45a33e01bc","name":"Arturo Medina","image":{"@type":"ImageObject","inLanguage":"es-MX","@id":"https:\/\/nitu.mx\/#\/schema\/person\/image\/","url":"https:\/\/nitu.mx\/wp-content\/uploads\/2024\/04\/4A315622-1904-4D5C-B022-878CDC840E04-90x90-1.jpeg","contentUrl":"https:\/\/nitu.mx\/wp-content\/uploads\/2024\/04\/4A315622-1904-4D5C-B022-878CDC840E04-90x90-1.jpeg","width":90,"height":90,"caption":"Arturo Medina"},"logo":{"@id":"https:\/\/nitu.mx\/#\/schema\/person\/image\/"},"description":"Director NITU.mx, Egresado de la Escuela de Periodismo Carlos Septi\u00e9n Garc\u00eda. Periodista y analista especializado en turismo desde hace 35 a\u00f1os, radicado en Canc\u00fan Q.Roo. arturo@nitu.mx","sameAs":["https:\/\/nitu.mx","https:\/\/www.facebook.com\/NITUmx\/","medinacancun","https:\/\/twitter.com\/@Arturo_Medina_G"]},{"@type":"Person","@id":"https:\/\/nitu.mx\/#\/schema\/person\/4a28fe9bd65924f7c90623773daf1b0b","name":"Redacci\u00f3n","image":{"@type":"ImageObject","inLanguage":"es-MX","@id":"https:\/\/nitu.mx\/#\/schema\/person\/image\/","url":"https:\/\/secure.gravatar.com\/avatar\/5dd011c8ccfc5cd7e4c81e42252aab38?s=96&d=mm&r=g","contentUrl":"https:\/\/secure.gravatar.com\/avatar\/5dd011c8ccfc5cd7e4c81e42252aab38?s=96&d=mm&r=g","caption":"Redacci\u00f3n"},"url":"https:\/\/nitu.mx\/index.php\/author\/redaccion\/"}]}},"views":247,"_links":{"self":[{"href":"https:\/\/nitu.mx\/index.php\/wp-json\/wp\/v2\/posts\/25635"}],"collection":[{"href":"https:\/\/nitu.mx\/index.php\/wp-json\/wp\/v2\/posts"}],"about":[{"href":"https:\/\/nitu.mx\/index.php\/wp-json\/wp\/v2\/types\/post"}],"author":[{"embeddable":true,"href":"https:\/\/nitu.mx\/index.php\/wp-json\/wp\/v2\/users\/17"}],"replies":[{"embeddable":true,"href":"https:\/\/nitu.mx\/index.php\/wp-json\/wp\/v2\/comments?post=25635"}],"version-history":[{"count":3,"href":"https:\/\/nitu.mx\/index.php\/wp-json\/wp\/v2\/posts\/25635\/revisions"}],"predecessor-version":[{"id":25660,"href":"https:\/\/nitu.mx\/index.php\/wp-json\/wp\/v2\/posts\/25635\/revisions\/25660"}],"wp:featuredmedia":[{"embeddable":true,"href":"https:\/\/nitu.mx\/index.php\/wp-json\/wp\/v2\/media\/25659"}],"wp:attachment":[{"href":"https:\/\/nitu.mx\/index.php\/wp-json\/wp\/v2\/media?parent=25635"}],"wp:term":[{"taxonomy":"category","embeddable":true,"href":"https:\/\/nitu.mx\/index.php\/wp-json\/wp\/v2\/categories?post=25635"},{"taxonomy":"post_tag","embeddable":true,"href":"https:\/\/nitu.mx\/index.php\/wp-json\/wp\/v2\/tags?post=25635"}],"curies":[{"name":"wp","href":"https:\/\/api.w.org\/{rel}","templated":true}]}}