{"id":2563,"date":"2016-10-03T20:05:20","date_gmt":"2016-10-04T01:05:20","guid":{"rendered":"http:\/\/www.dev.nitu.mx\/?p=2563"},"modified":"2016-10-03T23:57:41","modified_gmt":"2016-10-04T04:57:41","slug":"refuerzan-aeromexico-la-oficina-espanola-turismo-lazos-colaboracion","status":"publish","type":"post","link":"https:\/\/nitu.mx\/index.php\/2016\/10\/03\/refuerzan-aeromexico-la-oficina-espanola-turismo-lazos-colaboracion\/","title":{"rendered":"Refuerzan Aerom\u00e9xico y la Oficina Espa\u00f1ola de Turismo lazos de colaboraci\u00f3n"},"content":{"rendered":"<p style=\"text-align: center;\">Representantes de ventas de Aerom\u00e9xico, de la Oficina Espa\u00f1ola de Turismo y del Ayuntamiento de Madrid presentaron ante agentes y operadores tur\u00edsticos, las bondades que ofrece la capital espa\u00f1ola a los viajeros internacionales. En representaci\u00f3n del alcalde de la ciudad ib\u00e9rica, las autoridades de turismo enfatizaron que este a\u00f1o se romper\u00e1 un r\u00e9cord en el n\u00famero de visitantes extranjeros, por lo que agradecieron el apoyo de socios estrat\u00e9gicos como Aerom\u00e9xico.<\/p>\n<p>Fernando Esqueda, ejecutivo comercial de la aerol\u00ednea, destac\u00f3 que Madrid es la ciudad europea m\u00e1s atractiva para el turista mexicano, por esta raz\u00f3n cuenta con ocho frecuencias a la semana, con un vuelo diario, y una adicional los s\u00e1bados, en equipos Dreamliner 787, el m\u00e1s novedoso de Boeing.<\/p>\n<p>Esqueda se\u00f1al\u00f3 que utilizar esta nave, marca un diferencial que percibe el pasajero, pues adem\u00e1s de contar con pantalla t\u00e1ctil en cada asiento y tener un dise\u00f1o m\u00e1s aerodin\u00e1mico, reduce los estragos del jet lag, presentes en un vuelo trasatl\u00e1ntico. Agreg\u00f3 que en el mediano plazo, saldr\u00e1n de la flota los aviones 777, para utilizar un s\u00f3lo tipo de nave en los vuelos internacionales.\u00a0(<a href=\"http:\/\/www.dev.nitu.mx\/index.php\/2016\/09\/06\/mexicano-nuevo-dremliner-787-9-aeromexico\/\" target=\"_blank\">Muy mexicano el nuevo Dreamliner 787-9 de Aerom\u00e9xico<\/a>)<\/p>\n<p>Por su parte, Joaqu\u00edn Castillo, representante de la Oficina Espa\u00f1ola de Turismo, destac\u00f3 las bondades de Madrid, dentro de las cuales mencion\u00f3 la amplia oferta cultural, a trav\u00e9s de museos como el Del Prado, de la Reina Sof\u00eda y Thyssen. As\u00ed mismo, reiter\u00f3 que es la capital europea con m\u00e1s \u00e1reas verdes y es el segundo destino ideal del continente para ir de compras.<\/p>\n<p>Adem\u00e1s de los atractivos tur\u00edsticos, el funcionario espa\u00f1ol enfatiz\u00f3 que Madrid es un punto importante de conexi\u00f3n a\u00e9rea con 176 ciudades europeas, por lo que el 25 por ciento de los vuelos que llegan a Europa, pasan por esta capital. Mientras que para recorrer otras ciudades espa\u00f1olas, existe una gran oferta rutas v\u00eda tren, como las 35 frecuencias hacia Barcelona o las 25 hacia Sevilla.<\/p>\n","protected":false},"excerpt":{"rendered":"<p>Representantes de ventas de Aerom\u00e9xico, de la Oficina Espa\u00f1ola de Turismo y del Ayuntamiento de Madrid presentaron ante agentes y operadores tur\u00edsticos, las bondades que ofrece la capital espa\u00f1ola a los viajeros internacionales. En representaci\u00f3n del alcalde de la ciudad ib\u00e9rica, las autoridades de turismo enfatizaron que este a\u00f1o se romper\u00e1 un r\u00e9cord en el [&hellip;]<\/p>\n","protected":false},"author":5,"featured_media":2564,"comment_status":"open","ping_status":"open","sticky":false,"template":"","format":"standard","meta":{"footnotes":""},"categories":[5,374],"tags":[30,861,126,860],"yoast_head":"<!-- This site is optimized with the Yoast SEO plugin v22.2 - https:\/\/yoast.com\/wordpress\/plugins\/seo\/ -->\n<title>Refuerzan Aerom\u00e9xico y la Oficina Espa\u00f1ola de Turismo lazos de colaboraci\u00f3n - Nitu - Noticias de la Industria Turistica<\/title>\n<meta name=\"description\" content=\"Aerom\u00e9xico, y autoridades espa\u00f1olas presentaron ante agentes y operadores tur\u00edsticos, las bondades de Madrid a los viajeros internacionales.\" \/>\n<meta name=\"robots\" content=\"index, follow, max-snippet:-1, max-image-preview:large, max-video-preview:-1\" \/>\n<link rel=\"canonical\" href=\"https:\/\/nitu.mx\/index.php\/2016\/10\/03\/refuerzan-aeromexico-la-oficina-espanola-turismo-lazos-colaboracion\/\" \/>\n<meta name=\"twitter:card\" content=\"summary_large_image\" \/>\n<meta name=\"twitter:title\" content=\"Refuerzan Aerom\u00e9xico y la Oficina Espa\u00f1ola de Turismo lazos de colaboraci\u00f3n - Nitu - Noticias de la Industria Turistica\" \/>\n<meta name=\"twitter:description\" content=\"Aerom\u00e9xico, y autoridades espa\u00f1olas presentaron ante agentes y operadores tur\u00edsticos, las bondades de Madrid a los viajeros internacionales.\" \/>\n<meta name=\"twitter:image\" content=\"https:\/\/nitu.mx\/wp-content\/uploads\/2016\/10\/Aeromexico-Madrid.jpg\" \/>\n<meta name=\"twitter:creator\" content=\"@NITUmx\" \/>\n<meta name=\"twitter:site\" content=\"@Arturo_Medina_G\" \/>\n<meta name=\"twitter:label1\" content=\"Escrito por\" \/>\n\t<meta name=\"twitter:data1\" content=\"Mari Soto\" \/>\n\t<meta name=\"twitter:label2\" content=\"Tiempo de lectura\" \/>\n\t<meta name=\"twitter:data2\" content=\"2 minutos\" \/>\n<script type=\"application\/ld+json\" class=\"yoast-schema-graph\">{\"@context\":\"https:\/\/schema.org\",\"@graph\":[{\"@type\":\"Article\",\"@id\":\"https:\/\/nitu.mx\/index.php\/2016\/10\/03\/refuerzan-aeromexico-la-oficina-espanola-turismo-lazos-colaboracion\/#article\",\"isPartOf\":{\"@id\":\"https:\/\/nitu.mx\/index.php\/2016\/10\/03\/refuerzan-aeromexico-la-oficina-espanola-turismo-lazos-colaboracion\/\"},\"author\":{\"name\":\"Mari Soto\",\"@id\":\"https:\/\/nitu.mx\/#\/schema\/person\/afc52e313e27e660739556d421d3d6b4\"},\"headline\":\"Refuerzan Aerom\u00e9xico y la Oficina Espa\u00f1ola de Turismo lazos de colaboraci\u00f3n\",\"datePublished\":\"2016-10-04T01:05:20+00:00\",\"dateModified\":\"2016-10-04T04:57:41+00:00\",\"mainEntityOfPage\":{\"@id\":\"https:\/\/nitu.mx\/index.php\/2016\/10\/03\/refuerzan-aeromexico-la-oficina-espanola-turismo-lazos-colaboracion\/\"},\"wordCount\":365,\"commentCount\":0,\"publisher\":{\"@id\":\"https:\/\/nitu.mx\/#\/schema\/person\/ae7a53426417292d3dd07b45a33e01bc\"},\"image\":{\"@id\":\"https:\/\/nitu.mx\/index.php\/2016\/10\/03\/refuerzan-aeromexico-la-oficina-espanola-turismo-lazos-colaboracion\/#primaryimage\"},\"thumbnailUrl\":\"https:\/\/nitu.mx\/wp-content\/uploads\/2016\/10\/Aeromexico-Madrid.jpg\",\"keywords\":[\"Aerom\u00e9xico\",\"Ayuntamiento de Madrid\",\"Madrid\",\"Oficina Espa\u00f1ola de Turismo\"],\"articleSection\":[\"Destinos\",\"Internacional\"],\"inLanguage\":\"es-MX\",\"potentialAction\":[{\"@type\":\"CommentAction\",\"name\":\"Comment\",\"target\":[\"https:\/\/nitu.mx\/index.php\/2016\/10\/03\/refuerzan-aeromexico-la-oficina-espanola-turismo-lazos-colaboracion\/#respond\"]}]},{\"@type\":\"WebPage\",\"@id\":\"https:\/\/nitu.mx\/index.php\/2016\/10\/03\/refuerzan-aeromexico-la-oficina-espanola-turismo-lazos-colaboracion\/\",\"url\":\"https:\/\/nitu.mx\/index.php\/2016\/10\/03\/refuerzan-aeromexico-la-oficina-espanola-turismo-lazos-colaboracion\/\",\"name\":\"Refuerzan Aerom\u00e9xico y la Oficina Espa\u00f1ola de Turismo lazos de colaboraci\u00f3n - Nitu - Noticias de la Industria Turistica\",\"isPartOf\":{\"@id\":\"https:\/\/nitu.mx\/#website\"},\"primaryImageOfPage\":{\"@id\":\"https:\/\/nitu.mx\/index.php\/2016\/10\/03\/refuerzan-aeromexico-la-oficina-espanola-turismo-lazos-colaboracion\/#primaryimage\"},\"image\":{\"@id\":\"https:\/\/nitu.mx\/index.php\/2016\/10\/03\/refuerzan-aeromexico-la-oficina-espanola-turismo-lazos-colaboracion\/#primaryimage\"},\"thumbnailUrl\":\"https:\/\/nitu.mx\/wp-content\/uploads\/2016\/10\/Aeromexico-Madrid.jpg\",\"datePublished\":\"2016-10-04T01:05:20+00:00\",\"dateModified\":\"2016-10-04T04:57:41+00:00\",\"description\":\"Aerom\u00e9xico, y autoridades espa\u00f1olas presentaron ante agentes y operadores tur\u00edsticos, las bondades de Madrid a los viajeros internacionales.\",\"breadcrumb\":{\"@id\":\"https:\/\/nitu.mx\/index.php\/2016\/10\/03\/refuerzan-aeromexico-la-oficina-espanola-turismo-lazos-colaboracion\/#breadcrumb\"},\"inLanguage\":\"es-MX\",\"potentialAction\":[{\"@type\":\"ReadAction\",\"target\":[\"https:\/\/nitu.mx\/index.php\/2016\/10\/03\/refuerzan-aeromexico-la-oficina-espanola-turismo-lazos-colaboracion\/\"]}]},{\"@type\":\"ImageObject\",\"inLanguage\":\"es-MX\",\"@id\":\"https:\/\/nitu.mx\/index.php\/2016\/10\/03\/refuerzan-aeromexico-la-oficina-espanola-turismo-lazos-colaboracion\/#primaryimage\",\"url\":\"https:\/\/nitu.mx\/wp-content\/uploads\/2016\/10\/Aeromexico-Madrid.jpg\",\"contentUrl\":\"https:\/\/nitu.mx\/wp-content\/uploads\/2016\/10\/Aeromexico-Madrid.jpg\",\"width\":2388,\"height\":1485,\"caption\":\"Aeromexico\"},{\"@type\":\"BreadcrumbList\",\"@id\":\"https:\/\/nitu.mx\/index.php\/2016\/10\/03\/refuerzan-aeromexico-la-oficina-espanola-turismo-lazos-colaboracion\/#breadcrumb\",\"itemListElement\":[{\"@type\":\"ListItem\",\"position\":1,\"name\":\"Inicio\",\"item\":\"https:\/\/nitu.mx\/\"},{\"@type\":\"ListItem\",\"position\":2,\"name\":\"Refuerzan Aerom\u00e9xico y la Oficina Espa\u00f1ola de Turismo lazos de colaboraci\u00f3n\"}]},{\"@type\":\"WebSite\",\"@id\":\"https:\/\/nitu.mx\/#website\",\"url\":\"https:\/\/nitu.mx\/\",\"name\":\"Nitu - Noticias de la Industria Turistica\",\"description\":\"Noticias de la Industria Turistica\",\"publisher\":{\"@id\":\"https:\/\/nitu.mx\/#\/schema\/person\/ae7a53426417292d3dd07b45a33e01bc\"},\"alternateName\":\"Noticias de la Industria Turistica\",\"potentialAction\":[{\"@type\":\"SearchAction\",\"target\":{\"@type\":\"EntryPoint\",\"urlTemplate\":\"https:\/\/nitu.mx\/?s={search_term_string}\"},\"query-input\":\"required name=search_term_string\"}],\"inLanguage\":\"es-MX\"},{\"@type\":[\"Person\",\"Organization\"],\"@id\":\"https:\/\/nitu.mx\/#\/schema\/person\/ae7a53426417292d3dd07b45a33e01bc\",\"name\":\"Arturo Medina\",\"image\":{\"@type\":\"ImageObject\",\"inLanguage\":\"es-MX\",\"@id\":\"https:\/\/nitu.mx\/#\/schema\/person\/image\/\",\"url\":\"https:\/\/nitu.mx\/wp-content\/uploads\/2024\/04\/4A315622-1904-4D5C-B022-878CDC840E04-90x90-1.jpeg\",\"contentUrl\":\"https:\/\/nitu.mx\/wp-content\/uploads\/2024\/04\/4A315622-1904-4D5C-B022-878CDC840E04-90x90-1.jpeg\",\"width\":90,\"height\":90,\"caption\":\"Arturo Medina\"},\"logo\":{\"@id\":\"https:\/\/nitu.mx\/#\/schema\/person\/image\/\"},\"description\":\"Director NITU.mx, Egresado de la Escuela de Periodismo Carlos Septi\u00e9n Garc\u00eda. Periodista y analista especializado en turismo desde hace 35 a\u00f1os, radicado en Canc\u00fan Q.Roo. arturo@nitu.mx\",\"sameAs\":[\"https:\/\/nitu.mx\",\"https:\/\/www.facebook.com\/NITUmx\/\",\"medinacancun\",\"https:\/\/twitter.com\/@Arturo_Medina_G\"]},{\"@type\":\"Person\",\"@id\":\"https:\/\/nitu.mx\/#\/schema\/person\/afc52e313e27e660739556d421d3d6b4\",\"name\":\"Mari Soto\",\"image\":{\"@type\":\"ImageObject\",\"inLanguage\":\"es-MX\",\"@id\":\"https:\/\/nitu.mx\/#\/schema\/person\/image\/\",\"url\":\"https:\/\/secure.gravatar.com\/avatar\/2619c282a180a20d89fcaea82a6736e2?s=96&d=mm&r=g\",\"contentUrl\":\"https:\/\/secure.gravatar.com\/avatar\/2619c282a180a20d89fcaea82a6736e2?s=96&d=mm&r=g\",\"caption\":\"Mari Soto\"},\"sameAs\":[\"https:\/\/nitu.mx\"],\"url\":\"https:\/\/nitu.mx\/index.php\/author\/guadalupe\/\"}]}<\/script>\n<!-- \/ Yoast SEO plugin. -->","yoast_head_json":{"title":"Refuerzan Aerom\u00e9xico y la Oficina Espa\u00f1ola de Turismo lazos de colaboraci\u00f3n - Nitu - Noticias de la Industria Turistica","description":"Aerom\u00e9xico, y autoridades espa\u00f1olas presentaron ante agentes y operadores tur\u00edsticos, las bondades de Madrid a los viajeros internacionales.","robots":{"index":"index","follow":"follow","max-snippet":"max-snippet:-1","max-image-preview":"max-image-preview:large","max-video-preview":"max-video-preview:-1"},"canonical":"https:\/\/nitu.mx\/index.php\/2016\/10\/03\/refuerzan-aeromexico-la-oficina-espanola-turismo-lazos-colaboracion\/","twitter_card":"summary_large_image","twitter_title":"Refuerzan Aerom\u00e9xico y la Oficina Espa\u00f1ola de Turismo lazos de colaboraci\u00f3n - Nitu - Noticias de la Industria Turistica","twitter_description":"Aerom\u00e9xico, y autoridades espa\u00f1olas presentaron ante agentes y operadores tur\u00edsticos, las bondades de Madrid a los viajeros internacionales.","twitter_image":"https:\/\/nitu.mx\/wp-content\/uploads\/2016\/10\/Aeromexico-Madrid.jpg","twitter_creator":"@NITUmx","twitter_site":"@Arturo_Medina_G","twitter_misc":{"Escrito por":"Mari Soto","Tiempo de lectura":"2 minutos"},"schema":{"@context":"https:\/\/schema.org","@graph":[{"@type":"Article","@id":"https:\/\/nitu.mx\/index.php\/2016\/10\/03\/refuerzan-aeromexico-la-oficina-espanola-turismo-lazos-colaboracion\/#article","isPartOf":{"@id":"https:\/\/nitu.mx\/index.php\/2016\/10\/03\/refuerzan-aeromexico-la-oficina-espanola-turismo-lazos-colaboracion\/"},"author":{"name":"Mari Soto","@id":"https:\/\/nitu.mx\/#\/schema\/person\/afc52e313e27e660739556d421d3d6b4"},"headline":"Refuerzan Aerom\u00e9xico y la Oficina Espa\u00f1ola de Turismo lazos de colaboraci\u00f3n","datePublished":"2016-10-04T01:05:20+00:00","dateModified":"2016-10-04T04:57:41+00:00","mainEntityOfPage":{"@id":"https:\/\/nitu.mx\/index.php\/2016\/10\/03\/refuerzan-aeromexico-la-oficina-espanola-turismo-lazos-colaboracion\/"},"wordCount":365,"commentCount":0,"publisher":{"@id":"https:\/\/nitu.mx\/#\/schema\/person\/ae7a53426417292d3dd07b45a33e01bc"},"image":{"@id":"https:\/\/nitu.mx\/index.php\/2016\/10\/03\/refuerzan-aeromexico-la-oficina-espanola-turismo-lazos-colaboracion\/#primaryimage"},"thumbnailUrl":"https:\/\/nitu.mx\/wp-content\/uploads\/2016\/10\/Aeromexico-Madrid.jpg","keywords":["Aerom\u00e9xico","Ayuntamiento de Madrid","Madrid","Oficina Espa\u00f1ola de Turismo"],"articleSection":["Destinos","Internacional"],"inLanguage":"es-MX","potentialAction":[{"@type":"CommentAction","name":"Comment","target":["https:\/\/nitu.mx\/index.php\/2016\/10\/03\/refuerzan-aeromexico-la-oficina-espanola-turismo-lazos-colaboracion\/#respond"]}]},{"@type":"WebPage","@id":"https:\/\/nitu.mx\/index.php\/2016\/10\/03\/refuerzan-aeromexico-la-oficina-espanola-turismo-lazos-colaboracion\/","url":"https:\/\/nitu.mx\/index.php\/2016\/10\/03\/refuerzan-aeromexico-la-oficina-espanola-turismo-lazos-colaboracion\/","name":"Refuerzan Aerom\u00e9xico y la Oficina Espa\u00f1ola de Turismo lazos de colaboraci\u00f3n - Nitu - Noticias de la Industria Turistica","isPartOf":{"@id":"https:\/\/nitu.mx\/#website"},"primaryImageOfPage":{"@id":"https:\/\/nitu.mx\/index.php\/2016\/10\/03\/refuerzan-aeromexico-la-oficina-espanola-turismo-lazos-colaboracion\/#primaryimage"},"image":{"@id":"https:\/\/nitu.mx\/index.php\/2016\/10\/03\/refuerzan-aeromexico-la-oficina-espanola-turismo-lazos-colaboracion\/#primaryimage"},"thumbnailUrl":"https:\/\/nitu.mx\/wp-content\/uploads\/2016\/10\/Aeromexico-Madrid.jpg","datePublished":"2016-10-04T01:05:20+00:00","dateModified":"2016-10-04T04:57:41+00:00","description":"Aerom\u00e9xico, y autoridades espa\u00f1olas presentaron ante agentes y operadores tur\u00edsticos, las bondades de Madrid a los viajeros internacionales.","breadcrumb":{"@id":"https:\/\/nitu.mx\/index.php\/2016\/10\/03\/refuerzan-aeromexico-la-oficina-espanola-turismo-lazos-colaboracion\/#breadcrumb"},"inLanguage":"es-MX","potentialAction":[{"@type":"ReadAction","target":["https:\/\/nitu.mx\/index.php\/2016\/10\/03\/refuerzan-aeromexico-la-oficina-espanola-turismo-lazos-colaboracion\/"]}]},{"@type":"ImageObject","inLanguage":"es-MX","@id":"https:\/\/nitu.mx\/index.php\/2016\/10\/03\/refuerzan-aeromexico-la-oficina-espanola-turismo-lazos-colaboracion\/#primaryimage","url":"https:\/\/nitu.mx\/wp-content\/uploads\/2016\/10\/Aeromexico-Madrid.jpg","contentUrl":"https:\/\/nitu.mx\/wp-content\/uploads\/2016\/10\/Aeromexico-Madrid.jpg","width":2388,"height":1485,"caption":"Aeromexico"},{"@type":"BreadcrumbList","@id":"https:\/\/nitu.mx\/index.php\/2016\/10\/03\/refuerzan-aeromexico-la-oficina-espanola-turismo-lazos-colaboracion\/#breadcrumb","itemListElement":[{"@type":"ListItem","position":1,"name":"Inicio","item":"https:\/\/nitu.mx\/"},{"@type":"ListItem","position":2,"name":"Refuerzan Aerom\u00e9xico y la Oficina Espa\u00f1ola de Turismo lazos de colaboraci\u00f3n"}]},{"@type":"WebSite","@id":"https:\/\/nitu.mx\/#website","url":"https:\/\/nitu.mx\/","name":"Nitu - Noticias de la Industria Turistica","description":"Noticias de la Industria Turistica","publisher":{"@id":"https:\/\/nitu.mx\/#\/schema\/person\/ae7a53426417292d3dd07b45a33e01bc"},"alternateName":"Noticias de la Industria Turistica","potentialAction":[{"@type":"SearchAction","target":{"@type":"EntryPoint","urlTemplate":"https:\/\/nitu.mx\/?s={search_term_string}"},"query-input":"required name=search_term_string"}],"inLanguage":"es-MX"},{"@type":["Person","Organization"],"@id":"https:\/\/nitu.mx\/#\/schema\/person\/ae7a53426417292d3dd07b45a33e01bc","name":"Arturo Medina","image":{"@type":"ImageObject","inLanguage":"es-MX","@id":"https:\/\/nitu.mx\/#\/schema\/person\/image\/","url":"https:\/\/nitu.mx\/wp-content\/uploads\/2024\/04\/4A315622-1904-4D5C-B022-878CDC840E04-90x90-1.jpeg","contentUrl":"https:\/\/nitu.mx\/wp-content\/uploads\/2024\/04\/4A315622-1904-4D5C-B022-878CDC840E04-90x90-1.jpeg","width":90,"height":90,"caption":"Arturo Medina"},"logo":{"@id":"https:\/\/nitu.mx\/#\/schema\/person\/image\/"},"description":"Director NITU.mx, Egresado de la Escuela de Periodismo Carlos Septi\u00e9n Garc\u00eda. Periodista y analista especializado en turismo desde hace 35 a\u00f1os, radicado en Canc\u00fan Q.Roo. arturo@nitu.mx","sameAs":["https:\/\/nitu.mx","https:\/\/www.facebook.com\/NITUmx\/","medinacancun","https:\/\/twitter.com\/@Arturo_Medina_G"]},{"@type":"Person","@id":"https:\/\/nitu.mx\/#\/schema\/person\/afc52e313e27e660739556d421d3d6b4","name":"Mari Soto","image":{"@type":"ImageObject","inLanguage":"es-MX","@id":"https:\/\/nitu.mx\/#\/schema\/person\/image\/","url":"https:\/\/secure.gravatar.com\/avatar\/2619c282a180a20d89fcaea82a6736e2?s=96&d=mm&r=g","contentUrl":"https:\/\/secure.gravatar.com\/avatar\/2619c282a180a20d89fcaea82a6736e2?s=96&d=mm&r=g","caption":"Mari Soto"},"sameAs":["https:\/\/nitu.mx"],"url":"https:\/\/nitu.mx\/index.php\/author\/guadalupe\/"}]}},"views":249,"_links":{"self":[{"href":"https:\/\/nitu.mx\/index.php\/wp-json\/wp\/v2\/posts\/2563"}],"collection":[{"href":"https:\/\/nitu.mx\/index.php\/wp-json\/wp\/v2\/posts"}],"about":[{"href":"https:\/\/nitu.mx\/index.php\/wp-json\/wp\/v2\/types\/post"}],"author":[{"embeddable":true,"href":"https:\/\/nitu.mx\/index.php\/wp-json\/wp\/v2\/users\/5"}],"replies":[{"embeddable":true,"href":"https:\/\/nitu.mx\/index.php\/wp-json\/wp\/v2\/comments?post=2563"}],"version-history":[{"count":3,"href":"https:\/\/nitu.mx\/index.php\/wp-json\/wp\/v2\/posts\/2563\/revisions"}],"predecessor-version":[{"id":2590,"href":"https:\/\/nitu.mx\/index.php\/wp-json\/wp\/v2\/posts\/2563\/revisions\/2590"}],"wp:featuredmedia":[{"embeddable":true,"href":"https:\/\/nitu.mx\/index.php\/wp-json\/wp\/v2\/media\/2564"}],"wp:attachment":[{"href":"https:\/\/nitu.mx\/index.php\/wp-json\/wp\/v2\/media?parent=2563"}],"wp:term":[{"taxonomy":"category","embeddable":true,"href":"https:\/\/nitu.mx\/index.php\/wp-json\/wp\/v2\/categories?post=2563"},{"taxonomy":"post_tag","embeddable":true,"href":"https:\/\/nitu.mx\/index.php\/wp-json\/wp\/v2\/tags?post=2563"}],"curies":[{"name":"wp","href":"https:\/\/api.w.org\/{rel}","templated":true}]}}