{"id":25552,"date":"2018-10-16T00:22:24","date_gmt":"2018-10-16T05:22:24","guid":{"rendered":"https:\/\/www.dev.nitu.mx\/?p=25552"},"modified":"2018-10-16T00:28:19","modified_gmt":"2018-10-16T05:28:19","slug":"cnet-establece-acuerdo-con-miguel-torruco-para-ant","status":"publish","type":"post","link":"https:\/\/nitu.mx\/index.php\/2018\/10\/16\/cnet-establece-acuerdo-con-miguel-torruco-para-ant\/","title":{"rendered":"CNET establece acuerdo con Miguel Torruco para ANT"},"content":{"rendered":"<p>Pablo Azc\u00e1rraga, el presidente del Consejo Nacional Empresarial Tur\u00edstico (CNET), se acerc\u00f3 con Miguel Torruco, pr\u00f3ximo secretario de Turismo, atendiendo la opini\u00f3n de sus representados, y lo hizo a trav\u00e9s de Alfonso Romo, \u00b4para concertar los puntos del Acuerdo Nacional por el Turismo (ANT).<\/p>\n<p>El futuro jefe de Gabinete, cuando Andr\u00e9s Manuel L\u00f3pez Obrador proteste como presidente, estuvo presente en la reuni\u00f3n donde se concertaron los puntos de un plan de inversiones que permitir\u00e1 aumentar el n\u00famero de viajeros internacionales de 40 a 60 millones por a\u00f1o.<\/p>\n<p>Los dos temas complicados para lograr los objetivos fijados son, por una parte, el Nuevo Aeropuerto Internacional de M\u00e9xico (NAIM), as\u00ed como la permanencia del Consejo de Promoci\u00f3n Tur\u00edstica de M\u00e9xico (CPTM), que ahora saca ventaja de ser una Sociedad An\u00f3nima de participaci\u00f3n estatal mayoritaria, revela Dinero en Imagen.<\/p>\n<p>Los empresarios est\u00e1n dispuestos a adquirir un porcentaje de las acciones, esquema que en el pasado no fue f\u00e1cil cuadrar debido a que el CPTM no genera ganancias directamente, adem\u00e1s de que la participaci\u00f3n p\u00fablica puede diluir en el tiempo a las aportaciones privadas. (<a title=\"CNET apuesta por duplicar el gasto de turistas en M\u00e9xico\" href=\"https:\/\/www.dev.nitu.mx\/index.php\/2018\/10\/11\/cnet-apuesta-por-duplicar-el-gasto-de-turistas-en-mexico\/\" rel=\"bookmark\">CNET apuesta por duplicar el gasto de turistas en M\u00e9xico<\/a>).<\/p>\n<p>Asunto que deber\u00e1 ser resuelto por los abogados, lo que tambi\u00e9n debe permitir a los empresarios influir m\u00e1s en las decisiones y seguramente reactivar el comit\u00e9 de mercadotecnia, que en el pasado fue positivo para las discusiones t\u00e9cnicas.<\/p>\n<p>Dicho lo anterior, lo que sigue causando inquietud es que Gabriela C\u00e1mara, a quien L\u00f3pez Obrador anunci\u00f3 como futura directora general del Consejo, siga sin aparecer.<\/p>\n<p>A las oficinas de ese organismo han llegado algunos personajes del equipo de transici\u00f3n, pero s\u00f3lo por la parte financiera, es decir, del equipo del pr\u00f3ximo secretario de Hacienda, que ser\u00e1 Carlos Urz\u00faa.<\/p>\n<p>Adem\u00e1s, el proyecto para reestructurar el organismo lo trae Sim\u00f3n Levy, el futuro subsecretario de Planeaci\u00f3n, a quien Torruco le encarg\u00f3 dicha tarea.<\/p>\n<p>Doctor en Econom\u00eda, especialista en el mercado chino, Levy es a quien designaron para proponer una estructura m\u00e1s peque\u00f1a y generar ahorros. C\u00e1mara, quien hasta antes del anuncio ten\u00eda su residencia principal en San Francisco, California, tampoco est\u00e1 participando en este an\u00e1lisis.<\/p>\n","protected":false},"excerpt":{"rendered":"<p>Pablo Azc\u00e1rraga, el presidente del Consejo Nacional Empresarial Tur\u00edstico (CNET), se acerc\u00f3 con Miguel Torruco, pr\u00f3ximo secretario de Turismo, atendiendo la opini\u00f3n de sus representados, y lo hizo a trav\u00e9s de Alfonso Romo, \u00b4para concertar los puntos del Acuerdo Nacional por el Turismo (ANT). El futuro jefe de Gabinete, cuando Andr\u00e9s Manuel L\u00f3pez Obrador proteste [&hellip;]<\/p>\n","protected":false},"author":17,"featured_media":25571,"comment_status":"open","ping_status":"open","sticky":false,"template":"","format":"standard","meta":{"footnotes":""},"categories":[12,6],"tags":[12825,8359,3083,1110,836,910,12162,835,175],"yoast_head":"<!-- This site is optimized with the Yoast SEO plugin v22.2 - https:\/\/yoast.com\/wordpress\/plugins\/seo\/ -->\n<title>CNET establece acuerdo con Miguel Torruco para ANT - Nitu - Noticias de la Industria Turistica<\/title>\n<meta name=\"robots\" content=\"index, follow, max-snippet:-1, max-image-preview:large, max-video-preview:-1\" \/>\n<link rel=\"canonical\" href=\"https:\/\/nitu.mx\/index.php\/2018\/10\/16\/cnet-establece-acuerdo-con-miguel-torruco-para-ant\/\" \/>\n<meta name=\"twitter:card\" content=\"summary_large_image\" \/>\n<meta name=\"twitter:title\" content=\"CNET establece acuerdo con Miguel Torruco para ANT - Nitu - Noticias de la Industria Turistica\" \/>\n<meta name=\"twitter:description\" content=\"Pablo Azc\u00e1rraga, el presidente del Consejo Nacional Empresarial Tur\u00edstico (CNET), se acerc\u00f3 con Miguel Torruco, pr\u00f3ximo secretario de Turismo, atendiendo la opini\u00f3n de sus representados, y lo hizo a trav\u00e9s de Alfonso Romo, \u00b4para concertar los puntos del Acuerdo Nacional por el Turismo (ANT). El futuro jefe de Gabinete, cuando Andr\u00e9s Manuel L\u00f3pez Obrador proteste [&hellip;]\" \/>\n<meta name=\"twitter:image\" content=\"https:\/\/nitu.mx\/wp-content\/uploads\/2018\/10\/torruco-unam.jpg\" \/>\n<meta name=\"twitter:creator\" content=\"@NITUmx\" \/>\n<meta name=\"twitter:site\" content=\"@Arturo_Medina_G\" \/>\n<meta name=\"twitter:label1\" content=\"Escrito por\" \/>\n\t<meta name=\"twitter:data1\" content=\"Redacci\u00f3n\" \/>\n\t<meta name=\"twitter:label2\" content=\"Tiempo de lectura\" \/>\n\t<meta name=\"twitter:data2\" content=\"2 minutos\" \/>\n<script type=\"application\/ld+json\" class=\"yoast-schema-graph\">{\"@context\":\"https:\/\/schema.org\",\"@graph\":[{\"@type\":\"Article\",\"@id\":\"https:\/\/nitu.mx\/index.php\/2018\/10\/16\/cnet-establece-acuerdo-con-miguel-torruco-para-ant\/#article\",\"isPartOf\":{\"@id\":\"https:\/\/nitu.mx\/index.php\/2018\/10\/16\/cnet-establece-acuerdo-con-miguel-torruco-para-ant\/\"},\"author\":{\"name\":\"Redacci\u00f3n\",\"@id\":\"https:\/\/nitu.mx\/#\/schema\/person\/4a28fe9bd65924f7c90623773daf1b0b\"},\"headline\":\"CNET establece acuerdo con Miguel Torruco para ANT\",\"datePublished\":\"2018-10-16T05:22:24+00:00\",\"dateModified\":\"2018-10-16T05:28:19+00:00\",\"mainEntityOfPage\":{\"@id\":\"https:\/\/nitu.mx\/index.php\/2018\/10\/16\/cnet-establece-acuerdo-con-miguel-torruco-para-ant\/\"},\"wordCount\":398,\"commentCount\":0,\"publisher\":{\"@id\":\"https:\/\/nitu.mx\/#\/schema\/person\/ae7a53426417292d3dd07b45a33e01bc\"},\"image\":{\"@id\":\"https:\/\/nitu.mx\/index.php\/2018\/10\/16\/cnet-establece-acuerdo-con-miguel-torruco-para-ant\/#primaryimage\"},\"thumbnailUrl\":\"https:\/\/nitu.mx\/wp-content\/uploads\/2018\/10\/torruco-unam.jpg\",\"keywords\":[\"Acuerdo Nacional por el Turismo (ANT)\",\"Alfonso Romo\",\"Andr\u00e9s Manuel L\u00f3pez Obrador\",\"Consejo de Promoci\u00f3n Tur\u00edstica de M\u00e9xico (CPTM)\",\"Consejo Nacional Empresarial Tur\u00edstico (CNET)\",\"Miguel Torruco\",\"Nuevo Aeropuerto Internacional de M\u00e9xico (NAIM)\",\"Pablo Azc\u00e1rraga\",\"Secretario de Turismo\"],\"articleSection\":[\"Marketing\",\"M\u00e9xico\"],\"inLanguage\":\"es-MX\",\"potentialAction\":[{\"@type\":\"CommentAction\",\"name\":\"Comment\",\"target\":[\"https:\/\/nitu.mx\/index.php\/2018\/10\/16\/cnet-establece-acuerdo-con-miguel-torruco-para-ant\/#respond\"]}]},{\"@type\":\"WebPage\",\"@id\":\"https:\/\/nitu.mx\/index.php\/2018\/10\/16\/cnet-establece-acuerdo-con-miguel-torruco-para-ant\/\",\"url\":\"https:\/\/nitu.mx\/index.php\/2018\/10\/16\/cnet-establece-acuerdo-con-miguel-torruco-para-ant\/\",\"name\":\"CNET establece acuerdo con Miguel Torruco para ANT - Nitu - Noticias de la Industria Turistica\",\"isPartOf\":{\"@id\":\"https:\/\/nitu.mx\/#website\"},\"primaryImageOfPage\":{\"@id\":\"https:\/\/nitu.mx\/index.php\/2018\/10\/16\/cnet-establece-acuerdo-con-miguel-torruco-para-ant\/#primaryimage\"},\"image\":{\"@id\":\"https:\/\/nitu.mx\/index.php\/2018\/10\/16\/cnet-establece-acuerdo-con-miguel-torruco-para-ant\/#primaryimage\"},\"thumbnailUrl\":\"https:\/\/nitu.mx\/wp-content\/uploads\/2018\/10\/torruco-unam.jpg\",\"datePublished\":\"2018-10-16T05:22:24+00:00\",\"dateModified\":\"2018-10-16T05:28:19+00:00\",\"breadcrumb\":{\"@id\":\"https:\/\/nitu.mx\/index.php\/2018\/10\/16\/cnet-establece-acuerdo-con-miguel-torruco-para-ant\/#breadcrumb\"},\"inLanguage\":\"es-MX\",\"potentialAction\":[{\"@type\":\"ReadAction\",\"target\":[\"https:\/\/nitu.mx\/index.php\/2018\/10\/16\/cnet-establece-acuerdo-con-miguel-torruco-para-ant\/\"]}]},{\"@type\":\"ImageObject\",\"inLanguage\":\"es-MX\",\"@id\":\"https:\/\/nitu.mx\/index.php\/2018\/10\/16\/cnet-establece-acuerdo-con-miguel-torruco-para-ant\/#primaryimage\",\"url\":\"https:\/\/nitu.mx\/wp-content\/uploads\/2018\/10\/torruco-unam.jpg\",\"contentUrl\":\"https:\/\/nitu.mx\/wp-content\/uploads\/2018\/10\/torruco-unam.jpg\",\"width\":850,\"height\":480,\"caption\":\"torruco unam\"},{\"@type\":\"BreadcrumbList\",\"@id\":\"https:\/\/nitu.mx\/index.php\/2018\/10\/16\/cnet-establece-acuerdo-con-miguel-torruco-para-ant\/#breadcrumb\",\"itemListElement\":[{\"@type\":\"ListItem\",\"position\":1,\"name\":\"Inicio\",\"item\":\"https:\/\/nitu.mx\/\"},{\"@type\":\"ListItem\",\"position\":2,\"name\":\"CNET establece acuerdo con Miguel Torruco para ANT\"}]},{\"@type\":\"WebSite\",\"@id\":\"https:\/\/nitu.mx\/#website\",\"url\":\"https:\/\/nitu.mx\/\",\"name\":\"Nitu - Noticias de la Industria Turistica\",\"description\":\"Noticias de la Industria Turistica\",\"publisher\":{\"@id\":\"https:\/\/nitu.mx\/#\/schema\/person\/ae7a53426417292d3dd07b45a33e01bc\"},\"alternateName\":\"Noticias de la Industria Turistica\",\"potentialAction\":[{\"@type\":\"SearchAction\",\"target\":{\"@type\":\"EntryPoint\",\"urlTemplate\":\"https:\/\/nitu.mx\/?s={search_term_string}\"},\"query-input\":\"required name=search_term_string\"}],\"inLanguage\":\"es-MX\"},{\"@type\":[\"Person\",\"Organization\"],\"@id\":\"https:\/\/nitu.mx\/#\/schema\/person\/ae7a53426417292d3dd07b45a33e01bc\",\"name\":\"Arturo Medina\",\"image\":{\"@type\":\"ImageObject\",\"inLanguage\":\"es-MX\",\"@id\":\"https:\/\/nitu.mx\/#\/schema\/person\/image\/\",\"url\":\"https:\/\/nitu.mx\/wp-content\/uploads\/2024\/04\/4A315622-1904-4D5C-B022-878CDC840E04-90x90-1.jpeg\",\"contentUrl\":\"https:\/\/nitu.mx\/wp-content\/uploads\/2024\/04\/4A315622-1904-4D5C-B022-878CDC840E04-90x90-1.jpeg\",\"width\":90,\"height\":90,\"caption\":\"Arturo Medina\"},\"logo\":{\"@id\":\"https:\/\/nitu.mx\/#\/schema\/person\/image\/\"},\"description\":\"Director NITU.mx, Egresado de la Escuela de Periodismo Carlos Septi\u00e9n Garc\u00eda. Periodista y analista especializado en turismo desde hace 35 a\u00f1os, radicado en Canc\u00fan Q.Roo. arturo@nitu.mx\",\"sameAs\":[\"https:\/\/nitu.mx\",\"https:\/\/www.facebook.com\/NITUmx\/\",\"medinacancun\",\"https:\/\/twitter.com\/@Arturo_Medina_G\"]},{\"@type\":\"Person\",\"@id\":\"https:\/\/nitu.mx\/#\/schema\/person\/4a28fe9bd65924f7c90623773daf1b0b\",\"name\":\"Redacci\u00f3n\",\"image\":{\"@type\":\"ImageObject\",\"inLanguage\":\"es-MX\",\"@id\":\"https:\/\/nitu.mx\/#\/schema\/person\/image\/\",\"url\":\"https:\/\/secure.gravatar.com\/avatar\/5dd011c8ccfc5cd7e4c81e42252aab38?s=96&d=mm&r=g\",\"contentUrl\":\"https:\/\/secure.gravatar.com\/avatar\/5dd011c8ccfc5cd7e4c81e42252aab38?s=96&d=mm&r=g\",\"caption\":\"Redacci\u00f3n\"},\"url\":\"https:\/\/nitu.mx\/index.php\/author\/redaccion\/\"}]}<\/script>\n<!-- \/ Yoast SEO plugin. -->","yoast_head_json":{"title":"CNET establece acuerdo con Miguel Torruco para ANT - Nitu - Noticias de la Industria Turistica","robots":{"index":"index","follow":"follow","max-snippet":"max-snippet:-1","max-image-preview":"max-image-preview:large","max-video-preview":"max-video-preview:-1"},"canonical":"https:\/\/nitu.mx\/index.php\/2018\/10\/16\/cnet-establece-acuerdo-con-miguel-torruco-para-ant\/","twitter_card":"summary_large_image","twitter_title":"CNET establece acuerdo con Miguel Torruco para ANT - Nitu - Noticias de la Industria Turistica","twitter_description":"Pablo Azc\u00e1rraga, el presidente del Consejo Nacional Empresarial Tur\u00edstico (CNET), se acerc\u00f3 con Miguel Torruco, pr\u00f3ximo secretario de Turismo, atendiendo la opini\u00f3n de sus representados, y lo hizo a trav\u00e9s de Alfonso Romo, \u00b4para concertar los puntos del Acuerdo Nacional por el Turismo (ANT). El futuro jefe de Gabinete, cuando Andr\u00e9s Manuel L\u00f3pez Obrador proteste [&hellip;]","twitter_image":"https:\/\/nitu.mx\/wp-content\/uploads\/2018\/10\/torruco-unam.jpg","twitter_creator":"@NITUmx","twitter_site":"@Arturo_Medina_G","twitter_misc":{"Escrito por":"Redacci\u00f3n","Tiempo de lectura":"2 minutos"},"schema":{"@context":"https:\/\/schema.org","@graph":[{"@type":"Article","@id":"https:\/\/nitu.mx\/index.php\/2018\/10\/16\/cnet-establece-acuerdo-con-miguel-torruco-para-ant\/#article","isPartOf":{"@id":"https:\/\/nitu.mx\/index.php\/2018\/10\/16\/cnet-establece-acuerdo-con-miguel-torruco-para-ant\/"},"author":{"name":"Redacci\u00f3n","@id":"https:\/\/nitu.mx\/#\/schema\/person\/4a28fe9bd65924f7c90623773daf1b0b"},"headline":"CNET establece acuerdo con Miguel Torruco para ANT","datePublished":"2018-10-16T05:22:24+00:00","dateModified":"2018-10-16T05:28:19+00:00","mainEntityOfPage":{"@id":"https:\/\/nitu.mx\/index.php\/2018\/10\/16\/cnet-establece-acuerdo-con-miguel-torruco-para-ant\/"},"wordCount":398,"commentCount":0,"publisher":{"@id":"https:\/\/nitu.mx\/#\/schema\/person\/ae7a53426417292d3dd07b45a33e01bc"},"image":{"@id":"https:\/\/nitu.mx\/index.php\/2018\/10\/16\/cnet-establece-acuerdo-con-miguel-torruco-para-ant\/#primaryimage"},"thumbnailUrl":"https:\/\/nitu.mx\/wp-content\/uploads\/2018\/10\/torruco-unam.jpg","keywords":["Acuerdo Nacional por el Turismo (ANT)","Alfonso Romo","Andr\u00e9s Manuel L\u00f3pez Obrador","Consejo de Promoci\u00f3n Tur\u00edstica de M\u00e9xico (CPTM)","Consejo Nacional Empresarial Tur\u00edstico (CNET)","Miguel Torruco","Nuevo Aeropuerto Internacional de M\u00e9xico (NAIM)","Pablo Azc\u00e1rraga","Secretario de Turismo"],"articleSection":["Marketing","M\u00e9xico"],"inLanguage":"es-MX","potentialAction":[{"@type":"CommentAction","name":"Comment","target":["https:\/\/nitu.mx\/index.php\/2018\/10\/16\/cnet-establece-acuerdo-con-miguel-torruco-para-ant\/#respond"]}]},{"@type":"WebPage","@id":"https:\/\/nitu.mx\/index.php\/2018\/10\/16\/cnet-establece-acuerdo-con-miguel-torruco-para-ant\/","url":"https:\/\/nitu.mx\/index.php\/2018\/10\/16\/cnet-establece-acuerdo-con-miguel-torruco-para-ant\/","name":"CNET establece acuerdo con Miguel Torruco para ANT - Nitu - Noticias de la Industria Turistica","isPartOf":{"@id":"https:\/\/nitu.mx\/#website"},"primaryImageOfPage":{"@id":"https:\/\/nitu.mx\/index.php\/2018\/10\/16\/cnet-establece-acuerdo-con-miguel-torruco-para-ant\/#primaryimage"},"image":{"@id":"https:\/\/nitu.mx\/index.php\/2018\/10\/16\/cnet-establece-acuerdo-con-miguel-torruco-para-ant\/#primaryimage"},"thumbnailUrl":"https:\/\/nitu.mx\/wp-content\/uploads\/2018\/10\/torruco-unam.jpg","datePublished":"2018-10-16T05:22:24+00:00","dateModified":"2018-10-16T05:28:19+00:00","breadcrumb":{"@id":"https:\/\/nitu.mx\/index.php\/2018\/10\/16\/cnet-establece-acuerdo-con-miguel-torruco-para-ant\/#breadcrumb"},"inLanguage":"es-MX","potentialAction":[{"@type":"ReadAction","target":["https:\/\/nitu.mx\/index.php\/2018\/10\/16\/cnet-establece-acuerdo-con-miguel-torruco-para-ant\/"]}]},{"@type":"ImageObject","inLanguage":"es-MX","@id":"https:\/\/nitu.mx\/index.php\/2018\/10\/16\/cnet-establece-acuerdo-con-miguel-torruco-para-ant\/#primaryimage","url":"https:\/\/nitu.mx\/wp-content\/uploads\/2018\/10\/torruco-unam.jpg","contentUrl":"https:\/\/nitu.mx\/wp-content\/uploads\/2018\/10\/torruco-unam.jpg","width":850,"height":480,"caption":"torruco unam"},{"@type":"BreadcrumbList","@id":"https:\/\/nitu.mx\/index.php\/2018\/10\/16\/cnet-establece-acuerdo-con-miguel-torruco-para-ant\/#breadcrumb","itemListElement":[{"@type":"ListItem","position":1,"name":"Inicio","item":"https:\/\/nitu.mx\/"},{"@type":"ListItem","position":2,"name":"CNET establece acuerdo con Miguel Torruco para ANT"}]},{"@type":"WebSite","@id":"https:\/\/nitu.mx\/#website","url":"https:\/\/nitu.mx\/","name":"Nitu - Noticias de la Industria Turistica","description":"Noticias de la Industria Turistica","publisher":{"@id":"https:\/\/nitu.mx\/#\/schema\/person\/ae7a53426417292d3dd07b45a33e01bc"},"alternateName":"Noticias de la Industria Turistica","potentialAction":[{"@type":"SearchAction","target":{"@type":"EntryPoint","urlTemplate":"https:\/\/nitu.mx\/?s={search_term_string}"},"query-input":"required name=search_term_string"}],"inLanguage":"es-MX"},{"@type":["Person","Organization"],"@id":"https:\/\/nitu.mx\/#\/schema\/person\/ae7a53426417292d3dd07b45a33e01bc","name":"Arturo Medina","image":{"@type":"ImageObject","inLanguage":"es-MX","@id":"https:\/\/nitu.mx\/#\/schema\/person\/image\/","url":"https:\/\/nitu.mx\/wp-content\/uploads\/2024\/04\/4A315622-1904-4D5C-B022-878CDC840E04-90x90-1.jpeg","contentUrl":"https:\/\/nitu.mx\/wp-content\/uploads\/2024\/04\/4A315622-1904-4D5C-B022-878CDC840E04-90x90-1.jpeg","width":90,"height":90,"caption":"Arturo Medina"},"logo":{"@id":"https:\/\/nitu.mx\/#\/schema\/person\/image\/"},"description":"Director NITU.mx, Egresado de la Escuela de Periodismo Carlos Septi\u00e9n Garc\u00eda. Periodista y analista especializado en turismo desde hace 35 a\u00f1os, radicado en Canc\u00fan Q.Roo. arturo@nitu.mx","sameAs":["https:\/\/nitu.mx","https:\/\/www.facebook.com\/NITUmx\/","medinacancun","https:\/\/twitter.com\/@Arturo_Medina_G"]},{"@type":"Person","@id":"https:\/\/nitu.mx\/#\/schema\/person\/4a28fe9bd65924f7c90623773daf1b0b","name":"Redacci\u00f3n","image":{"@type":"ImageObject","inLanguage":"es-MX","@id":"https:\/\/nitu.mx\/#\/schema\/person\/image\/","url":"https:\/\/secure.gravatar.com\/avatar\/5dd011c8ccfc5cd7e4c81e42252aab38?s=96&d=mm&r=g","contentUrl":"https:\/\/secure.gravatar.com\/avatar\/5dd011c8ccfc5cd7e4c81e42252aab38?s=96&d=mm&r=g","caption":"Redacci\u00f3n"},"url":"https:\/\/nitu.mx\/index.php\/author\/redaccion\/"}]}},"views":277,"_links":{"self":[{"href":"https:\/\/nitu.mx\/index.php\/wp-json\/wp\/v2\/posts\/25552"}],"collection":[{"href":"https:\/\/nitu.mx\/index.php\/wp-json\/wp\/v2\/posts"}],"about":[{"href":"https:\/\/nitu.mx\/index.php\/wp-json\/wp\/v2\/types\/post"}],"author":[{"embeddable":true,"href":"https:\/\/nitu.mx\/index.php\/wp-json\/wp\/v2\/users\/17"}],"replies":[{"embeddable":true,"href":"https:\/\/nitu.mx\/index.php\/wp-json\/wp\/v2\/comments?post=25552"}],"version-history":[{"count":3,"href":"https:\/\/nitu.mx\/index.php\/wp-json\/wp\/v2\/posts\/25552\/revisions"}],"predecessor-version":[{"id":25572,"href":"https:\/\/nitu.mx\/index.php\/wp-json\/wp\/v2\/posts\/25552\/revisions\/25572"}],"wp:featuredmedia":[{"embeddable":true,"href":"https:\/\/nitu.mx\/index.php\/wp-json\/wp\/v2\/media\/25571"}],"wp:attachment":[{"href":"https:\/\/nitu.mx\/index.php\/wp-json\/wp\/v2\/media?parent=25552"}],"wp:term":[{"taxonomy":"category","embeddable":true,"href":"https:\/\/nitu.mx\/index.php\/wp-json\/wp\/v2\/categories?post=25552"},{"taxonomy":"post_tag","embeddable":true,"href":"https:\/\/nitu.mx\/index.php\/wp-json\/wp\/v2\/tags?post=25552"}],"curies":[{"name":"wp","href":"https:\/\/api.w.org\/{rel}","templated":true}]}}