{"id":25470,"date":"2018-10-14T23:33:21","date_gmt":"2018-10-15T04:33:21","guid":{"rendered":"https:\/\/www.dev.nitu.mx\/?p=25470"},"modified":"2018-10-15T00:22:15","modified_gmt":"2018-10-15T05:22:15","slug":"selina-cancun-laguna-abre-sus-puertas","status":"publish","type":"post","link":"https:\/\/nitu.mx\/index.php\/2018\/10\/14\/selina-cancun-laguna-abre-sus-puertas\/","title":{"rendered":"Selina Canc\u00fan Laguna abre sus puertas"},"content":{"rendered":"<p>La quinta locaci\u00f3n de la cadena \u00a0Selina expande su oferta en el Caribe Mexicano llevando su concepto al coraz\u00f3n de la zona hotelera. Selina Zona Hotelera abrir\u00e1 oficialmente sus puertas este mes de octubre. Su oferta llegar\u00e1 a las 650 camas, con opciones de habitaciones individuales, dormitorios para compartir con hasta 10 hu\u00e9spedes y departamentos.<\/p>\n<p>La cadena hotelera, anunci\u00f3 la apertura de su segunda locaci\u00f3n en Canc\u00fan y la quinta a nivel nacional: Selina Canc\u00fan Laguna Zona Hotelera, ubicado frente a la laguna de Nichupt\u00e9, en Boulevard Kukulkan KM. 8.5.<\/p>\n<p>Este espacio busca convertirse en una nueva alternativa para todo tipo de viajeros que busquen una nueva forma de descubrir este popular destino caribe\u00f1o desde el coraz\u00f3n de la emblem\u00e1tica zona hotelera de Canc\u00fan. (<a title=\"Selina sumar\u00e1 13 millones de d\u00f3lares de inversi\u00f3n en M\u00e9xico\" href=\"https:\/\/www.dev.nitu.mx\/index.php\/2018\/07\/19\/selina-sumara-13-millones-de-dolares-de-inversion-en-mexico\/\" rel=\"bookmark\">Selina sumar\u00e1 13 millones de d\u00f3lares de inversi\u00f3n en M\u00e9xico<\/a>).<\/p>\n<p>Esta nueva locaci\u00f3n incluir\u00e1 algunos de los servicios que han caracterizado a sus hoteles en Panam\u00e1, Costa Rica, Colombia, Guatemala y Nicaragua, as\u00ed como en los de M\u00e9xico. Entre las amenidades que este resort ofrece se encuentran:<\/p>\n<ul>\n<li>Playground: bar y restaurante insignia de Selina.<\/li>\n<li>Selina Home (un servicio que incluye desde una cocina com\u00fan, biblioteca y una sala de cine).<\/li>\n<li>Espacios de cowork.<\/li>\n<li>Wi-Fi gratis en todas las \u00e1reas del hotel.<\/li>\n<li>Clases de yoga y otras actividades de Wellness.<\/li>\n<li>Alberca.<\/li>\n<li>Actividades diarias para hu\u00e9spedes, retail store, tours y servicios de shuttle.<\/li>\n<li>\u00c1rea de eventos.<\/li>\n<\/ul>\n<p>Asimismo, los hu\u00e9spedes y glocals \u2014personas de la comunidad local que tienen una fuerte inclinaci\u00f3n por sumarse a una cultura global\u2014\u00a0 podr\u00e1n visitar el Playground para degustar men\u00fas de productos org\u00e1nicos locales y formar parte de los eventos de la comunidad.<\/p>\n<p>\u201cSobre la laguna de Nichupt\u00e9, en la mundialmente famosa zona hotelera de Canc\u00fan, Selina se convertir\u00e1 en una opci\u00f3n m\u00e1s para vivir de cerca todas las facetas de este destino caribe\u00f1o, ya sea su estilo fiestero o su conexi\u00f3n con el mundo maya que enamora a viajeros de todo el mundo\u201d, dijo Emilio Uribe, viajero y Head of New Business de Selina.<\/p>\n","protected":false},"excerpt":{"rendered":"<p>La quinta locaci\u00f3n de la cadena \u00a0Selina expande su oferta en el Caribe Mexicano llevando su concepto al coraz\u00f3n de la zona hotelera. Selina Zona Hotelera abrir\u00e1 oficialmente sus puertas este mes de octubre. Su oferta llegar\u00e1 a las 650 camas, con opciones de habitaciones individuales, dormitorios para compartir con hasta 10 hu\u00e9spedes y departamentos. [&hellip;]<\/p>\n","protected":false},"author":17,"featured_media":25489,"comment_status":"open","ping_status":"open","sticky":false,"template":"","format":"standard","meta":{"footnotes":""},"categories":[5,2],"tags":[12785,83,12787,12786,5635,12784,107],"yoast_head":"<!-- This site is optimized with the Yoast SEO plugin v22.2 - https:\/\/yoast.com\/wordpress\/plugins\/seo\/ -->\n<title>Selina Canc\u00fan Laguna abre sus puertas - Nitu - Noticias de la Industria Turistica<\/title>\n<meta name=\"description\" content=\"La cadena \u00a0Selina expande su oferta en el Caribe Mexicano Selina Zona Hotelera abrir\u00e1 oficialmente sus puertas este mes de octubre.\" \/>\n<meta name=\"robots\" content=\"index, follow, max-snippet:-1, max-image-preview:large, max-video-preview:-1\" \/>\n<link rel=\"canonical\" href=\"https:\/\/nitu.mx\/index.php\/2018\/10\/14\/selina-cancun-laguna-abre-sus-puertas\/\" \/>\n<meta name=\"twitter:card\" content=\"summary_large_image\" \/>\n<meta name=\"twitter:title\" content=\"Selina Canc\u00fan Laguna abre sus puertas - Nitu - Noticias de la Industria Turistica\" \/>\n<meta name=\"twitter:description\" content=\"La cadena \u00a0Selina expande su oferta en el Caribe Mexicano Selina Zona Hotelera abrir\u00e1 oficialmente sus puertas este mes de octubre.\" \/>\n<meta name=\"twitter:image\" content=\"https:\/\/nitu.mx\/wp-content\/uploads\/2018\/10\/Selina-Laguna.jpg\" \/>\n<meta name=\"twitter:creator\" content=\"@NITUmx\" \/>\n<meta name=\"twitter:site\" content=\"@Arturo_Medina_G\" \/>\n<meta name=\"twitter:label1\" content=\"Escrito por\" \/>\n\t<meta name=\"twitter:data1\" content=\"Redacci\u00f3n\" \/>\n\t<meta name=\"twitter:label2\" content=\"Tiempo de lectura\" \/>\n\t<meta name=\"twitter:data2\" content=\"2 minutos\" \/>\n<script type=\"application\/ld+json\" class=\"yoast-schema-graph\">{\"@context\":\"https:\/\/schema.org\",\"@graph\":[{\"@type\":\"Article\",\"@id\":\"https:\/\/nitu.mx\/index.php\/2018\/10\/14\/selina-cancun-laguna-abre-sus-puertas\/#article\",\"isPartOf\":{\"@id\":\"https:\/\/nitu.mx\/index.php\/2018\/10\/14\/selina-cancun-laguna-abre-sus-puertas\/\"},\"author\":{\"name\":\"Redacci\u00f3n\",\"@id\":\"https:\/\/nitu.mx\/#\/schema\/person\/4a28fe9bd65924f7c90623773daf1b0b\"},\"headline\":\"Selina Canc\u00fan Laguna abre sus puertas\",\"datePublished\":\"2018-10-15T04:33:21+00:00\",\"dateModified\":\"2018-10-15T05:22:15+00:00\",\"mainEntityOfPage\":{\"@id\":\"https:\/\/nitu.mx\/index.php\/2018\/10\/14\/selina-cancun-laguna-abre-sus-puertas\/\"},\"wordCount\":361,\"commentCount\":0,\"publisher\":{\"@id\":\"https:\/\/nitu.mx\/#\/schema\/person\/ae7a53426417292d3dd07b45a33e01bc\"},\"image\":{\"@id\":\"https:\/\/nitu.mx\/index.php\/2018\/10\/14\/selina-cancun-laguna-abre-sus-puertas\/#primaryimage\"},\"thumbnailUrl\":\"https:\/\/nitu.mx\/wp-content\/uploads\/2018\/10\/Selina-Laguna.jpg\",\"keywords\":[\"camas\",\"Caribe mexicano\",\"dormitorios\",\"habitaciones individuales\",\"Selina\",\"Selina Zona Hotelera\",\"Zona Hotelera\"],\"articleSection\":[\"Destinos\",\"Hoteles\"],\"inLanguage\":\"es-MX\",\"potentialAction\":[{\"@type\":\"CommentAction\",\"name\":\"Comment\",\"target\":[\"https:\/\/nitu.mx\/index.php\/2018\/10\/14\/selina-cancun-laguna-abre-sus-puertas\/#respond\"]}]},{\"@type\":\"WebPage\",\"@id\":\"https:\/\/nitu.mx\/index.php\/2018\/10\/14\/selina-cancun-laguna-abre-sus-puertas\/\",\"url\":\"https:\/\/nitu.mx\/index.php\/2018\/10\/14\/selina-cancun-laguna-abre-sus-puertas\/\",\"name\":\"Selina Canc\u00fan Laguna abre sus puertas - Nitu - Noticias de la Industria Turistica\",\"isPartOf\":{\"@id\":\"https:\/\/nitu.mx\/#website\"},\"primaryImageOfPage\":{\"@id\":\"https:\/\/nitu.mx\/index.php\/2018\/10\/14\/selina-cancun-laguna-abre-sus-puertas\/#primaryimage\"},\"image\":{\"@id\":\"https:\/\/nitu.mx\/index.php\/2018\/10\/14\/selina-cancun-laguna-abre-sus-puertas\/#primaryimage\"},\"thumbnailUrl\":\"https:\/\/nitu.mx\/wp-content\/uploads\/2018\/10\/Selina-Laguna.jpg\",\"datePublished\":\"2018-10-15T04:33:21+00:00\",\"dateModified\":\"2018-10-15T05:22:15+00:00\",\"description\":\"La cadena \u00a0Selina expande su oferta en el Caribe Mexicano Selina Zona Hotelera abrir\u00e1 oficialmente sus puertas este mes de octubre.\",\"breadcrumb\":{\"@id\":\"https:\/\/nitu.mx\/index.php\/2018\/10\/14\/selina-cancun-laguna-abre-sus-puertas\/#breadcrumb\"},\"inLanguage\":\"es-MX\",\"potentialAction\":[{\"@type\":\"ReadAction\",\"target\":[\"https:\/\/nitu.mx\/index.php\/2018\/10\/14\/selina-cancun-laguna-abre-sus-puertas\/\"]}]},{\"@type\":\"ImageObject\",\"inLanguage\":\"es-MX\",\"@id\":\"https:\/\/nitu.mx\/index.php\/2018\/10\/14\/selina-cancun-laguna-abre-sus-puertas\/#primaryimage\",\"url\":\"https:\/\/nitu.mx\/wp-content\/uploads\/2018\/10\/Selina-Laguna.jpg\",\"contentUrl\":\"https:\/\/nitu.mx\/wp-content\/uploads\/2018\/10\/Selina-Laguna.jpg\",\"width\":850,\"height\":480,\"caption\":\"Selina Laguna\"},{\"@type\":\"BreadcrumbList\",\"@id\":\"https:\/\/nitu.mx\/index.php\/2018\/10\/14\/selina-cancun-laguna-abre-sus-puertas\/#breadcrumb\",\"itemListElement\":[{\"@type\":\"ListItem\",\"position\":1,\"name\":\"Inicio\",\"item\":\"https:\/\/nitu.mx\/\"},{\"@type\":\"ListItem\",\"position\":2,\"name\":\"Selina Canc\u00fan Laguna abre sus puertas\"}]},{\"@type\":\"WebSite\",\"@id\":\"https:\/\/nitu.mx\/#website\",\"url\":\"https:\/\/nitu.mx\/\",\"name\":\"Nitu - Noticias de la Industria Turistica\",\"description\":\"Noticias de la Industria Turistica\",\"publisher\":{\"@id\":\"https:\/\/nitu.mx\/#\/schema\/person\/ae7a53426417292d3dd07b45a33e01bc\"},\"alternateName\":\"Noticias de la Industria Turistica\",\"potentialAction\":[{\"@type\":\"SearchAction\",\"target\":{\"@type\":\"EntryPoint\",\"urlTemplate\":\"https:\/\/nitu.mx\/?s={search_term_string}\"},\"query-input\":\"required name=search_term_string\"}],\"inLanguage\":\"es-MX\"},{\"@type\":[\"Person\",\"Organization\"],\"@id\":\"https:\/\/nitu.mx\/#\/schema\/person\/ae7a53426417292d3dd07b45a33e01bc\",\"name\":\"Arturo Medina\",\"image\":{\"@type\":\"ImageObject\",\"inLanguage\":\"es-MX\",\"@id\":\"https:\/\/nitu.mx\/#\/schema\/person\/image\/\",\"url\":\"https:\/\/nitu.mx\/wp-content\/uploads\/2024\/04\/4A315622-1904-4D5C-B022-878CDC840E04-90x90-1.jpeg\",\"contentUrl\":\"https:\/\/nitu.mx\/wp-content\/uploads\/2024\/04\/4A315622-1904-4D5C-B022-878CDC840E04-90x90-1.jpeg\",\"width\":90,\"height\":90,\"caption\":\"Arturo Medina\"},\"logo\":{\"@id\":\"https:\/\/nitu.mx\/#\/schema\/person\/image\/\"},\"description\":\"Director NITU.mx, Egresado de la Escuela de Periodismo Carlos Septi\u00e9n Garc\u00eda. Periodista y analista especializado en turismo desde hace 35 a\u00f1os, radicado en Canc\u00fan Q.Roo. arturo@nitu.mx\",\"sameAs\":[\"https:\/\/nitu.mx\",\"https:\/\/www.facebook.com\/NITUmx\/\",\"medinacancun\",\"https:\/\/twitter.com\/@Arturo_Medina_G\"]},{\"@type\":\"Person\",\"@id\":\"https:\/\/nitu.mx\/#\/schema\/person\/4a28fe9bd65924f7c90623773daf1b0b\",\"name\":\"Redacci\u00f3n\",\"image\":{\"@type\":\"ImageObject\",\"inLanguage\":\"es-MX\",\"@id\":\"https:\/\/nitu.mx\/#\/schema\/person\/image\/\",\"url\":\"https:\/\/secure.gravatar.com\/avatar\/5dd011c8ccfc5cd7e4c81e42252aab38?s=96&d=mm&r=g\",\"contentUrl\":\"https:\/\/secure.gravatar.com\/avatar\/5dd011c8ccfc5cd7e4c81e42252aab38?s=96&d=mm&r=g\",\"caption\":\"Redacci\u00f3n\"},\"url\":\"https:\/\/nitu.mx\/index.php\/author\/redaccion\/\"}]}<\/script>\n<!-- \/ Yoast SEO plugin. -->","yoast_head_json":{"title":"Selina Canc\u00fan Laguna abre sus puertas - Nitu - Noticias de la Industria Turistica","description":"La cadena \u00a0Selina expande su oferta en el Caribe Mexicano Selina Zona Hotelera abrir\u00e1 oficialmente sus puertas este mes de octubre.","robots":{"index":"index","follow":"follow","max-snippet":"max-snippet:-1","max-image-preview":"max-image-preview:large","max-video-preview":"max-video-preview:-1"},"canonical":"https:\/\/nitu.mx\/index.php\/2018\/10\/14\/selina-cancun-laguna-abre-sus-puertas\/","twitter_card":"summary_large_image","twitter_title":"Selina Canc\u00fan Laguna abre sus puertas - Nitu - Noticias de la Industria Turistica","twitter_description":"La cadena \u00a0Selina expande su oferta en el Caribe Mexicano Selina Zona Hotelera abrir\u00e1 oficialmente sus puertas este mes de octubre.","twitter_image":"https:\/\/nitu.mx\/wp-content\/uploads\/2018\/10\/Selina-Laguna.jpg","twitter_creator":"@NITUmx","twitter_site":"@Arturo_Medina_G","twitter_misc":{"Escrito por":"Redacci\u00f3n","Tiempo de lectura":"2 minutos"},"schema":{"@context":"https:\/\/schema.org","@graph":[{"@type":"Article","@id":"https:\/\/nitu.mx\/index.php\/2018\/10\/14\/selina-cancun-laguna-abre-sus-puertas\/#article","isPartOf":{"@id":"https:\/\/nitu.mx\/index.php\/2018\/10\/14\/selina-cancun-laguna-abre-sus-puertas\/"},"author":{"name":"Redacci\u00f3n","@id":"https:\/\/nitu.mx\/#\/schema\/person\/4a28fe9bd65924f7c90623773daf1b0b"},"headline":"Selina Canc\u00fan Laguna abre sus puertas","datePublished":"2018-10-15T04:33:21+00:00","dateModified":"2018-10-15T05:22:15+00:00","mainEntityOfPage":{"@id":"https:\/\/nitu.mx\/index.php\/2018\/10\/14\/selina-cancun-laguna-abre-sus-puertas\/"},"wordCount":361,"commentCount":0,"publisher":{"@id":"https:\/\/nitu.mx\/#\/schema\/person\/ae7a53426417292d3dd07b45a33e01bc"},"image":{"@id":"https:\/\/nitu.mx\/index.php\/2018\/10\/14\/selina-cancun-laguna-abre-sus-puertas\/#primaryimage"},"thumbnailUrl":"https:\/\/nitu.mx\/wp-content\/uploads\/2018\/10\/Selina-Laguna.jpg","keywords":["camas","Caribe mexicano","dormitorios","habitaciones individuales","Selina","Selina Zona Hotelera","Zona Hotelera"],"articleSection":["Destinos","Hoteles"],"inLanguage":"es-MX","potentialAction":[{"@type":"CommentAction","name":"Comment","target":["https:\/\/nitu.mx\/index.php\/2018\/10\/14\/selina-cancun-laguna-abre-sus-puertas\/#respond"]}]},{"@type":"WebPage","@id":"https:\/\/nitu.mx\/index.php\/2018\/10\/14\/selina-cancun-laguna-abre-sus-puertas\/","url":"https:\/\/nitu.mx\/index.php\/2018\/10\/14\/selina-cancun-laguna-abre-sus-puertas\/","name":"Selina Canc\u00fan Laguna abre sus puertas - Nitu - Noticias de la Industria Turistica","isPartOf":{"@id":"https:\/\/nitu.mx\/#website"},"primaryImageOfPage":{"@id":"https:\/\/nitu.mx\/index.php\/2018\/10\/14\/selina-cancun-laguna-abre-sus-puertas\/#primaryimage"},"image":{"@id":"https:\/\/nitu.mx\/index.php\/2018\/10\/14\/selina-cancun-laguna-abre-sus-puertas\/#primaryimage"},"thumbnailUrl":"https:\/\/nitu.mx\/wp-content\/uploads\/2018\/10\/Selina-Laguna.jpg","datePublished":"2018-10-15T04:33:21+00:00","dateModified":"2018-10-15T05:22:15+00:00","description":"La cadena \u00a0Selina expande su oferta en el Caribe Mexicano Selina Zona Hotelera abrir\u00e1 oficialmente sus puertas este mes de octubre.","breadcrumb":{"@id":"https:\/\/nitu.mx\/index.php\/2018\/10\/14\/selina-cancun-laguna-abre-sus-puertas\/#breadcrumb"},"inLanguage":"es-MX","potentialAction":[{"@type":"ReadAction","target":["https:\/\/nitu.mx\/index.php\/2018\/10\/14\/selina-cancun-laguna-abre-sus-puertas\/"]}]},{"@type":"ImageObject","inLanguage":"es-MX","@id":"https:\/\/nitu.mx\/index.php\/2018\/10\/14\/selina-cancun-laguna-abre-sus-puertas\/#primaryimage","url":"https:\/\/nitu.mx\/wp-content\/uploads\/2018\/10\/Selina-Laguna.jpg","contentUrl":"https:\/\/nitu.mx\/wp-content\/uploads\/2018\/10\/Selina-Laguna.jpg","width":850,"height":480,"caption":"Selina Laguna"},{"@type":"BreadcrumbList","@id":"https:\/\/nitu.mx\/index.php\/2018\/10\/14\/selina-cancun-laguna-abre-sus-puertas\/#breadcrumb","itemListElement":[{"@type":"ListItem","position":1,"name":"Inicio","item":"https:\/\/nitu.mx\/"},{"@type":"ListItem","position":2,"name":"Selina Canc\u00fan Laguna abre sus puertas"}]},{"@type":"WebSite","@id":"https:\/\/nitu.mx\/#website","url":"https:\/\/nitu.mx\/","name":"Nitu - Noticias de la Industria Turistica","description":"Noticias de la Industria Turistica","publisher":{"@id":"https:\/\/nitu.mx\/#\/schema\/person\/ae7a53426417292d3dd07b45a33e01bc"},"alternateName":"Noticias de la Industria Turistica","potentialAction":[{"@type":"SearchAction","target":{"@type":"EntryPoint","urlTemplate":"https:\/\/nitu.mx\/?s={search_term_string}"},"query-input":"required name=search_term_string"}],"inLanguage":"es-MX"},{"@type":["Person","Organization"],"@id":"https:\/\/nitu.mx\/#\/schema\/person\/ae7a53426417292d3dd07b45a33e01bc","name":"Arturo Medina","image":{"@type":"ImageObject","inLanguage":"es-MX","@id":"https:\/\/nitu.mx\/#\/schema\/person\/image\/","url":"https:\/\/nitu.mx\/wp-content\/uploads\/2024\/04\/4A315622-1904-4D5C-B022-878CDC840E04-90x90-1.jpeg","contentUrl":"https:\/\/nitu.mx\/wp-content\/uploads\/2024\/04\/4A315622-1904-4D5C-B022-878CDC840E04-90x90-1.jpeg","width":90,"height":90,"caption":"Arturo Medina"},"logo":{"@id":"https:\/\/nitu.mx\/#\/schema\/person\/image\/"},"description":"Director NITU.mx, Egresado de la Escuela de Periodismo Carlos Septi\u00e9n Garc\u00eda. Periodista y analista especializado en turismo desde hace 35 a\u00f1os, radicado en Canc\u00fan Q.Roo. arturo@nitu.mx","sameAs":["https:\/\/nitu.mx","https:\/\/www.facebook.com\/NITUmx\/","medinacancun","https:\/\/twitter.com\/@Arturo_Medina_G"]},{"@type":"Person","@id":"https:\/\/nitu.mx\/#\/schema\/person\/4a28fe9bd65924f7c90623773daf1b0b","name":"Redacci\u00f3n","image":{"@type":"ImageObject","inLanguage":"es-MX","@id":"https:\/\/nitu.mx\/#\/schema\/person\/image\/","url":"https:\/\/secure.gravatar.com\/avatar\/5dd011c8ccfc5cd7e4c81e42252aab38?s=96&d=mm&r=g","contentUrl":"https:\/\/secure.gravatar.com\/avatar\/5dd011c8ccfc5cd7e4c81e42252aab38?s=96&d=mm&r=g","caption":"Redacci\u00f3n"},"url":"https:\/\/nitu.mx\/index.php\/author\/redaccion\/"}]}},"views":311,"_links":{"self":[{"href":"https:\/\/nitu.mx\/index.php\/wp-json\/wp\/v2\/posts\/25470"}],"collection":[{"href":"https:\/\/nitu.mx\/index.php\/wp-json\/wp\/v2\/posts"}],"about":[{"href":"https:\/\/nitu.mx\/index.php\/wp-json\/wp\/v2\/types\/post"}],"author":[{"embeddable":true,"href":"https:\/\/nitu.mx\/index.php\/wp-json\/wp\/v2\/users\/17"}],"replies":[{"embeddable":true,"href":"https:\/\/nitu.mx\/index.php\/wp-json\/wp\/v2\/comments?post=25470"}],"version-history":[{"count":3,"href":"https:\/\/nitu.mx\/index.php\/wp-json\/wp\/v2\/posts\/25470\/revisions"}],"predecessor-version":[{"id":25491,"href":"https:\/\/nitu.mx\/index.php\/wp-json\/wp\/v2\/posts\/25470\/revisions\/25491"}],"wp:featuredmedia":[{"embeddable":true,"href":"https:\/\/nitu.mx\/index.php\/wp-json\/wp\/v2\/media\/25489"}],"wp:attachment":[{"href":"https:\/\/nitu.mx\/index.php\/wp-json\/wp\/v2\/media?parent=25470"}],"wp:term":[{"taxonomy":"category","embeddable":true,"href":"https:\/\/nitu.mx\/index.php\/wp-json\/wp\/v2\/categories?post=25470"},{"taxonomy":"post_tag","embeddable":true,"href":"https:\/\/nitu.mx\/index.php\/wp-json\/wp\/v2\/tags?post=25470"}],"curies":[{"name":"wp","href":"https:\/\/api.w.org\/{rel}","templated":true}]}}