{"id":25423,"date":"2018-10-12T00:43:42","date_gmt":"2018-10-12T05:43:42","guid":{"rendered":"https:\/\/www.dev.nitu.mx\/?p=25423"},"modified":"2018-10-12T01:05:23","modified_gmt":"2018-10-12T06:05:23","slug":"presentan-sistema-de-wifi-solar-en-la-5a-feria-nacional-de-pueblos-magicos","status":"publish","type":"post","link":"https:\/\/nitu.mx\/index.php\/2018\/10\/12\/presentan-sistema-de-wifi-solar-en-la-5a-feria-nacional-de-pueblos-magicos\/","title":{"rendered":"Presentan Sistema de WiFi solar en la 5\u00aa Feria Nacional de Pueblos M\u00e1gicos"},"content":{"rendered":"<p>Tal como lo marcan las tendencias internacionales en el sector tur\u00edstico, Michoac\u00e1n no puede quedarse a la zaga en el desarrollo y uso de nuevas tecnolog\u00edas que le permitan afianzar su presencia entre la oferta de destinos de viaje.<\/p>\n<p>El Director General del Instituto de Ciencia, Tecnolog\u00eda e Innovaci\u00f3n (ICTI), Jos\u00e9 Luis Monta\u00f1ez Espinosa, se congratul\u00f3 de que la Organizaci\u00f3n Mundial de Turismo (OMT), designara este 2018 como el a\u00f1o de la innovaci\u00f3n tecnol\u00f3gica en el turismo y se\u00f1al\u00f3 que con ese motivo, el ICTI tendr\u00e1 un espacio en la 5\u00aa Feria Nacional de Pueblos M\u00e1gicos, que se realiza del 11 al 14 de octubre, para presentar un ejemplo de las herramientas tecnol\u00f3gicas apoyadas por el Gobierno del Estado para dicho sector. (<a title=\"Hoy inicia la 5\u00aa Feria Nacional de Pueblos M\u00e1gicos en Morelia\" href=\"https:\/\/www.dev.nitu.mx\/index.php\/2018\/10\/10\/hoy-inicia-la-5a-feria-nacional-de-pueblos-magicos-en-morelia\/\" rel=\"bookmark\">Hoy inicia la 5\u00aa Feria Nacional de Pueblos M\u00e1gicos en Morelia<\/a>)<\/p>\n<p>Se trata del Prototipo de Sistema IS Wifi Solar Tonaly, que brinda servicios de internet gratuito, informaci\u00f3n para el visitante a trav\u00e9s de una pantalla televisiva y se alimenta con energ\u00eda solar.<\/p>\n<p>Consta de una antena y sistema de recepci\u00f3n de internet y datos, un cuarto de control, sistema fotovoltaico aut\u00f3nomo que proporciona energ\u00eda a 127 volts para alimentar todos los componentes del equipo; iluminaci\u00f3n LED por medio de una luminaria de 37 watts, seguridad remota a trav\u00e9s de c\u00e1mara de video vigilancia v\u00eda internet, una pantalla multimedia para transmitir avisos y contenido multimedia, y un sistema de recepci\u00f3n de internet y datos para brindar servicio de internet a trav\u00e9s de wifi.<\/p>\n<p>Record\u00f3 que es una tecnolog\u00eda desarrollada con apoyo del Consejo Nacional de Ciencia y Tecnolog\u00eda, con la gestor\u00eda de la entonces Secretar\u00eda de Innovaci\u00f3n, Ciencia y Desarrollo Tecnol\u00f3gico, hoy Instituto de Ciencia, Tecnolog\u00eda e Innovaci\u00f3n de Michoac\u00e1n y en vinculaci\u00f3n con el Instituto Tecnol\u00f3gico Superior de Ciudad Hidalgo y la Universidad Tecnol\u00f3gica de Morelia.<\/p>\n<p>Concluy\u00f3 que la antena Tonaly es un ejemplo del trabajo articulador que realiza el ICTI para unir al \u00e1mbito que genera el conocimiento y desarrollo de tecnolog\u00eda, con el sector productivo para brindarle soluciones a la medida de sus necesidades.<\/p>\n<p>En este caso, forma parte de las nuevas f\u00f3rmulas y estrategias para construir destinos inteligentes que respondan a las exigencias de las nuevas corrientes tur\u00edsticas de M\u00e9xico y el mundo. <strong>(Agencias de viajes sobreviven a la era digital: AMAV).<\/strong><\/p>\n","protected":false},"excerpt":{"rendered":"<p>Tal como lo marcan las tendencias internacionales en el sector tur\u00edstico, Michoac\u00e1n no puede quedarse a la zaga en el desarrollo y uso de nuevas tecnolog\u00edas que le permitan afianzar su presencia entre la oferta de destinos de viaje. El Director General del Instituto de Ciencia, Tecnolog\u00eda e Innovaci\u00f3n (ICTI), Jos\u00e9 Luis Monta\u00f1ez Espinosa, se [&hellip;]<\/p>\n","protected":false},"author":17,"featured_media":25442,"comment_status":"open","ping_status":"open","sticky":false,"template":"","format":"standard","meta":{"footnotes":""},"categories":[5,6],"tags":[12740,12771,12773,12774,3431,3333,1960,2427,12769,12772,12770],"yoast_head":"<!-- This site is optimized with the Yoast SEO plugin v22.2 - https:\/\/yoast.com\/wordpress\/plugins\/seo\/ -->\n<title>Presentan Sistema de WiFi solar en la 5\u00aa Feria Nacional de Pueblos M\u00e1gicos - Nitu - Noticias de la Industria Turistica<\/title>\n<meta name=\"robots\" content=\"index, follow, max-snippet:-1, max-image-preview:large, max-video-preview:-1\" \/>\n<link rel=\"canonical\" href=\"https:\/\/nitu.mx\/index.php\/2018\/10\/12\/presentan-sistema-de-wifi-solar-en-la-5a-feria-nacional-de-pueblos-magicos\/\" \/>\n<meta name=\"twitter:card\" content=\"summary_large_image\" \/>\n<meta name=\"twitter:title\" content=\"Presentan Sistema de WiFi solar en la 5\u00aa Feria Nacional de Pueblos M\u00e1gicos - Nitu - Noticias de la Industria Turistica\" \/>\n<meta name=\"twitter:description\" content=\"Tal como lo marcan las tendencias internacionales en el sector tur\u00edstico, Michoac\u00e1n no puede quedarse a la zaga en el desarrollo y uso de nuevas tecnolog\u00edas que le permitan afianzar su presencia entre la oferta de destinos de viaje. El Director General del Instituto de Ciencia, Tecnolog\u00eda e Innovaci\u00f3n (ICTI), Jos\u00e9 Luis Monta\u00f1ez Espinosa, se [&hellip;]\" \/>\n<meta name=\"twitter:image\" content=\"https:\/\/nitu.mx\/wp-content\/uploads\/2018\/10\/WIFI-TURISMO.jpg\" \/>\n<meta name=\"twitter:creator\" content=\"@NITUmx\" \/>\n<meta name=\"twitter:site\" content=\"@Arturo_Medina_G\" \/>\n<meta name=\"twitter:label1\" content=\"Escrito por\" \/>\n\t<meta name=\"twitter:data1\" content=\"Redacci\u00f3n\" \/>\n\t<meta name=\"twitter:label2\" content=\"Tiempo de lectura\" \/>\n\t<meta name=\"twitter:data2\" content=\"2 minutos\" \/>\n<script type=\"application\/ld+json\" class=\"yoast-schema-graph\">{\"@context\":\"https:\/\/schema.org\",\"@graph\":[{\"@type\":\"Article\",\"@id\":\"https:\/\/nitu.mx\/index.php\/2018\/10\/12\/presentan-sistema-de-wifi-solar-en-la-5a-feria-nacional-de-pueblos-magicos\/#article\",\"isPartOf\":{\"@id\":\"https:\/\/nitu.mx\/index.php\/2018\/10\/12\/presentan-sistema-de-wifi-solar-en-la-5a-feria-nacional-de-pueblos-magicos\/\"},\"author\":{\"name\":\"Redacci\u00f3n\",\"@id\":\"https:\/\/nitu.mx\/#\/schema\/person\/4a28fe9bd65924f7c90623773daf1b0b\"},\"headline\":\"Presentan Sistema de WiFi solar en la 5\u00aa Feria Nacional de Pueblos M\u00e1gicos\",\"datePublished\":\"2018-10-12T05:43:42+00:00\",\"dateModified\":\"2018-10-12T06:05:23+00:00\",\"mainEntityOfPage\":{\"@id\":\"https:\/\/nitu.mx\/index.php\/2018\/10\/12\/presentan-sistema-de-wifi-solar-en-la-5a-feria-nacional-de-pueblos-magicos\/\"},\"wordCount\":426,\"commentCount\":0,\"publisher\":{\"@id\":\"https:\/\/nitu.mx\/#\/schema\/person\/ae7a53426417292d3dd07b45a33e01bc\"},\"image\":{\"@id\":\"https:\/\/nitu.mx\/index.php\/2018\/10\/12\/presentan-sistema-de-wifi-solar-en-la-5a-feria-nacional-de-pueblos-magicos\/#primaryimage\"},\"thumbnailUrl\":\"https:\/\/nitu.mx\/wp-content\/uploads\/2018\/10\/WIFI-TURISMO.jpg\",\"keywords\":[\"5\u00aa Feria Nacional de Pueblos M\u00e1gicos\",\"Director General del Instituto de Ciencia\",\"ICTI\",\"Jos\u00e9 Luis Monta\u00f1ez Espinosa\",\"Michoac\u00e1n\",\"Morelia\",\"OMT\",\"Organizaci\u00f3n Mundial de Turismo\",\"Sistema WiFi solar\",\"Tecnolog\u00eda e Innovaci\u00f3n\",\"Tonaly\"],\"articleSection\":[\"Destinos\",\"M\u00e9xico\"],\"inLanguage\":\"es-MX\",\"potentialAction\":[{\"@type\":\"CommentAction\",\"name\":\"Comment\",\"target\":[\"https:\/\/nitu.mx\/index.php\/2018\/10\/12\/presentan-sistema-de-wifi-solar-en-la-5a-feria-nacional-de-pueblos-magicos\/#respond\"]}]},{\"@type\":\"WebPage\",\"@id\":\"https:\/\/nitu.mx\/index.php\/2018\/10\/12\/presentan-sistema-de-wifi-solar-en-la-5a-feria-nacional-de-pueblos-magicos\/\",\"url\":\"https:\/\/nitu.mx\/index.php\/2018\/10\/12\/presentan-sistema-de-wifi-solar-en-la-5a-feria-nacional-de-pueblos-magicos\/\",\"name\":\"Presentan Sistema de WiFi solar en la 5\u00aa Feria Nacional de Pueblos M\u00e1gicos - Nitu - Noticias de la Industria Turistica\",\"isPartOf\":{\"@id\":\"https:\/\/nitu.mx\/#website\"},\"primaryImageOfPage\":{\"@id\":\"https:\/\/nitu.mx\/index.php\/2018\/10\/12\/presentan-sistema-de-wifi-solar-en-la-5a-feria-nacional-de-pueblos-magicos\/#primaryimage\"},\"image\":{\"@id\":\"https:\/\/nitu.mx\/index.php\/2018\/10\/12\/presentan-sistema-de-wifi-solar-en-la-5a-feria-nacional-de-pueblos-magicos\/#primaryimage\"},\"thumbnailUrl\":\"https:\/\/nitu.mx\/wp-content\/uploads\/2018\/10\/WIFI-TURISMO.jpg\",\"datePublished\":\"2018-10-12T05:43:42+00:00\",\"dateModified\":\"2018-10-12T06:05:23+00:00\",\"breadcrumb\":{\"@id\":\"https:\/\/nitu.mx\/index.php\/2018\/10\/12\/presentan-sistema-de-wifi-solar-en-la-5a-feria-nacional-de-pueblos-magicos\/#breadcrumb\"},\"inLanguage\":\"es-MX\",\"potentialAction\":[{\"@type\":\"ReadAction\",\"target\":[\"https:\/\/nitu.mx\/index.php\/2018\/10\/12\/presentan-sistema-de-wifi-solar-en-la-5a-feria-nacional-de-pueblos-magicos\/\"]}]},{\"@type\":\"ImageObject\",\"inLanguage\":\"es-MX\",\"@id\":\"https:\/\/nitu.mx\/index.php\/2018\/10\/12\/presentan-sistema-de-wifi-solar-en-la-5a-feria-nacional-de-pueblos-magicos\/#primaryimage\",\"url\":\"https:\/\/nitu.mx\/wp-content\/uploads\/2018\/10\/WIFI-TURISMO.jpg\",\"contentUrl\":\"https:\/\/nitu.mx\/wp-content\/uploads\/2018\/10\/WIFI-TURISMO.jpg\",\"width\":850,\"height\":480,\"caption\":\"WIFI TURISMO\"},{\"@type\":\"BreadcrumbList\",\"@id\":\"https:\/\/nitu.mx\/index.php\/2018\/10\/12\/presentan-sistema-de-wifi-solar-en-la-5a-feria-nacional-de-pueblos-magicos\/#breadcrumb\",\"itemListElement\":[{\"@type\":\"ListItem\",\"position\":1,\"name\":\"Inicio\",\"item\":\"https:\/\/nitu.mx\/\"},{\"@type\":\"ListItem\",\"position\":2,\"name\":\"Presentan Sistema de WiFi solar en la 5\u00aa Feria Nacional de Pueblos M\u00e1gicos\"}]},{\"@type\":\"WebSite\",\"@id\":\"https:\/\/nitu.mx\/#website\",\"url\":\"https:\/\/nitu.mx\/\",\"name\":\"Nitu - Noticias de la Industria Turistica\",\"description\":\"Noticias de la Industria Turistica\",\"publisher\":{\"@id\":\"https:\/\/nitu.mx\/#\/schema\/person\/ae7a53426417292d3dd07b45a33e01bc\"},\"alternateName\":\"Noticias de la Industria Turistica\",\"potentialAction\":[{\"@type\":\"SearchAction\",\"target\":{\"@type\":\"EntryPoint\",\"urlTemplate\":\"https:\/\/nitu.mx\/?s={search_term_string}\"},\"query-input\":\"required name=search_term_string\"}],\"inLanguage\":\"es-MX\"},{\"@type\":[\"Person\",\"Organization\"],\"@id\":\"https:\/\/nitu.mx\/#\/schema\/person\/ae7a53426417292d3dd07b45a33e01bc\",\"name\":\"Arturo Medina\",\"image\":{\"@type\":\"ImageObject\",\"inLanguage\":\"es-MX\",\"@id\":\"https:\/\/nitu.mx\/#\/schema\/person\/image\/\",\"url\":\"https:\/\/nitu.mx\/wp-content\/uploads\/2024\/04\/4A315622-1904-4D5C-B022-878CDC840E04-90x90-1.jpeg\",\"contentUrl\":\"https:\/\/nitu.mx\/wp-content\/uploads\/2024\/04\/4A315622-1904-4D5C-B022-878CDC840E04-90x90-1.jpeg\",\"width\":90,\"height\":90,\"caption\":\"Arturo Medina\"},\"logo\":{\"@id\":\"https:\/\/nitu.mx\/#\/schema\/person\/image\/\"},\"description\":\"Director NITU.mx, Egresado de la Escuela de Periodismo Carlos Septi\u00e9n Garc\u00eda. Periodista y analista especializado en turismo desde hace 35 a\u00f1os, radicado en Canc\u00fan Q.Roo. arturo@nitu.mx\",\"sameAs\":[\"https:\/\/nitu.mx\",\"https:\/\/www.facebook.com\/NITUmx\/\",\"medinacancun\",\"https:\/\/twitter.com\/@Arturo_Medina_G\"]},{\"@type\":\"Person\",\"@id\":\"https:\/\/nitu.mx\/#\/schema\/person\/4a28fe9bd65924f7c90623773daf1b0b\",\"name\":\"Redacci\u00f3n\",\"image\":{\"@type\":\"ImageObject\",\"inLanguage\":\"es-MX\",\"@id\":\"https:\/\/nitu.mx\/#\/schema\/person\/image\/\",\"url\":\"https:\/\/secure.gravatar.com\/avatar\/5dd011c8ccfc5cd7e4c81e42252aab38?s=96&d=mm&r=g\",\"contentUrl\":\"https:\/\/secure.gravatar.com\/avatar\/5dd011c8ccfc5cd7e4c81e42252aab38?s=96&d=mm&r=g\",\"caption\":\"Redacci\u00f3n\"},\"url\":\"https:\/\/nitu.mx\/index.php\/author\/redaccion\/\"}]}<\/script>\n<!-- \/ Yoast SEO plugin. -->","yoast_head_json":{"title":"Presentan Sistema de WiFi solar en la 5\u00aa Feria Nacional de Pueblos M\u00e1gicos - Nitu - Noticias de la Industria Turistica","robots":{"index":"index","follow":"follow","max-snippet":"max-snippet:-1","max-image-preview":"max-image-preview:large","max-video-preview":"max-video-preview:-1"},"canonical":"https:\/\/nitu.mx\/index.php\/2018\/10\/12\/presentan-sistema-de-wifi-solar-en-la-5a-feria-nacional-de-pueblos-magicos\/","twitter_card":"summary_large_image","twitter_title":"Presentan Sistema de WiFi solar en la 5\u00aa Feria Nacional de Pueblos M\u00e1gicos - Nitu - Noticias de la Industria Turistica","twitter_description":"Tal como lo marcan las tendencias internacionales en el sector tur\u00edstico, Michoac\u00e1n no puede quedarse a la zaga en el desarrollo y uso de nuevas tecnolog\u00edas que le permitan afianzar su presencia entre la oferta de destinos de viaje. El Director General del Instituto de Ciencia, Tecnolog\u00eda e Innovaci\u00f3n (ICTI), Jos\u00e9 Luis Monta\u00f1ez Espinosa, se [&hellip;]","twitter_image":"https:\/\/nitu.mx\/wp-content\/uploads\/2018\/10\/WIFI-TURISMO.jpg","twitter_creator":"@NITUmx","twitter_site":"@Arturo_Medina_G","twitter_misc":{"Escrito por":"Redacci\u00f3n","Tiempo de lectura":"2 minutos"},"schema":{"@context":"https:\/\/schema.org","@graph":[{"@type":"Article","@id":"https:\/\/nitu.mx\/index.php\/2018\/10\/12\/presentan-sistema-de-wifi-solar-en-la-5a-feria-nacional-de-pueblos-magicos\/#article","isPartOf":{"@id":"https:\/\/nitu.mx\/index.php\/2018\/10\/12\/presentan-sistema-de-wifi-solar-en-la-5a-feria-nacional-de-pueblos-magicos\/"},"author":{"name":"Redacci\u00f3n","@id":"https:\/\/nitu.mx\/#\/schema\/person\/4a28fe9bd65924f7c90623773daf1b0b"},"headline":"Presentan Sistema de WiFi solar en la 5\u00aa Feria Nacional de Pueblos M\u00e1gicos","datePublished":"2018-10-12T05:43:42+00:00","dateModified":"2018-10-12T06:05:23+00:00","mainEntityOfPage":{"@id":"https:\/\/nitu.mx\/index.php\/2018\/10\/12\/presentan-sistema-de-wifi-solar-en-la-5a-feria-nacional-de-pueblos-magicos\/"},"wordCount":426,"commentCount":0,"publisher":{"@id":"https:\/\/nitu.mx\/#\/schema\/person\/ae7a53426417292d3dd07b45a33e01bc"},"image":{"@id":"https:\/\/nitu.mx\/index.php\/2018\/10\/12\/presentan-sistema-de-wifi-solar-en-la-5a-feria-nacional-de-pueblos-magicos\/#primaryimage"},"thumbnailUrl":"https:\/\/nitu.mx\/wp-content\/uploads\/2018\/10\/WIFI-TURISMO.jpg","keywords":["5\u00aa Feria Nacional de Pueblos M\u00e1gicos","Director General del Instituto de Ciencia","ICTI","Jos\u00e9 Luis Monta\u00f1ez Espinosa","Michoac\u00e1n","Morelia","OMT","Organizaci\u00f3n Mundial de Turismo","Sistema WiFi solar","Tecnolog\u00eda e Innovaci\u00f3n","Tonaly"],"articleSection":["Destinos","M\u00e9xico"],"inLanguage":"es-MX","potentialAction":[{"@type":"CommentAction","name":"Comment","target":["https:\/\/nitu.mx\/index.php\/2018\/10\/12\/presentan-sistema-de-wifi-solar-en-la-5a-feria-nacional-de-pueblos-magicos\/#respond"]}]},{"@type":"WebPage","@id":"https:\/\/nitu.mx\/index.php\/2018\/10\/12\/presentan-sistema-de-wifi-solar-en-la-5a-feria-nacional-de-pueblos-magicos\/","url":"https:\/\/nitu.mx\/index.php\/2018\/10\/12\/presentan-sistema-de-wifi-solar-en-la-5a-feria-nacional-de-pueblos-magicos\/","name":"Presentan Sistema de WiFi solar en la 5\u00aa Feria Nacional de Pueblos M\u00e1gicos - Nitu - Noticias de la Industria Turistica","isPartOf":{"@id":"https:\/\/nitu.mx\/#website"},"primaryImageOfPage":{"@id":"https:\/\/nitu.mx\/index.php\/2018\/10\/12\/presentan-sistema-de-wifi-solar-en-la-5a-feria-nacional-de-pueblos-magicos\/#primaryimage"},"image":{"@id":"https:\/\/nitu.mx\/index.php\/2018\/10\/12\/presentan-sistema-de-wifi-solar-en-la-5a-feria-nacional-de-pueblos-magicos\/#primaryimage"},"thumbnailUrl":"https:\/\/nitu.mx\/wp-content\/uploads\/2018\/10\/WIFI-TURISMO.jpg","datePublished":"2018-10-12T05:43:42+00:00","dateModified":"2018-10-12T06:05:23+00:00","breadcrumb":{"@id":"https:\/\/nitu.mx\/index.php\/2018\/10\/12\/presentan-sistema-de-wifi-solar-en-la-5a-feria-nacional-de-pueblos-magicos\/#breadcrumb"},"inLanguage":"es-MX","potentialAction":[{"@type":"ReadAction","target":["https:\/\/nitu.mx\/index.php\/2018\/10\/12\/presentan-sistema-de-wifi-solar-en-la-5a-feria-nacional-de-pueblos-magicos\/"]}]},{"@type":"ImageObject","inLanguage":"es-MX","@id":"https:\/\/nitu.mx\/index.php\/2018\/10\/12\/presentan-sistema-de-wifi-solar-en-la-5a-feria-nacional-de-pueblos-magicos\/#primaryimage","url":"https:\/\/nitu.mx\/wp-content\/uploads\/2018\/10\/WIFI-TURISMO.jpg","contentUrl":"https:\/\/nitu.mx\/wp-content\/uploads\/2018\/10\/WIFI-TURISMO.jpg","width":850,"height":480,"caption":"WIFI TURISMO"},{"@type":"BreadcrumbList","@id":"https:\/\/nitu.mx\/index.php\/2018\/10\/12\/presentan-sistema-de-wifi-solar-en-la-5a-feria-nacional-de-pueblos-magicos\/#breadcrumb","itemListElement":[{"@type":"ListItem","position":1,"name":"Inicio","item":"https:\/\/nitu.mx\/"},{"@type":"ListItem","position":2,"name":"Presentan Sistema de WiFi solar en la 5\u00aa Feria Nacional de Pueblos M\u00e1gicos"}]},{"@type":"WebSite","@id":"https:\/\/nitu.mx\/#website","url":"https:\/\/nitu.mx\/","name":"Nitu - Noticias de la Industria Turistica","description":"Noticias de la Industria Turistica","publisher":{"@id":"https:\/\/nitu.mx\/#\/schema\/person\/ae7a53426417292d3dd07b45a33e01bc"},"alternateName":"Noticias de la Industria Turistica","potentialAction":[{"@type":"SearchAction","target":{"@type":"EntryPoint","urlTemplate":"https:\/\/nitu.mx\/?s={search_term_string}"},"query-input":"required name=search_term_string"}],"inLanguage":"es-MX"},{"@type":["Person","Organization"],"@id":"https:\/\/nitu.mx\/#\/schema\/person\/ae7a53426417292d3dd07b45a33e01bc","name":"Arturo Medina","image":{"@type":"ImageObject","inLanguage":"es-MX","@id":"https:\/\/nitu.mx\/#\/schema\/person\/image\/","url":"https:\/\/nitu.mx\/wp-content\/uploads\/2024\/04\/4A315622-1904-4D5C-B022-878CDC840E04-90x90-1.jpeg","contentUrl":"https:\/\/nitu.mx\/wp-content\/uploads\/2024\/04\/4A315622-1904-4D5C-B022-878CDC840E04-90x90-1.jpeg","width":90,"height":90,"caption":"Arturo Medina"},"logo":{"@id":"https:\/\/nitu.mx\/#\/schema\/person\/image\/"},"description":"Director NITU.mx, Egresado de la Escuela de Periodismo Carlos Septi\u00e9n Garc\u00eda. Periodista y analista especializado en turismo desde hace 35 a\u00f1os, radicado en Canc\u00fan Q.Roo. arturo@nitu.mx","sameAs":["https:\/\/nitu.mx","https:\/\/www.facebook.com\/NITUmx\/","medinacancun","https:\/\/twitter.com\/@Arturo_Medina_G"]},{"@type":"Person","@id":"https:\/\/nitu.mx\/#\/schema\/person\/4a28fe9bd65924f7c90623773daf1b0b","name":"Redacci\u00f3n","image":{"@type":"ImageObject","inLanguage":"es-MX","@id":"https:\/\/nitu.mx\/#\/schema\/person\/image\/","url":"https:\/\/secure.gravatar.com\/avatar\/5dd011c8ccfc5cd7e4c81e42252aab38?s=96&d=mm&r=g","contentUrl":"https:\/\/secure.gravatar.com\/avatar\/5dd011c8ccfc5cd7e4c81e42252aab38?s=96&d=mm&r=g","caption":"Redacci\u00f3n"},"url":"https:\/\/nitu.mx\/index.php\/author\/redaccion\/"}]}},"views":289,"_links":{"self":[{"href":"https:\/\/nitu.mx\/index.php\/wp-json\/wp\/v2\/posts\/25423"}],"collection":[{"href":"https:\/\/nitu.mx\/index.php\/wp-json\/wp\/v2\/posts"}],"about":[{"href":"https:\/\/nitu.mx\/index.php\/wp-json\/wp\/v2\/types\/post"}],"author":[{"embeddable":true,"href":"https:\/\/nitu.mx\/index.php\/wp-json\/wp\/v2\/users\/17"}],"replies":[{"embeddable":true,"href":"https:\/\/nitu.mx\/index.php\/wp-json\/wp\/v2\/comments?post=25423"}],"version-history":[{"count":3,"href":"https:\/\/nitu.mx\/index.php\/wp-json\/wp\/v2\/posts\/25423\/revisions"}],"predecessor-version":[{"id":25443,"href":"https:\/\/nitu.mx\/index.php\/wp-json\/wp\/v2\/posts\/25423\/revisions\/25443"}],"wp:featuredmedia":[{"embeddable":true,"href":"https:\/\/nitu.mx\/index.php\/wp-json\/wp\/v2\/media\/25442"}],"wp:attachment":[{"href":"https:\/\/nitu.mx\/index.php\/wp-json\/wp\/v2\/media?parent=25423"}],"wp:term":[{"taxonomy":"category","embeddable":true,"href":"https:\/\/nitu.mx\/index.php\/wp-json\/wp\/v2\/categories?post=25423"},{"taxonomy":"post_tag","embeddable":true,"href":"https:\/\/nitu.mx\/index.php\/wp-json\/wp\/v2\/tags?post=25423"}],"curies":[{"name":"wp","href":"https:\/\/api.w.org\/{rel}","templated":true}]}}