{"id":25281,"date":"2018-10-09T00:08:52","date_gmt":"2018-10-09T05:08:52","guid":{"rendered":"https:\/\/www.dev.nitu.mx\/?p=25281"},"modified":"2018-10-09T01:06:20","modified_gmt":"2018-10-09T06:06:20","slug":"por-sexto-ano-consecutivo-amav-cdmx-entrega-el-angel-del-turismo","status":"publish","type":"post","link":"https:\/\/nitu.mx\/index.php\/2018\/10\/09\/por-sexto-ano-consecutivo-amav-cdmx-entrega-el-angel-del-turismo\/","title":{"rendered":"Por sexto a\u00f1o consecutivo AMAV CDMX entrega el \u00c1ngel del Turismo"},"content":{"rendered":"<p>Como reconocimiento a las empresas, organizaciones y profesionales m\u00e1s destacados en la industria a lo largo del a\u00f1o, la Asociaci\u00f3n Mexicana de Agencias de Viajes de la Ciudad de M\u00e9xico \u00a0(AMAV CDMX) entreg\u00f3 por sexto a\u00f1o consecutivo los premios \u00c1ngel del Turismo.<\/p>\n<p>El galard\u00f3n se dio a 8 diferentes categor\u00edas: Emprendedor del a\u00f1o, Segmento MICE, Trayectoria empresarial Institucional, Medio de Comunicaci\u00f3n especializado, Promoci\u00f3n de M\u00e9xico en el exterior, Gesti\u00f3n p\u00fablica del an\u0303o, Mejor estrategia de Marketing destino nacional y A\u0301ngel del Turismo Honorario.<\/p>\n<p>Estos premios que se llevaron a cabo por primera vez en el a\u00f1o 2013 por iniciativa de Fidel Ovando, han despertado el inter\u00e9s de representantes de todos los segmentos, en sus inicios solo se contaba con tres categor\u00edas las cuales fueron aumentando a\u00f1o con a\u00f1o. (<a title=\"ADO Turibus destaca en los Premios de la AMAV CDMX\" href=\"https:\/\/www.dev.nitu.mx\/index.php\/2017\/12\/07\/amav-cdmx-premia-a-lo-mas-destacado-de-la-industria-del-turismo\/\" rel=\"bookmark\">ADO Turibus destaca en los Premios de la AMAV CDMX<\/a>).<\/p>\n<p>Los galardonados este 2018 fueron: Emprendedor del an\u0303o. Sustainable &amp; Social Tourism Summit. Premio que se otorg\u00f3 a Fernando Mandri y Sergio Rodri\u0301guez, por ser el primer y u\u0301nico foro a nivel mundial en el que se trabaja conjuntamente sobre los aspectos ambientales y sociales del turismo generando un ana\u0301lisis integral.<\/p>\n<p>Segmento MICE, el galardonado fue David Hidalgo por \u00a0IBTM Americas; en la categori\u0301a 3 como Trayectoria empresarial Institucional, el Angel fue para Roberto Zapata, director general de Hoteles Misio\u0301n; en la categor\u00eda de Promocio\u0301n de Me\u0301xico en el exterior, el ganador fue Cancu\u0301n Travel Group; en la categor\u00eda Gestio\u0301n pu\u0301blica del an\u0303o la votaci\u00f3n estuvo muy cerrada por los que se les dio el galard\u00f3n a los tres nominados: Enrique De la Madrid, Secretario de Turismo Federal, Fernando Olivera, Ex Secretario de Turismo de Guanajuato y Mario Uvence, Secretario de Turismo de Chiapas.<\/p>\n<p>El galard\u00f3n por Mejor estrategia de Marketing destino Nacional, fue para la Ciudad de Me\u0301xico, pues desde su lanzamiento en el 2014, la marca CDMX ha sido adoptada por los habitantes de la Ciudad de Me\u0301xico como un icono de orgullo y pertenencia. Se ha posicionado de tal forma, que los medios de comunicacio\u0301n nacionales e internacionales se refieren a la ciudad simplemente como &#8220;la CDMX&#8221;.<\/p>\n<p>Y la categor\u00eda A\u0301ngel del Turismo Honorario fue para Sergio Allard, presidente de la Ca\u0301mara Nacional de Aerotransportes CANAERO, por su trayectoria de ma\u0301s de 30 an\u0303os en la industria de la aviacio\u0301n en favor del turismo de Me\u0301xico.<\/p>\n","protected":false},"excerpt":{"rendered":"<p>Como reconocimiento a las empresas, organizaciones y profesionales m\u00e1s destacados en la industria a lo largo del a\u00f1o, la Asociaci\u00f3n Mexicana de Agencias de Viajes de la Ciudad de M\u00e9xico \u00a0(AMAV CDMX) entreg\u00f3 por sexto a\u00f1o consecutivo los premios \u00c1ngel del Turismo. El galard\u00f3n se dio a 8 diferentes categor\u00edas: Emprendedor del a\u00f1o, Segmento MICE, [&hellip;]<\/p>\n","protected":false},"author":17,"featured_media":25312,"comment_status":"open","ping_status":"open","sticky":false,"template":"","format":"standard","meta":{"footnotes":""},"categories":[12,6],"tags":[3242,12699,2688,10633,176,3292,3243,10650,12700,1674],"yoast_head":"<!-- This site is optimized with the Yoast SEO plugin v22.2 - https:\/\/yoast.com\/wordpress\/plugins\/seo\/ -->\n<title>Por sexto a\u00f1o consecutivo AMAV CDMX entrega el \u00c1ngel del Turismo - Nitu - Noticias de la Industria Turistica<\/title>\n<meta name=\"robots\" content=\"index, follow, max-snippet:-1, max-image-preview:large, max-video-preview:-1\" \/>\n<link rel=\"canonical\" href=\"https:\/\/nitu.mx\/index.php\/2018\/10\/09\/por-sexto-ano-consecutivo-amav-cdmx-entrega-el-angel-del-turismo\/\" \/>\n<meta name=\"twitter:card\" content=\"summary_large_image\" \/>\n<meta name=\"twitter:title\" content=\"Por sexto a\u00f1o consecutivo AMAV CDMX entrega el \u00c1ngel del Turismo - Nitu - Noticias de la Industria Turistica\" \/>\n<meta name=\"twitter:description\" content=\"Como reconocimiento a las empresas, organizaciones y profesionales m\u00e1s destacados en la industria a lo largo del a\u00f1o, la Asociaci\u00f3n Mexicana de Agencias de Viajes de la Ciudad de M\u00e9xico \u00a0(AMAV CDMX) entreg\u00f3 por sexto a\u00f1o consecutivo los premios \u00c1ngel del Turismo. El galard\u00f3n se dio a 8 diferentes categor\u00edas: Emprendedor del a\u00f1o, Segmento MICE, [&hellip;]\" \/>\n<meta name=\"twitter:image\" content=\"https:\/\/nitu.mx\/wp-content\/uploads\/2018\/10\/AMAV.jpg\" \/>\n<meta name=\"twitter:creator\" content=\"@NITUmx\" \/>\n<meta name=\"twitter:site\" content=\"@Arturo_Medina_G\" \/>\n<meta name=\"twitter:label1\" content=\"Escrito por\" \/>\n\t<meta name=\"twitter:data1\" content=\"Redacci\u00f3n\" \/>\n\t<meta name=\"twitter:label2\" content=\"Tiempo de lectura\" \/>\n\t<meta name=\"twitter:data2\" content=\"2 minutos\" \/>\n<script type=\"application\/ld+json\" class=\"yoast-schema-graph\">{\"@context\":\"https:\/\/schema.org\",\"@graph\":[{\"@type\":\"Article\",\"@id\":\"https:\/\/nitu.mx\/index.php\/2018\/10\/09\/por-sexto-ano-consecutivo-amav-cdmx-entrega-el-angel-del-turismo\/#article\",\"isPartOf\":{\"@id\":\"https:\/\/nitu.mx\/index.php\/2018\/10\/09\/por-sexto-ano-consecutivo-amav-cdmx-entrega-el-angel-del-turismo\/\"},\"author\":{\"name\":\"Redacci\u00f3n\",\"@id\":\"https:\/\/nitu.mx\/#\/schema\/person\/4a28fe9bd65924f7c90623773daf1b0b\"},\"headline\":\"Por sexto a\u00f1o consecutivo AMAV CDMX entrega el \u00c1ngel del Turismo\",\"datePublished\":\"2018-10-09T05:08:52+00:00\",\"dateModified\":\"2018-10-09T06:06:20+00:00\",\"mainEntityOfPage\":{\"@id\":\"https:\/\/nitu.mx\/index.php\/2018\/10\/09\/por-sexto-ano-consecutivo-amav-cdmx-entrega-el-angel-del-turismo\/\"},\"wordCount\":440,\"commentCount\":0,\"publisher\":{\"@id\":\"https:\/\/nitu.mx\/#\/schema\/person\/ae7a53426417292d3dd07b45a33e01bc\"},\"image\":{\"@id\":\"https:\/\/nitu.mx\/index.php\/2018\/10\/09\/por-sexto-ano-consecutivo-amav-cdmx-entrega-el-angel-del-turismo\/#primaryimage\"},\"thumbnailUrl\":\"https:\/\/nitu.mx\/wp-content\/uploads\/2018\/10\/AMAV.jpg\",\"keywords\":[\"AMAV CDMX\",\"Angel del Turismo\",\"Canc\u00fan Travel Group\",\"David Hidalgo\",\"Enrique de la Madrid\",\"Fernando Olivera\",\"Fidel Ovando\",\"IBTM Americas\",\"Mario Uvence\",\"Sergio Allard\"],\"articleSection\":[\"Marketing\",\"M\u00e9xico\"],\"inLanguage\":\"es-MX\",\"potentialAction\":[{\"@type\":\"CommentAction\",\"name\":\"Comment\",\"target\":[\"https:\/\/nitu.mx\/index.php\/2018\/10\/09\/por-sexto-ano-consecutivo-amav-cdmx-entrega-el-angel-del-turismo\/#respond\"]}]},{\"@type\":\"WebPage\",\"@id\":\"https:\/\/nitu.mx\/index.php\/2018\/10\/09\/por-sexto-ano-consecutivo-amav-cdmx-entrega-el-angel-del-turismo\/\",\"url\":\"https:\/\/nitu.mx\/index.php\/2018\/10\/09\/por-sexto-ano-consecutivo-amav-cdmx-entrega-el-angel-del-turismo\/\",\"name\":\"Por sexto a\u00f1o consecutivo AMAV CDMX entrega el \u00c1ngel del Turismo - Nitu - Noticias de la Industria Turistica\",\"isPartOf\":{\"@id\":\"https:\/\/nitu.mx\/#website\"},\"primaryImageOfPage\":{\"@id\":\"https:\/\/nitu.mx\/index.php\/2018\/10\/09\/por-sexto-ano-consecutivo-amav-cdmx-entrega-el-angel-del-turismo\/#primaryimage\"},\"image\":{\"@id\":\"https:\/\/nitu.mx\/index.php\/2018\/10\/09\/por-sexto-ano-consecutivo-amav-cdmx-entrega-el-angel-del-turismo\/#primaryimage\"},\"thumbnailUrl\":\"https:\/\/nitu.mx\/wp-content\/uploads\/2018\/10\/AMAV.jpg\",\"datePublished\":\"2018-10-09T05:08:52+00:00\",\"dateModified\":\"2018-10-09T06:06:20+00:00\",\"breadcrumb\":{\"@id\":\"https:\/\/nitu.mx\/index.php\/2018\/10\/09\/por-sexto-ano-consecutivo-amav-cdmx-entrega-el-angel-del-turismo\/#breadcrumb\"},\"inLanguage\":\"es-MX\",\"potentialAction\":[{\"@type\":\"ReadAction\",\"target\":[\"https:\/\/nitu.mx\/index.php\/2018\/10\/09\/por-sexto-ano-consecutivo-amav-cdmx-entrega-el-angel-del-turismo\/\"]}]},{\"@type\":\"ImageObject\",\"inLanguage\":\"es-MX\",\"@id\":\"https:\/\/nitu.mx\/index.php\/2018\/10\/09\/por-sexto-ano-consecutivo-amav-cdmx-entrega-el-angel-del-turismo\/#primaryimage\",\"url\":\"https:\/\/nitu.mx\/wp-content\/uploads\/2018\/10\/AMAV.jpg\",\"contentUrl\":\"https:\/\/nitu.mx\/wp-content\/uploads\/2018\/10\/AMAV.jpg\",\"width\":850,\"height\":480,\"caption\":\"AMAV CDMX\"},{\"@type\":\"BreadcrumbList\",\"@id\":\"https:\/\/nitu.mx\/index.php\/2018\/10\/09\/por-sexto-ano-consecutivo-amav-cdmx-entrega-el-angel-del-turismo\/#breadcrumb\",\"itemListElement\":[{\"@type\":\"ListItem\",\"position\":1,\"name\":\"Inicio\",\"item\":\"https:\/\/nitu.mx\/\"},{\"@type\":\"ListItem\",\"position\":2,\"name\":\"Por sexto a\u00f1o consecutivo AMAV CDMX entrega el \u00c1ngel del Turismo\"}]},{\"@type\":\"WebSite\",\"@id\":\"https:\/\/nitu.mx\/#website\",\"url\":\"https:\/\/nitu.mx\/\",\"name\":\"Nitu - Noticias de la Industria Turistica\",\"description\":\"Noticias de la Industria Turistica\",\"publisher\":{\"@id\":\"https:\/\/nitu.mx\/#\/schema\/person\/ae7a53426417292d3dd07b45a33e01bc\"},\"alternateName\":\"Noticias de la Industria Turistica\",\"potentialAction\":[{\"@type\":\"SearchAction\",\"target\":{\"@type\":\"EntryPoint\",\"urlTemplate\":\"https:\/\/nitu.mx\/?s={search_term_string}\"},\"query-input\":\"required name=search_term_string\"}],\"inLanguage\":\"es-MX\"},{\"@type\":[\"Person\",\"Organization\"],\"@id\":\"https:\/\/nitu.mx\/#\/schema\/person\/ae7a53426417292d3dd07b45a33e01bc\",\"name\":\"Arturo Medina\",\"image\":{\"@type\":\"ImageObject\",\"inLanguage\":\"es-MX\",\"@id\":\"https:\/\/nitu.mx\/#\/schema\/person\/image\/\",\"url\":\"https:\/\/nitu.mx\/wp-content\/uploads\/2024\/04\/4A315622-1904-4D5C-B022-878CDC840E04-90x90-1.jpeg\",\"contentUrl\":\"https:\/\/nitu.mx\/wp-content\/uploads\/2024\/04\/4A315622-1904-4D5C-B022-878CDC840E04-90x90-1.jpeg\",\"width\":90,\"height\":90,\"caption\":\"Arturo Medina\"},\"logo\":{\"@id\":\"https:\/\/nitu.mx\/#\/schema\/person\/image\/\"},\"description\":\"Director NITU.mx, Egresado de la Escuela de Periodismo Carlos Septi\u00e9n Garc\u00eda. Periodista y analista especializado en turismo desde hace 35 a\u00f1os, radicado en Canc\u00fan Q.Roo. arturo@nitu.mx\",\"sameAs\":[\"https:\/\/nitu.mx\",\"https:\/\/www.facebook.com\/NITUmx\/\",\"medinacancun\",\"https:\/\/twitter.com\/@Arturo_Medina_G\"]},{\"@type\":\"Person\",\"@id\":\"https:\/\/nitu.mx\/#\/schema\/person\/4a28fe9bd65924f7c90623773daf1b0b\",\"name\":\"Redacci\u00f3n\",\"image\":{\"@type\":\"ImageObject\",\"inLanguage\":\"es-MX\",\"@id\":\"https:\/\/nitu.mx\/#\/schema\/person\/image\/\",\"url\":\"https:\/\/secure.gravatar.com\/avatar\/5dd011c8ccfc5cd7e4c81e42252aab38?s=96&d=mm&r=g\",\"contentUrl\":\"https:\/\/secure.gravatar.com\/avatar\/5dd011c8ccfc5cd7e4c81e42252aab38?s=96&d=mm&r=g\",\"caption\":\"Redacci\u00f3n\"},\"url\":\"https:\/\/nitu.mx\/index.php\/author\/redaccion\/\"}]}<\/script>\n<!-- \/ Yoast SEO plugin. -->","yoast_head_json":{"title":"Por sexto a\u00f1o consecutivo AMAV CDMX entrega el \u00c1ngel del Turismo - Nitu - Noticias de la Industria Turistica","robots":{"index":"index","follow":"follow","max-snippet":"max-snippet:-1","max-image-preview":"max-image-preview:large","max-video-preview":"max-video-preview:-1"},"canonical":"https:\/\/nitu.mx\/index.php\/2018\/10\/09\/por-sexto-ano-consecutivo-amav-cdmx-entrega-el-angel-del-turismo\/","twitter_card":"summary_large_image","twitter_title":"Por sexto a\u00f1o consecutivo AMAV CDMX entrega el \u00c1ngel del Turismo - Nitu - Noticias de la Industria Turistica","twitter_description":"Como reconocimiento a las empresas, organizaciones y profesionales m\u00e1s destacados en la industria a lo largo del a\u00f1o, la Asociaci\u00f3n Mexicana de Agencias de Viajes de la Ciudad de M\u00e9xico \u00a0(AMAV CDMX) entreg\u00f3 por sexto a\u00f1o consecutivo los premios \u00c1ngel del Turismo. El galard\u00f3n se dio a 8 diferentes categor\u00edas: Emprendedor del a\u00f1o, Segmento MICE, [&hellip;]","twitter_image":"https:\/\/nitu.mx\/wp-content\/uploads\/2018\/10\/AMAV.jpg","twitter_creator":"@NITUmx","twitter_site":"@Arturo_Medina_G","twitter_misc":{"Escrito por":"Redacci\u00f3n","Tiempo de lectura":"2 minutos"},"schema":{"@context":"https:\/\/schema.org","@graph":[{"@type":"Article","@id":"https:\/\/nitu.mx\/index.php\/2018\/10\/09\/por-sexto-ano-consecutivo-amav-cdmx-entrega-el-angel-del-turismo\/#article","isPartOf":{"@id":"https:\/\/nitu.mx\/index.php\/2018\/10\/09\/por-sexto-ano-consecutivo-amav-cdmx-entrega-el-angel-del-turismo\/"},"author":{"name":"Redacci\u00f3n","@id":"https:\/\/nitu.mx\/#\/schema\/person\/4a28fe9bd65924f7c90623773daf1b0b"},"headline":"Por sexto a\u00f1o consecutivo AMAV CDMX entrega el \u00c1ngel del Turismo","datePublished":"2018-10-09T05:08:52+00:00","dateModified":"2018-10-09T06:06:20+00:00","mainEntityOfPage":{"@id":"https:\/\/nitu.mx\/index.php\/2018\/10\/09\/por-sexto-ano-consecutivo-amav-cdmx-entrega-el-angel-del-turismo\/"},"wordCount":440,"commentCount":0,"publisher":{"@id":"https:\/\/nitu.mx\/#\/schema\/person\/ae7a53426417292d3dd07b45a33e01bc"},"image":{"@id":"https:\/\/nitu.mx\/index.php\/2018\/10\/09\/por-sexto-ano-consecutivo-amav-cdmx-entrega-el-angel-del-turismo\/#primaryimage"},"thumbnailUrl":"https:\/\/nitu.mx\/wp-content\/uploads\/2018\/10\/AMAV.jpg","keywords":["AMAV CDMX","Angel del Turismo","Canc\u00fan Travel Group","David Hidalgo","Enrique de la Madrid","Fernando Olivera","Fidel Ovando","IBTM Americas","Mario Uvence","Sergio Allard"],"articleSection":["Marketing","M\u00e9xico"],"inLanguage":"es-MX","potentialAction":[{"@type":"CommentAction","name":"Comment","target":["https:\/\/nitu.mx\/index.php\/2018\/10\/09\/por-sexto-ano-consecutivo-amav-cdmx-entrega-el-angel-del-turismo\/#respond"]}]},{"@type":"WebPage","@id":"https:\/\/nitu.mx\/index.php\/2018\/10\/09\/por-sexto-ano-consecutivo-amav-cdmx-entrega-el-angel-del-turismo\/","url":"https:\/\/nitu.mx\/index.php\/2018\/10\/09\/por-sexto-ano-consecutivo-amav-cdmx-entrega-el-angel-del-turismo\/","name":"Por sexto a\u00f1o consecutivo AMAV CDMX entrega el \u00c1ngel del Turismo - Nitu - Noticias de la Industria Turistica","isPartOf":{"@id":"https:\/\/nitu.mx\/#website"},"primaryImageOfPage":{"@id":"https:\/\/nitu.mx\/index.php\/2018\/10\/09\/por-sexto-ano-consecutivo-amav-cdmx-entrega-el-angel-del-turismo\/#primaryimage"},"image":{"@id":"https:\/\/nitu.mx\/index.php\/2018\/10\/09\/por-sexto-ano-consecutivo-amav-cdmx-entrega-el-angel-del-turismo\/#primaryimage"},"thumbnailUrl":"https:\/\/nitu.mx\/wp-content\/uploads\/2018\/10\/AMAV.jpg","datePublished":"2018-10-09T05:08:52+00:00","dateModified":"2018-10-09T06:06:20+00:00","breadcrumb":{"@id":"https:\/\/nitu.mx\/index.php\/2018\/10\/09\/por-sexto-ano-consecutivo-amav-cdmx-entrega-el-angel-del-turismo\/#breadcrumb"},"inLanguage":"es-MX","potentialAction":[{"@type":"ReadAction","target":["https:\/\/nitu.mx\/index.php\/2018\/10\/09\/por-sexto-ano-consecutivo-amav-cdmx-entrega-el-angel-del-turismo\/"]}]},{"@type":"ImageObject","inLanguage":"es-MX","@id":"https:\/\/nitu.mx\/index.php\/2018\/10\/09\/por-sexto-ano-consecutivo-amav-cdmx-entrega-el-angel-del-turismo\/#primaryimage","url":"https:\/\/nitu.mx\/wp-content\/uploads\/2018\/10\/AMAV.jpg","contentUrl":"https:\/\/nitu.mx\/wp-content\/uploads\/2018\/10\/AMAV.jpg","width":850,"height":480,"caption":"AMAV CDMX"},{"@type":"BreadcrumbList","@id":"https:\/\/nitu.mx\/index.php\/2018\/10\/09\/por-sexto-ano-consecutivo-amav-cdmx-entrega-el-angel-del-turismo\/#breadcrumb","itemListElement":[{"@type":"ListItem","position":1,"name":"Inicio","item":"https:\/\/nitu.mx\/"},{"@type":"ListItem","position":2,"name":"Por sexto a\u00f1o consecutivo AMAV CDMX entrega el \u00c1ngel del Turismo"}]},{"@type":"WebSite","@id":"https:\/\/nitu.mx\/#website","url":"https:\/\/nitu.mx\/","name":"Nitu - Noticias de la Industria Turistica","description":"Noticias de la Industria Turistica","publisher":{"@id":"https:\/\/nitu.mx\/#\/schema\/person\/ae7a53426417292d3dd07b45a33e01bc"},"alternateName":"Noticias de la Industria Turistica","potentialAction":[{"@type":"SearchAction","target":{"@type":"EntryPoint","urlTemplate":"https:\/\/nitu.mx\/?s={search_term_string}"},"query-input":"required name=search_term_string"}],"inLanguage":"es-MX"},{"@type":["Person","Organization"],"@id":"https:\/\/nitu.mx\/#\/schema\/person\/ae7a53426417292d3dd07b45a33e01bc","name":"Arturo Medina","image":{"@type":"ImageObject","inLanguage":"es-MX","@id":"https:\/\/nitu.mx\/#\/schema\/person\/image\/","url":"https:\/\/nitu.mx\/wp-content\/uploads\/2024\/04\/4A315622-1904-4D5C-B022-878CDC840E04-90x90-1.jpeg","contentUrl":"https:\/\/nitu.mx\/wp-content\/uploads\/2024\/04\/4A315622-1904-4D5C-B022-878CDC840E04-90x90-1.jpeg","width":90,"height":90,"caption":"Arturo Medina"},"logo":{"@id":"https:\/\/nitu.mx\/#\/schema\/person\/image\/"},"description":"Director NITU.mx, Egresado de la Escuela de Periodismo Carlos Septi\u00e9n Garc\u00eda. Periodista y analista especializado en turismo desde hace 35 a\u00f1os, radicado en Canc\u00fan Q.Roo. arturo@nitu.mx","sameAs":["https:\/\/nitu.mx","https:\/\/www.facebook.com\/NITUmx\/","medinacancun","https:\/\/twitter.com\/@Arturo_Medina_G"]},{"@type":"Person","@id":"https:\/\/nitu.mx\/#\/schema\/person\/4a28fe9bd65924f7c90623773daf1b0b","name":"Redacci\u00f3n","image":{"@type":"ImageObject","inLanguage":"es-MX","@id":"https:\/\/nitu.mx\/#\/schema\/person\/image\/","url":"https:\/\/secure.gravatar.com\/avatar\/5dd011c8ccfc5cd7e4c81e42252aab38?s=96&d=mm&r=g","contentUrl":"https:\/\/secure.gravatar.com\/avatar\/5dd011c8ccfc5cd7e4c81e42252aab38?s=96&d=mm&r=g","caption":"Redacci\u00f3n"},"url":"https:\/\/nitu.mx\/index.php\/author\/redaccion\/"}]}},"views":363,"_links":{"self":[{"href":"https:\/\/nitu.mx\/index.php\/wp-json\/wp\/v2\/posts\/25281"}],"collection":[{"href":"https:\/\/nitu.mx\/index.php\/wp-json\/wp\/v2\/posts"}],"about":[{"href":"https:\/\/nitu.mx\/index.php\/wp-json\/wp\/v2\/types\/post"}],"author":[{"embeddable":true,"href":"https:\/\/nitu.mx\/index.php\/wp-json\/wp\/v2\/users\/17"}],"replies":[{"embeddable":true,"href":"https:\/\/nitu.mx\/index.php\/wp-json\/wp\/v2\/comments?post=25281"}],"version-history":[{"count":5,"href":"https:\/\/nitu.mx\/index.php\/wp-json\/wp\/v2\/posts\/25281\/revisions"}],"predecessor-version":[{"id":25314,"href":"https:\/\/nitu.mx\/index.php\/wp-json\/wp\/v2\/posts\/25281\/revisions\/25314"}],"wp:featuredmedia":[{"embeddable":true,"href":"https:\/\/nitu.mx\/index.php\/wp-json\/wp\/v2\/media\/25312"}],"wp:attachment":[{"href":"https:\/\/nitu.mx\/index.php\/wp-json\/wp\/v2\/media?parent=25281"}],"wp:term":[{"taxonomy":"category","embeddable":true,"href":"https:\/\/nitu.mx\/index.php\/wp-json\/wp\/v2\/categories?post=25281"},{"taxonomy":"post_tag","embeddable":true,"href":"https:\/\/nitu.mx\/index.php\/wp-json\/wp\/v2\/tags?post=25281"}],"curies":[{"name":"wp","href":"https:\/\/api.w.org\/{rel}","templated":true}]}}