{"id":25155,"date":"2018-10-03T23:44:15","date_gmt":"2018-10-04T04:44:15","guid":{"rendered":"https:\/\/www.dev.nitu.mx\/?p=25155"},"modified":"2018-10-04T00:40:18","modified_gmt":"2018-10-04T05:40:18","slug":"pilotos-de-mexicana-acusan-a-conesa-de-mentir-respecto-a-causa-de-la-quiebra","status":"publish","type":"post","link":"https:\/\/nitu.mx\/index.php\/2018\/10\/03\/pilotos-de-mexicana-acusan-a-conesa-de-mentir-respecto-a-causa-de-la-quiebra\/","title":{"rendered":"Pilotos de Mexicana acusan a Conesa de mentir respecto a causa de la quiebra"},"content":{"rendered":"<p>Las declaraciones del director general de Aeromexico, Andr\u00e9s Conesa, en donde afirm\u00f3 que Mexicana de Aviaci\u00f3n quebr\u00f3 a causa del Contrato Colectivo de Trabajo con sus colaboradores, son falsas, asegur\u00f3 Rafael Guti\u00e9rrez Barajas, presidente de la Delegaci\u00f3n de Mexicana en la Asociaci\u00f3n Sindical de Pilotos Aviadores (ASPA).<\/p>\n<p>En diversos medios, Conesa hizo estos comentarios como argumento de por qu\u00e9 no pod\u00eda cumplir las demandas de los pilotos con quienes estaba negociando un acuerdo que finalmente lleg\u00f3 y evit\u00f3 la huelga.<\/p>\n<p>Guti\u00e9rrez Barajas record\u00f3 que Mexicana de Aviaci\u00f3n dej\u00f3 de volar por una deficiente administraci\u00f3n de Gast\u00f3n Azc\u00e1rraga en contubernio con el gobierno. Enfatiz\u00f3 tambi\u00e9n, que en 2005 y 2007 los pilotos otorgaron, como ahora, muchas facilidades para contribuir con el rescate de la aerol\u00ednea. (<a title=\"Pr\u00f3ximo gobierno da pocas esperanzas de que Mexicana levante el vuelo\" href=\"https:\/\/www.dev.nitu.mx\/index.php\/2018\/08\/31\/proximo-gobierno-da-pocas-esperanzas-de-que-mexicana-levante-el-vuelo\/\" rel=\"bookmark\">Pr\u00f3ximo gobierno da pocas esperanzas de que Mexicana levante el vuelo<\/a>).<\/p>\n<p>&#8220;Se vendi\u00f3 la empresa en 165 millones de d\u00f3lares, con la condici\u00f3n de asumir los pasivos laborales, cosa que no hizo. Entonces facturaba mil 800 millones de d\u00f3lares&#8221;, se\u00f1al\u00f3 el capit\u00e1n de la extinta aerol\u00ednea.<\/p>\n<p>Agreg\u00f3 que tambi\u00e9n se firm\u00f3 un contrato multianual con ahorros de 250 millones de d\u00f3lares; los pilotos de nuevo ingreso tambi\u00e9n ten\u00edan Contrato B; y se firmaron varios convenios con la empresa para facilitar su desarrollo.<\/p>\n<p>Para la delegaci\u00f3n de Mexicana en Aspa, es preocupante que un directivo confunda a la opini\u00f3n p\u00fablica, y calificaron de alarmante tambi\u00e9n la filtraci\u00f3n de los supuestos salarios que perciben los pilotos.<\/p>\n","protected":false},"excerpt":{"rendered":"<p>Las declaraciones del director general de Aeromexico, Andr\u00e9s Conesa, en donde afirm\u00f3 que Mexicana de Aviaci\u00f3n quebr\u00f3 a causa del Contrato Colectivo de Trabajo con sus colaboradores, son falsas, asegur\u00f3 Rafael Guti\u00e9rrez Barajas, presidente de la Delegaci\u00f3n de Mexicana en la Asociaci\u00f3n Sindical de Pilotos Aviadores (ASPA). En diversos medios, Conesa hizo estos comentarios como [&hellip;]<\/p>\n","protected":false},"author":5,"featured_media":25160,"comment_status":"open","ping_status":"open","sticky":false,"template":"","format":"standard","meta":{"footnotes":""},"categories":[29],"tags":[170,415,568,11376],"yoast_head":"<!-- This site is optimized with the Yoast SEO plugin v22.2 - https:\/\/yoast.com\/wordpress\/plugins\/seo\/ -->\n<title>Pilotos de Mexicana acusan a Conesa de mentir respecto a causa de la quiebra - Nitu - Noticias de la Industria Turistica<\/title>\n<meta name=\"description\" content=\"Andr\u00e9s Conesa afirm\u00f3 que Mexicana de Aviaci\u00f3n quebr\u00f3 a causa del Contrato Colectivo de Trabajo con sus colaboradores, asegur\u00f3 Rafael Guti\u00e9rrez Barajas,\" \/>\n<meta name=\"robots\" content=\"index, follow, max-snippet:-1, max-image-preview:large, max-video-preview:-1\" \/>\n<link rel=\"canonical\" href=\"https:\/\/nitu.mx\/index.php\/2018\/10\/03\/pilotos-de-mexicana-acusan-a-conesa-de-mentir-respecto-a-causa-de-la-quiebra\/\" \/>\n<meta name=\"twitter:card\" content=\"summary_large_image\" \/>\n<meta name=\"twitter:title\" content=\"Pilotos de Mexicana acusan a Conesa de mentir respecto a causa de la quiebra - Nitu - Noticias de la Industria Turistica\" \/>\n<meta name=\"twitter:description\" content=\"Andr\u00e9s Conesa afirm\u00f3 que Mexicana de Aviaci\u00f3n quebr\u00f3 a causa del Contrato Colectivo de Trabajo con sus colaboradores, asegur\u00f3 Rafael Guti\u00e9rrez Barajas,\" \/>\n<meta name=\"twitter:image\" content=\"https:\/\/nitu.mx\/wp-content\/uploads\/2018\/10\/Mexicana-de-aviacion.jpg\" \/>\n<meta name=\"twitter:creator\" content=\"@NITUmx\" \/>\n<meta name=\"twitter:site\" content=\"@Arturo_Medina_G\" \/>\n<meta name=\"twitter:label1\" content=\"Escrito por\" \/>\n\t<meta name=\"twitter:data1\" content=\"Mari Soto\" \/>\n\t<meta name=\"twitter:label2\" content=\"Tiempo de lectura\" \/>\n\t<meta name=\"twitter:data2\" content=\"1 minuto\" \/>\n<script type=\"application\/ld+json\" class=\"yoast-schema-graph\">{\"@context\":\"https:\/\/schema.org\",\"@graph\":[{\"@type\":\"Article\",\"@id\":\"https:\/\/nitu.mx\/index.php\/2018\/10\/03\/pilotos-de-mexicana-acusan-a-conesa-de-mentir-respecto-a-causa-de-la-quiebra\/#article\",\"isPartOf\":{\"@id\":\"https:\/\/nitu.mx\/index.php\/2018\/10\/03\/pilotos-de-mexicana-acusan-a-conesa-de-mentir-respecto-a-causa-de-la-quiebra\/\"},\"author\":{\"name\":\"Mari Soto\",\"@id\":\"https:\/\/nitu.mx\/#\/schema\/person\/afc52e313e27e660739556d421d3d6b4\"},\"headline\":\"Pilotos de Mexicana acusan a Conesa de mentir respecto a causa de la quiebra\",\"datePublished\":\"2018-10-04T04:44:15+00:00\",\"dateModified\":\"2018-10-04T05:40:18+00:00\",\"mainEntityOfPage\":{\"@id\":\"https:\/\/nitu.mx\/index.php\/2018\/10\/03\/pilotos-de-mexicana-acusan-a-conesa-de-mentir-respecto-a-causa-de-la-quiebra\/\"},\"wordCount\":276,\"commentCount\":0,\"publisher\":{\"@id\":\"https:\/\/nitu.mx\/#\/schema\/person\/ae7a53426417292d3dd07b45a33e01bc\"},\"image\":{\"@id\":\"https:\/\/nitu.mx\/index.php\/2018\/10\/03\/pilotos-de-mexicana-acusan-a-conesa-de-mentir-respecto-a-causa-de-la-quiebra\/#primaryimage\"},\"thumbnailUrl\":\"https:\/\/nitu.mx\/wp-content\/uploads\/2018\/10\/Mexicana-de-aviacion.jpg\",\"keywords\":[\"Andr\u00e9s Conesa\",\"ASPA\",\"Mexicana de Aviaci\u00f3n\",\"Rafael Guti\u00e9rrez Barajas\"],\"articleSection\":[\"Aerol\u00edneas\"],\"inLanguage\":\"es-MX\",\"potentialAction\":[{\"@type\":\"CommentAction\",\"name\":\"Comment\",\"target\":[\"https:\/\/nitu.mx\/index.php\/2018\/10\/03\/pilotos-de-mexicana-acusan-a-conesa-de-mentir-respecto-a-causa-de-la-quiebra\/#respond\"]}]},{\"@type\":\"WebPage\",\"@id\":\"https:\/\/nitu.mx\/index.php\/2018\/10\/03\/pilotos-de-mexicana-acusan-a-conesa-de-mentir-respecto-a-causa-de-la-quiebra\/\",\"url\":\"https:\/\/nitu.mx\/index.php\/2018\/10\/03\/pilotos-de-mexicana-acusan-a-conesa-de-mentir-respecto-a-causa-de-la-quiebra\/\",\"name\":\"Pilotos de Mexicana acusan a Conesa de mentir respecto a causa de la quiebra - Nitu - Noticias de la Industria Turistica\",\"isPartOf\":{\"@id\":\"https:\/\/nitu.mx\/#website\"},\"primaryImageOfPage\":{\"@id\":\"https:\/\/nitu.mx\/index.php\/2018\/10\/03\/pilotos-de-mexicana-acusan-a-conesa-de-mentir-respecto-a-causa-de-la-quiebra\/#primaryimage\"},\"image\":{\"@id\":\"https:\/\/nitu.mx\/index.php\/2018\/10\/03\/pilotos-de-mexicana-acusan-a-conesa-de-mentir-respecto-a-causa-de-la-quiebra\/#primaryimage\"},\"thumbnailUrl\":\"https:\/\/nitu.mx\/wp-content\/uploads\/2018\/10\/Mexicana-de-aviacion.jpg\",\"datePublished\":\"2018-10-04T04:44:15+00:00\",\"dateModified\":\"2018-10-04T05:40:18+00:00\",\"description\":\"Andr\u00e9s Conesa afirm\u00f3 que Mexicana de Aviaci\u00f3n quebr\u00f3 a causa del Contrato Colectivo de Trabajo con sus colaboradores, asegur\u00f3 Rafael Guti\u00e9rrez Barajas,\",\"breadcrumb\":{\"@id\":\"https:\/\/nitu.mx\/index.php\/2018\/10\/03\/pilotos-de-mexicana-acusan-a-conesa-de-mentir-respecto-a-causa-de-la-quiebra\/#breadcrumb\"},\"inLanguage\":\"es-MX\",\"potentialAction\":[{\"@type\":\"ReadAction\",\"target\":[\"https:\/\/nitu.mx\/index.php\/2018\/10\/03\/pilotos-de-mexicana-acusan-a-conesa-de-mentir-respecto-a-causa-de-la-quiebra\/\"]}]},{\"@type\":\"ImageObject\",\"inLanguage\":\"es-MX\",\"@id\":\"https:\/\/nitu.mx\/index.php\/2018\/10\/03\/pilotos-de-mexicana-acusan-a-conesa-de-mentir-respecto-a-causa-de-la-quiebra\/#primaryimage\",\"url\":\"https:\/\/nitu.mx\/wp-content\/uploads\/2018\/10\/Mexicana-de-aviacion.jpg\",\"contentUrl\":\"https:\/\/nitu.mx\/wp-content\/uploads\/2018\/10\/Mexicana-de-aviacion.jpg\",\"width\":850,\"height\":480,\"caption\":\"Mexicana de aviacion\"},{\"@type\":\"BreadcrumbList\",\"@id\":\"https:\/\/nitu.mx\/index.php\/2018\/10\/03\/pilotos-de-mexicana-acusan-a-conesa-de-mentir-respecto-a-causa-de-la-quiebra\/#breadcrumb\",\"itemListElement\":[{\"@type\":\"ListItem\",\"position\":1,\"name\":\"Inicio\",\"item\":\"https:\/\/nitu.mx\/\"},{\"@type\":\"ListItem\",\"position\":2,\"name\":\"Pilotos de Mexicana acusan a Conesa de mentir respecto a causa de la quiebra\"}]},{\"@type\":\"WebSite\",\"@id\":\"https:\/\/nitu.mx\/#website\",\"url\":\"https:\/\/nitu.mx\/\",\"name\":\"Nitu - Noticias de la Industria Turistica\",\"description\":\"Noticias de la Industria Turistica\",\"publisher\":{\"@id\":\"https:\/\/nitu.mx\/#\/schema\/person\/ae7a53426417292d3dd07b45a33e01bc\"},\"alternateName\":\"Noticias de la Industria Turistica\",\"potentialAction\":[{\"@type\":\"SearchAction\",\"target\":{\"@type\":\"EntryPoint\",\"urlTemplate\":\"https:\/\/nitu.mx\/?s={search_term_string}\"},\"query-input\":\"required name=search_term_string\"}],\"inLanguage\":\"es-MX\"},{\"@type\":[\"Person\",\"Organization\"],\"@id\":\"https:\/\/nitu.mx\/#\/schema\/person\/ae7a53426417292d3dd07b45a33e01bc\",\"name\":\"Arturo Medina\",\"image\":{\"@type\":\"ImageObject\",\"inLanguage\":\"es-MX\",\"@id\":\"https:\/\/nitu.mx\/#\/schema\/person\/image\/\",\"url\":\"https:\/\/nitu.mx\/wp-content\/uploads\/2024\/04\/4A315622-1904-4D5C-B022-878CDC840E04-90x90-1.jpeg\",\"contentUrl\":\"https:\/\/nitu.mx\/wp-content\/uploads\/2024\/04\/4A315622-1904-4D5C-B022-878CDC840E04-90x90-1.jpeg\",\"width\":90,\"height\":90,\"caption\":\"Arturo Medina\"},\"logo\":{\"@id\":\"https:\/\/nitu.mx\/#\/schema\/person\/image\/\"},\"description\":\"Director NITU.mx, Egresado de la Escuela de Periodismo Carlos Septi\u00e9n Garc\u00eda. Periodista y analista especializado en turismo desde hace 35 a\u00f1os, radicado en Canc\u00fan Q.Roo. arturo@nitu.mx\",\"sameAs\":[\"https:\/\/nitu.mx\",\"https:\/\/www.facebook.com\/NITUmx\/\",\"medinacancun\",\"https:\/\/twitter.com\/@Arturo_Medina_G\"]},{\"@type\":\"Person\",\"@id\":\"https:\/\/nitu.mx\/#\/schema\/person\/afc52e313e27e660739556d421d3d6b4\",\"name\":\"Mari Soto\",\"image\":{\"@type\":\"ImageObject\",\"inLanguage\":\"es-MX\",\"@id\":\"https:\/\/nitu.mx\/#\/schema\/person\/image\/\",\"url\":\"https:\/\/secure.gravatar.com\/avatar\/2619c282a180a20d89fcaea82a6736e2?s=96&d=mm&r=g\",\"contentUrl\":\"https:\/\/secure.gravatar.com\/avatar\/2619c282a180a20d89fcaea82a6736e2?s=96&d=mm&r=g\",\"caption\":\"Mari Soto\"},\"sameAs\":[\"https:\/\/nitu.mx\"],\"url\":\"https:\/\/nitu.mx\/index.php\/author\/guadalupe\/\"}]}<\/script>\n<!-- \/ Yoast SEO plugin. -->","yoast_head_json":{"title":"Pilotos de Mexicana acusan a Conesa de mentir respecto a causa de la quiebra - Nitu - Noticias de la Industria Turistica","description":"Andr\u00e9s Conesa afirm\u00f3 que Mexicana de Aviaci\u00f3n quebr\u00f3 a causa del Contrato Colectivo de Trabajo con sus colaboradores, asegur\u00f3 Rafael Guti\u00e9rrez Barajas,","robots":{"index":"index","follow":"follow","max-snippet":"max-snippet:-1","max-image-preview":"max-image-preview:large","max-video-preview":"max-video-preview:-1"},"canonical":"https:\/\/nitu.mx\/index.php\/2018\/10\/03\/pilotos-de-mexicana-acusan-a-conesa-de-mentir-respecto-a-causa-de-la-quiebra\/","twitter_card":"summary_large_image","twitter_title":"Pilotos de Mexicana acusan a Conesa de mentir respecto a causa de la quiebra - Nitu - Noticias de la Industria Turistica","twitter_description":"Andr\u00e9s Conesa afirm\u00f3 que Mexicana de Aviaci\u00f3n quebr\u00f3 a causa del Contrato Colectivo de Trabajo con sus colaboradores, asegur\u00f3 Rafael Guti\u00e9rrez Barajas,","twitter_image":"https:\/\/nitu.mx\/wp-content\/uploads\/2018\/10\/Mexicana-de-aviacion.jpg","twitter_creator":"@NITUmx","twitter_site":"@Arturo_Medina_G","twitter_misc":{"Escrito por":"Mari Soto","Tiempo de lectura":"1 minuto"},"schema":{"@context":"https:\/\/schema.org","@graph":[{"@type":"Article","@id":"https:\/\/nitu.mx\/index.php\/2018\/10\/03\/pilotos-de-mexicana-acusan-a-conesa-de-mentir-respecto-a-causa-de-la-quiebra\/#article","isPartOf":{"@id":"https:\/\/nitu.mx\/index.php\/2018\/10\/03\/pilotos-de-mexicana-acusan-a-conesa-de-mentir-respecto-a-causa-de-la-quiebra\/"},"author":{"name":"Mari Soto","@id":"https:\/\/nitu.mx\/#\/schema\/person\/afc52e313e27e660739556d421d3d6b4"},"headline":"Pilotos de Mexicana acusan a Conesa de mentir respecto a causa de la quiebra","datePublished":"2018-10-04T04:44:15+00:00","dateModified":"2018-10-04T05:40:18+00:00","mainEntityOfPage":{"@id":"https:\/\/nitu.mx\/index.php\/2018\/10\/03\/pilotos-de-mexicana-acusan-a-conesa-de-mentir-respecto-a-causa-de-la-quiebra\/"},"wordCount":276,"commentCount":0,"publisher":{"@id":"https:\/\/nitu.mx\/#\/schema\/person\/ae7a53426417292d3dd07b45a33e01bc"},"image":{"@id":"https:\/\/nitu.mx\/index.php\/2018\/10\/03\/pilotos-de-mexicana-acusan-a-conesa-de-mentir-respecto-a-causa-de-la-quiebra\/#primaryimage"},"thumbnailUrl":"https:\/\/nitu.mx\/wp-content\/uploads\/2018\/10\/Mexicana-de-aviacion.jpg","keywords":["Andr\u00e9s Conesa","ASPA","Mexicana de Aviaci\u00f3n","Rafael Guti\u00e9rrez Barajas"],"articleSection":["Aerol\u00edneas"],"inLanguage":"es-MX","potentialAction":[{"@type":"CommentAction","name":"Comment","target":["https:\/\/nitu.mx\/index.php\/2018\/10\/03\/pilotos-de-mexicana-acusan-a-conesa-de-mentir-respecto-a-causa-de-la-quiebra\/#respond"]}]},{"@type":"WebPage","@id":"https:\/\/nitu.mx\/index.php\/2018\/10\/03\/pilotos-de-mexicana-acusan-a-conesa-de-mentir-respecto-a-causa-de-la-quiebra\/","url":"https:\/\/nitu.mx\/index.php\/2018\/10\/03\/pilotos-de-mexicana-acusan-a-conesa-de-mentir-respecto-a-causa-de-la-quiebra\/","name":"Pilotos de Mexicana acusan a Conesa de mentir respecto a causa de la quiebra - Nitu - Noticias de la Industria Turistica","isPartOf":{"@id":"https:\/\/nitu.mx\/#website"},"primaryImageOfPage":{"@id":"https:\/\/nitu.mx\/index.php\/2018\/10\/03\/pilotos-de-mexicana-acusan-a-conesa-de-mentir-respecto-a-causa-de-la-quiebra\/#primaryimage"},"image":{"@id":"https:\/\/nitu.mx\/index.php\/2018\/10\/03\/pilotos-de-mexicana-acusan-a-conesa-de-mentir-respecto-a-causa-de-la-quiebra\/#primaryimage"},"thumbnailUrl":"https:\/\/nitu.mx\/wp-content\/uploads\/2018\/10\/Mexicana-de-aviacion.jpg","datePublished":"2018-10-04T04:44:15+00:00","dateModified":"2018-10-04T05:40:18+00:00","description":"Andr\u00e9s Conesa afirm\u00f3 que Mexicana de Aviaci\u00f3n quebr\u00f3 a causa del Contrato Colectivo de Trabajo con sus colaboradores, asegur\u00f3 Rafael Guti\u00e9rrez Barajas,","breadcrumb":{"@id":"https:\/\/nitu.mx\/index.php\/2018\/10\/03\/pilotos-de-mexicana-acusan-a-conesa-de-mentir-respecto-a-causa-de-la-quiebra\/#breadcrumb"},"inLanguage":"es-MX","potentialAction":[{"@type":"ReadAction","target":["https:\/\/nitu.mx\/index.php\/2018\/10\/03\/pilotos-de-mexicana-acusan-a-conesa-de-mentir-respecto-a-causa-de-la-quiebra\/"]}]},{"@type":"ImageObject","inLanguage":"es-MX","@id":"https:\/\/nitu.mx\/index.php\/2018\/10\/03\/pilotos-de-mexicana-acusan-a-conesa-de-mentir-respecto-a-causa-de-la-quiebra\/#primaryimage","url":"https:\/\/nitu.mx\/wp-content\/uploads\/2018\/10\/Mexicana-de-aviacion.jpg","contentUrl":"https:\/\/nitu.mx\/wp-content\/uploads\/2018\/10\/Mexicana-de-aviacion.jpg","width":850,"height":480,"caption":"Mexicana de aviacion"},{"@type":"BreadcrumbList","@id":"https:\/\/nitu.mx\/index.php\/2018\/10\/03\/pilotos-de-mexicana-acusan-a-conesa-de-mentir-respecto-a-causa-de-la-quiebra\/#breadcrumb","itemListElement":[{"@type":"ListItem","position":1,"name":"Inicio","item":"https:\/\/nitu.mx\/"},{"@type":"ListItem","position":2,"name":"Pilotos de Mexicana acusan a Conesa de mentir respecto a causa de la quiebra"}]},{"@type":"WebSite","@id":"https:\/\/nitu.mx\/#website","url":"https:\/\/nitu.mx\/","name":"Nitu - Noticias de la Industria Turistica","description":"Noticias de la Industria Turistica","publisher":{"@id":"https:\/\/nitu.mx\/#\/schema\/person\/ae7a53426417292d3dd07b45a33e01bc"},"alternateName":"Noticias de la Industria Turistica","potentialAction":[{"@type":"SearchAction","target":{"@type":"EntryPoint","urlTemplate":"https:\/\/nitu.mx\/?s={search_term_string}"},"query-input":"required name=search_term_string"}],"inLanguage":"es-MX"},{"@type":["Person","Organization"],"@id":"https:\/\/nitu.mx\/#\/schema\/person\/ae7a53426417292d3dd07b45a33e01bc","name":"Arturo Medina","image":{"@type":"ImageObject","inLanguage":"es-MX","@id":"https:\/\/nitu.mx\/#\/schema\/person\/image\/","url":"https:\/\/nitu.mx\/wp-content\/uploads\/2024\/04\/4A315622-1904-4D5C-B022-878CDC840E04-90x90-1.jpeg","contentUrl":"https:\/\/nitu.mx\/wp-content\/uploads\/2024\/04\/4A315622-1904-4D5C-B022-878CDC840E04-90x90-1.jpeg","width":90,"height":90,"caption":"Arturo Medina"},"logo":{"@id":"https:\/\/nitu.mx\/#\/schema\/person\/image\/"},"description":"Director NITU.mx, Egresado de la Escuela de Periodismo Carlos Septi\u00e9n Garc\u00eda. Periodista y analista especializado en turismo desde hace 35 a\u00f1os, radicado en Canc\u00fan Q.Roo. arturo@nitu.mx","sameAs":["https:\/\/nitu.mx","https:\/\/www.facebook.com\/NITUmx\/","medinacancun","https:\/\/twitter.com\/@Arturo_Medina_G"]},{"@type":"Person","@id":"https:\/\/nitu.mx\/#\/schema\/person\/afc52e313e27e660739556d421d3d6b4","name":"Mari Soto","image":{"@type":"ImageObject","inLanguage":"es-MX","@id":"https:\/\/nitu.mx\/#\/schema\/person\/image\/","url":"https:\/\/secure.gravatar.com\/avatar\/2619c282a180a20d89fcaea82a6736e2?s=96&d=mm&r=g","contentUrl":"https:\/\/secure.gravatar.com\/avatar\/2619c282a180a20d89fcaea82a6736e2?s=96&d=mm&r=g","caption":"Mari Soto"},"sameAs":["https:\/\/nitu.mx"],"url":"https:\/\/nitu.mx\/index.php\/author\/guadalupe\/"}]}},"views":742,"_links":{"self":[{"href":"https:\/\/nitu.mx\/index.php\/wp-json\/wp\/v2\/posts\/25155"}],"collection":[{"href":"https:\/\/nitu.mx\/index.php\/wp-json\/wp\/v2\/posts"}],"about":[{"href":"https:\/\/nitu.mx\/index.php\/wp-json\/wp\/v2\/types\/post"}],"author":[{"embeddable":true,"href":"https:\/\/nitu.mx\/index.php\/wp-json\/wp\/v2\/users\/5"}],"replies":[{"embeddable":true,"href":"https:\/\/nitu.mx\/index.php\/wp-json\/wp\/v2\/comments?post=25155"}],"version-history":[{"count":2,"href":"https:\/\/nitu.mx\/index.php\/wp-json\/wp\/v2\/posts\/25155\/revisions"}],"predecessor-version":[{"id":25162,"href":"https:\/\/nitu.mx\/index.php\/wp-json\/wp\/v2\/posts\/25155\/revisions\/25162"}],"wp:featuredmedia":[{"embeddable":true,"href":"https:\/\/nitu.mx\/index.php\/wp-json\/wp\/v2\/media\/25160"}],"wp:attachment":[{"href":"https:\/\/nitu.mx\/index.php\/wp-json\/wp\/v2\/media?parent=25155"}],"wp:term":[{"taxonomy":"category","embeddable":true,"href":"https:\/\/nitu.mx\/index.php\/wp-json\/wp\/v2\/categories?post=25155"},{"taxonomy":"post_tag","embeddable":true,"href":"https:\/\/nitu.mx\/index.php\/wp-json\/wp\/v2\/tags?post=25155"}],"curies":[{"name":"wp","href":"https:\/\/api.w.org\/{rel}","templated":true}]}}