{"id":24966,"date":"2018-09-28T00:16:51","date_gmt":"2018-09-28T05:16:51","guid":{"rendered":"https:\/\/www.dev.nitu.mx\/?p=24966"},"modified":"2018-09-28T01:03:00","modified_gmt":"2018-09-28T06:03:00","slug":"best-day-presenta-tendencias-de-viajes-de-los-mexicanos-en-sus-vacaciones-de-fin-de-ano","status":"publish","type":"post","link":"https:\/\/nitu.mx\/index.php\/2018\/09\/28\/best-day-presenta-tendencias-de-viajes-de-los-mexicanos-en-sus-vacaciones-de-fin-de-ano\/","title":{"rendered":"Best Day presenta tendencias de viajes de los mexicanos en sus vacaciones de fin de a\u00f1o"},"content":{"rendered":"<p>Best Day Travel Group, la agencia de viajes receptiva y online l\u00edder en Latinoam\u00e9rica, con seis marcas especializadas en modelos de negocios enfocados al sector de viajes y turismo, comparte su Business Intelligence Report, con interesantes datos relacionados con las tendencias de viaje para fin de a\u00f1o del mercado de turistas mexicanos.<\/p>\n<p>Este reporte, emitido mensualmente en formato de infograf\u00eda, es generado por la Direcci\u00f3n de Business Intelligence de Best Day Travel Group, el cual forma parte de sus acciones estrat\u00e9gicas para el manejo y an\u00e1lisis de datos relativos a la experiencia de viajar.<\/p>\n<p>Destinos internacionales preferidos en fin de a\u00f1o:<\/p>\n<ul>\n<li>R\u00edo de Janeiro<\/li>\n<li>La Habana<\/li>\n<li>Punta Cana<\/li>\n<li>Buenos Aires<\/li>\n<li>Salvador (Brasil)<\/li>\n<\/ul>\n<p>Destinos nacionales preferidos en fin de a\u00f1o:<\/p>\n<ol>\n<li>Canc\u00fan<\/li>\n<li>Puerto Vallarta<\/li>\n<li>Acapulco<\/li>\n<li>Mazatl\u00e1n<\/li>\n<li>M\u00e9rida<\/li>\n<\/ol>\n<p>Medios de transporte m\u00e1s utilizados:<\/p>\n<ol>\n<li>47 por ciento por avi\u00f3n<\/li>\n<li>53 por ciento en otros<\/li>\n<\/ol>\n<p>Tipo de turismo que los viajeros prefieren:<\/p>\n<ol>\n<li>57 por ciento: Turismo de playa<\/li>\n<li>25 por ciento: Turismo cultural<\/li>\n<li>13 por ciento: Turismo de naturaleza<\/li>\n<li>4 por ciento: Turismo activo<\/li>\n<li>1 por ciento : Turismo de negocios<\/li>\n<\/ol>\n<p>Paralelamente, nuestra investigaci\u00f3n refleja importantes datos:<\/p>\n<ul>\n<li>10 por ciento de los consumidores frecuentan destinos internacionales<\/li>\n<li>88 por ciento destinos nacionales<\/li>\n<li>66 por ciento afirman salir de viaje en fin de a\u00f1o<\/li>\n<li>97 por ciento de los turistas en fin de a\u00f1o viajan con la familia<\/li>\n<\/ul>\n","protected":false},"excerpt":{"rendered":"<p>Best Day Travel Group, la agencia de viajes receptiva y online l\u00edder en Latinoam\u00e9rica, con seis marcas especializadas en modelos de negocios enfocados al sector de viajes y turismo, comparte su Business Intelligence Report, con interesantes datos relacionados con las tendencias de viaje para fin de a\u00f1o del mercado de turistas mexicanos. Este reporte, emitido [&hellip;]<\/p>\n","protected":false},"author":17,"featured_media":15760,"comment_status":"open","ping_status":"open","sticky":false,"template":"","format":"standard","meta":{"footnotes":""},"categories":[3,5],"tags":[66,2295,43,69,260,421,4236],"yoast_head":"<!-- This site is optimized with the Yoast SEO plugin v22.2 - https:\/\/yoast.com\/wordpress\/plugins\/seo\/ -->\n<title>Best Day presenta tendencias de viajes de los mexicanos en sus vacaciones de fin de a\u00f1o - Nitu - Noticias de la Industria Turistica<\/title>\n<meta name=\"description\" content=\"Best Day Travel Group comparte su Business Intelligence Report, con las tendencias de viaje para fin de a\u00f1o del mercado de turistas mexicanos.\" \/>\n<meta name=\"robots\" content=\"index, follow, max-snippet:-1, max-image-preview:large, max-video-preview:-1\" \/>\n<link rel=\"canonical\" href=\"https:\/\/nitu.mx\/index.php\/2018\/09\/28\/best-day-presenta-tendencias-de-viajes-de-los-mexicanos-en-sus-vacaciones-de-fin-de-ano\/\" \/>\n<meta name=\"twitter:card\" content=\"summary_large_image\" \/>\n<meta name=\"twitter:title\" content=\"Best Day presenta tendencias de viajes de los mexicanos en sus vacaciones de fin de a\u00f1o - Nitu - Noticias de la Industria Turistica\" \/>\n<meta name=\"twitter:description\" content=\"Best Day Travel Group comparte su Business Intelligence Report, con las tendencias de viaje para fin de a\u00f1o del mercado de turistas mexicanos.\" \/>\n<meta name=\"twitter:image\" content=\"https:\/\/nitu.mx\/wp-content\/uploads\/2017\/12\/rentas-vacacionales-playa-del-carmen-bestday.jpg\" \/>\n<meta name=\"twitter:creator\" content=\"@NITUmx\" \/>\n<meta name=\"twitter:site\" content=\"@Arturo_Medina_G\" \/>\n<meta name=\"twitter:label1\" content=\"Escrito por\" \/>\n\t<meta name=\"twitter:data1\" content=\"Redacci\u00f3n\" \/>\n\t<meta name=\"twitter:label2\" content=\"Tiempo de lectura\" \/>\n\t<meta name=\"twitter:data2\" content=\"1 minuto\" \/>\n<script type=\"application\/ld+json\" class=\"yoast-schema-graph\">{\"@context\":\"https:\/\/schema.org\",\"@graph\":[{\"@type\":\"Article\",\"@id\":\"https:\/\/nitu.mx\/index.php\/2018\/09\/28\/best-day-presenta-tendencias-de-viajes-de-los-mexicanos-en-sus-vacaciones-de-fin-de-ano\/#article\",\"isPartOf\":{\"@id\":\"https:\/\/nitu.mx\/index.php\/2018\/09\/28\/best-day-presenta-tendencias-de-viajes-de-los-mexicanos-en-sus-vacaciones-de-fin-de-ano\/\"},\"author\":{\"name\":\"Redacci\u00f3n\",\"@id\":\"https:\/\/nitu.mx\/#\/schema\/person\/4a28fe9bd65924f7c90623773daf1b0b\"},\"headline\":\"Best Day presenta tendencias de viajes de los mexicanos en sus vacaciones de fin de a\u00f1o\",\"datePublished\":\"2018-09-28T05:16:51+00:00\",\"dateModified\":\"2018-09-28T06:03:00+00:00\",\"mainEntityOfPage\":{\"@id\":\"https:\/\/nitu.mx\/index.php\/2018\/09\/28\/best-day-presenta-tendencias-de-viajes-de-los-mexicanos-en-sus-vacaciones-de-fin-de-ano\/\"},\"wordCount\":244,\"commentCount\":0,\"publisher\":{\"@id\":\"https:\/\/nitu.mx\/#\/schema\/person\/ae7a53426417292d3dd07b45a33e01bc\"},\"image\":{\"@id\":\"https:\/\/nitu.mx\/index.php\/2018\/09\/28\/best-day-presenta-tendencias-de-viajes-de-los-mexicanos-en-sus-vacaciones-de-fin-de-ano\/#primaryimage\"},\"thumbnailUrl\":\"https:\/\/nitu.mx\/wp-content\/uploads\/2017\/12\/rentas-vacacionales-playa-del-carmen-bestday.jpg\",\"keywords\":[\"Best Day Travel Group\",\"Business Intelligence Report\",\"Canc\u00fan\",\"Latinoam\u00e9rica\",\"Quintana Roo\",\"turismo\",\"turistas mexicanos\"],\"articleSection\":[\"Agencias de Viajes\",\"Destinos\"],\"inLanguage\":\"es-MX\",\"potentialAction\":[{\"@type\":\"CommentAction\",\"name\":\"Comment\",\"target\":[\"https:\/\/nitu.mx\/index.php\/2018\/09\/28\/best-day-presenta-tendencias-de-viajes-de-los-mexicanos-en-sus-vacaciones-de-fin-de-ano\/#respond\"]}]},{\"@type\":\"WebPage\",\"@id\":\"https:\/\/nitu.mx\/index.php\/2018\/09\/28\/best-day-presenta-tendencias-de-viajes-de-los-mexicanos-en-sus-vacaciones-de-fin-de-ano\/\",\"url\":\"https:\/\/nitu.mx\/index.php\/2018\/09\/28\/best-day-presenta-tendencias-de-viajes-de-los-mexicanos-en-sus-vacaciones-de-fin-de-ano\/\",\"name\":\"Best Day presenta tendencias de viajes de los mexicanos en sus vacaciones de fin de a\u00f1o - Nitu - Noticias de la Industria Turistica\",\"isPartOf\":{\"@id\":\"https:\/\/nitu.mx\/#website\"},\"primaryImageOfPage\":{\"@id\":\"https:\/\/nitu.mx\/index.php\/2018\/09\/28\/best-day-presenta-tendencias-de-viajes-de-los-mexicanos-en-sus-vacaciones-de-fin-de-ano\/#primaryimage\"},\"image\":{\"@id\":\"https:\/\/nitu.mx\/index.php\/2018\/09\/28\/best-day-presenta-tendencias-de-viajes-de-los-mexicanos-en-sus-vacaciones-de-fin-de-ano\/#primaryimage\"},\"thumbnailUrl\":\"https:\/\/nitu.mx\/wp-content\/uploads\/2017\/12\/rentas-vacacionales-playa-del-carmen-bestday.jpg\",\"datePublished\":\"2018-09-28T05:16:51+00:00\",\"dateModified\":\"2018-09-28T06:03:00+00:00\",\"description\":\"Best Day Travel Group comparte su Business Intelligence Report, con las tendencias de viaje para fin de a\u00f1o del mercado de turistas mexicanos.\",\"breadcrumb\":{\"@id\":\"https:\/\/nitu.mx\/index.php\/2018\/09\/28\/best-day-presenta-tendencias-de-viajes-de-los-mexicanos-en-sus-vacaciones-de-fin-de-ano\/#breadcrumb\"},\"inLanguage\":\"es-MX\",\"potentialAction\":[{\"@type\":\"ReadAction\",\"target\":[\"https:\/\/nitu.mx\/index.php\/2018\/09\/28\/best-day-presenta-tendencias-de-viajes-de-los-mexicanos-en-sus-vacaciones-de-fin-de-ano\/\"]}]},{\"@type\":\"ImageObject\",\"inLanguage\":\"es-MX\",\"@id\":\"https:\/\/nitu.mx\/index.php\/2018\/09\/28\/best-day-presenta-tendencias-de-viajes-de-los-mexicanos-en-sus-vacaciones-de-fin-de-ano\/#primaryimage\",\"url\":\"https:\/\/nitu.mx\/wp-content\/uploads\/2017\/12\/rentas-vacacionales-playa-del-carmen-bestday.jpg\",\"contentUrl\":\"https:\/\/nitu.mx\/wp-content\/uploads\/2017\/12\/rentas-vacacionales-playa-del-carmen-bestday.jpg\",\"width\":850,\"height\":480,\"caption\":\"bestday\"},{\"@type\":\"BreadcrumbList\",\"@id\":\"https:\/\/nitu.mx\/index.php\/2018\/09\/28\/best-day-presenta-tendencias-de-viajes-de-los-mexicanos-en-sus-vacaciones-de-fin-de-ano\/#breadcrumb\",\"itemListElement\":[{\"@type\":\"ListItem\",\"position\":1,\"name\":\"Inicio\",\"item\":\"https:\/\/nitu.mx\/\"},{\"@type\":\"ListItem\",\"position\":2,\"name\":\"Best Day presenta tendencias de viajes de los mexicanos en sus vacaciones de fin de a\u00f1o\"}]},{\"@type\":\"WebSite\",\"@id\":\"https:\/\/nitu.mx\/#website\",\"url\":\"https:\/\/nitu.mx\/\",\"name\":\"Nitu - Noticias de la Industria Turistica\",\"description\":\"Noticias de la Industria Turistica\",\"publisher\":{\"@id\":\"https:\/\/nitu.mx\/#\/schema\/person\/ae7a53426417292d3dd07b45a33e01bc\"},\"alternateName\":\"Noticias de la Industria Turistica\",\"potentialAction\":[{\"@type\":\"SearchAction\",\"target\":{\"@type\":\"EntryPoint\",\"urlTemplate\":\"https:\/\/nitu.mx\/?s={search_term_string}\"},\"query-input\":\"required name=search_term_string\"}],\"inLanguage\":\"es-MX\"},{\"@type\":[\"Person\",\"Organization\"],\"@id\":\"https:\/\/nitu.mx\/#\/schema\/person\/ae7a53426417292d3dd07b45a33e01bc\",\"name\":\"Arturo Medina\",\"image\":{\"@type\":\"ImageObject\",\"inLanguage\":\"es-MX\",\"@id\":\"https:\/\/nitu.mx\/#\/schema\/person\/image\/\",\"url\":\"https:\/\/nitu.mx\/wp-content\/uploads\/2024\/04\/4A315622-1904-4D5C-B022-878CDC840E04-90x90-1.jpeg\",\"contentUrl\":\"https:\/\/nitu.mx\/wp-content\/uploads\/2024\/04\/4A315622-1904-4D5C-B022-878CDC840E04-90x90-1.jpeg\",\"width\":90,\"height\":90,\"caption\":\"Arturo Medina\"},\"logo\":{\"@id\":\"https:\/\/nitu.mx\/#\/schema\/person\/image\/\"},\"description\":\"Director NITU.mx, Egresado de la Escuela de Periodismo Carlos Septi\u00e9n Garc\u00eda. Periodista y analista especializado en turismo desde hace 35 a\u00f1os, radicado en Canc\u00fan Q.Roo. arturo@nitu.mx\",\"sameAs\":[\"https:\/\/nitu.mx\",\"https:\/\/www.facebook.com\/NITUmx\/\",\"medinacancun\",\"https:\/\/twitter.com\/@Arturo_Medina_G\"]},{\"@type\":\"Person\",\"@id\":\"https:\/\/nitu.mx\/#\/schema\/person\/4a28fe9bd65924f7c90623773daf1b0b\",\"name\":\"Redacci\u00f3n\",\"image\":{\"@type\":\"ImageObject\",\"inLanguage\":\"es-MX\",\"@id\":\"https:\/\/nitu.mx\/#\/schema\/person\/image\/\",\"url\":\"https:\/\/secure.gravatar.com\/avatar\/5dd011c8ccfc5cd7e4c81e42252aab38?s=96&d=mm&r=g\",\"contentUrl\":\"https:\/\/secure.gravatar.com\/avatar\/5dd011c8ccfc5cd7e4c81e42252aab38?s=96&d=mm&r=g\",\"caption\":\"Redacci\u00f3n\"},\"url\":\"https:\/\/nitu.mx\/index.php\/author\/redaccion\/\"}]}<\/script>\n<!-- \/ Yoast SEO plugin. -->","yoast_head_json":{"title":"Best Day presenta tendencias de viajes de los mexicanos en sus vacaciones de fin de a\u00f1o - Nitu - Noticias de la Industria Turistica","description":"Best Day Travel Group comparte su Business Intelligence Report, con las tendencias de viaje para fin de a\u00f1o del mercado de turistas mexicanos.","robots":{"index":"index","follow":"follow","max-snippet":"max-snippet:-1","max-image-preview":"max-image-preview:large","max-video-preview":"max-video-preview:-1"},"canonical":"https:\/\/nitu.mx\/index.php\/2018\/09\/28\/best-day-presenta-tendencias-de-viajes-de-los-mexicanos-en-sus-vacaciones-de-fin-de-ano\/","twitter_card":"summary_large_image","twitter_title":"Best Day presenta tendencias de viajes de los mexicanos en sus vacaciones de fin de a\u00f1o - Nitu - Noticias de la Industria Turistica","twitter_description":"Best Day Travel Group comparte su Business Intelligence Report, con las tendencias de viaje para fin de a\u00f1o del mercado de turistas mexicanos.","twitter_image":"https:\/\/nitu.mx\/wp-content\/uploads\/2017\/12\/rentas-vacacionales-playa-del-carmen-bestday.jpg","twitter_creator":"@NITUmx","twitter_site":"@Arturo_Medina_G","twitter_misc":{"Escrito por":"Redacci\u00f3n","Tiempo de lectura":"1 minuto"},"schema":{"@context":"https:\/\/schema.org","@graph":[{"@type":"Article","@id":"https:\/\/nitu.mx\/index.php\/2018\/09\/28\/best-day-presenta-tendencias-de-viajes-de-los-mexicanos-en-sus-vacaciones-de-fin-de-ano\/#article","isPartOf":{"@id":"https:\/\/nitu.mx\/index.php\/2018\/09\/28\/best-day-presenta-tendencias-de-viajes-de-los-mexicanos-en-sus-vacaciones-de-fin-de-ano\/"},"author":{"name":"Redacci\u00f3n","@id":"https:\/\/nitu.mx\/#\/schema\/person\/4a28fe9bd65924f7c90623773daf1b0b"},"headline":"Best Day presenta tendencias de viajes de los mexicanos en sus vacaciones de fin de a\u00f1o","datePublished":"2018-09-28T05:16:51+00:00","dateModified":"2018-09-28T06:03:00+00:00","mainEntityOfPage":{"@id":"https:\/\/nitu.mx\/index.php\/2018\/09\/28\/best-day-presenta-tendencias-de-viajes-de-los-mexicanos-en-sus-vacaciones-de-fin-de-ano\/"},"wordCount":244,"commentCount":0,"publisher":{"@id":"https:\/\/nitu.mx\/#\/schema\/person\/ae7a53426417292d3dd07b45a33e01bc"},"image":{"@id":"https:\/\/nitu.mx\/index.php\/2018\/09\/28\/best-day-presenta-tendencias-de-viajes-de-los-mexicanos-en-sus-vacaciones-de-fin-de-ano\/#primaryimage"},"thumbnailUrl":"https:\/\/nitu.mx\/wp-content\/uploads\/2017\/12\/rentas-vacacionales-playa-del-carmen-bestday.jpg","keywords":["Best Day Travel Group","Business Intelligence Report","Canc\u00fan","Latinoam\u00e9rica","Quintana Roo","turismo","turistas mexicanos"],"articleSection":["Agencias de Viajes","Destinos"],"inLanguage":"es-MX","potentialAction":[{"@type":"CommentAction","name":"Comment","target":["https:\/\/nitu.mx\/index.php\/2018\/09\/28\/best-day-presenta-tendencias-de-viajes-de-los-mexicanos-en-sus-vacaciones-de-fin-de-ano\/#respond"]}]},{"@type":"WebPage","@id":"https:\/\/nitu.mx\/index.php\/2018\/09\/28\/best-day-presenta-tendencias-de-viajes-de-los-mexicanos-en-sus-vacaciones-de-fin-de-ano\/","url":"https:\/\/nitu.mx\/index.php\/2018\/09\/28\/best-day-presenta-tendencias-de-viajes-de-los-mexicanos-en-sus-vacaciones-de-fin-de-ano\/","name":"Best Day presenta tendencias de viajes de los mexicanos en sus vacaciones de fin de a\u00f1o - Nitu - Noticias de la Industria Turistica","isPartOf":{"@id":"https:\/\/nitu.mx\/#website"},"primaryImageOfPage":{"@id":"https:\/\/nitu.mx\/index.php\/2018\/09\/28\/best-day-presenta-tendencias-de-viajes-de-los-mexicanos-en-sus-vacaciones-de-fin-de-ano\/#primaryimage"},"image":{"@id":"https:\/\/nitu.mx\/index.php\/2018\/09\/28\/best-day-presenta-tendencias-de-viajes-de-los-mexicanos-en-sus-vacaciones-de-fin-de-ano\/#primaryimage"},"thumbnailUrl":"https:\/\/nitu.mx\/wp-content\/uploads\/2017\/12\/rentas-vacacionales-playa-del-carmen-bestday.jpg","datePublished":"2018-09-28T05:16:51+00:00","dateModified":"2018-09-28T06:03:00+00:00","description":"Best Day Travel Group comparte su Business Intelligence Report, con las tendencias de viaje para fin de a\u00f1o del mercado de turistas mexicanos.","breadcrumb":{"@id":"https:\/\/nitu.mx\/index.php\/2018\/09\/28\/best-day-presenta-tendencias-de-viajes-de-los-mexicanos-en-sus-vacaciones-de-fin-de-ano\/#breadcrumb"},"inLanguage":"es-MX","potentialAction":[{"@type":"ReadAction","target":["https:\/\/nitu.mx\/index.php\/2018\/09\/28\/best-day-presenta-tendencias-de-viajes-de-los-mexicanos-en-sus-vacaciones-de-fin-de-ano\/"]}]},{"@type":"ImageObject","inLanguage":"es-MX","@id":"https:\/\/nitu.mx\/index.php\/2018\/09\/28\/best-day-presenta-tendencias-de-viajes-de-los-mexicanos-en-sus-vacaciones-de-fin-de-ano\/#primaryimage","url":"https:\/\/nitu.mx\/wp-content\/uploads\/2017\/12\/rentas-vacacionales-playa-del-carmen-bestday.jpg","contentUrl":"https:\/\/nitu.mx\/wp-content\/uploads\/2017\/12\/rentas-vacacionales-playa-del-carmen-bestday.jpg","width":850,"height":480,"caption":"bestday"},{"@type":"BreadcrumbList","@id":"https:\/\/nitu.mx\/index.php\/2018\/09\/28\/best-day-presenta-tendencias-de-viajes-de-los-mexicanos-en-sus-vacaciones-de-fin-de-ano\/#breadcrumb","itemListElement":[{"@type":"ListItem","position":1,"name":"Inicio","item":"https:\/\/nitu.mx\/"},{"@type":"ListItem","position":2,"name":"Best Day presenta tendencias de viajes de los mexicanos en sus vacaciones de fin de a\u00f1o"}]},{"@type":"WebSite","@id":"https:\/\/nitu.mx\/#website","url":"https:\/\/nitu.mx\/","name":"Nitu - Noticias de la Industria Turistica","description":"Noticias de la Industria Turistica","publisher":{"@id":"https:\/\/nitu.mx\/#\/schema\/person\/ae7a53426417292d3dd07b45a33e01bc"},"alternateName":"Noticias de la Industria Turistica","potentialAction":[{"@type":"SearchAction","target":{"@type":"EntryPoint","urlTemplate":"https:\/\/nitu.mx\/?s={search_term_string}"},"query-input":"required name=search_term_string"}],"inLanguage":"es-MX"},{"@type":["Person","Organization"],"@id":"https:\/\/nitu.mx\/#\/schema\/person\/ae7a53426417292d3dd07b45a33e01bc","name":"Arturo Medina","image":{"@type":"ImageObject","inLanguage":"es-MX","@id":"https:\/\/nitu.mx\/#\/schema\/person\/image\/","url":"https:\/\/nitu.mx\/wp-content\/uploads\/2024\/04\/4A315622-1904-4D5C-B022-878CDC840E04-90x90-1.jpeg","contentUrl":"https:\/\/nitu.mx\/wp-content\/uploads\/2024\/04\/4A315622-1904-4D5C-B022-878CDC840E04-90x90-1.jpeg","width":90,"height":90,"caption":"Arturo Medina"},"logo":{"@id":"https:\/\/nitu.mx\/#\/schema\/person\/image\/"},"description":"Director NITU.mx, Egresado de la Escuela de Periodismo Carlos Septi\u00e9n Garc\u00eda. Periodista y analista especializado en turismo desde hace 35 a\u00f1os, radicado en Canc\u00fan Q.Roo. arturo@nitu.mx","sameAs":["https:\/\/nitu.mx","https:\/\/www.facebook.com\/NITUmx\/","medinacancun","https:\/\/twitter.com\/@Arturo_Medina_G"]},{"@type":"Person","@id":"https:\/\/nitu.mx\/#\/schema\/person\/4a28fe9bd65924f7c90623773daf1b0b","name":"Redacci\u00f3n","image":{"@type":"ImageObject","inLanguage":"es-MX","@id":"https:\/\/nitu.mx\/#\/schema\/person\/image\/","url":"https:\/\/secure.gravatar.com\/avatar\/5dd011c8ccfc5cd7e4c81e42252aab38?s=96&d=mm&r=g","contentUrl":"https:\/\/secure.gravatar.com\/avatar\/5dd011c8ccfc5cd7e4c81e42252aab38?s=96&d=mm&r=g","caption":"Redacci\u00f3n"},"url":"https:\/\/nitu.mx\/index.php\/author\/redaccion\/"}]}},"views":400,"_links":{"self":[{"href":"https:\/\/nitu.mx\/index.php\/wp-json\/wp\/v2\/posts\/24966"}],"collection":[{"href":"https:\/\/nitu.mx\/index.php\/wp-json\/wp\/v2\/posts"}],"about":[{"href":"https:\/\/nitu.mx\/index.php\/wp-json\/wp\/v2\/types\/post"}],"author":[{"embeddable":true,"href":"https:\/\/nitu.mx\/index.php\/wp-json\/wp\/v2\/users\/17"}],"replies":[{"embeddable":true,"href":"https:\/\/nitu.mx\/index.php\/wp-json\/wp\/v2\/comments?post=24966"}],"version-history":[{"count":4,"href":"https:\/\/nitu.mx\/index.php\/wp-json\/wp\/v2\/posts\/24966\/revisions"}],"predecessor-version":[{"id":24991,"href":"https:\/\/nitu.mx\/index.php\/wp-json\/wp\/v2\/posts\/24966\/revisions\/24991"}],"wp:featuredmedia":[{"embeddable":true,"href":"https:\/\/nitu.mx\/index.php\/wp-json\/wp\/v2\/media\/15760"}],"wp:attachment":[{"href":"https:\/\/nitu.mx\/index.php\/wp-json\/wp\/v2\/media?parent=24966"}],"wp:term":[{"taxonomy":"category","embeddable":true,"href":"https:\/\/nitu.mx\/index.php\/wp-json\/wp\/v2\/categories?post=24966"},{"taxonomy":"post_tag","embeddable":true,"href":"https:\/\/nitu.mx\/index.php\/wp-json\/wp\/v2\/tags?post=24966"}],"curies":[{"name":"wp","href":"https:\/\/api.w.org\/{rel}","templated":true}]}}