{"id":24931,"date":"2018-09-27T00:04:36","date_gmt":"2018-09-27T05:04:36","guid":{"rendered":"https:\/\/www.dev.nitu.mx\/?p=24931"},"modified":"2018-09-27T00:27:41","modified_gmt":"2018-09-27T05:27:41","slug":"confian-pilotos-que-se-resuelva-conflicto-con-aeromexico-antes-de-llegar-a-huelga","status":"publish","type":"post","link":"https:\/\/nitu.mx\/index.php\/2018\/09\/27\/confian-pilotos-que-se-resuelva-conflicto-con-aeromexico-antes-de-llegar-a-huelga\/","title":{"rendered":"Conf\u00edan pilotos que se resuelva conflicto con Aerom\u00e9xico antes de llegar a huelga"},"content":{"rendered":"<p>A cinco d\u00edas de que se venza el plazo para la revisi\u00f3n del Contrato Colectivo de Trabajo de la Asociaci\u00f3n Sindical de Pilotos Aviadores de M\u00e9xico (ASPA) con Aerom\u00e9xico, el organismo conf\u00eda que se resuelva el conflicto y no se vean afectadas las operaciones.<\/p>\n<p>Para este mi\u00e9rcoles se tiene programada una reuni\u00f3n entre los representantes de ASPA y la aerol\u00ednea, ante las autoridades laborales del pa\u00eds, en donde se prev\u00e9 definir y eventualmente acordar las cl\u00e1usulas y condiciones de la revisi\u00f3n salarial y contractual 2018-2020.<\/p>\n<p>La asociaci\u00f3n que encabeza Rafael D\u00edaz Covarrubias mantiene su disposici\u00f3n a la negociaci\u00f3n y de promover de manera permanente el sano desarrollo de la industria aeron\u00e1utica nacional a partir de la defensa de los derechos laborales y el impulso natural a la b\u00fasqueda del crecimiento de sus trabajadores. (<a title=\"Aprueba ASPA a su comit\u00e9 a emplazar a huelga a Aerom\u00e9xico\" href=\"https:\/\/www.dev.nitu.mx\/index.php\/2018\/09\/11\/aprueba-aspa-a-su-comite-a-emplazar-a-huelga-a-aeromexico\/\" rel=\"bookmark\">Aprueba ASPA a su comit\u00e9 a emplazar a huelga a Aerom\u00e9xico<\/a>).<\/p>\n<p>La negociaci\u00f3n con Aerom\u00e9xico es particularmente importante, pues han pasado cuatro a\u00f1os desde la \u00faltima revisi\u00f3n integral del contrato colectivo y es necesario para ASPA de M\u00e9xico sentar las bases de las nuevas condiciones laborales bajo las premisas de mejor calidad de vida, reparto equitativo del trabajo, control de la fatiga para mejorar la seguridad a\u00e9rea y recuperaci\u00f3n del poder adquisitivo del salario.<\/p>\n<p>\u201cEn ASPA estamos realizando el mayor esfuerzo para arribar a un acuerdo que permita enfrentar juntos, empresa y sindicato, los desaf\u00edos del transporte a\u00e9reo en los pr\u00f3ximos a\u00f1os\u201d, coment\u00f3 el dirigente.<\/p>\n<p>Destac\u00f3 que Aerom\u00e9xico es una de las m\u00e1s importantes aerol\u00edneas latinoamericanas que mueve cerca de 12 millones de pasajeros al a\u00f1o, aproximadamente 32 mil pasajeros diarios, con 90 mil operaciones anuales, cubre 27 destinos nacionales y 37 internacionales. Adem\u00e1s de la conectividad generada por la participaci\u00f3n de Delta Air Lines, laboran en ella mil 93 pilotos, cuenta con una flota de 74 aeronaves y trabajan en la aerol\u00ednea m\u00e1s de 15 mil empleados. (Con informaci\u00f3n de Pasillo tur\u00edstico).<\/p>\n","protected":false},"excerpt":{"rendered":"<p>A cinco d\u00edas de que se venza el plazo para la revisi\u00f3n del Contrato Colectivo de Trabajo de la Asociaci\u00f3n Sindical de Pilotos Aviadores de M\u00e9xico (ASPA) con Aerom\u00e9xico, el organismo conf\u00eda que se resuelva el conflicto y no se vean afectadas las operaciones. Para este mi\u00e9rcoles se tiene programada una reuni\u00f3n entre los representantes [&hellip;]<\/p>\n","protected":false},"author":17,"featured_media":10295,"comment_status":"open","ping_status":"open","sticky":false,"template":"","format":"standard","meta":{"footnotes":""},"categories":[29,6],"tags":[30,415,1520,12522],"yoast_head":"<!-- This site is optimized with the Yoast SEO plugin v22.2 - https:\/\/yoast.com\/wordpress\/plugins\/seo\/ -->\n<title>Conf\u00edan pilotos que se resuelva conflicto con Aerom\u00e9xico antes de llegar a huelga - Nitu - Noticias de la Industria Turistica<\/title>\n<meta name=\"description\" content=\"La revisi\u00f3n del Contrato Colectivo de Trabajo de la Asociaci\u00f3n Sindical de Pilotos Aviadores de M\u00e9xico (ASPA) con Aerom\u00e9xico.\" \/>\n<meta name=\"robots\" content=\"index, follow, max-snippet:-1, max-image-preview:large, max-video-preview:-1\" \/>\n<link rel=\"canonical\" href=\"https:\/\/nitu.mx\/index.php\/2018\/09\/27\/confian-pilotos-que-se-resuelva-conflicto-con-aeromexico-antes-de-llegar-a-huelga\/\" \/>\n<meta name=\"twitter:card\" content=\"summary_large_image\" \/>\n<meta name=\"twitter:title\" content=\"Conf\u00edan pilotos que se resuelva conflicto con Aerom\u00e9xico antes de llegar a huelga - Nitu - Noticias de la Industria Turistica\" \/>\n<meta name=\"twitter:description\" content=\"La revisi\u00f3n del Contrato Colectivo de Trabajo de la Asociaci\u00f3n Sindical de Pilotos Aviadores de M\u00e9xico (ASPA) con Aerom\u00e9xico.\" \/>\n<meta name=\"twitter:image\" content=\"https:\/\/nitu.mx\/wp-content\/uploads\/2017\/06\/Aerom\u00e9xico-demoras.jpg\" \/>\n<meta name=\"twitter:creator\" content=\"@NITUmx\" \/>\n<meta name=\"twitter:site\" content=\"@Arturo_Medina_G\" \/>\n<meta name=\"twitter:label1\" content=\"Escrito por\" \/>\n\t<meta name=\"twitter:data1\" content=\"Redacci\u00f3n\" \/>\n\t<meta name=\"twitter:label2\" content=\"Tiempo de lectura\" \/>\n\t<meta name=\"twitter:data2\" content=\"2 minutos\" \/>\n<script type=\"application\/ld+json\" class=\"yoast-schema-graph\">{\"@context\":\"https:\/\/schema.org\",\"@graph\":[{\"@type\":\"Article\",\"@id\":\"https:\/\/nitu.mx\/index.php\/2018\/09\/27\/confian-pilotos-que-se-resuelva-conflicto-con-aeromexico-antes-de-llegar-a-huelga\/#article\",\"isPartOf\":{\"@id\":\"https:\/\/nitu.mx\/index.php\/2018\/09\/27\/confian-pilotos-que-se-resuelva-conflicto-con-aeromexico-antes-de-llegar-a-huelga\/\"},\"author\":{\"name\":\"Redacci\u00f3n\",\"@id\":\"https:\/\/nitu.mx\/#\/schema\/person\/4a28fe9bd65924f7c90623773daf1b0b\"},\"headline\":\"Conf\u00edan pilotos que se resuelva conflicto con Aerom\u00e9xico antes de llegar a huelga\",\"datePublished\":\"2018-09-27T05:04:36+00:00\",\"dateModified\":\"2018-09-27T05:27:41+00:00\",\"mainEntityOfPage\":{\"@id\":\"https:\/\/nitu.mx\/index.php\/2018\/09\/27\/confian-pilotos-que-se-resuelva-conflicto-con-aeromexico-antes-de-llegar-a-huelga\/\"},\"wordCount\":363,\"commentCount\":0,\"publisher\":{\"@id\":\"https:\/\/nitu.mx\/#\/schema\/person\/ae7a53426417292d3dd07b45a33e01bc\"},\"image\":{\"@id\":\"https:\/\/nitu.mx\/index.php\/2018\/09\/27\/confian-pilotos-que-se-resuelva-conflicto-con-aeromexico-antes-de-llegar-a-huelga\/#primaryimage\"},\"thumbnailUrl\":\"https:\/\/nitu.mx\/wp-content\/uploads\/2017\/06\/Aerom\u00e9xico-demoras.jpg\",\"keywords\":[\"Aerom\u00e9xico\",\"ASPA\",\"Delta Air Lines\",\"Rafael D\u00edaz Covarrubias\"],\"articleSection\":[\"Aerol\u00edneas\",\"M\u00e9xico\"],\"inLanguage\":\"es-MX\",\"potentialAction\":[{\"@type\":\"CommentAction\",\"name\":\"Comment\",\"target\":[\"https:\/\/nitu.mx\/index.php\/2018\/09\/27\/confian-pilotos-que-se-resuelva-conflicto-con-aeromexico-antes-de-llegar-a-huelga\/#respond\"]}]},{\"@type\":\"WebPage\",\"@id\":\"https:\/\/nitu.mx\/index.php\/2018\/09\/27\/confian-pilotos-que-se-resuelva-conflicto-con-aeromexico-antes-de-llegar-a-huelga\/\",\"url\":\"https:\/\/nitu.mx\/index.php\/2018\/09\/27\/confian-pilotos-que-se-resuelva-conflicto-con-aeromexico-antes-de-llegar-a-huelga\/\",\"name\":\"Conf\u00edan pilotos que se resuelva conflicto con Aerom\u00e9xico antes de llegar a huelga - Nitu - Noticias de la Industria Turistica\",\"isPartOf\":{\"@id\":\"https:\/\/nitu.mx\/#website\"},\"primaryImageOfPage\":{\"@id\":\"https:\/\/nitu.mx\/index.php\/2018\/09\/27\/confian-pilotos-que-se-resuelva-conflicto-con-aeromexico-antes-de-llegar-a-huelga\/#primaryimage\"},\"image\":{\"@id\":\"https:\/\/nitu.mx\/index.php\/2018\/09\/27\/confian-pilotos-que-se-resuelva-conflicto-con-aeromexico-antes-de-llegar-a-huelga\/#primaryimage\"},\"thumbnailUrl\":\"https:\/\/nitu.mx\/wp-content\/uploads\/2017\/06\/Aerom\u00e9xico-demoras.jpg\",\"datePublished\":\"2018-09-27T05:04:36+00:00\",\"dateModified\":\"2018-09-27T05:27:41+00:00\",\"description\":\"La revisi\u00f3n del Contrato Colectivo de Trabajo de la Asociaci\u00f3n Sindical de Pilotos Aviadores de M\u00e9xico (ASPA) con Aerom\u00e9xico.\",\"breadcrumb\":{\"@id\":\"https:\/\/nitu.mx\/index.php\/2018\/09\/27\/confian-pilotos-que-se-resuelva-conflicto-con-aeromexico-antes-de-llegar-a-huelga\/#breadcrumb\"},\"inLanguage\":\"es-MX\",\"potentialAction\":[{\"@type\":\"ReadAction\",\"target\":[\"https:\/\/nitu.mx\/index.php\/2018\/09\/27\/confian-pilotos-que-se-resuelva-conflicto-con-aeromexico-antes-de-llegar-a-huelga\/\"]}]},{\"@type\":\"ImageObject\",\"inLanguage\":\"es-MX\",\"@id\":\"https:\/\/nitu.mx\/index.php\/2018\/09\/27\/confian-pilotos-que-se-resuelva-conflicto-con-aeromexico-antes-de-llegar-a-huelga\/#primaryimage\",\"url\":\"https:\/\/nitu.mx\/wp-content\/uploads\/2017\/06\/Aerom\u00e9xico-demoras.jpg\",\"contentUrl\":\"https:\/\/nitu.mx\/wp-content\/uploads\/2017\/06\/Aerom\u00e9xico-demoras.jpg\",\"width\":850,\"height\":480,\"caption\":\"Aerom\u00e9xico India fraude\"},{\"@type\":\"BreadcrumbList\",\"@id\":\"https:\/\/nitu.mx\/index.php\/2018\/09\/27\/confian-pilotos-que-se-resuelva-conflicto-con-aeromexico-antes-de-llegar-a-huelga\/#breadcrumb\",\"itemListElement\":[{\"@type\":\"ListItem\",\"position\":1,\"name\":\"Inicio\",\"item\":\"https:\/\/nitu.mx\/\"},{\"@type\":\"ListItem\",\"position\":2,\"name\":\"Conf\u00edan pilotos que se resuelva conflicto con Aerom\u00e9xico antes de llegar a huelga\"}]},{\"@type\":\"WebSite\",\"@id\":\"https:\/\/nitu.mx\/#website\",\"url\":\"https:\/\/nitu.mx\/\",\"name\":\"Nitu - Noticias de la Industria Turistica\",\"description\":\"Noticias de la Industria Turistica\",\"publisher\":{\"@id\":\"https:\/\/nitu.mx\/#\/schema\/person\/ae7a53426417292d3dd07b45a33e01bc\"},\"alternateName\":\"Noticias de la Industria Turistica\",\"potentialAction\":[{\"@type\":\"SearchAction\",\"target\":{\"@type\":\"EntryPoint\",\"urlTemplate\":\"https:\/\/nitu.mx\/?s={search_term_string}\"},\"query-input\":\"required name=search_term_string\"}],\"inLanguage\":\"es-MX\"},{\"@type\":[\"Person\",\"Organization\"],\"@id\":\"https:\/\/nitu.mx\/#\/schema\/person\/ae7a53426417292d3dd07b45a33e01bc\",\"name\":\"Arturo Medina\",\"image\":{\"@type\":\"ImageObject\",\"inLanguage\":\"es-MX\",\"@id\":\"https:\/\/nitu.mx\/#\/schema\/person\/image\/\",\"url\":\"https:\/\/nitu.mx\/wp-content\/uploads\/2024\/04\/4A315622-1904-4D5C-B022-878CDC840E04-90x90-1.jpeg\",\"contentUrl\":\"https:\/\/nitu.mx\/wp-content\/uploads\/2024\/04\/4A315622-1904-4D5C-B022-878CDC840E04-90x90-1.jpeg\",\"width\":90,\"height\":90,\"caption\":\"Arturo Medina\"},\"logo\":{\"@id\":\"https:\/\/nitu.mx\/#\/schema\/person\/image\/\"},\"description\":\"Director NITU.mx, Egresado de la Escuela de Periodismo Carlos Septi\u00e9n Garc\u00eda. Periodista y analista especializado en turismo desde hace 35 a\u00f1os, radicado en Canc\u00fan Q.Roo. arturo@nitu.mx\",\"sameAs\":[\"https:\/\/nitu.mx\",\"https:\/\/www.facebook.com\/NITUmx\/\",\"medinacancun\",\"https:\/\/twitter.com\/@Arturo_Medina_G\"]},{\"@type\":\"Person\",\"@id\":\"https:\/\/nitu.mx\/#\/schema\/person\/4a28fe9bd65924f7c90623773daf1b0b\",\"name\":\"Redacci\u00f3n\",\"image\":{\"@type\":\"ImageObject\",\"inLanguage\":\"es-MX\",\"@id\":\"https:\/\/nitu.mx\/#\/schema\/person\/image\/\",\"url\":\"https:\/\/secure.gravatar.com\/avatar\/5dd011c8ccfc5cd7e4c81e42252aab38?s=96&d=mm&r=g\",\"contentUrl\":\"https:\/\/secure.gravatar.com\/avatar\/5dd011c8ccfc5cd7e4c81e42252aab38?s=96&d=mm&r=g\",\"caption\":\"Redacci\u00f3n\"},\"url\":\"https:\/\/nitu.mx\/index.php\/author\/redaccion\/\"}]}<\/script>\n<!-- \/ Yoast SEO plugin. -->","yoast_head_json":{"title":"Conf\u00edan pilotos que se resuelva conflicto con Aerom\u00e9xico antes de llegar a huelga - Nitu - Noticias de la Industria Turistica","description":"La revisi\u00f3n del Contrato Colectivo de Trabajo de la Asociaci\u00f3n Sindical de Pilotos Aviadores de M\u00e9xico (ASPA) con Aerom\u00e9xico.","robots":{"index":"index","follow":"follow","max-snippet":"max-snippet:-1","max-image-preview":"max-image-preview:large","max-video-preview":"max-video-preview:-1"},"canonical":"https:\/\/nitu.mx\/index.php\/2018\/09\/27\/confian-pilotos-que-se-resuelva-conflicto-con-aeromexico-antes-de-llegar-a-huelga\/","twitter_card":"summary_large_image","twitter_title":"Conf\u00edan pilotos que se resuelva conflicto con Aerom\u00e9xico antes de llegar a huelga - Nitu - Noticias de la Industria Turistica","twitter_description":"La revisi\u00f3n del Contrato Colectivo de Trabajo de la Asociaci\u00f3n Sindical de Pilotos Aviadores de M\u00e9xico (ASPA) con Aerom\u00e9xico.","twitter_image":"https:\/\/nitu.mx\/wp-content\/uploads\/2017\/06\/Aerom\u00e9xico-demoras.jpg","twitter_creator":"@NITUmx","twitter_site":"@Arturo_Medina_G","twitter_misc":{"Escrito por":"Redacci\u00f3n","Tiempo de lectura":"2 minutos"},"schema":{"@context":"https:\/\/schema.org","@graph":[{"@type":"Article","@id":"https:\/\/nitu.mx\/index.php\/2018\/09\/27\/confian-pilotos-que-se-resuelva-conflicto-con-aeromexico-antes-de-llegar-a-huelga\/#article","isPartOf":{"@id":"https:\/\/nitu.mx\/index.php\/2018\/09\/27\/confian-pilotos-que-se-resuelva-conflicto-con-aeromexico-antes-de-llegar-a-huelga\/"},"author":{"name":"Redacci\u00f3n","@id":"https:\/\/nitu.mx\/#\/schema\/person\/4a28fe9bd65924f7c90623773daf1b0b"},"headline":"Conf\u00edan pilotos que se resuelva conflicto con Aerom\u00e9xico antes de llegar a huelga","datePublished":"2018-09-27T05:04:36+00:00","dateModified":"2018-09-27T05:27:41+00:00","mainEntityOfPage":{"@id":"https:\/\/nitu.mx\/index.php\/2018\/09\/27\/confian-pilotos-que-se-resuelva-conflicto-con-aeromexico-antes-de-llegar-a-huelga\/"},"wordCount":363,"commentCount":0,"publisher":{"@id":"https:\/\/nitu.mx\/#\/schema\/person\/ae7a53426417292d3dd07b45a33e01bc"},"image":{"@id":"https:\/\/nitu.mx\/index.php\/2018\/09\/27\/confian-pilotos-que-se-resuelva-conflicto-con-aeromexico-antes-de-llegar-a-huelga\/#primaryimage"},"thumbnailUrl":"https:\/\/nitu.mx\/wp-content\/uploads\/2017\/06\/Aerom\u00e9xico-demoras.jpg","keywords":["Aerom\u00e9xico","ASPA","Delta Air Lines","Rafael D\u00edaz Covarrubias"],"articleSection":["Aerol\u00edneas","M\u00e9xico"],"inLanguage":"es-MX","potentialAction":[{"@type":"CommentAction","name":"Comment","target":["https:\/\/nitu.mx\/index.php\/2018\/09\/27\/confian-pilotos-que-se-resuelva-conflicto-con-aeromexico-antes-de-llegar-a-huelga\/#respond"]}]},{"@type":"WebPage","@id":"https:\/\/nitu.mx\/index.php\/2018\/09\/27\/confian-pilotos-que-se-resuelva-conflicto-con-aeromexico-antes-de-llegar-a-huelga\/","url":"https:\/\/nitu.mx\/index.php\/2018\/09\/27\/confian-pilotos-que-se-resuelva-conflicto-con-aeromexico-antes-de-llegar-a-huelga\/","name":"Conf\u00edan pilotos que se resuelva conflicto con Aerom\u00e9xico antes de llegar a huelga - Nitu - Noticias de la Industria Turistica","isPartOf":{"@id":"https:\/\/nitu.mx\/#website"},"primaryImageOfPage":{"@id":"https:\/\/nitu.mx\/index.php\/2018\/09\/27\/confian-pilotos-que-se-resuelva-conflicto-con-aeromexico-antes-de-llegar-a-huelga\/#primaryimage"},"image":{"@id":"https:\/\/nitu.mx\/index.php\/2018\/09\/27\/confian-pilotos-que-se-resuelva-conflicto-con-aeromexico-antes-de-llegar-a-huelga\/#primaryimage"},"thumbnailUrl":"https:\/\/nitu.mx\/wp-content\/uploads\/2017\/06\/Aerom\u00e9xico-demoras.jpg","datePublished":"2018-09-27T05:04:36+00:00","dateModified":"2018-09-27T05:27:41+00:00","description":"La revisi\u00f3n del Contrato Colectivo de Trabajo de la Asociaci\u00f3n Sindical de Pilotos Aviadores de M\u00e9xico (ASPA) con Aerom\u00e9xico.","breadcrumb":{"@id":"https:\/\/nitu.mx\/index.php\/2018\/09\/27\/confian-pilotos-que-se-resuelva-conflicto-con-aeromexico-antes-de-llegar-a-huelga\/#breadcrumb"},"inLanguage":"es-MX","potentialAction":[{"@type":"ReadAction","target":["https:\/\/nitu.mx\/index.php\/2018\/09\/27\/confian-pilotos-que-se-resuelva-conflicto-con-aeromexico-antes-de-llegar-a-huelga\/"]}]},{"@type":"ImageObject","inLanguage":"es-MX","@id":"https:\/\/nitu.mx\/index.php\/2018\/09\/27\/confian-pilotos-que-se-resuelva-conflicto-con-aeromexico-antes-de-llegar-a-huelga\/#primaryimage","url":"https:\/\/nitu.mx\/wp-content\/uploads\/2017\/06\/Aerom\u00e9xico-demoras.jpg","contentUrl":"https:\/\/nitu.mx\/wp-content\/uploads\/2017\/06\/Aerom\u00e9xico-demoras.jpg","width":850,"height":480,"caption":"Aerom\u00e9xico India fraude"},{"@type":"BreadcrumbList","@id":"https:\/\/nitu.mx\/index.php\/2018\/09\/27\/confian-pilotos-que-se-resuelva-conflicto-con-aeromexico-antes-de-llegar-a-huelga\/#breadcrumb","itemListElement":[{"@type":"ListItem","position":1,"name":"Inicio","item":"https:\/\/nitu.mx\/"},{"@type":"ListItem","position":2,"name":"Conf\u00edan pilotos que se resuelva conflicto con Aerom\u00e9xico antes de llegar a huelga"}]},{"@type":"WebSite","@id":"https:\/\/nitu.mx\/#website","url":"https:\/\/nitu.mx\/","name":"Nitu - Noticias de la Industria Turistica","description":"Noticias de la Industria Turistica","publisher":{"@id":"https:\/\/nitu.mx\/#\/schema\/person\/ae7a53426417292d3dd07b45a33e01bc"},"alternateName":"Noticias de la Industria Turistica","potentialAction":[{"@type":"SearchAction","target":{"@type":"EntryPoint","urlTemplate":"https:\/\/nitu.mx\/?s={search_term_string}"},"query-input":"required name=search_term_string"}],"inLanguage":"es-MX"},{"@type":["Person","Organization"],"@id":"https:\/\/nitu.mx\/#\/schema\/person\/ae7a53426417292d3dd07b45a33e01bc","name":"Arturo Medina","image":{"@type":"ImageObject","inLanguage":"es-MX","@id":"https:\/\/nitu.mx\/#\/schema\/person\/image\/","url":"https:\/\/nitu.mx\/wp-content\/uploads\/2024\/04\/4A315622-1904-4D5C-B022-878CDC840E04-90x90-1.jpeg","contentUrl":"https:\/\/nitu.mx\/wp-content\/uploads\/2024\/04\/4A315622-1904-4D5C-B022-878CDC840E04-90x90-1.jpeg","width":90,"height":90,"caption":"Arturo Medina"},"logo":{"@id":"https:\/\/nitu.mx\/#\/schema\/person\/image\/"},"description":"Director NITU.mx, Egresado de la Escuela de Periodismo Carlos Septi\u00e9n Garc\u00eda. Periodista y analista especializado en turismo desde hace 35 a\u00f1os, radicado en Canc\u00fan Q.Roo. arturo@nitu.mx","sameAs":["https:\/\/nitu.mx","https:\/\/www.facebook.com\/NITUmx\/","medinacancun","https:\/\/twitter.com\/@Arturo_Medina_G"]},{"@type":"Person","@id":"https:\/\/nitu.mx\/#\/schema\/person\/4a28fe9bd65924f7c90623773daf1b0b","name":"Redacci\u00f3n","image":{"@type":"ImageObject","inLanguage":"es-MX","@id":"https:\/\/nitu.mx\/#\/schema\/person\/image\/","url":"https:\/\/secure.gravatar.com\/avatar\/5dd011c8ccfc5cd7e4c81e42252aab38?s=96&d=mm&r=g","contentUrl":"https:\/\/secure.gravatar.com\/avatar\/5dd011c8ccfc5cd7e4c81e42252aab38?s=96&d=mm&r=g","caption":"Redacci\u00f3n"},"url":"https:\/\/nitu.mx\/index.php\/author\/redaccion\/"}]}},"views":206,"_links":{"self":[{"href":"https:\/\/nitu.mx\/index.php\/wp-json\/wp\/v2\/posts\/24931"}],"collection":[{"href":"https:\/\/nitu.mx\/index.php\/wp-json\/wp\/v2\/posts"}],"about":[{"href":"https:\/\/nitu.mx\/index.php\/wp-json\/wp\/v2\/types\/post"}],"author":[{"embeddable":true,"href":"https:\/\/nitu.mx\/index.php\/wp-json\/wp\/v2\/users\/17"}],"replies":[{"embeddable":true,"href":"https:\/\/nitu.mx\/index.php\/wp-json\/wp\/v2\/comments?post=24931"}],"version-history":[{"count":2,"href":"https:\/\/nitu.mx\/index.php\/wp-json\/wp\/v2\/posts\/24931\/revisions"}],"predecessor-version":[{"id":24948,"href":"https:\/\/nitu.mx\/index.php\/wp-json\/wp\/v2\/posts\/24931\/revisions\/24948"}],"wp:featuredmedia":[{"embeddable":true,"href":"https:\/\/nitu.mx\/index.php\/wp-json\/wp\/v2\/media\/10295"}],"wp:attachment":[{"href":"https:\/\/nitu.mx\/index.php\/wp-json\/wp\/v2\/media?parent=24931"}],"wp:term":[{"taxonomy":"category","embeddable":true,"href":"https:\/\/nitu.mx\/index.php\/wp-json\/wp\/v2\/categories?post=24931"},{"taxonomy":"post_tag","embeddable":true,"href":"https:\/\/nitu.mx\/index.php\/wp-json\/wp\/v2\/tags?post=24931"}],"curies":[{"name":"wp","href":"https:\/\/api.w.org\/{rel}","templated":true}]}}