{"id":24880,"date":"2018-09-26T00:12:37","date_gmt":"2018-09-26T05:12:37","guid":{"rendered":"https:\/\/www.dev.nitu.mx\/?p=24880"},"modified":"2018-09-26T01:04:42","modified_gmt":"2018-09-26T06:04:42","slug":"llama-epn-a-combatir-sargazo-desde-la-onu","status":"publish","type":"post","link":"https:\/\/nitu.mx\/index.php\/2018\/09\/26\/llama-epn-a-combatir-sargazo-desde-la-onu\/","title":{"rendered":"Llama EPN a combatir sargazo desde la ONU"},"content":{"rendered":"<p>El presidente Enrique Pe\u00f1a Nieto hizo un llamado a establecer una estrategia conjunta para encontrar soluciones ante la llegada at\u00edpica de sargazo en los litorales del Atl\u00e1ntico Poniente en nuestro pa\u00eds, en el marco de la 73 Asamblea General de las Naciones Unidas, que se realiza en Nueva York.<\/p>\n<p>El mandatario mexicano particip\u00f3 en el Panel de Alto Nivel para construir una Econom\u00eda Oce\u00e1nica Sustentable. De acuerdo con un comunicado de la Semarnat, Pe\u00f1a Nieto alert\u00f3 que el arribo masivo de esta alga es una amenaza que puede tener graves repercusiones, no s\u00f3lo ambientales, sino tambi\u00e9n econ\u00f3micas y sociales, para diversos pa\u00edses del Continente Americano, especialmente en el Caribe. (<a title=\"Empresa de Canc\u00fan gana premio por manejo del sargazo\" href=\"https:\/\/www.dev.nitu.mx\/index.php\/2018\/09\/02\/empresa-de-cancun-gana-premio-por-manejo-del-sargazo\/\" rel=\"bookmark\">Empresa de Canc\u00fan gana premio por manejo del sargazo<\/a>).<\/p>\n<p>En los \u00faltimos meses, Quintana Roo ha enfrentado la problem\u00e1tica del arribo masivo de sargazo, lo que ha afectado la imagen de las playas y disminuido la afluencia tur\u00edstica en los destinos del Caribe Mexicano, que son los principales generadores de divisas por este concepto en nuestro pa\u00eds.<\/p>\n<p>El presidente Pe\u00f1a Nieto propuso elaborar una respuesta conjunta y una Conferencia Regional, con el respaldo del Sistema de las Naciones Unidas, en la que se analicen factores como el cambio clim\u00e1tico, la conservaci\u00f3n de la biodiversidad y la contaminaci\u00f3n marina.<\/p>\n<p>Precis\u00f3 que se trata de un fen\u00f3meno que afecta la biodiversidad y los recursos marinos, lo mismo que el turismo, la pesca y los proyectos de energ\u00eda renovable, entre otras actividades. Y, desde luego, tambi\u00e9n da\u00f1a la salud de las personas.<\/p>\n<p>\u201cSuperar juntos el reto que nos plantea la llegada masiva de sargazo a las costas es una buena prueba de lo que este grupo de trabajo puede lograr\u201d, puntualiz\u00f3, acompa\u00f1ado por el secretario de Medio Ambiente y Recursos Naturales, Rafael Pacchiano Alam\u00e1n. (Con informaci\u00f3n de La Jornada Maya).<\/p>\n","protected":false},"excerpt":{"rendered":"<p>El presidente Enrique Pe\u00f1a Nieto hizo un llamado a establecer una estrategia conjunta para encontrar soluciones ante la llegada at\u00edpica de sargazo en los litorales del Atl\u00e1ntico Poniente en nuestro pa\u00eds, en el marco de la 73 Asamblea General de las Naciones Unidas, que se realiza en Nueva York. El mandatario mexicano particip\u00f3 en el [&hellip;]<\/p>\n","protected":false},"author":17,"featured_media":23590,"comment_status":"open","ping_status":"open","sticky":false,"template":"","format":"standard","meta":{"footnotes":""},"categories":[374,6],"tags":[12506,12501,12505,404,4338,12500,12502,39,12498,12504,452,12499,4708,260,12497,10332,45,12503],"yoast_head":"<!-- This site is optimized with the Yoast SEO plugin v22.2 - https:\/\/yoast.com\/wordpress\/plugins\/seo\/ -->\n<title>Llama EPN a combatir sargazo desde la ONU - Nitu - Noticias de la Industria Turistica<\/title>\n<meta name=\"description\" content=\"El presidente Enrique Pe\u00f1a Nieto hizo un llamado a establecer una estrategia conjunta para encontrar soluciones ante la llegada at\u00edpica de sargazo.\" \/>\n<meta name=\"robots\" content=\"index, follow, max-snippet:-1, max-image-preview:large, max-video-preview:-1\" \/>\n<link rel=\"canonical\" href=\"https:\/\/nitu.mx\/index.php\/2018\/09\/26\/llama-epn-a-combatir-sargazo-desde-la-onu\/\" \/>\n<meta name=\"twitter:card\" content=\"summary_large_image\" \/>\n<meta name=\"twitter:title\" content=\"Llama EPN a combatir sargazo desde la ONU - Nitu - Noticias de la Industria Turistica\" \/>\n<meta name=\"twitter:description\" content=\"El presidente Enrique Pe\u00f1a Nieto hizo un llamado a establecer una estrategia conjunta para encontrar soluciones ante la llegada at\u00edpica de sargazo.\" \/>\n<meta name=\"twitter:image\" content=\"https:\/\/nitu.mx\/wp-content\/uploads\/2018\/08\/playas-sargazo.jpg\" \/>\n<meta name=\"twitter:creator\" content=\"@NITUmx\" \/>\n<meta name=\"twitter:site\" content=\"@Arturo_Medina_G\" \/>\n<meta name=\"twitter:label1\" content=\"Escrito por\" \/>\n\t<meta name=\"twitter:data1\" content=\"Redacci\u00f3n\" \/>\n\t<meta name=\"twitter:label2\" content=\"Tiempo de lectura\" \/>\n\t<meta name=\"twitter:data2\" content=\"2 minutos\" \/>\n<script type=\"application\/ld+json\" class=\"yoast-schema-graph\">{\"@context\":\"https:\/\/schema.org\",\"@graph\":[{\"@type\":\"Article\",\"@id\":\"https:\/\/nitu.mx\/index.php\/2018\/09\/26\/llama-epn-a-combatir-sargazo-desde-la-onu\/#article\",\"isPartOf\":{\"@id\":\"https:\/\/nitu.mx\/index.php\/2018\/09\/26\/llama-epn-a-combatir-sargazo-desde-la-onu\/\"},\"author\":{\"name\":\"Redacci\u00f3n\",\"@id\":\"https:\/\/nitu.mx\/#\/schema\/person\/4a28fe9bd65924f7c90623773daf1b0b\"},\"headline\":\"Llama EPN a combatir sargazo desde la ONU\",\"datePublished\":\"2018-09-26T05:12:37+00:00\",\"dateModified\":\"2018-09-26T06:04:42+00:00\",\"mainEntityOfPage\":{\"@id\":\"https:\/\/nitu.mx\/index.php\/2018\/09\/26\/llama-epn-a-combatir-sargazo-desde-la-onu\/\"},\"wordCount\":329,\"commentCount\":0,\"publisher\":{\"@id\":\"https:\/\/nitu.mx\/#\/schema\/person\/ae7a53426417292d3dd07b45a33e01bc\"},\"image\":{\"@id\":\"https:\/\/nitu.mx\/index.php\/2018\/09\/26\/llama-epn-a-combatir-sargazo-desde-la-onu\/#primaryimage\"},\"thumbnailUrl\":\"https:\/\/nitu.mx\/wp-content\/uploads\/2018\/08\/playas-sargazo.jpg\",\"keywords\":[\"73 Asamblea General de las Naciones Unidas\",\"ambientales\",\"Atl\u00e1ntico Poniente\",\"Caribe\",\"Continente Americano\",\"Econom\u00eda Oce\u00e1nica Sustentable\",\"econ\u00f3micas\",\"Enrique Pe\u00f1a Nieto\",\"la pesca\",\"litorales\",\"Nueva York\",\"Panel de Alto Nivel\",\"presidente\",\"Quintana Roo\",\"recursos marinos\",\"sargazo\",\"Semarnat\",\"sociales\"],\"articleSection\":[\"Internacional\",\"M\u00e9xico\"],\"inLanguage\":\"es-MX\",\"potentialAction\":[{\"@type\":\"CommentAction\",\"name\":\"Comment\",\"target\":[\"https:\/\/nitu.mx\/index.php\/2018\/09\/26\/llama-epn-a-combatir-sargazo-desde-la-onu\/#respond\"]}]},{\"@type\":\"WebPage\",\"@id\":\"https:\/\/nitu.mx\/index.php\/2018\/09\/26\/llama-epn-a-combatir-sargazo-desde-la-onu\/\",\"url\":\"https:\/\/nitu.mx\/index.php\/2018\/09\/26\/llama-epn-a-combatir-sargazo-desde-la-onu\/\",\"name\":\"Llama EPN a combatir sargazo desde la ONU - Nitu - Noticias de la Industria Turistica\",\"isPartOf\":{\"@id\":\"https:\/\/nitu.mx\/#website\"},\"primaryImageOfPage\":{\"@id\":\"https:\/\/nitu.mx\/index.php\/2018\/09\/26\/llama-epn-a-combatir-sargazo-desde-la-onu\/#primaryimage\"},\"image\":{\"@id\":\"https:\/\/nitu.mx\/index.php\/2018\/09\/26\/llama-epn-a-combatir-sargazo-desde-la-onu\/#primaryimage\"},\"thumbnailUrl\":\"https:\/\/nitu.mx\/wp-content\/uploads\/2018\/08\/playas-sargazo.jpg\",\"datePublished\":\"2018-09-26T05:12:37+00:00\",\"dateModified\":\"2018-09-26T06:04:42+00:00\",\"description\":\"El presidente Enrique Pe\u00f1a Nieto hizo un llamado a establecer una estrategia conjunta para encontrar soluciones ante la llegada at\u00edpica de sargazo.\",\"breadcrumb\":{\"@id\":\"https:\/\/nitu.mx\/index.php\/2018\/09\/26\/llama-epn-a-combatir-sargazo-desde-la-onu\/#breadcrumb\"},\"inLanguage\":\"es-MX\",\"potentialAction\":[{\"@type\":\"ReadAction\",\"target\":[\"https:\/\/nitu.mx\/index.php\/2018\/09\/26\/llama-epn-a-combatir-sargazo-desde-la-onu\/\"]}]},{\"@type\":\"ImageObject\",\"inLanguage\":\"es-MX\",\"@id\":\"https:\/\/nitu.mx\/index.php\/2018\/09\/26\/llama-epn-a-combatir-sargazo-desde-la-onu\/#primaryimage\",\"url\":\"https:\/\/nitu.mx\/wp-content\/uploads\/2018\/08\/playas-sargazo.jpg\",\"contentUrl\":\"https:\/\/nitu.mx\/wp-content\/uploads\/2018\/08\/playas-sargazo.jpg\",\"width\":850,\"height\":480,\"caption\":\"playas sargazo\"},{\"@type\":\"BreadcrumbList\",\"@id\":\"https:\/\/nitu.mx\/index.php\/2018\/09\/26\/llama-epn-a-combatir-sargazo-desde-la-onu\/#breadcrumb\",\"itemListElement\":[{\"@type\":\"ListItem\",\"position\":1,\"name\":\"Inicio\",\"item\":\"https:\/\/nitu.mx\/\"},{\"@type\":\"ListItem\",\"position\":2,\"name\":\"Llama EPN a combatir sargazo desde la ONU\"}]},{\"@type\":\"WebSite\",\"@id\":\"https:\/\/nitu.mx\/#website\",\"url\":\"https:\/\/nitu.mx\/\",\"name\":\"Nitu - Noticias de la Industria Turistica\",\"description\":\"Noticias de la Industria Turistica\",\"publisher\":{\"@id\":\"https:\/\/nitu.mx\/#\/schema\/person\/ae7a53426417292d3dd07b45a33e01bc\"},\"alternateName\":\"Noticias de la Industria Turistica\",\"potentialAction\":[{\"@type\":\"SearchAction\",\"target\":{\"@type\":\"EntryPoint\",\"urlTemplate\":\"https:\/\/nitu.mx\/?s={search_term_string}\"},\"query-input\":\"required name=search_term_string\"}],\"inLanguage\":\"es-MX\"},{\"@type\":[\"Person\",\"Organization\"],\"@id\":\"https:\/\/nitu.mx\/#\/schema\/person\/ae7a53426417292d3dd07b45a33e01bc\",\"name\":\"Arturo Medina\",\"image\":{\"@type\":\"ImageObject\",\"inLanguage\":\"es-MX\",\"@id\":\"https:\/\/nitu.mx\/#\/schema\/person\/image\/\",\"url\":\"https:\/\/nitu.mx\/wp-content\/uploads\/2024\/04\/4A315622-1904-4D5C-B022-878CDC840E04-90x90-1.jpeg\",\"contentUrl\":\"https:\/\/nitu.mx\/wp-content\/uploads\/2024\/04\/4A315622-1904-4D5C-B022-878CDC840E04-90x90-1.jpeg\",\"width\":90,\"height\":90,\"caption\":\"Arturo Medina\"},\"logo\":{\"@id\":\"https:\/\/nitu.mx\/#\/schema\/person\/image\/\"},\"description\":\"Director NITU.mx, Egresado de la Escuela de Periodismo Carlos Septi\u00e9n Garc\u00eda. Periodista y analista especializado en turismo desde hace 35 a\u00f1os, radicado en Canc\u00fan Q.Roo. arturo@nitu.mx\",\"sameAs\":[\"https:\/\/nitu.mx\",\"https:\/\/www.facebook.com\/NITUmx\/\",\"medinacancun\",\"https:\/\/twitter.com\/@Arturo_Medina_G\"]},{\"@type\":\"Person\",\"@id\":\"https:\/\/nitu.mx\/#\/schema\/person\/4a28fe9bd65924f7c90623773daf1b0b\",\"name\":\"Redacci\u00f3n\",\"image\":{\"@type\":\"ImageObject\",\"inLanguage\":\"es-MX\",\"@id\":\"https:\/\/nitu.mx\/#\/schema\/person\/image\/\",\"url\":\"https:\/\/secure.gravatar.com\/avatar\/5dd011c8ccfc5cd7e4c81e42252aab38?s=96&d=mm&r=g\",\"contentUrl\":\"https:\/\/secure.gravatar.com\/avatar\/5dd011c8ccfc5cd7e4c81e42252aab38?s=96&d=mm&r=g\",\"caption\":\"Redacci\u00f3n\"},\"url\":\"https:\/\/nitu.mx\/index.php\/author\/redaccion\/\"}]}<\/script>\n<!-- \/ Yoast SEO plugin. -->","yoast_head_json":{"title":"Llama EPN a combatir sargazo desde la ONU - Nitu - Noticias de la Industria Turistica","description":"El presidente Enrique Pe\u00f1a Nieto hizo un llamado a establecer una estrategia conjunta para encontrar soluciones ante la llegada at\u00edpica de sargazo.","robots":{"index":"index","follow":"follow","max-snippet":"max-snippet:-1","max-image-preview":"max-image-preview:large","max-video-preview":"max-video-preview:-1"},"canonical":"https:\/\/nitu.mx\/index.php\/2018\/09\/26\/llama-epn-a-combatir-sargazo-desde-la-onu\/","twitter_card":"summary_large_image","twitter_title":"Llama EPN a combatir sargazo desde la ONU - Nitu - Noticias de la Industria Turistica","twitter_description":"El presidente Enrique Pe\u00f1a Nieto hizo un llamado a establecer una estrategia conjunta para encontrar soluciones ante la llegada at\u00edpica de sargazo.","twitter_image":"https:\/\/nitu.mx\/wp-content\/uploads\/2018\/08\/playas-sargazo.jpg","twitter_creator":"@NITUmx","twitter_site":"@Arturo_Medina_G","twitter_misc":{"Escrito por":"Redacci\u00f3n","Tiempo de lectura":"2 minutos"},"schema":{"@context":"https:\/\/schema.org","@graph":[{"@type":"Article","@id":"https:\/\/nitu.mx\/index.php\/2018\/09\/26\/llama-epn-a-combatir-sargazo-desde-la-onu\/#article","isPartOf":{"@id":"https:\/\/nitu.mx\/index.php\/2018\/09\/26\/llama-epn-a-combatir-sargazo-desde-la-onu\/"},"author":{"name":"Redacci\u00f3n","@id":"https:\/\/nitu.mx\/#\/schema\/person\/4a28fe9bd65924f7c90623773daf1b0b"},"headline":"Llama EPN a combatir sargazo desde la ONU","datePublished":"2018-09-26T05:12:37+00:00","dateModified":"2018-09-26T06:04:42+00:00","mainEntityOfPage":{"@id":"https:\/\/nitu.mx\/index.php\/2018\/09\/26\/llama-epn-a-combatir-sargazo-desde-la-onu\/"},"wordCount":329,"commentCount":0,"publisher":{"@id":"https:\/\/nitu.mx\/#\/schema\/person\/ae7a53426417292d3dd07b45a33e01bc"},"image":{"@id":"https:\/\/nitu.mx\/index.php\/2018\/09\/26\/llama-epn-a-combatir-sargazo-desde-la-onu\/#primaryimage"},"thumbnailUrl":"https:\/\/nitu.mx\/wp-content\/uploads\/2018\/08\/playas-sargazo.jpg","keywords":["73 Asamblea General de las Naciones Unidas","ambientales","Atl\u00e1ntico Poniente","Caribe","Continente Americano","Econom\u00eda Oce\u00e1nica Sustentable","econ\u00f3micas","Enrique Pe\u00f1a Nieto","la pesca","litorales","Nueva York","Panel de Alto Nivel","presidente","Quintana Roo","recursos marinos","sargazo","Semarnat","sociales"],"articleSection":["Internacional","M\u00e9xico"],"inLanguage":"es-MX","potentialAction":[{"@type":"CommentAction","name":"Comment","target":["https:\/\/nitu.mx\/index.php\/2018\/09\/26\/llama-epn-a-combatir-sargazo-desde-la-onu\/#respond"]}]},{"@type":"WebPage","@id":"https:\/\/nitu.mx\/index.php\/2018\/09\/26\/llama-epn-a-combatir-sargazo-desde-la-onu\/","url":"https:\/\/nitu.mx\/index.php\/2018\/09\/26\/llama-epn-a-combatir-sargazo-desde-la-onu\/","name":"Llama EPN a combatir sargazo desde la ONU - Nitu - Noticias de la Industria Turistica","isPartOf":{"@id":"https:\/\/nitu.mx\/#website"},"primaryImageOfPage":{"@id":"https:\/\/nitu.mx\/index.php\/2018\/09\/26\/llama-epn-a-combatir-sargazo-desde-la-onu\/#primaryimage"},"image":{"@id":"https:\/\/nitu.mx\/index.php\/2018\/09\/26\/llama-epn-a-combatir-sargazo-desde-la-onu\/#primaryimage"},"thumbnailUrl":"https:\/\/nitu.mx\/wp-content\/uploads\/2018\/08\/playas-sargazo.jpg","datePublished":"2018-09-26T05:12:37+00:00","dateModified":"2018-09-26T06:04:42+00:00","description":"El presidente Enrique Pe\u00f1a Nieto hizo un llamado a establecer una estrategia conjunta para encontrar soluciones ante la llegada at\u00edpica de sargazo.","breadcrumb":{"@id":"https:\/\/nitu.mx\/index.php\/2018\/09\/26\/llama-epn-a-combatir-sargazo-desde-la-onu\/#breadcrumb"},"inLanguage":"es-MX","potentialAction":[{"@type":"ReadAction","target":["https:\/\/nitu.mx\/index.php\/2018\/09\/26\/llama-epn-a-combatir-sargazo-desde-la-onu\/"]}]},{"@type":"ImageObject","inLanguage":"es-MX","@id":"https:\/\/nitu.mx\/index.php\/2018\/09\/26\/llama-epn-a-combatir-sargazo-desde-la-onu\/#primaryimage","url":"https:\/\/nitu.mx\/wp-content\/uploads\/2018\/08\/playas-sargazo.jpg","contentUrl":"https:\/\/nitu.mx\/wp-content\/uploads\/2018\/08\/playas-sargazo.jpg","width":850,"height":480,"caption":"playas sargazo"},{"@type":"BreadcrumbList","@id":"https:\/\/nitu.mx\/index.php\/2018\/09\/26\/llama-epn-a-combatir-sargazo-desde-la-onu\/#breadcrumb","itemListElement":[{"@type":"ListItem","position":1,"name":"Inicio","item":"https:\/\/nitu.mx\/"},{"@type":"ListItem","position":2,"name":"Llama EPN a combatir sargazo desde la ONU"}]},{"@type":"WebSite","@id":"https:\/\/nitu.mx\/#website","url":"https:\/\/nitu.mx\/","name":"Nitu - Noticias de la Industria Turistica","description":"Noticias de la Industria Turistica","publisher":{"@id":"https:\/\/nitu.mx\/#\/schema\/person\/ae7a53426417292d3dd07b45a33e01bc"},"alternateName":"Noticias de la Industria Turistica","potentialAction":[{"@type":"SearchAction","target":{"@type":"EntryPoint","urlTemplate":"https:\/\/nitu.mx\/?s={search_term_string}"},"query-input":"required name=search_term_string"}],"inLanguage":"es-MX"},{"@type":["Person","Organization"],"@id":"https:\/\/nitu.mx\/#\/schema\/person\/ae7a53426417292d3dd07b45a33e01bc","name":"Arturo Medina","image":{"@type":"ImageObject","inLanguage":"es-MX","@id":"https:\/\/nitu.mx\/#\/schema\/person\/image\/","url":"https:\/\/nitu.mx\/wp-content\/uploads\/2024\/04\/4A315622-1904-4D5C-B022-878CDC840E04-90x90-1.jpeg","contentUrl":"https:\/\/nitu.mx\/wp-content\/uploads\/2024\/04\/4A315622-1904-4D5C-B022-878CDC840E04-90x90-1.jpeg","width":90,"height":90,"caption":"Arturo Medina"},"logo":{"@id":"https:\/\/nitu.mx\/#\/schema\/person\/image\/"},"description":"Director NITU.mx, Egresado de la Escuela de Periodismo Carlos Septi\u00e9n Garc\u00eda. Periodista y analista especializado en turismo desde hace 35 a\u00f1os, radicado en Canc\u00fan Q.Roo. arturo@nitu.mx","sameAs":["https:\/\/nitu.mx","https:\/\/www.facebook.com\/NITUmx\/","medinacancun","https:\/\/twitter.com\/@Arturo_Medina_G"]},{"@type":"Person","@id":"https:\/\/nitu.mx\/#\/schema\/person\/4a28fe9bd65924f7c90623773daf1b0b","name":"Redacci\u00f3n","image":{"@type":"ImageObject","inLanguage":"es-MX","@id":"https:\/\/nitu.mx\/#\/schema\/person\/image\/","url":"https:\/\/secure.gravatar.com\/avatar\/5dd011c8ccfc5cd7e4c81e42252aab38?s=96&d=mm&r=g","contentUrl":"https:\/\/secure.gravatar.com\/avatar\/5dd011c8ccfc5cd7e4c81e42252aab38?s=96&d=mm&r=g","caption":"Redacci\u00f3n"},"url":"https:\/\/nitu.mx\/index.php\/author\/redaccion\/"}]}},"views":296,"_links":{"self":[{"href":"https:\/\/nitu.mx\/index.php\/wp-json\/wp\/v2\/posts\/24880"}],"collection":[{"href":"https:\/\/nitu.mx\/index.php\/wp-json\/wp\/v2\/posts"}],"about":[{"href":"https:\/\/nitu.mx\/index.php\/wp-json\/wp\/v2\/types\/post"}],"author":[{"embeddable":true,"href":"https:\/\/nitu.mx\/index.php\/wp-json\/wp\/v2\/users\/17"}],"replies":[{"embeddable":true,"href":"https:\/\/nitu.mx\/index.php\/wp-json\/wp\/v2\/comments?post=24880"}],"version-history":[{"count":2,"href":"https:\/\/nitu.mx\/index.php\/wp-json\/wp\/v2\/posts\/24880\/revisions"}],"predecessor-version":[{"id":24903,"href":"https:\/\/nitu.mx\/index.php\/wp-json\/wp\/v2\/posts\/24880\/revisions\/24903"}],"wp:featuredmedia":[{"embeddable":true,"href":"https:\/\/nitu.mx\/index.php\/wp-json\/wp\/v2\/media\/23590"}],"wp:attachment":[{"href":"https:\/\/nitu.mx\/index.php\/wp-json\/wp\/v2\/media?parent=24880"}],"wp:term":[{"taxonomy":"category","embeddable":true,"href":"https:\/\/nitu.mx\/index.php\/wp-json\/wp\/v2\/categories?post=24880"},{"taxonomy":"post_tag","embeddable":true,"href":"https:\/\/nitu.mx\/index.php\/wp-json\/wp\/v2\/tags?post=24880"}],"curies":[{"name":"wp","href":"https:\/\/api.w.org\/{rel}","templated":true}]}}