{"id":24832,"date":"2018-09-24T22:43:42","date_gmt":"2018-09-25T03:43:42","guid":{"rendered":"https:\/\/www.dev.nitu.mx\/?p=24832"},"modified":"2018-09-25T00:30:17","modified_gmt":"2018-09-25T05:30:17","slug":"sectur-lanza-campana-de-turismo-religioso","status":"publish","type":"post","link":"https:\/\/nitu.mx\/index.php\/2018\/09\/24\/sectur-lanza-campana-de-turismo-religioso\/","title":{"rendered":"Sectur lanza campa\u00f1a de turismo religioso"},"content":{"rendered":"<p>El secretario de Turismo, Enrique de la Madrid, present\u00f3 este lunes la campa\u00f1a Senderos de luz, santuarios de fe, la cual implica una inversi\u00f3n de tres millones de pesos y ayudar\u00e1 a promover el turismo religioso.<\/p>\n<p>&#8220;Nos propusimos desde hace m\u00e1s de dos a\u00f1os impulsar este tipo de turismo d\u00f3nde M\u00e9xico cuenta con alto potencial de desarrollo. En este momento creemos que ayudar\u00e1 a tomar fortaleza para el futuro&#8221;, coment\u00f3.<\/p>\n<p>Durante la presentaci\u00f3n, el funcionario se\u00f1al\u00f3 que la campa\u00f1a ser\u00e1 nacional e internacional, y que se busc\u00f3 crear un producto tur\u00edstico que alcance un estado de bienestar personal luego de los recorridos.<\/p>\n<p>La Organizaci\u00f3n Mundial de Turismo (OMT) estima que el a\u00f1o pasado, 330 millones de personas hicieron un recorrido tur\u00edstico, lo cual gener\u00f3 una derrama econ\u00f3mica de 18 mil millones de pesos.<\/p>\n<p>Senderos de luz, santuarios de fe incluir\u00e1 10 rutas tur\u00edsticas, y en una primera etapa se lanzar\u00e1n tres en Guanajuato, Jalisco y la Ciudad de M\u00e9xico.<\/p>\n<p>En mayo pasado, la Sectur present\u00f3 el programa \u201cEl camino mexicano de Santiago\u201d, la primera ruta de turismo religioso y cultural, para visitar a capillas e iglesias dedicadas al santo.\u00a0<a title=\"Lanzan versi\u00f3n mexicana del Camino a Santiago\" href=\"https:\/\/www.dev.nitu.mx\/index.php\/2018\/05\/23\/lanzan-version-mexicana-del-camino-a-santiago\/\" rel=\"bookmark\">(Lanzan versi\u00f3n mexicana del Camino a Santiago<\/a>).<\/p>\n","protected":false},"excerpt":{"rendered":"<p>El secretario de Turismo, Enrique de la Madrid, present\u00f3 este lunes la campa\u00f1a Senderos de luz, santuarios de fe, la cual implica una inversi\u00f3n de tres millones de pesos y ayudar\u00e1 a promover el turismo religioso. &#8220;Nos propusimos desde hace m\u00e1s de dos a\u00f1os impulsar este tipo de turismo d\u00f3nde M\u00e9xico cuenta con alto potencial [&hellip;]<\/p>\n","protected":false},"author":17,"featured_media":24850,"comment_status":"open","ping_status":"open","sticky":false,"template":"","format":"standard","meta":{"footnotes":""},"categories":[5,6],"tags":[12473,125,176,511,1754,12470,254,93,12486],"yoast_head":"<!-- This site is optimized with the Yoast SEO plugin v22.2 - https:\/\/yoast.com\/wordpress\/plugins\/seo\/ -->\n<title>Sectur lanza campa\u00f1a de turismo religioso - Nitu - Noticias de la Industria Turistica<\/title>\n<meta name=\"description\" content=\"Enrique de la Madrid present\u00f3 la campa\u00f1a Senderos de luz, santuarios de fe, la cual ayudar\u00e1 a promover el turismo religioso.\" \/>\n<meta name=\"robots\" content=\"index, follow, max-snippet:-1, max-image-preview:large, max-video-preview:-1\" \/>\n<link rel=\"canonical\" href=\"https:\/\/nitu.mx\/index.php\/2018\/09\/24\/sectur-lanza-campana-de-turismo-religioso\/\" \/>\n<meta name=\"twitter:card\" content=\"summary_large_image\" \/>\n<meta name=\"twitter:title\" content=\"Sectur lanza campa\u00f1a de turismo religioso - Nitu - Noticias de la Industria Turistica\" \/>\n<meta name=\"twitter:description\" content=\"Enrique de la Madrid present\u00f3 la campa\u00f1a Senderos de luz, santuarios de fe, la cual ayudar\u00e1 a promover el turismo religioso.\" \/>\n<meta name=\"twitter:image\" content=\"https:\/\/nitu.mx\/wp-content\/uploads\/2018\/09\/sectur-turismo-religioso-1.jpg\" \/>\n<meta name=\"twitter:creator\" content=\"@NITUmx\" \/>\n<meta name=\"twitter:site\" content=\"@Arturo_Medina_G\" \/>\n<meta name=\"twitter:label1\" content=\"Escrito por\" \/>\n\t<meta name=\"twitter:data1\" content=\"Redacci\u00f3n\" \/>\n\t<meta name=\"twitter:label2\" content=\"Tiempo de lectura\" \/>\n\t<meta name=\"twitter:data2\" content=\"1 minuto\" \/>\n<script type=\"application\/ld+json\" class=\"yoast-schema-graph\">{\"@context\":\"https:\/\/schema.org\",\"@graph\":[{\"@type\":\"Article\",\"@id\":\"https:\/\/nitu.mx\/index.php\/2018\/09\/24\/sectur-lanza-campana-de-turismo-religioso\/#article\",\"isPartOf\":{\"@id\":\"https:\/\/nitu.mx\/index.php\/2018\/09\/24\/sectur-lanza-campana-de-turismo-religioso\/\"},\"author\":{\"name\":\"Redacci\u00f3n\",\"@id\":\"https:\/\/nitu.mx\/#\/schema\/person\/4a28fe9bd65924f7c90623773daf1b0b\"},\"headline\":\"Sectur lanza campa\u00f1a de turismo religioso\",\"datePublished\":\"2018-09-25T03:43:42+00:00\",\"dateModified\":\"2018-09-25T05:30:17+00:00\",\"mainEntityOfPage\":{\"@id\":\"https:\/\/nitu.mx\/index.php\/2018\/09\/24\/sectur-lanza-campana-de-turismo-religioso\/\"},\"wordCount\":218,\"commentCount\":0,\"publisher\":{\"@id\":\"https:\/\/nitu.mx\/#\/schema\/person\/ae7a53426417292d3dd07b45a33e01bc\"},\"image\":{\"@id\":\"https:\/\/nitu.mx\/index.php\/2018\/09\/24\/sectur-lanza-campana-de-turismo-religioso\/#primaryimage\"},\"thumbnailUrl\":\"https:\/\/nitu.mx\/wp-content\/uploads\/2018\/09\/sectur-turismo-religioso-1.jpg\",\"keywords\":[\"\u201cEl camino mexicano de Santiago\u201d\",\"Ciudad de M\u00e9xico\",\"Enrique de la Madrid\",\"Guanajuato\",\"Jalisco\",\"santuarios de fe\\\"\",\"Secretar\u00eda de Turismo\",\"Sectur\",\"Senderos de luz\"],\"articleSection\":[\"Destinos\",\"M\u00e9xico\"],\"inLanguage\":\"es-MX\",\"potentialAction\":[{\"@type\":\"CommentAction\",\"name\":\"Comment\",\"target\":[\"https:\/\/nitu.mx\/index.php\/2018\/09\/24\/sectur-lanza-campana-de-turismo-religioso\/#respond\"]}]},{\"@type\":\"WebPage\",\"@id\":\"https:\/\/nitu.mx\/index.php\/2018\/09\/24\/sectur-lanza-campana-de-turismo-religioso\/\",\"url\":\"https:\/\/nitu.mx\/index.php\/2018\/09\/24\/sectur-lanza-campana-de-turismo-religioso\/\",\"name\":\"Sectur lanza campa\u00f1a de turismo religioso - Nitu - Noticias de la Industria Turistica\",\"isPartOf\":{\"@id\":\"https:\/\/nitu.mx\/#website\"},\"primaryImageOfPage\":{\"@id\":\"https:\/\/nitu.mx\/index.php\/2018\/09\/24\/sectur-lanza-campana-de-turismo-religioso\/#primaryimage\"},\"image\":{\"@id\":\"https:\/\/nitu.mx\/index.php\/2018\/09\/24\/sectur-lanza-campana-de-turismo-religioso\/#primaryimage\"},\"thumbnailUrl\":\"https:\/\/nitu.mx\/wp-content\/uploads\/2018\/09\/sectur-turismo-religioso-1.jpg\",\"datePublished\":\"2018-09-25T03:43:42+00:00\",\"dateModified\":\"2018-09-25T05:30:17+00:00\",\"description\":\"Enrique de la Madrid present\u00f3 la campa\u00f1a Senderos de luz, santuarios de fe, la cual ayudar\u00e1 a promover el turismo religioso.\",\"breadcrumb\":{\"@id\":\"https:\/\/nitu.mx\/index.php\/2018\/09\/24\/sectur-lanza-campana-de-turismo-religioso\/#breadcrumb\"},\"inLanguage\":\"es-MX\",\"potentialAction\":[{\"@type\":\"ReadAction\",\"target\":[\"https:\/\/nitu.mx\/index.php\/2018\/09\/24\/sectur-lanza-campana-de-turismo-religioso\/\"]}]},{\"@type\":\"ImageObject\",\"inLanguage\":\"es-MX\",\"@id\":\"https:\/\/nitu.mx\/index.php\/2018\/09\/24\/sectur-lanza-campana-de-turismo-religioso\/#primaryimage\",\"url\":\"https:\/\/nitu.mx\/wp-content\/uploads\/2018\/09\/sectur-turismo-religioso-1.jpg\",\"contentUrl\":\"https:\/\/nitu.mx\/wp-content\/uploads\/2018\/09\/sectur-turismo-religioso-1.jpg\",\"width\":850,\"height\":480,\"caption\":\"turismo religioso\"},{\"@type\":\"BreadcrumbList\",\"@id\":\"https:\/\/nitu.mx\/index.php\/2018\/09\/24\/sectur-lanza-campana-de-turismo-religioso\/#breadcrumb\",\"itemListElement\":[{\"@type\":\"ListItem\",\"position\":1,\"name\":\"Inicio\",\"item\":\"https:\/\/nitu.mx\/\"},{\"@type\":\"ListItem\",\"position\":2,\"name\":\"Sectur lanza campa\u00f1a de turismo religioso\"}]},{\"@type\":\"WebSite\",\"@id\":\"https:\/\/nitu.mx\/#website\",\"url\":\"https:\/\/nitu.mx\/\",\"name\":\"Nitu - Noticias de la Industria Turistica\",\"description\":\"Noticias de la Industria Turistica\",\"publisher\":{\"@id\":\"https:\/\/nitu.mx\/#\/schema\/person\/ae7a53426417292d3dd07b45a33e01bc\"},\"alternateName\":\"Noticias de la Industria Turistica\",\"potentialAction\":[{\"@type\":\"SearchAction\",\"target\":{\"@type\":\"EntryPoint\",\"urlTemplate\":\"https:\/\/nitu.mx\/?s={search_term_string}\"},\"query-input\":\"required name=search_term_string\"}],\"inLanguage\":\"es-MX\"},{\"@type\":[\"Person\",\"Organization\"],\"@id\":\"https:\/\/nitu.mx\/#\/schema\/person\/ae7a53426417292d3dd07b45a33e01bc\",\"name\":\"Arturo Medina\",\"image\":{\"@type\":\"ImageObject\",\"inLanguage\":\"es-MX\",\"@id\":\"https:\/\/nitu.mx\/#\/schema\/person\/image\/\",\"url\":\"https:\/\/nitu.mx\/wp-content\/uploads\/2024\/04\/4A315622-1904-4D5C-B022-878CDC840E04-90x90-1.jpeg\",\"contentUrl\":\"https:\/\/nitu.mx\/wp-content\/uploads\/2024\/04\/4A315622-1904-4D5C-B022-878CDC840E04-90x90-1.jpeg\",\"width\":90,\"height\":90,\"caption\":\"Arturo Medina\"},\"logo\":{\"@id\":\"https:\/\/nitu.mx\/#\/schema\/person\/image\/\"},\"description\":\"Director NITU.mx, Egresado de la Escuela de Periodismo Carlos Septi\u00e9n Garc\u00eda. Periodista y analista especializado en turismo desde hace 35 a\u00f1os, radicado en Canc\u00fan Q.Roo. arturo@nitu.mx\",\"sameAs\":[\"https:\/\/nitu.mx\",\"https:\/\/www.facebook.com\/NITUmx\/\",\"medinacancun\",\"https:\/\/twitter.com\/@Arturo_Medina_G\"]},{\"@type\":\"Person\",\"@id\":\"https:\/\/nitu.mx\/#\/schema\/person\/4a28fe9bd65924f7c90623773daf1b0b\",\"name\":\"Redacci\u00f3n\",\"image\":{\"@type\":\"ImageObject\",\"inLanguage\":\"es-MX\",\"@id\":\"https:\/\/nitu.mx\/#\/schema\/person\/image\/\",\"url\":\"https:\/\/secure.gravatar.com\/avatar\/5dd011c8ccfc5cd7e4c81e42252aab38?s=96&d=mm&r=g\",\"contentUrl\":\"https:\/\/secure.gravatar.com\/avatar\/5dd011c8ccfc5cd7e4c81e42252aab38?s=96&d=mm&r=g\",\"caption\":\"Redacci\u00f3n\"},\"url\":\"https:\/\/nitu.mx\/index.php\/author\/redaccion\/\"}]}<\/script>\n<!-- \/ Yoast SEO plugin. -->","yoast_head_json":{"title":"Sectur lanza campa\u00f1a de turismo religioso - Nitu - Noticias de la Industria Turistica","description":"Enrique de la Madrid present\u00f3 la campa\u00f1a Senderos de luz, santuarios de fe, la cual ayudar\u00e1 a promover el turismo religioso.","robots":{"index":"index","follow":"follow","max-snippet":"max-snippet:-1","max-image-preview":"max-image-preview:large","max-video-preview":"max-video-preview:-1"},"canonical":"https:\/\/nitu.mx\/index.php\/2018\/09\/24\/sectur-lanza-campana-de-turismo-religioso\/","twitter_card":"summary_large_image","twitter_title":"Sectur lanza campa\u00f1a de turismo religioso - Nitu - Noticias de la Industria Turistica","twitter_description":"Enrique de la Madrid present\u00f3 la campa\u00f1a Senderos de luz, santuarios de fe, la cual ayudar\u00e1 a promover el turismo religioso.","twitter_image":"https:\/\/nitu.mx\/wp-content\/uploads\/2018\/09\/sectur-turismo-religioso-1.jpg","twitter_creator":"@NITUmx","twitter_site":"@Arturo_Medina_G","twitter_misc":{"Escrito por":"Redacci\u00f3n","Tiempo de lectura":"1 minuto"},"schema":{"@context":"https:\/\/schema.org","@graph":[{"@type":"Article","@id":"https:\/\/nitu.mx\/index.php\/2018\/09\/24\/sectur-lanza-campana-de-turismo-religioso\/#article","isPartOf":{"@id":"https:\/\/nitu.mx\/index.php\/2018\/09\/24\/sectur-lanza-campana-de-turismo-religioso\/"},"author":{"name":"Redacci\u00f3n","@id":"https:\/\/nitu.mx\/#\/schema\/person\/4a28fe9bd65924f7c90623773daf1b0b"},"headline":"Sectur lanza campa\u00f1a de turismo religioso","datePublished":"2018-09-25T03:43:42+00:00","dateModified":"2018-09-25T05:30:17+00:00","mainEntityOfPage":{"@id":"https:\/\/nitu.mx\/index.php\/2018\/09\/24\/sectur-lanza-campana-de-turismo-religioso\/"},"wordCount":218,"commentCount":0,"publisher":{"@id":"https:\/\/nitu.mx\/#\/schema\/person\/ae7a53426417292d3dd07b45a33e01bc"},"image":{"@id":"https:\/\/nitu.mx\/index.php\/2018\/09\/24\/sectur-lanza-campana-de-turismo-religioso\/#primaryimage"},"thumbnailUrl":"https:\/\/nitu.mx\/wp-content\/uploads\/2018\/09\/sectur-turismo-religioso-1.jpg","keywords":["\u201cEl camino mexicano de Santiago\u201d","Ciudad de M\u00e9xico","Enrique de la Madrid","Guanajuato","Jalisco","santuarios de fe\"","Secretar\u00eda de Turismo","Sectur","Senderos de luz"],"articleSection":["Destinos","M\u00e9xico"],"inLanguage":"es-MX","potentialAction":[{"@type":"CommentAction","name":"Comment","target":["https:\/\/nitu.mx\/index.php\/2018\/09\/24\/sectur-lanza-campana-de-turismo-religioso\/#respond"]}]},{"@type":"WebPage","@id":"https:\/\/nitu.mx\/index.php\/2018\/09\/24\/sectur-lanza-campana-de-turismo-religioso\/","url":"https:\/\/nitu.mx\/index.php\/2018\/09\/24\/sectur-lanza-campana-de-turismo-religioso\/","name":"Sectur lanza campa\u00f1a de turismo religioso - Nitu - Noticias de la Industria Turistica","isPartOf":{"@id":"https:\/\/nitu.mx\/#website"},"primaryImageOfPage":{"@id":"https:\/\/nitu.mx\/index.php\/2018\/09\/24\/sectur-lanza-campana-de-turismo-religioso\/#primaryimage"},"image":{"@id":"https:\/\/nitu.mx\/index.php\/2018\/09\/24\/sectur-lanza-campana-de-turismo-religioso\/#primaryimage"},"thumbnailUrl":"https:\/\/nitu.mx\/wp-content\/uploads\/2018\/09\/sectur-turismo-religioso-1.jpg","datePublished":"2018-09-25T03:43:42+00:00","dateModified":"2018-09-25T05:30:17+00:00","description":"Enrique de la Madrid present\u00f3 la campa\u00f1a Senderos de luz, santuarios de fe, la cual ayudar\u00e1 a promover el turismo religioso.","breadcrumb":{"@id":"https:\/\/nitu.mx\/index.php\/2018\/09\/24\/sectur-lanza-campana-de-turismo-religioso\/#breadcrumb"},"inLanguage":"es-MX","potentialAction":[{"@type":"ReadAction","target":["https:\/\/nitu.mx\/index.php\/2018\/09\/24\/sectur-lanza-campana-de-turismo-religioso\/"]}]},{"@type":"ImageObject","inLanguage":"es-MX","@id":"https:\/\/nitu.mx\/index.php\/2018\/09\/24\/sectur-lanza-campana-de-turismo-religioso\/#primaryimage","url":"https:\/\/nitu.mx\/wp-content\/uploads\/2018\/09\/sectur-turismo-religioso-1.jpg","contentUrl":"https:\/\/nitu.mx\/wp-content\/uploads\/2018\/09\/sectur-turismo-religioso-1.jpg","width":850,"height":480,"caption":"turismo religioso"},{"@type":"BreadcrumbList","@id":"https:\/\/nitu.mx\/index.php\/2018\/09\/24\/sectur-lanza-campana-de-turismo-religioso\/#breadcrumb","itemListElement":[{"@type":"ListItem","position":1,"name":"Inicio","item":"https:\/\/nitu.mx\/"},{"@type":"ListItem","position":2,"name":"Sectur lanza campa\u00f1a de turismo religioso"}]},{"@type":"WebSite","@id":"https:\/\/nitu.mx\/#website","url":"https:\/\/nitu.mx\/","name":"Nitu - Noticias de la Industria Turistica","description":"Noticias de la Industria Turistica","publisher":{"@id":"https:\/\/nitu.mx\/#\/schema\/person\/ae7a53426417292d3dd07b45a33e01bc"},"alternateName":"Noticias de la Industria Turistica","potentialAction":[{"@type":"SearchAction","target":{"@type":"EntryPoint","urlTemplate":"https:\/\/nitu.mx\/?s={search_term_string}"},"query-input":"required name=search_term_string"}],"inLanguage":"es-MX"},{"@type":["Person","Organization"],"@id":"https:\/\/nitu.mx\/#\/schema\/person\/ae7a53426417292d3dd07b45a33e01bc","name":"Arturo Medina","image":{"@type":"ImageObject","inLanguage":"es-MX","@id":"https:\/\/nitu.mx\/#\/schema\/person\/image\/","url":"https:\/\/nitu.mx\/wp-content\/uploads\/2024\/04\/4A315622-1904-4D5C-B022-878CDC840E04-90x90-1.jpeg","contentUrl":"https:\/\/nitu.mx\/wp-content\/uploads\/2024\/04\/4A315622-1904-4D5C-B022-878CDC840E04-90x90-1.jpeg","width":90,"height":90,"caption":"Arturo Medina"},"logo":{"@id":"https:\/\/nitu.mx\/#\/schema\/person\/image\/"},"description":"Director NITU.mx, Egresado de la Escuela de Periodismo Carlos Septi\u00e9n Garc\u00eda. Periodista y analista especializado en turismo desde hace 35 a\u00f1os, radicado en Canc\u00fan Q.Roo. arturo@nitu.mx","sameAs":["https:\/\/nitu.mx","https:\/\/www.facebook.com\/NITUmx\/","medinacancun","https:\/\/twitter.com\/@Arturo_Medina_G"]},{"@type":"Person","@id":"https:\/\/nitu.mx\/#\/schema\/person\/4a28fe9bd65924f7c90623773daf1b0b","name":"Redacci\u00f3n","image":{"@type":"ImageObject","inLanguage":"es-MX","@id":"https:\/\/nitu.mx\/#\/schema\/person\/image\/","url":"https:\/\/secure.gravatar.com\/avatar\/5dd011c8ccfc5cd7e4c81e42252aab38?s=96&d=mm&r=g","contentUrl":"https:\/\/secure.gravatar.com\/avatar\/5dd011c8ccfc5cd7e4c81e42252aab38?s=96&d=mm&r=g","caption":"Redacci\u00f3n"},"url":"https:\/\/nitu.mx\/index.php\/author\/redaccion\/"}]}},"views":225,"_links":{"self":[{"href":"https:\/\/nitu.mx\/index.php\/wp-json\/wp\/v2\/posts\/24832"}],"collection":[{"href":"https:\/\/nitu.mx\/index.php\/wp-json\/wp\/v2\/posts"}],"about":[{"href":"https:\/\/nitu.mx\/index.php\/wp-json\/wp\/v2\/types\/post"}],"author":[{"embeddable":true,"href":"https:\/\/nitu.mx\/index.php\/wp-json\/wp\/v2\/users\/17"}],"replies":[{"embeddable":true,"href":"https:\/\/nitu.mx\/index.php\/wp-json\/wp\/v2\/comments?post=24832"}],"version-history":[{"count":3,"href":"https:\/\/nitu.mx\/index.php\/wp-json\/wp\/v2\/posts\/24832\/revisions"}],"predecessor-version":[{"id":24851,"href":"https:\/\/nitu.mx\/index.php\/wp-json\/wp\/v2\/posts\/24832\/revisions\/24851"}],"wp:featuredmedia":[{"embeddable":true,"href":"https:\/\/nitu.mx\/index.php\/wp-json\/wp\/v2\/media\/24850"}],"wp:attachment":[{"href":"https:\/\/nitu.mx\/index.php\/wp-json\/wp\/v2\/media?parent=24832"}],"wp:term":[{"taxonomy":"category","embeddable":true,"href":"https:\/\/nitu.mx\/index.php\/wp-json\/wp\/v2\/categories?post=24832"},{"taxonomy":"post_tag","embeddable":true,"href":"https:\/\/nitu.mx\/index.php\/wp-json\/wp\/v2\/tags?post=24832"}],"curies":[{"name":"wp","href":"https:\/\/api.w.org\/{rel}","templated":true}]}}