{"id":2464,"date":"2016-09-30T00:08:46","date_gmt":"2016-09-30T05:08:46","guid":{"rendered":"http:\/\/www.dev.nitu.mx\/?p=2464"},"modified":"2016-10-01T20:47:16","modified_gmt":"2016-10-02T01:47:16","slug":"tras-10-anos-volaris-llega-65-millones-de-clientes-transportados","status":"publish","type":"post","link":"https:\/\/nitu.mx\/index.php\/2016\/09\/30\/tras-10-anos-volaris-llega-65-millones-de-clientes-transportados\/","title":{"rendered":"Tras 10 a\u00f1os Volaris llega a 65 millones de clientes transportados"},"content":{"rendered":"<p>Volaris, la aerol\u00ednea mexicana de ultra bajo costo que opera en M\u00e9xico, Estados Unidos y Centroam\u00e9rica, logr\u00f3 alcanzar la cifra de 65 millones de clientes transportados desde su creaci\u00f3n en 2006 se\u00f1ala la empresa en un comunicado.<\/p>\n<p>Holger Blankenstein, Director Ejecutivo Comercial de Volaris declar\u00f3: \u201cEn Volaris continuamos creciendo y estamos muy emocionados por ver que el n\u00famero de clientes transportados aumenta cada vez m\u00e1s y con mayor rapidez, un reflejo de que nuestras estrategias de tarifas bajas, esquemas flexibles de servicios adicionales y conectividad punto a punto han generado excelentes resultados\u201d.<\/p>\n<p>Se dijo agradecido con sus clientes por elegir sus servicios y se\u00f1al\u00f3 que continuar\u00e1n trabajando \u201cen nuevas ideas para hacer de su experiencia de viaje la mejor que hayan tenido\u201d.<\/p>\n<p>Con 155 rutas a 65 destinos nacionales e internacionales, una moderna flota, de las m\u00e1s j\u00f3venes de las Am\u00e9ricas, compuesta por 64 aeronaves con tecnolog\u00eda de punta y un modelo de negocio de ultra bajo costo, Volaris es una de las aerol\u00edneas m\u00e1s importantes del pa\u00eds.<\/p>\n<p>Recientemente, la l\u00ednea a\u00e9rea incorpor\u00f3 a su flota el primero de 46 aviones Airbus A320neo, nave amigable con el medio ambiente, el cual adem\u00e1s de reducir emisiones de di\u00f3xido de carbono, reducir\u00e1 costos de operaci\u00f3n. (<a href=\"http:\/\/www.dev.nitu.mx\/index.php\/2016\/09\/19\/con-el-airbus-a320neo-volaris-reducira-considerablemente-sus-costos\/\" target=\"_blank\">Con el Airbus A320neo Volaris reducir\u00e1 costos y emisiones<\/a>)<\/p>\n","protected":false},"excerpt":{"rendered":"<p>Volaris, la aerol\u00ednea mexicana de ultra bajo costo que opera en M\u00e9xico, Estados Unidos y Centroam\u00e9rica, logr\u00f3 alcanzar la cifra de 65 millones de clientes transportados desde su creaci\u00f3n en 2006 se\u00f1ala la empresa en un comunicado. Holger Blankenstein, Director Ejecutivo Comercial de Volaris declar\u00f3: \u201cEn Volaris continuamos creciendo y estamos muy emocionados por ver [&hellip;]<\/p>\n","protected":false},"author":3,"featured_media":2488,"comment_status":"open","ping_status":"open","sticky":false,"template":"","format":"standard","meta":{"footnotes":""},"categories":[29,6],"tags":[403,808,806,100,807,78,131],"yoast_head":"<!-- This site is optimized with the Yoast SEO plugin v22.2 - https:\/\/yoast.com\/wordpress\/plugins\/seo\/ -->\n<title>Tras 10 a\u00f1os Volaris llega a 65 millones de clientes transportados<\/title>\n<meta name=\"description\" content=\"Volaris, la aerol\u00ednea mexicana de bajo costo que opera en M\u00e9xico, Estados Unidos y Centroam\u00e9rica, logr\u00f3 alcanzar 65 millones de clientes transportados.\" \/>\n<meta name=\"robots\" content=\"index, follow, max-snippet:-1, max-image-preview:large, max-video-preview:-1\" \/>\n<link rel=\"canonical\" href=\"https:\/\/nitu.mx\/index.php\/2016\/09\/30\/tras-10-anos-volaris-llega-65-millones-de-clientes-transportados\/\" \/>\n<meta name=\"twitter:card\" content=\"summary_large_image\" \/>\n<meta name=\"twitter:title\" content=\"Tras 10 a\u00f1os Volaris llega a 65 millones de clientes transportados\" \/>\n<meta name=\"twitter:description\" content=\"Volaris, la aerol\u00ednea mexicana de bajo costo que opera en M\u00e9xico, Estados Unidos y Centroam\u00e9rica, logr\u00f3 alcanzar 65 millones de clientes transportados.\" \/>\n<meta name=\"twitter:image\" content=\"https:\/\/nitu.mx\/wp-content\/uploads\/2016\/09\/volaris-mexico.jpg\" \/>\n<meta name=\"twitter:creator\" content=\"@NITUmx\" \/>\n<meta name=\"twitter:site\" content=\"@Arturo_Medina_G\" \/>\n<meta name=\"twitter:label1\" content=\"Escrito por\" \/>\n\t<meta name=\"twitter:data1\" content=\"Alejandra Moncisbays\" \/>\n\t<meta name=\"twitter:label2\" content=\"Tiempo de lectura\" \/>\n\t<meta name=\"twitter:data2\" content=\"1 minuto\" \/>\n<script type=\"application\/ld+json\" class=\"yoast-schema-graph\">{\"@context\":\"https:\/\/schema.org\",\"@graph\":[{\"@type\":\"Article\",\"@id\":\"https:\/\/nitu.mx\/index.php\/2016\/09\/30\/tras-10-anos-volaris-llega-65-millones-de-clientes-transportados\/#article\",\"isPartOf\":{\"@id\":\"https:\/\/nitu.mx\/index.php\/2016\/09\/30\/tras-10-anos-volaris-llega-65-millones-de-clientes-transportados\/\"},\"author\":{\"name\":\"Alejandra Moncisbays\",\"@id\":\"https:\/\/nitu.mx\/#\/schema\/person\/2ecd887b19dfd3382d1f14fc5acf24a8\"},\"headline\":\"Tras 10 a\u00f1os Volaris llega a 65 millones de clientes transportados\",\"datePublished\":\"2016-09-30T05:08:46+00:00\",\"dateModified\":\"2016-10-02T01:47:16+00:00\",\"mainEntityOfPage\":{\"@id\":\"https:\/\/nitu.mx\/index.php\/2016\/09\/30\/tras-10-anos-volaris-llega-65-millones-de-clientes-transportados\/\"},\"wordCount\":239,\"commentCount\":0,\"publisher\":{\"@id\":\"https:\/\/nitu.mx\/#\/schema\/person\/ae7a53426417292d3dd07b45a33e01bc\"},\"image\":{\"@id\":\"https:\/\/nitu.mx\/index.php\/2016\/09\/30\/tras-10-anos-volaris-llega-65-millones-de-clientes-transportados\/#primaryimage\"},\"thumbnailUrl\":\"https:\/\/nitu.mx\/wp-content\/uploads\/2016\/09\/volaris-mexico.jpg\",\"keywords\":[\"Centroam\u00e9rica\",\"Director Ejecutivo Comercial\",\"en M\u00e9xico\",\"Estados Unidos\",\"Holger Blankenstein\",\"Reino Unido\",\"Volaris\"],\"articleSection\":[\"Aerol\u00edneas\",\"M\u00e9xico\"],\"inLanguage\":\"es-MX\",\"potentialAction\":[{\"@type\":\"CommentAction\",\"name\":\"Comment\",\"target\":[\"https:\/\/nitu.mx\/index.php\/2016\/09\/30\/tras-10-anos-volaris-llega-65-millones-de-clientes-transportados\/#respond\"]}]},{\"@type\":\"WebPage\",\"@id\":\"https:\/\/nitu.mx\/index.php\/2016\/09\/30\/tras-10-anos-volaris-llega-65-millones-de-clientes-transportados\/\",\"url\":\"https:\/\/nitu.mx\/index.php\/2016\/09\/30\/tras-10-anos-volaris-llega-65-millones-de-clientes-transportados\/\",\"name\":\"Tras 10 a\u00f1os Volaris llega a 65 millones de clientes transportados\",\"isPartOf\":{\"@id\":\"https:\/\/nitu.mx\/#website\"},\"primaryImageOfPage\":{\"@id\":\"https:\/\/nitu.mx\/index.php\/2016\/09\/30\/tras-10-anos-volaris-llega-65-millones-de-clientes-transportados\/#primaryimage\"},\"image\":{\"@id\":\"https:\/\/nitu.mx\/index.php\/2016\/09\/30\/tras-10-anos-volaris-llega-65-millones-de-clientes-transportados\/#primaryimage\"},\"thumbnailUrl\":\"https:\/\/nitu.mx\/wp-content\/uploads\/2016\/09\/volaris-mexico.jpg\",\"datePublished\":\"2016-09-30T05:08:46+00:00\",\"dateModified\":\"2016-10-02T01:47:16+00:00\",\"description\":\"Volaris, la aerol\u00ednea mexicana de bajo costo que opera en M\u00e9xico, Estados Unidos y Centroam\u00e9rica, logr\u00f3 alcanzar 65 millones de clientes transportados.\",\"breadcrumb\":{\"@id\":\"https:\/\/nitu.mx\/index.php\/2016\/09\/30\/tras-10-anos-volaris-llega-65-millones-de-clientes-transportados\/#breadcrumb\"},\"inLanguage\":\"es-MX\",\"potentialAction\":[{\"@type\":\"ReadAction\",\"target\":[\"https:\/\/nitu.mx\/index.php\/2016\/09\/30\/tras-10-anos-volaris-llega-65-millones-de-clientes-transportados\/\"]}]},{\"@type\":\"ImageObject\",\"inLanguage\":\"es-MX\",\"@id\":\"https:\/\/nitu.mx\/index.php\/2016\/09\/30\/tras-10-anos-volaris-llega-65-millones-de-clientes-transportados\/#primaryimage\",\"url\":\"https:\/\/nitu.mx\/wp-content\/uploads\/2016\/09\/volaris-mexico.jpg\",\"contentUrl\":\"https:\/\/nitu.mx\/wp-content\/uploads\/2016\/09\/volaris-mexico.jpg\",\"width\":2000,\"height\":1061,\"caption\":\"Volaris\"},{\"@type\":\"BreadcrumbList\",\"@id\":\"https:\/\/nitu.mx\/index.php\/2016\/09\/30\/tras-10-anos-volaris-llega-65-millones-de-clientes-transportados\/#breadcrumb\",\"itemListElement\":[{\"@type\":\"ListItem\",\"position\":1,\"name\":\"Inicio\",\"item\":\"https:\/\/nitu.mx\/\"},{\"@type\":\"ListItem\",\"position\":2,\"name\":\"Tras 10 a\u00f1os Volaris llega a 65 millones de clientes transportados\"}]},{\"@type\":\"WebSite\",\"@id\":\"https:\/\/nitu.mx\/#website\",\"url\":\"https:\/\/nitu.mx\/\",\"name\":\"Nitu - Noticias de la Industria Turistica\",\"description\":\"Noticias de la Industria Turistica\",\"publisher\":{\"@id\":\"https:\/\/nitu.mx\/#\/schema\/person\/ae7a53426417292d3dd07b45a33e01bc\"},\"alternateName\":\"Noticias de la Industria Turistica\",\"potentialAction\":[{\"@type\":\"SearchAction\",\"target\":{\"@type\":\"EntryPoint\",\"urlTemplate\":\"https:\/\/nitu.mx\/?s={search_term_string}\"},\"query-input\":\"required name=search_term_string\"}],\"inLanguage\":\"es-MX\"},{\"@type\":[\"Person\",\"Organization\"],\"@id\":\"https:\/\/nitu.mx\/#\/schema\/person\/ae7a53426417292d3dd07b45a33e01bc\",\"name\":\"Arturo Medina\",\"image\":{\"@type\":\"ImageObject\",\"inLanguage\":\"es-MX\",\"@id\":\"https:\/\/nitu.mx\/#\/schema\/person\/image\/\",\"url\":\"https:\/\/nitu.mx\/wp-content\/uploads\/2024\/04\/4A315622-1904-4D5C-B022-878CDC840E04-90x90-1.jpeg\",\"contentUrl\":\"https:\/\/nitu.mx\/wp-content\/uploads\/2024\/04\/4A315622-1904-4D5C-B022-878CDC840E04-90x90-1.jpeg\",\"width\":90,\"height\":90,\"caption\":\"Arturo Medina\"},\"logo\":{\"@id\":\"https:\/\/nitu.mx\/#\/schema\/person\/image\/\"},\"description\":\"Director NITU.mx, Egresado de la Escuela de Periodismo Carlos Septi\u00e9n Garc\u00eda. Periodista y analista especializado en turismo desde hace 35 a\u00f1os, radicado en Canc\u00fan Q.Roo. arturo@nitu.mx\",\"sameAs\":[\"https:\/\/nitu.mx\",\"https:\/\/www.facebook.com\/NITUmx\/\",\"medinacancun\",\"https:\/\/twitter.com\/@Arturo_Medina_G\"]},{\"@type\":\"Person\",\"@id\":\"https:\/\/nitu.mx\/#\/schema\/person\/2ecd887b19dfd3382d1f14fc5acf24a8\",\"name\":\"Alejandra Moncisbays\",\"image\":{\"@type\":\"ImageObject\",\"inLanguage\":\"es-MX\",\"@id\":\"https:\/\/nitu.mx\/#\/schema\/person\/image\/\",\"url\":\"https:\/\/secure.gravatar.com\/avatar\/e74f7af0be172b7804dacfd0bfbef787?s=96&d=mm&r=g\",\"contentUrl\":\"https:\/\/secure.gravatar.com\/avatar\/e74f7af0be172b7804dacfd0bfbef787?s=96&d=mm&r=g\",\"caption\":\"Alejandra Moncisbays\"},\"description\":\"Curs\u00e9 la carrera de Periodismo y Comunicaci\u00f3n en la Facultad de Estudios Profesionales Acatl\u00e1n. Vivo en Canc\u00fan desde hace 24 a\u00f1os. Fui reportera de La Tarde de Canc\u00fan, y Novedades de Quintana Roo, colabor\u00e9 en TVCUN, edit\u00e9 Cancun\u00edssimo y colabor\u00e9 en las revistas Latitud21, entre otras, con principal enfoque en los sectores empresarial y tur\u00edstico. Desde hace varios a\u00f1os soy Agente de Seguros con c\u00e9dula de la Comisi\u00f3n Nacional de Seguros y Fianzas. Actualmente, me desarrollo en los \u00e1mbitos del periodismo y el sector asegurador.\",\"sameAs\":[\"https:\/\/nitu.mx\"],\"url\":\"https:\/\/nitu.mx\/index.php\/author\/alejandra\/\"}]}<\/script>\n<!-- \/ Yoast SEO plugin. -->","yoast_head_json":{"title":"Tras 10 a\u00f1os Volaris llega a 65 millones de clientes transportados","description":"Volaris, la aerol\u00ednea mexicana de bajo costo que opera en M\u00e9xico, Estados Unidos y Centroam\u00e9rica, logr\u00f3 alcanzar 65 millones de clientes transportados.","robots":{"index":"index","follow":"follow","max-snippet":"max-snippet:-1","max-image-preview":"max-image-preview:large","max-video-preview":"max-video-preview:-1"},"canonical":"https:\/\/nitu.mx\/index.php\/2016\/09\/30\/tras-10-anos-volaris-llega-65-millones-de-clientes-transportados\/","twitter_card":"summary_large_image","twitter_title":"Tras 10 a\u00f1os Volaris llega a 65 millones de clientes transportados","twitter_description":"Volaris, la aerol\u00ednea mexicana de bajo costo que opera en M\u00e9xico, Estados Unidos y Centroam\u00e9rica, logr\u00f3 alcanzar 65 millones de clientes transportados.","twitter_image":"https:\/\/nitu.mx\/wp-content\/uploads\/2016\/09\/volaris-mexico.jpg","twitter_creator":"@NITUmx","twitter_site":"@Arturo_Medina_G","twitter_misc":{"Escrito por":"Alejandra Moncisbays","Tiempo de lectura":"1 minuto"},"schema":{"@context":"https:\/\/schema.org","@graph":[{"@type":"Article","@id":"https:\/\/nitu.mx\/index.php\/2016\/09\/30\/tras-10-anos-volaris-llega-65-millones-de-clientes-transportados\/#article","isPartOf":{"@id":"https:\/\/nitu.mx\/index.php\/2016\/09\/30\/tras-10-anos-volaris-llega-65-millones-de-clientes-transportados\/"},"author":{"name":"Alejandra Moncisbays","@id":"https:\/\/nitu.mx\/#\/schema\/person\/2ecd887b19dfd3382d1f14fc5acf24a8"},"headline":"Tras 10 a\u00f1os Volaris llega a 65 millones de clientes transportados","datePublished":"2016-09-30T05:08:46+00:00","dateModified":"2016-10-02T01:47:16+00:00","mainEntityOfPage":{"@id":"https:\/\/nitu.mx\/index.php\/2016\/09\/30\/tras-10-anos-volaris-llega-65-millones-de-clientes-transportados\/"},"wordCount":239,"commentCount":0,"publisher":{"@id":"https:\/\/nitu.mx\/#\/schema\/person\/ae7a53426417292d3dd07b45a33e01bc"},"image":{"@id":"https:\/\/nitu.mx\/index.php\/2016\/09\/30\/tras-10-anos-volaris-llega-65-millones-de-clientes-transportados\/#primaryimage"},"thumbnailUrl":"https:\/\/nitu.mx\/wp-content\/uploads\/2016\/09\/volaris-mexico.jpg","keywords":["Centroam\u00e9rica","Director Ejecutivo Comercial","en M\u00e9xico","Estados Unidos","Holger Blankenstein","Reino Unido","Volaris"],"articleSection":["Aerol\u00edneas","M\u00e9xico"],"inLanguage":"es-MX","potentialAction":[{"@type":"CommentAction","name":"Comment","target":["https:\/\/nitu.mx\/index.php\/2016\/09\/30\/tras-10-anos-volaris-llega-65-millones-de-clientes-transportados\/#respond"]}]},{"@type":"WebPage","@id":"https:\/\/nitu.mx\/index.php\/2016\/09\/30\/tras-10-anos-volaris-llega-65-millones-de-clientes-transportados\/","url":"https:\/\/nitu.mx\/index.php\/2016\/09\/30\/tras-10-anos-volaris-llega-65-millones-de-clientes-transportados\/","name":"Tras 10 a\u00f1os Volaris llega a 65 millones de clientes transportados","isPartOf":{"@id":"https:\/\/nitu.mx\/#website"},"primaryImageOfPage":{"@id":"https:\/\/nitu.mx\/index.php\/2016\/09\/30\/tras-10-anos-volaris-llega-65-millones-de-clientes-transportados\/#primaryimage"},"image":{"@id":"https:\/\/nitu.mx\/index.php\/2016\/09\/30\/tras-10-anos-volaris-llega-65-millones-de-clientes-transportados\/#primaryimage"},"thumbnailUrl":"https:\/\/nitu.mx\/wp-content\/uploads\/2016\/09\/volaris-mexico.jpg","datePublished":"2016-09-30T05:08:46+00:00","dateModified":"2016-10-02T01:47:16+00:00","description":"Volaris, la aerol\u00ednea mexicana de bajo costo que opera en M\u00e9xico, Estados Unidos y Centroam\u00e9rica, logr\u00f3 alcanzar 65 millones de clientes transportados.","breadcrumb":{"@id":"https:\/\/nitu.mx\/index.php\/2016\/09\/30\/tras-10-anos-volaris-llega-65-millones-de-clientes-transportados\/#breadcrumb"},"inLanguage":"es-MX","potentialAction":[{"@type":"ReadAction","target":["https:\/\/nitu.mx\/index.php\/2016\/09\/30\/tras-10-anos-volaris-llega-65-millones-de-clientes-transportados\/"]}]},{"@type":"ImageObject","inLanguage":"es-MX","@id":"https:\/\/nitu.mx\/index.php\/2016\/09\/30\/tras-10-anos-volaris-llega-65-millones-de-clientes-transportados\/#primaryimage","url":"https:\/\/nitu.mx\/wp-content\/uploads\/2016\/09\/volaris-mexico.jpg","contentUrl":"https:\/\/nitu.mx\/wp-content\/uploads\/2016\/09\/volaris-mexico.jpg","width":2000,"height":1061,"caption":"Volaris"},{"@type":"BreadcrumbList","@id":"https:\/\/nitu.mx\/index.php\/2016\/09\/30\/tras-10-anos-volaris-llega-65-millones-de-clientes-transportados\/#breadcrumb","itemListElement":[{"@type":"ListItem","position":1,"name":"Inicio","item":"https:\/\/nitu.mx\/"},{"@type":"ListItem","position":2,"name":"Tras 10 a\u00f1os Volaris llega a 65 millones de clientes transportados"}]},{"@type":"WebSite","@id":"https:\/\/nitu.mx\/#website","url":"https:\/\/nitu.mx\/","name":"Nitu - Noticias de la Industria Turistica","description":"Noticias de la Industria Turistica","publisher":{"@id":"https:\/\/nitu.mx\/#\/schema\/person\/ae7a53426417292d3dd07b45a33e01bc"},"alternateName":"Noticias de la Industria Turistica","potentialAction":[{"@type":"SearchAction","target":{"@type":"EntryPoint","urlTemplate":"https:\/\/nitu.mx\/?s={search_term_string}"},"query-input":"required name=search_term_string"}],"inLanguage":"es-MX"},{"@type":["Person","Organization"],"@id":"https:\/\/nitu.mx\/#\/schema\/person\/ae7a53426417292d3dd07b45a33e01bc","name":"Arturo Medina","image":{"@type":"ImageObject","inLanguage":"es-MX","@id":"https:\/\/nitu.mx\/#\/schema\/person\/image\/","url":"https:\/\/nitu.mx\/wp-content\/uploads\/2024\/04\/4A315622-1904-4D5C-B022-878CDC840E04-90x90-1.jpeg","contentUrl":"https:\/\/nitu.mx\/wp-content\/uploads\/2024\/04\/4A315622-1904-4D5C-B022-878CDC840E04-90x90-1.jpeg","width":90,"height":90,"caption":"Arturo Medina"},"logo":{"@id":"https:\/\/nitu.mx\/#\/schema\/person\/image\/"},"description":"Director NITU.mx, Egresado de la Escuela de Periodismo Carlos Septi\u00e9n Garc\u00eda. Periodista y analista especializado en turismo desde hace 35 a\u00f1os, radicado en Canc\u00fan Q.Roo. arturo@nitu.mx","sameAs":["https:\/\/nitu.mx","https:\/\/www.facebook.com\/NITUmx\/","medinacancun","https:\/\/twitter.com\/@Arturo_Medina_G"]},{"@type":"Person","@id":"https:\/\/nitu.mx\/#\/schema\/person\/2ecd887b19dfd3382d1f14fc5acf24a8","name":"Alejandra Moncisbays","image":{"@type":"ImageObject","inLanguage":"es-MX","@id":"https:\/\/nitu.mx\/#\/schema\/person\/image\/","url":"https:\/\/secure.gravatar.com\/avatar\/e74f7af0be172b7804dacfd0bfbef787?s=96&d=mm&r=g","contentUrl":"https:\/\/secure.gravatar.com\/avatar\/e74f7af0be172b7804dacfd0bfbef787?s=96&d=mm&r=g","caption":"Alejandra Moncisbays"},"description":"Curs\u00e9 la carrera de Periodismo y Comunicaci\u00f3n en la Facultad de Estudios Profesionales Acatl\u00e1n. Vivo en Canc\u00fan desde hace 24 a\u00f1os. Fui reportera de La Tarde de Canc\u00fan, y Novedades de Quintana Roo, colabor\u00e9 en TVCUN, edit\u00e9 Cancun\u00edssimo y colabor\u00e9 en las revistas Latitud21, entre otras, con principal enfoque en los sectores empresarial y tur\u00edstico. Desde hace varios a\u00f1os soy Agente de Seguros con c\u00e9dula de la Comisi\u00f3n Nacional de Seguros y Fianzas. Actualmente, me desarrollo en los \u00e1mbitos del periodismo y el sector asegurador.","sameAs":["https:\/\/nitu.mx"],"url":"https:\/\/nitu.mx\/index.php\/author\/alejandra\/"}]}},"views":306,"_links":{"self":[{"href":"https:\/\/nitu.mx\/index.php\/wp-json\/wp\/v2\/posts\/2464"}],"collection":[{"href":"https:\/\/nitu.mx\/index.php\/wp-json\/wp\/v2\/posts"}],"about":[{"href":"https:\/\/nitu.mx\/index.php\/wp-json\/wp\/v2\/types\/post"}],"author":[{"embeddable":true,"href":"https:\/\/nitu.mx\/index.php\/wp-json\/wp\/v2\/users\/3"}],"replies":[{"embeddable":true,"href":"https:\/\/nitu.mx\/index.php\/wp-json\/wp\/v2\/comments?post=2464"}],"version-history":[{"count":6,"href":"https:\/\/nitu.mx\/index.php\/wp-json\/wp\/v2\/posts\/2464\/revisions"}],"predecessor-version":[{"id":2522,"href":"https:\/\/nitu.mx\/index.php\/wp-json\/wp\/v2\/posts\/2464\/revisions\/2522"}],"wp:featuredmedia":[{"embeddable":true,"href":"https:\/\/nitu.mx\/index.php\/wp-json\/wp\/v2\/media\/2488"}],"wp:attachment":[{"href":"https:\/\/nitu.mx\/index.php\/wp-json\/wp\/v2\/media?parent=2464"}],"wp:term":[{"taxonomy":"category","embeddable":true,"href":"https:\/\/nitu.mx\/index.php\/wp-json\/wp\/v2\/categories?post=2464"},{"taxonomy":"post_tag","embeddable":true,"href":"https:\/\/nitu.mx\/index.php\/wp-json\/wp\/v2\/tags?post=2464"}],"curies":[{"name":"wp","href":"https:\/\/api.w.org\/{rel}","templated":true}]}}