{"id":24471,"date":"2018-09-14T00:13:21","date_gmt":"2018-09-14T05:13:21","guid":{"rendered":"https:\/\/www.dev.nitu.mx\/?p=24471"},"modified":"2018-09-14T00:36:01","modified_gmt":"2018-09-14T05:36:01","slug":"viva-aerobus-cierra-el-ano-con-98-rutas","status":"publish","type":"post","link":"https:\/\/nitu.mx\/index.php\/2018\/09\/14\/viva-aerobus-cierra-el-ano-con-98-rutas\/","title":{"rendered":"Viva Aerobus cierra el a\u00f1o con 98 rutas"},"content":{"rendered":"<p>Antes que finalice el a\u00f1o, la aerol\u00ednea que comanda Juan Carlos Zuazua integrar\u00e1 a su red de rutas nuevos vuelos a regulares de Ciudad de M\u00e9xico a Culiac\u00e1n, M\u00e9rida &#8211; Villahermosa; as\u00ed como las rutas de temporada de Monterrey &#8211; Los \u00c1ngeles y Puebla -Tuxtla Guti\u00e9rrez.<\/p>\n<p>\u201cEstos nuevos vuelos responden a la necesidad de ofrecer a los pasajeros una conectividad a\u00e9rea accesible a un mayor n\u00famero de destinos\u201d, coment\u00f3 Zuazua.<\/p>\n<p>El directivo destac\u00f3 que el anuncio de estas nuevas rutas es un paso muy importante para su crecimiento, ya que los satisface inaugurar tantos puentes a\u00e9reos que adem\u00e1s de distinguirse por sus precios bajos, aportan un servicio enfocado al cliente y la experiencia de volar en una de las flotas m\u00e1s j\u00f3venes del mundo.<\/p>\n<p>Zuazua se\u00f1al\u00f3 que la ruta CDMX a Culiac\u00e1n iniciar\u00e1 operaciones el pr\u00f3ximo 13 de diciembre con cuatro vuelos a la semana y contar\u00e1 con una tarifa de introducci\u00f3n de $748 pesos en viaje sencillo; mientras que el vuelo de\u00a0 M\u00e9rida a Villahermosa comenzar\u00e1 operaciones a partir del 15 de diciembre con dos frecuencias a la semana con tarifa desde $698 pesos.<\/p>\n<p>Las rutas de temporada iniciar\u00e1n el 13 de diciembre con dos vuelos a la semana. La ruta de Monterrey a Los \u00c1ngeles operar\u00e1 hasta el 2 de enero y la de Puebla-Tuxtla Guti\u00e9rrez hasta el 3 de enero de 2019.<\/p>\n<p>Con estos nuevos vuelos, la aerol\u00ednea se consolida como el operador que ofrece m\u00e1s destinos desde las siguientes ciudades: Monterrey con 31 destinos; M\u00e9rida, Villahermosa, Tuxtla y Culiac\u00e1n con 6; y Puebla con 5. &#8220;Este amplio liderazgo en m\u00faltiples regiones del pa\u00eds es el claro resultado de su apuesta por M\u00e9xico y su accesibilidad a nivel nacional y local, respaldado por la creciente preferencia de los pasajeros&#8221;, dijo Zuazua.<\/p>\n<p>Recientemente la aerol\u00ednea celebr\u00f3 la llegada de su nuevo Airbus A320neo con el que estar\u00e1 operando las nuevas rutas. A la fecha Viva mantiene una flota de 27 aeronaves: 22 Airbus A320ceo y 5 Airbus A320neo.\u00a0<a title=\"Viva Aerobus creci\u00f3 20 por ciento en el primer semestre de 2018\" href=\"https:\/\/www.dev.nitu.mx\/index.php\/2018\/08\/05\/viva-aerobus-crecio-20-por-ciento-en-el-primer-semestre-de-2018\/\" rel=\"bookmark\">(Viva Aerobus creci\u00f3 20 por ciento en el primer semestre de 2018<\/a>).<\/p>\n","protected":false},"excerpt":{"rendered":"<p>Antes que finalice el a\u00f1o, la aerol\u00ednea que comanda Juan Carlos Zuazua integrar\u00e1 a su red de rutas nuevos vuelos a regulares de Ciudad de M\u00e9xico a Culiac\u00e1n, M\u00e9rida &#8211; Villahermosa; as\u00ed como las rutas de temporada de Monterrey &#8211; Los \u00c1ngeles y Puebla -Tuxtla Guti\u00e9rrez. \u201cEstos nuevos vuelos responden a la necesidad de ofrecer [&hellip;]<\/p>\n","protected":false},"author":17,"featured_media":10972,"comment_status":"open","ping_status":"open","sticky":false,"template":"","format":"standard","meta":{"footnotes":""},"categories":[29,6],"tags":[12332,445,295,2102],"yoast_head":"<!-- This site is optimized with the Yoast SEO plugin v22.2 - https:\/\/yoast.com\/wordpress\/plugins\/seo\/ -->\n<title>Viva Aerobus cierra el a\u00f1o con 98 rutas - Nitu - Noticias de la Industria Turistica<\/title>\n<meta name=\"description\" content=\"Viva Aerobus integrar\u00e1 a su red de rutas nuevos vuelos a regulares de Ciudad de M\u00e9xico a Culiac\u00e1n, M\u00e9rida - Villahermosa; as\u00ed como las rutas de temporada de Monterrey - Los \u00c1ngeles y Puebla -Tuxtla Guti\u00e9rrez.\" \/>\n<meta name=\"robots\" content=\"index, follow, max-snippet:-1, max-image-preview:large, max-video-preview:-1\" \/>\n<link rel=\"canonical\" href=\"https:\/\/nitu.mx\/index.php\/2018\/09\/14\/viva-aerobus-cierra-el-ano-con-98-rutas\/\" \/>\n<meta name=\"twitter:card\" content=\"summary_large_image\" \/>\n<meta name=\"twitter:title\" content=\"Viva Aerobus cierra el a\u00f1o con 98 rutas - Nitu - Noticias de la Industria Turistica\" \/>\n<meta name=\"twitter:description\" content=\"Viva Aerobus integrar\u00e1 a su red de rutas nuevos vuelos a regulares de Ciudad de M\u00e9xico a Culiac\u00e1n, M\u00e9rida - Villahermosa; as\u00ed como las rutas de temporada de Monterrey - Los \u00c1ngeles y Puebla -Tuxtla Guti\u00e9rrez.\" \/>\n<meta name=\"twitter:image\" content=\"https:\/\/nitu.mx\/wp-content\/uploads\/2017\/06\/vivaaerobus-1.jpg\" \/>\n<meta name=\"twitter:creator\" content=\"@NITUmx\" \/>\n<meta name=\"twitter:site\" content=\"@Arturo_Medina_G\" \/>\n<meta name=\"twitter:label1\" content=\"Escrito por\" \/>\n\t<meta name=\"twitter:data1\" content=\"Redacci\u00f3n\" \/>\n\t<meta name=\"twitter:label2\" content=\"Tiempo de lectura\" \/>\n\t<meta name=\"twitter:data2\" content=\"2 minutos\" \/>\n<script type=\"application\/ld+json\" class=\"yoast-schema-graph\">{\"@context\":\"https:\/\/schema.org\",\"@graph\":[{\"@type\":\"Article\",\"@id\":\"https:\/\/nitu.mx\/index.php\/2018\/09\/14\/viva-aerobus-cierra-el-ano-con-98-rutas\/#article\",\"isPartOf\":{\"@id\":\"https:\/\/nitu.mx\/index.php\/2018\/09\/14\/viva-aerobus-cierra-el-ano-con-98-rutas\/\"},\"author\":{\"name\":\"Redacci\u00f3n\",\"@id\":\"https:\/\/nitu.mx\/#\/schema\/person\/4a28fe9bd65924f7c90623773daf1b0b\"},\"headline\":\"Viva Aerobus cierra el a\u00f1o con 98 rutas\",\"datePublished\":\"2018-09-14T05:13:21+00:00\",\"dateModified\":\"2018-09-14T05:36:01+00:00\",\"mainEntityOfPage\":{\"@id\":\"https:\/\/nitu.mx\/index.php\/2018\/09\/14\/viva-aerobus-cierra-el-ano-con-98-rutas\/\"},\"wordCount\":364,\"commentCount\":0,\"publisher\":{\"@id\":\"https:\/\/nitu.mx\/#\/schema\/person\/ae7a53426417292d3dd07b45a33e01bc\"},\"image\":{\"@id\":\"https:\/\/nitu.mx\/index.php\/2018\/09\/14\/viva-aerobus-cierra-el-ano-con-98-rutas\/#primaryimage\"},\"thumbnailUrl\":\"https:\/\/nitu.mx\/wp-content\/uploads\/2017\/06\/vivaaerobus-1.jpg\",\"keywords\":[\"A320ceo\",\"A320neo\",\"Juan Carlos Zuazua\",\"Viva Aerobus\"],\"articleSection\":[\"Aerol\u00edneas\",\"M\u00e9xico\"],\"inLanguage\":\"es-MX\",\"potentialAction\":[{\"@type\":\"CommentAction\",\"name\":\"Comment\",\"target\":[\"https:\/\/nitu.mx\/index.php\/2018\/09\/14\/viva-aerobus-cierra-el-ano-con-98-rutas\/#respond\"]}]},{\"@type\":\"WebPage\",\"@id\":\"https:\/\/nitu.mx\/index.php\/2018\/09\/14\/viva-aerobus-cierra-el-ano-con-98-rutas\/\",\"url\":\"https:\/\/nitu.mx\/index.php\/2018\/09\/14\/viva-aerobus-cierra-el-ano-con-98-rutas\/\",\"name\":\"Viva Aerobus cierra el a\u00f1o con 98 rutas - Nitu - Noticias de la Industria Turistica\",\"isPartOf\":{\"@id\":\"https:\/\/nitu.mx\/#website\"},\"primaryImageOfPage\":{\"@id\":\"https:\/\/nitu.mx\/index.php\/2018\/09\/14\/viva-aerobus-cierra-el-ano-con-98-rutas\/#primaryimage\"},\"image\":{\"@id\":\"https:\/\/nitu.mx\/index.php\/2018\/09\/14\/viva-aerobus-cierra-el-ano-con-98-rutas\/#primaryimage\"},\"thumbnailUrl\":\"https:\/\/nitu.mx\/wp-content\/uploads\/2017\/06\/vivaaerobus-1.jpg\",\"datePublished\":\"2018-09-14T05:13:21+00:00\",\"dateModified\":\"2018-09-14T05:36:01+00:00\",\"description\":\"Viva Aerobus integrar\u00e1 a su red de rutas nuevos vuelos a regulares de Ciudad de M\u00e9xico a Culiac\u00e1n, M\u00e9rida - Villahermosa; as\u00ed como las rutas de temporada de Monterrey - Los \u00c1ngeles y Puebla -Tuxtla Guti\u00e9rrez.\",\"breadcrumb\":{\"@id\":\"https:\/\/nitu.mx\/index.php\/2018\/09\/14\/viva-aerobus-cierra-el-ano-con-98-rutas\/#breadcrumb\"},\"inLanguage\":\"es-MX\",\"potentialAction\":[{\"@type\":\"ReadAction\",\"target\":[\"https:\/\/nitu.mx\/index.php\/2018\/09\/14\/viva-aerobus-cierra-el-ano-con-98-rutas\/\"]}]},{\"@type\":\"ImageObject\",\"inLanguage\":\"es-MX\",\"@id\":\"https:\/\/nitu.mx\/index.php\/2018\/09\/14\/viva-aerobus-cierra-el-ano-con-98-rutas\/#primaryimage\",\"url\":\"https:\/\/nitu.mx\/wp-content\/uploads\/2017\/06\/vivaaerobus-1.jpg\",\"contentUrl\":\"https:\/\/nitu.mx\/wp-content\/uploads\/2017\/06\/vivaaerobus-1.jpg\",\"width\":850,\"height\":480,\"caption\":\"viva aerobus\"},{\"@type\":\"BreadcrumbList\",\"@id\":\"https:\/\/nitu.mx\/index.php\/2018\/09\/14\/viva-aerobus-cierra-el-ano-con-98-rutas\/#breadcrumb\",\"itemListElement\":[{\"@type\":\"ListItem\",\"position\":1,\"name\":\"Inicio\",\"item\":\"https:\/\/nitu.mx\/\"},{\"@type\":\"ListItem\",\"position\":2,\"name\":\"Viva Aerobus cierra el a\u00f1o con 98 rutas\"}]},{\"@type\":\"WebSite\",\"@id\":\"https:\/\/nitu.mx\/#website\",\"url\":\"https:\/\/nitu.mx\/\",\"name\":\"Nitu - Noticias de la Industria Turistica\",\"description\":\"Noticias de la Industria Turistica\",\"publisher\":{\"@id\":\"https:\/\/nitu.mx\/#\/schema\/person\/ae7a53426417292d3dd07b45a33e01bc\"},\"alternateName\":\"Noticias de la Industria Turistica\",\"potentialAction\":[{\"@type\":\"SearchAction\",\"target\":{\"@type\":\"EntryPoint\",\"urlTemplate\":\"https:\/\/nitu.mx\/?s={search_term_string}\"},\"query-input\":\"required name=search_term_string\"}],\"inLanguage\":\"es-MX\"},{\"@type\":[\"Person\",\"Organization\"],\"@id\":\"https:\/\/nitu.mx\/#\/schema\/person\/ae7a53426417292d3dd07b45a33e01bc\",\"name\":\"Arturo Medina\",\"image\":{\"@type\":\"ImageObject\",\"inLanguage\":\"es-MX\",\"@id\":\"https:\/\/nitu.mx\/#\/schema\/person\/image\/\",\"url\":\"https:\/\/nitu.mx\/wp-content\/uploads\/2024\/04\/4A315622-1904-4D5C-B022-878CDC840E04-90x90-1.jpeg\",\"contentUrl\":\"https:\/\/nitu.mx\/wp-content\/uploads\/2024\/04\/4A315622-1904-4D5C-B022-878CDC840E04-90x90-1.jpeg\",\"width\":90,\"height\":90,\"caption\":\"Arturo Medina\"},\"logo\":{\"@id\":\"https:\/\/nitu.mx\/#\/schema\/person\/image\/\"},\"description\":\"Director NITU.mx, Egresado de la Escuela de Periodismo Carlos Septi\u00e9n Garc\u00eda. Periodista y analista especializado en turismo desde hace 35 a\u00f1os, radicado en Canc\u00fan Q.Roo. arturo@nitu.mx\",\"sameAs\":[\"https:\/\/nitu.mx\",\"https:\/\/www.facebook.com\/NITUmx\/\",\"medinacancun\",\"https:\/\/twitter.com\/@Arturo_Medina_G\"]},{\"@type\":\"Person\",\"@id\":\"https:\/\/nitu.mx\/#\/schema\/person\/4a28fe9bd65924f7c90623773daf1b0b\",\"name\":\"Redacci\u00f3n\",\"image\":{\"@type\":\"ImageObject\",\"inLanguage\":\"es-MX\",\"@id\":\"https:\/\/nitu.mx\/#\/schema\/person\/image\/\",\"url\":\"https:\/\/secure.gravatar.com\/avatar\/5dd011c8ccfc5cd7e4c81e42252aab38?s=96&d=mm&r=g\",\"contentUrl\":\"https:\/\/secure.gravatar.com\/avatar\/5dd011c8ccfc5cd7e4c81e42252aab38?s=96&d=mm&r=g\",\"caption\":\"Redacci\u00f3n\"},\"url\":\"https:\/\/nitu.mx\/index.php\/author\/redaccion\/\"}]}<\/script>\n<!-- \/ Yoast SEO plugin. -->","yoast_head_json":{"title":"Viva Aerobus cierra el a\u00f1o con 98 rutas - Nitu - Noticias de la Industria Turistica","description":"Viva Aerobus integrar\u00e1 a su red de rutas nuevos vuelos a regulares de Ciudad de M\u00e9xico a Culiac\u00e1n, M\u00e9rida - Villahermosa; as\u00ed como las rutas de temporada de Monterrey - Los \u00c1ngeles y Puebla -Tuxtla Guti\u00e9rrez.","robots":{"index":"index","follow":"follow","max-snippet":"max-snippet:-1","max-image-preview":"max-image-preview:large","max-video-preview":"max-video-preview:-1"},"canonical":"https:\/\/nitu.mx\/index.php\/2018\/09\/14\/viva-aerobus-cierra-el-ano-con-98-rutas\/","twitter_card":"summary_large_image","twitter_title":"Viva Aerobus cierra el a\u00f1o con 98 rutas - Nitu - Noticias de la Industria Turistica","twitter_description":"Viva Aerobus integrar\u00e1 a su red de rutas nuevos vuelos a regulares de Ciudad de M\u00e9xico a Culiac\u00e1n, M\u00e9rida - Villahermosa; as\u00ed como las rutas de temporada de Monterrey - Los \u00c1ngeles y Puebla -Tuxtla Guti\u00e9rrez.","twitter_image":"https:\/\/nitu.mx\/wp-content\/uploads\/2017\/06\/vivaaerobus-1.jpg","twitter_creator":"@NITUmx","twitter_site":"@Arturo_Medina_G","twitter_misc":{"Escrito por":"Redacci\u00f3n","Tiempo de lectura":"2 minutos"},"schema":{"@context":"https:\/\/schema.org","@graph":[{"@type":"Article","@id":"https:\/\/nitu.mx\/index.php\/2018\/09\/14\/viva-aerobus-cierra-el-ano-con-98-rutas\/#article","isPartOf":{"@id":"https:\/\/nitu.mx\/index.php\/2018\/09\/14\/viva-aerobus-cierra-el-ano-con-98-rutas\/"},"author":{"name":"Redacci\u00f3n","@id":"https:\/\/nitu.mx\/#\/schema\/person\/4a28fe9bd65924f7c90623773daf1b0b"},"headline":"Viva Aerobus cierra el a\u00f1o con 98 rutas","datePublished":"2018-09-14T05:13:21+00:00","dateModified":"2018-09-14T05:36:01+00:00","mainEntityOfPage":{"@id":"https:\/\/nitu.mx\/index.php\/2018\/09\/14\/viva-aerobus-cierra-el-ano-con-98-rutas\/"},"wordCount":364,"commentCount":0,"publisher":{"@id":"https:\/\/nitu.mx\/#\/schema\/person\/ae7a53426417292d3dd07b45a33e01bc"},"image":{"@id":"https:\/\/nitu.mx\/index.php\/2018\/09\/14\/viva-aerobus-cierra-el-ano-con-98-rutas\/#primaryimage"},"thumbnailUrl":"https:\/\/nitu.mx\/wp-content\/uploads\/2017\/06\/vivaaerobus-1.jpg","keywords":["A320ceo","A320neo","Juan Carlos Zuazua","Viva Aerobus"],"articleSection":["Aerol\u00edneas","M\u00e9xico"],"inLanguage":"es-MX","potentialAction":[{"@type":"CommentAction","name":"Comment","target":["https:\/\/nitu.mx\/index.php\/2018\/09\/14\/viva-aerobus-cierra-el-ano-con-98-rutas\/#respond"]}]},{"@type":"WebPage","@id":"https:\/\/nitu.mx\/index.php\/2018\/09\/14\/viva-aerobus-cierra-el-ano-con-98-rutas\/","url":"https:\/\/nitu.mx\/index.php\/2018\/09\/14\/viva-aerobus-cierra-el-ano-con-98-rutas\/","name":"Viva Aerobus cierra el a\u00f1o con 98 rutas - Nitu - Noticias de la Industria Turistica","isPartOf":{"@id":"https:\/\/nitu.mx\/#website"},"primaryImageOfPage":{"@id":"https:\/\/nitu.mx\/index.php\/2018\/09\/14\/viva-aerobus-cierra-el-ano-con-98-rutas\/#primaryimage"},"image":{"@id":"https:\/\/nitu.mx\/index.php\/2018\/09\/14\/viva-aerobus-cierra-el-ano-con-98-rutas\/#primaryimage"},"thumbnailUrl":"https:\/\/nitu.mx\/wp-content\/uploads\/2017\/06\/vivaaerobus-1.jpg","datePublished":"2018-09-14T05:13:21+00:00","dateModified":"2018-09-14T05:36:01+00:00","description":"Viva Aerobus integrar\u00e1 a su red de rutas nuevos vuelos a regulares de Ciudad de M\u00e9xico a Culiac\u00e1n, M\u00e9rida - Villahermosa; as\u00ed como las rutas de temporada de Monterrey - Los \u00c1ngeles y Puebla -Tuxtla Guti\u00e9rrez.","breadcrumb":{"@id":"https:\/\/nitu.mx\/index.php\/2018\/09\/14\/viva-aerobus-cierra-el-ano-con-98-rutas\/#breadcrumb"},"inLanguage":"es-MX","potentialAction":[{"@type":"ReadAction","target":["https:\/\/nitu.mx\/index.php\/2018\/09\/14\/viva-aerobus-cierra-el-ano-con-98-rutas\/"]}]},{"@type":"ImageObject","inLanguage":"es-MX","@id":"https:\/\/nitu.mx\/index.php\/2018\/09\/14\/viva-aerobus-cierra-el-ano-con-98-rutas\/#primaryimage","url":"https:\/\/nitu.mx\/wp-content\/uploads\/2017\/06\/vivaaerobus-1.jpg","contentUrl":"https:\/\/nitu.mx\/wp-content\/uploads\/2017\/06\/vivaaerobus-1.jpg","width":850,"height":480,"caption":"viva aerobus"},{"@type":"BreadcrumbList","@id":"https:\/\/nitu.mx\/index.php\/2018\/09\/14\/viva-aerobus-cierra-el-ano-con-98-rutas\/#breadcrumb","itemListElement":[{"@type":"ListItem","position":1,"name":"Inicio","item":"https:\/\/nitu.mx\/"},{"@type":"ListItem","position":2,"name":"Viva Aerobus cierra el a\u00f1o con 98 rutas"}]},{"@type":"WebSite","@id":"https:\/\/nitu.mx\/#website","url":"https:\/\/nitu.mx\/","name":"Nitu - Noticias de la Industria Turistica","description":"Noticias de la Industria Turistica","publisher":{"@id":"https:\/\/nitu.mx\/#\/schema\/person\/ae7a53426417292d3dd07b45a33e01bc"},"alternateName":"Noticias de la Industria Turistica","potentialAction":[{"@type":"SearchAction","target":{"@type":"EntryPoint","urlTemplate":"https:\/\/nitu.mx\/?s={search_term_string}"},"query-input":"required name=search_term_string"}],"inLanguage":"es-MX"},{"@type":["Person","Organization"],"@id":"https:\/\/nitu.mx\/#\/schema\/person\/ae7a53426417292d3dd07b45a33e01bc","name":"Arturo Medina","image":{"@type":"ImageObject","inLanguage":"es-MX","@id":"https:\/\/nitu.mx\/#\/schema\/person\/image\/","url":"https:\/\/nitu.mx\/wp-content\/uploads\/2024\/04\/4A315622-1904-4D5C-B022-878CDC840E04-90x90-1.jpeg","contentUrl":"https:\/\/nitu.mx\/wp-content\/uploads\/2024\/04\/4A315622-1904-4D5C-B022-878CDC840E04-90x90-1.jpeg","width":90,"height":90,"caption":"Arturo Medina"},"logo":{"@id":"https:\/\/nitu.mx\/#\/schema\/person\/image\/"},"description":"Director NITU.mx, Egresado de la Escuela de Periodismo Carlos Septi\u00e9n Garc\u00eda. Periodista y analista especializado en turismo desde hace 35 a\u00f1os, radicado en Canc\u00fan Q.Roo. arturo@nitu.mx","sameAs":["https:\/\/nitu.mx","https:\/\/www.facebook.com\/NITUmx\/","medinacancun","https:\/\/twitter.com\/@Arturo_Medina_G"]},{"@type":"Person","@id":"https:\/\/nitu.mx\/#\/schema\/person\/4a28fe9bd65924f7c90623773daf1b0b","name":"Redacci\u00f3n","image":{"@type":"ImageObject","inLanguage":"es-MX","@id":"https:\/\/nitu.mx\/#\/schema\/person\/image\/","url":"https:\/\/secure.gravatar.com\/avatar\/5dd011c8ccfc5cd7e4c81e42252aab38?s=96&d=mm&r=g","contentUrl":"https:\/\/secure.gravatar.com\/avatar\/5dd011c8ccfc5cd7e4c81e42252aab38?s=96&d=mm&r=g","caption":"Redacci\u00f3n"},"url":"https:\/\/nitu.mx\/index.php\/author\/redaccion\/"}]}},"views":246,"_links":{"self":[{"href":"https:\/\/nitu.mx\/index.php\/wp-json\/wp\/v2\/posts\/24471"}],"collection":[{"href":"https:\/\/nitu.mx\/index.php\/wp-json\/wp\/v2\/posts"}],"about":[{"href":"https:\/\/nitu.mx\/index.php\/wp-json\/wp\/v2\/types\/post"}],"author":[{"embeddable":true,"href":"https:\/\/nitu.mx\/index.php\/wp-json\/wp\/v2\/users\/17"}],"replies":[{"embeddable":true,"href":"https:\/\/nitu.mx\/index.php\/wp-json\/wp\/v2\/comments?post=24471"}],"version-history":[{"count":2,"href":"https:\/\/nitu.mx\/index.php\/wp-json\/wp\/v2\/posts\/24471\/revisions"}],"predecessor-version":[{"id":24491,"href":"https:\/\/nitu.mx\/index.php\/wp-json\/wp\/v2\/posts\/24471\/revisions\/24491"}],"wp:featuredmedia":[{"embeddable":true,"href":"https:\/\/nitu.mx\/index.php\/wp-json\/wp\/v2\/media\/10972"}],"wp:attachment":[{"href":"https:\/\/nitu.mx\/index.php\/wp-json\/wp\/v2\/media?parent=24471"}],"wp:term":[{"taxonomy":"category","embeddable":true,"href":"https:\/\/nitu.mx\/index.php\/wp-json\/wp\/v2\/categories?post=24471"},{"taxonomy":"post_tag","embeddable":true,"href":"https:\/\/nitu.mx\/index.php\/wp-json\/wp\/v2\/tags?post=24471"}],"curies":[{"name":"wp","href":"https:\/\/api.w.org\/{rel}","templated":true}]}}