{"id":24308,"date":"2018-09-09T21:40:06","date_gmt":"2018-09-10T02:40:06","guid":{"rendered":"https:\/\/www.dev.nitu.mx\/?p=24308"},"modified":"2018-09-10T00:55:06","modified_gmt":"2018-09-10T05:55:06","slug":"jorge-manos-esparragoza-nuevo-presidente-de-asetur","status":"publish","type":"post","link":"https:\/\/nitu.mx\/index.php\/2018\/09\/09\/jorge-manos-esparragoza-nuevo-presidente-de-asetur\/","title":{"rendered":"Jorge Manos Esparragoza nuevo presidente de ASETUR"},"content":{"rendered":"<p>El titular de la Secretar\u00eda de Turismo de Campeche Jorge Manos Esparragoza, asumi\u00f3 la presidencia del Consejo Directivo de la Asociaci\u00f3n de Secretarios de Turismo de M\u00e9xico (ASETUR). Durante la trig\u00e9sima sesi\u00f3n ordinaria celebrada en la ciudad de Guanajuato, el funcionario estatal rindi\u00f3 protesta junto a los nuevos integrantes del consejo para el ejercicio 2018-2019.<\/p>\n<p>Jorge Manos sucede en el puesto a Fernando Olivera Rocha, quien estuvo al frente de ASETUR durante 18 meses, pero en d\u00edas pr\u00f3ximos terminar\u00e1 su mandato como secretario de Turismo de Guanajuato.<\/p>\n<p>El nuevo titular mencion\u00f3 que se han logrado grandes acuerdos de gesti\u00f3n con sectores involucrados en el sector tur\u00edstico, as\u00ed como otras empresas e instituciones y su trabajo ser\u00e1 continuar con esa labor y que su compromiso es para trabajar en beneficio de todas las entidades federativas.<\/p>\n<p>\u201cTenemos que analizar cu\u00e1les son los mercados que hay que atacar, la participaci\u00f3n en ferias tiene que seguir de manera constante, ASETUR tiene que verse como una asociaci\u00f3n unida y que todos los estados podamos trabajar de la mano\u201d, mencion\u00f3 Jorge Manos.<\/p>\n<p><strong>El nuevo consejo est\u00e1 integrado por:<\/strong><\/p>\n<ul>\n<li>Jorge Manos Esparragoza, secretario de Turismo de Campeche.<\/li>\n<li>Armando L\u00f3pez C\u00e1rdenas, secretario de Turismo de CDMX.<\/li>\n<li>Roberto N\u00fa\u00f1ez Bale\u00f3n, secretario de Turismo de Tlaxcala.<\/li>\n<li>Eduardo Javier Ba\u00f1os G\u00f3mez, secretario de Turismo de Hidalgo.<\/li>\n<li>Wilver M\u00e9ndez Maga\u00f1a, secretario de Desarrollo Econ\u00f3mico y de Turismo de Tabasco.<\/li>\n<li>Fernando Olivera Rocha, secretario de Turismo del Estado de Guanajuato.<\/li>\n<\/ul>\n<p>La Trig\u00e9sima Sesi\u00f3n Ordinaria de ASETUR cont\u00f3 con la presencia del Secterario de Turismo Federal, Enrique de la Madrid Cordero, quien invit\u00f3 a los secretarios a apropiarse de la marca que representa M\u00e9xico, pues entre mejor le vaya al pa\u00eds, mejor le ir\u00e1 a cada uno de sus destinos.<\/p>\n","protected":false},"excerpt":{"rendered":"<p>El titular de la Secretar\u00eda de Turismo de Campeche Jorge Manos Esparragoza, asumi\u00f3 la presidencia del Consejo Directivo de la Asociaci\u00f3n de Secretarios de Turismo de M\u00e9xico (ASETUR). Durante la trig\u00e9sima sesi\u00f3n ordinaria celebrada en la ciudad de Guanajuato, el funcionario estatal rindi\u00f3 protesta junto a los nuevos integrantes del consejo para el ejercicio 2018-2019. [&hellip;]<\/p>\n","protected":false},"author":5,"featured_media":24310,"comment_status":"open","ping_status":"open","sticky":false,"template":"","format":"standard","meta":{"footnotes":""},"categories":[12],"tags":[1118,176,3292,12232],"yoast_head":"<!-- This site is optimized with the Yoast SEO plugin v22.2 - https:\/\/yoast.com\/wordpress\/plugins\/seo\/ -->\n<title>Jorge Manos Esparragoza nuevo presidente de ASETUR - Nitu - Noticias de la Industria Turistica<\/title>\n<meta name=\"description\" content=\"Jorge Manos Esparragoza, asumi\u00f3 la presidencia del Consejo Directivo de la Asociaci\u00f3n de Secretarios de Turismo de M\u00e9xico (ASETUR).\" \/>\n<meta name=\"robots\" content=\"index, follow, max-snippet:-1, max-image-preview:large, max-video-preview:-1\" \/>\n<link rel=\"canonical\" href=\"https:\/\/nitu.mx\/index.php\/2018\/09\/09\/jorge-manos-esparragoza-nuevo-presidente-de-asetur\/\" \/>\n<meta name=\"twitter:card\" content=\"summary_large_image\" \/>\n<meta name=\"twitter:title\" content=\"Jorge Manos Esparragoza nuevo presidente de ASETUR - Nitu - Noticias de la Industria Turistica\" \/>\n<meta name=\"twitter:description\" content=\"Jorge Manos Esparragoza, asumi\u00f3 la presidencia del Consejo Directivo de la Asociaci\u00f3n de Secretarios de Turismo de M\u00e9xico (ASETUR).\" \/>\n<meta name=\"twitter:image\" content=\"https:\/\/nitu.mx\/wp-content\/uploads\/2018\/09\/ASETUR-JORGE-MANOS.jpg\" \/>\n<meta name=\"twitter:creator\" content=\"@NITUmx\" \/>\n<meta name=\"twitter:site\" content=\"@Arturo_Medina_G\" \/>\n<meta name=\"twitter:label1\" content=\"Escrito por\" \/>\n\t<meta name=\"twitter:data1\" content=\"Mari Soto\" \/>\n\t<meta name=\"twitter:label2\" content=\"Tiempo de lectura\" \/>\n\t<meta name=\"twitter:data2\" content=\"2 minutos\" \/>\n<script type=\"application\/ld+json\" class=\"yoast-schema-graph\">{\"@context\":\"https:\/\/schema.org\",\"@graph\":[{\"@type\":\"Article\",\"@id\":\"https:\/\/nitu.mx\/index.php\/2018\/09\/09\/jorge-manos-esparragoza-nuevo-presidente-de-asetur\/#article\",\"isPartOf\":{\"@id\":\"https:\/\/nitu.mx\/index.php\/2018\/09\/09\/jorge-manos-esparragoza-nuevo-presidente-de-asetur\/\"},\"author\":{\"name\":\"Mari Soto\",\"@id\":\"https:\/\/nitu.mx\/#\/schema\/person\/afc52e313e27e660739556d421d3d6b4\"},\"headline\":\"Jorge Manos Esparragoza nuevo presidente de ASETUR\",\"datePublished\":\"2018-09-10T02:40:06+00:00\",\"dateModified\":\"2018-09-10T05:55:06+00:00\",\"mainEntityOfPage\":{\"@id\":\"https:\/\/nitu.mx\/index.php\/2018\/09\/09\/jorge-manos-esparragoza-nuevo-presidente-de-asetur\/\"},\"wordCount\":317,\"commentCount\":0,\"publisher\":{\"@id\":\"https:\/\/nitu.mx\/#\/schema\/person\/ae7a53426417292d3dd07b45a33e01bc\"},\"image\":{\"@id\":\"https:\/\/nitu.mx\/index.php\/2018\/09\/09\/jorge-manos-esparragoza-nuevo-presidente-de-asetur\/#primaryimage\"},\"thumbnailUrl\":\"https:\/\/nitu.mx\/wp-content\/uploads\/2018\/09\/ASETUR-JORGE-MANOS.jpg\",\"keywords\":[\"Asetur\",\"Enrique de la Madrid\",\"Fernando Olivera\",\"Jorge Manos Esparragoza\"],\"articleSection\":[\"Marketing\"],\"inLanguage\":\"es-MX\",\"potentialAction\":[{\"@type\":\"CommentAction\",\"name\":\"Comment\",\"target\":[\"https:\/\/nitu.mx\/index.php\/2018\/09\/09\/jorge-manos-esparragoza-nuevo-presidente-de-asetur\/#respond\"]}]},{\"@type\":\"WebPage\",\"@id\":\"https:\/\/nitu.mx\/index.php\/2018\/09\/09\/jorge-manos-esparragoza-nuevo-presidente-de-asetur\/\",\"url\":\"https:\/\/nitu.mx\/index.php\/2018\/09\/09\/jorge-manos-esparragoza-nuevo-presidente-de-asetur\/\",\"name\":\"Jorge Manos Esparragoza nuevo presidente de ASETUR - Nitu - Noticias de la Industria Turistica\",\"isPartOf\":{\"@id\":\"https:\/\/nitu.mx\/#website\"},\"primaryImageOfPage\":{\"@id\":\"https:\/\/nitu.mx\/index.php\/2018\/09\/09\/jorge-manos-esparragoza-nuevo-presidente-de-asetur\/#primaryimage\"},\"image\":{\"@id\":\"https:\/\/nitu.mx\/index.php\/2018\/09\/09\/jorge-manos-esparragoza-nuevo-presidente-de-asetur\/#primaryimage\"},\"thumbnailUrl\":\"https:\/\/nitu.mx\/wp-content\/uploads\/2018\/09\/ASETUR-JORGE-MANOS.jpg\",\"datePublished\":\"2018-09-10T02:40:06+00:00\",\"dateModified\":\"2018-09-10T05:55:06+00:00\",\"description\":\"Jorge Manos Esparragoza, asumi\u00f3 la presidencia del Consejo Directivo de la Asociaci\u00f3n de Secretarios de Turismo de M\u00e9xico (ASETUR).\",\"breadcrumb\":{\"@id\":\"https:\/\/nitu.mx\/index.php\/2018\/09\/09\/jorge-manos-esparragoza-nuevo-presidente-de-asetur\/#breadcrumb\"},\"inLanguage\":\"es-MX\",\"potentialAction\":[{\"@type\":\"ReadAction\",\"target\":[\"https:\/\/nitu.mx\/index.php\/2018\/09\/09\/jorge-manos-esparragoza-nuevo-presidente-de-asetur\/\"]}]},{\"@type\":\"ImageObject\",\"inLanguage\":\"es-MX\",\"@id\":\"https:\/\/nitu.mx\/index.php\/2018\/09\/09\/jorge-manos-esparragoza-nuevo-presidente-de-asetur\/#primaryimage\",\"url\":\"https:\/\/nitu.mx\/wp-content\/uploads\/2018\/09\/ASETUR-JORGE-MANOS.jpg\",\"contentUrl\":\"https:\/\/nitu.mx\/wp-content\/uploads\/2018\/09\/ASETUR-JORGE-MANOS.jpg\",\"width\":850,\"height\":480,\"caption\":\"ASETUR JORGE MANOS\"},{\"@type\":\"BreadcrumbList\",\"@id\":\"https:\/\/nitu.mx\/index.php\/2018\/09\/09\/jorge-manos-esparragoza-nuevo-presidente-de-asetur\/#breadcrumb\",\"itemListElement\":[{\"@type\":\"ListItem\",\"position\":1,\"name\":\"Inicio\",\"item\":\"https:\/\/nitu.mx\/\"},{\"@type\":\"ListItem\",\"position\":2,\"name\":\"Jorge Manos Esparragoza nuevo presidente de ASETUR\"}]},{\"@type\":\"WebSite\",\"@id\":\"https:\/\/nitu.mx\/#website\",\"url\":\"https:\/\/nitu.mx\/\",\"name\":\"Nitu - Noticias de la Industria Turistica\",\"description\":\"Noticias de la Industria Turistica\",\"publisher\":{\"@id\":\"https:\/\/nitu.mx\/#\/schema\/person\/ae7a53426417292d3dd07b45a33e01bc\"},\"alternateName\":\"Noticias de la Industria Turistica\",\"potentialAction\":[{\"@type\":\"SearchAction\",\"target\":{\"@type\":\"EntryPoint\",\"urlTemplate\":\"https:\/\/nitu.mx\/?s={search_term_string}\"},\"query-input\":\"required name=search_term_string\"}],\"inLanguage\":\"es-MX\"},{\"@type\":[\"Person\",\"Organization\"],\"@id\":\"https:\/\/nitu.mx\/#\/schema\/person\/ae7a53426417292d3dd07b45a33e01bc\",\"name\":\"Arturo Medina\",\"image\":{\"@type\":\"ImageObject\",\"inLanguage\":\"es-MX\",\"@id\":\"https:\/\/nitu.mx\/#\/schema\/person\/image\/\",\"url\":\"https:\/\/nitu.mx\/wp-content\/uploads\/2024\/04\/4A315622-1904-4D5C-B022-878CDC840E04-90x90-1.jpeg\",\"contentUrl\":\"https:\/\/nitu.mx\/wp-content\/uploads\/2024\/04\/4A315622-1904-4D5C-B022-878CDC840E04-90x90-1.jpeg\",\"width\":90,\"height\":90,\"caption\":\"Arturo Medina\"},\"logo\":{\"@id\":\"https:\/\/nitu.mx\/#\/schema\/person\/image\/\"},\"description\":\"Director NITU.mx, Egresado de la Escuela de Periodismo Carlos Septi\u00e9n Garc\u00eda. Periodista y analista especializado en turismo desde hace 35 a\u00f1os, radicado en Canc\u00fan Q.Roo. arturo@nitu.mx\",\"sameAs\":[\"https:\/\/nitu.mx\",\"https:\/\/www.facebook.com\/NITUmx\/\",\"medinacancun\",\"https:\/\/twitter.com\/@Arturo_Medina_G\"]},{\"@type\":\"Person\",\"@id\":\"https:\/\/nitu.mx\/#\/schema\/person\/afc52e313e27e660739556d421d3d6b4\",\"name\":\"Mari Soto\",\"image\":{\"@type\":\"ImageObject\",\"inLanguage\":\"es-MX\",\"@id\":\"https:\/\/nitu.mx\/#\/schema\/person\/image\/\",\"url\":\"https:\/\/secure.gravatar.com\/avatar\/2619c282a180a20d89fcaea82a6736e2?s=96&d=mm&r=g\",\"contentUrl\":\"https:\/\/secure.gravatar.com\/avatar\/2619c282a180a20d89fcaea82a6736e2?s=96&d=mm&r=g\",\"caption\":\"Mari Soto\"},\"sameAs\":[\"https:\/\/nitu.mx\"],\"url\":\"https:\/\/nitu.mx\/index.php\/author\/guadalupe\/\"}]}<\/script>\n<!-- \/ Yoast SEO plugin. -->","yoast_head_json":{"title":"Jorge Manos Esparragoza nuevo presidente de ASETUR - Nitu - Noticias de la Industria Turistica","description":"Jorge Manos Esparragoza, asumi\u00f3 la presidencia del Consejo Directivo de la Asociaci\u00f3n de Secretarios de Turismo de M\u00e9xico (ASETUR).","robots":{"index":"index","follow":"follow","max-snippet":"max-snippet:-1","max-image-preview":"max-image-preview:large","max-video-preview":"max-video-preview:-1"},"canonical":"https:\/\/nitu.mx\/index.php\/2018\/09\/09\/jorge-manos-esparragoza-nuevo-presidente-de-asetur\/","twitter_card":"summary_large_image","twitter_title":"Jorge Manos Esparragoza nuevo presidente de ASETUR - Nitu - Noticias de la Industria Turistica","twitter_description":"Jorge Manos Esparragoza, asumi\u00f3 la presidencia del Consejo Directivo de la Asociaci\u00f3n de Secretarios de Turismo de M\u00e9xico (ASETUR).","twitter_image":"https:\/\/nitu.mx\/wp-content\/uploads\/2018\/09\/ASETUR-JORGE-MANOS.jpg","twitter_creator":"@NITUmx","twitter_site":"@Arturo_Medina_G","twitter_misc":{"Escrito por":"Mari Soto","Tiempo de lectura":"2 minutos"},"schema":{"@context":"https:\/\/schema.org","@graph":[{"@type":"Article","@id":"https:\/\/nitu.mx\/index.php\/2018\/09\/09\/jorge-manos-esparragoza-nuevo-presidente-de-asetur\/#article","isPartOf":{"@id":"https:\/\/nitu.mx\/index.php\/2018\/09\/09\/jorge-manos-esparragoza-nuevo-presidente-de-asetur\/"},"author":{"name":"Mari Soto","@id":"https:\/\/nitu.mx\/#\/schema\/person\/afc52e313e27e660739556d421d3d6b4"},"headline":"Jorge Manos Esparragoza nuevo presidente de ASETUR","datePublished":"2018-09-10T02:40:06+00:00","dateModified":"2018-09-10T05:55:06+00:00","mainEntityOfPage":{"@id":"https:\/\/nitu.mx\/index.php\/2018\/09\/09\/jorge-manos-esparragoza-nuevo-presidente-de-asetur\/"},"wordCount":317,"commentCount":0,"publisher":{"@id":"https:\/\/nitu.mx\/#\/schema\/person\/ae7a53426417292d3dd07b45a33e01bc"},"image":{"@id":"https:\/\/nitu.mx\/index.php\/2018\/09\/09\/jorge-manos-esparragoza-nuevo-presidente-de-asetur\/#primaryimage"},"thumbnailUrl":"https:\/\/nitu.mx\/wp-content\/uploads\/2018\/09\/ASETUR-JORGE-MANOS.jpg","keywords":["Asetur","Enrique de la Madrid","Fernando Olivera","Jorge Manos Esparragoza"],"articleSection":["Marketing"],"inLanguage":"es-MX","potentialAction":[{"@type":"CommentAction","name":"Comment","target":["https:\/\/nitu.mx\/index.php\/2018\/09\/09\/jorge-manos-esparragoza-nuevo-presidente-de-asetur\/#respond"]}]},{"@type":"WebPage","@id":"https:\/\/nitu.mx\/index.php\/2018\/09\/09\/jorge-manos-esparragoza-nuevo-presidente-de-asetur\/","url":"https:\/\/nitu.mx\/index.php\/2018\/09\/09\/jorge-manos-esparragoza-nuevo-presidente-de-asetur\/","name":"Jorge Manos Esparragoza nuevo presidente de ASETUR - Nitu - Noticias de la Industria Turistica","isPartOf":{"@id":"https:\/\/nitu.mx\/#website"},"primaryImageOfPage":{"@id":"https:\/\/nitu.mx\/index.php\/2018\/09\/09\/jorge-manos-esparragoza-nuevo-presidente-de-asetur\/#primaryimage"},"image":{"@id":"https:\/\/nitu.mx\/index.php\/2018\/09\/09\/jorge-manos-esparragoza-nuevo-presidente-de-asetur\/#primaryimage"},"thumbnailUrl":"https:\/\/nitu.mx\/wp-content\/uploads\/2018\/09\/ASETUR-JORGE-MANOS.jpg","datePublished":"2018-09-10T02:40:06+00:00","dateModified":"2018-09-10T05:55:06+00:00","description":"Jorge Manos Esparragoza, asumi\u00f3 la presidencia del Consejo Directivo de la Asociaci\u00f3n de Secretarios de Turismo de M\u00e9xico (ASETUR).","breadcrumb":{"@id":"https:\/\/nitu.mx\/index.php\/2018\/09\/09\/jorge-manos-esparragoza-nuevo-presidente-de-asetur\/#breadcrumb"},"inLanguage":"es-MX","potentialAction":[{"@type":"ReadAction","target":["https:\/\/nitu.mx\/index.php\/2018\/09\/09\/jorge-manos-esparragoza-nuevo-presidente-de-asetur\/"]}]},{"@type":"ImageObject","inLanguage":"es-MX","@id":"https:\/\/nitu.mx\/index.php\/2018\/09\/09\/jorge-manos-esparragoza-nuevo-presidente-de-asetur\/#primaryimage","url":"https:\/\/nitu.mx\/wp-content\/uploads\/2018\/09\/ASETUR-JORGE-MANOS.jpg","contentUrl":"https:\/\/nitu.mx\/wp-content\/uploads\/2018\/09\/ASETUR-JORGE-MANOS.jpg","width":850,"height":480,"caption":"ASETUR JORGE MANOS"},{"@type":"BreadcrumbList","@id":"https:\/\/nitu.mx\/index.php\/2018\/09\/09\/jorge-manos-esparragoza-nuevo-presidente-de-asetur\/#breadcrumb","itemListElement":[{"@type":"ListItem","position":1,"name":"Inicio","item":"https:\/\/nitu.mx\/"},{"@type":"ListItem","position":2,"name":"Jorge Manos Esparragoza nuevo presidente de ASETUR"}]},{"@type":"WebSite","@id":"https:\/\/nitu.mx\/#website","url":"https:\/\/nitu.mx\/","name":"Nitu - Noticias de la Industria Turistica","description":"Noticias de la Industria Turistica","publisher":{"@id":"https:\/\/nitu.mx\/#\/schema\/person\/ae7a53426417292d3dd07b45a33e01bc"},"alternateName":"Noticias de la Industria Turistica","potentialAction":[{"@type":"SearchAction","target":{"@type":"EntryPoint","urlTemplate":"https:\/\/nitu.mx\/?s={search_term_string}"},"query-input":"required name=search_term_string"}],"inLanguage":"es-MX"},{"@type":["Person","Organization"],"@id":"https:\/\/nitu.mx\/#\/schema\/person\/ae7a53426417292d3dd07b45a33e01bc","name":"Arturo Medina","image":{"@type":"ImageObject","inLanguage":"es-MX","@id":"https:\/\/nitu.mx\/#\/schema\/person\/image\/","url":"https:\/\/nitu.mx\/wp-content\/uploads\/2024\/04\/4A315622-1904-4D5C-B022-878CDC840E04-90x90-1.jpeg","contentUrl":"https:\/\/nitu.mx\/wp-content\/uploads\/2024\/04\/4A315622-1904-4D5C-B022-878CDC840E04-90x90-1.jpeg","width":90,"height":90,"caption":"Arturo Medina"},"logo":{"@id":"https:\/\/nitu.mx\/#\/schema\/person\/image\/"},"description":"Director NITU.mx, Egresado de la Escuela de Periodismo Carlos Septi\u00e9n Garc\u00eda. Periodista y analista especializado en turismo desde hace 35 a\u00f1os, radicado en Canc\u00fan Q.Roo. arturo@nitu.mx","sameAs":["https:\/\/nitu.mx","https:\/\/www.facebook.com\/NITUmx\/","medinacancun","https:\/\/twitter.com\/@Arturo_Medina_G"]},{"@type":"Person","@id":"https:\/\/nitu.mx\/#\/schema\/person\/afc52e313e27e660739556d421d3d6b4","name":"Mari Soto","image":{"@type":"ImageObject","inLanguage":"es-MX","@id":"https:\/\/nitu.mx\/#\/schema\/person\/image\/","url":"https:\/\/secure.gravatar.com\/avatar\/2619c282a180a20d89fcaea82a6736e2?s=96&d=mm&r=g","contentUrl":"https:\/\/secure.gravatar.com\/avatar\/2619c282a180a20d89fcaea82a6736e2?s=96&d=mm&r=g","caption":"Mari Soto"},"sameAs":["https:\/\/nitu.mx"],"url":"https:\/\/nitu.mx\/index.php\/author\/guadalupe\/"}]}},"views":240,"_links":{"self":[{"href":"https:\/\/nitu.mx\/index.php\/wp-json\/wp\/v2\/posts\/24308"}],"collection":[{"href":"https:\/\/nitu.mx\/index.php\/wp-json\/wp\/v2\/posts"}],"about":[{"href":"https:\/\/nitu.mx\/index.php\/wp-json\/wp\/v2\/types\/post"}],"author":[{"embeddable":true,"href":"https:\/\/nitu.mx\/index.php\/wp-json\/wp\/v2\/users\/5"}],"replies":[{"embeddable":true,"href":"https:\/\/nitu.mx\/index.php\/wp-json\/wp\/v2\/comments?post=24308"}],"version-history":[{"count":1,"href":"https:\/\/nitu.mx\/index.php\/wp-json\/wp\/v2\/posts\/24308\/revisions"}],"predecessor-version":[{"id":24313,"href":"https:\/\/nitu.mx\/index.php\/wp-json\/wp\/v2\/posts\/24308\/revisions\/24313"}],"wp:featuredmedia":[{"embeddable":true,"href":"https:\/\/nitu.mx\/index.php\/wp-json\/wp\/v2\/media\/24310"}],"wp:attachment":[{"href":"https:\/\/nitu.mx\/index.php\/wp-json\/wp\/v2\/media?parent=24308"}],"wp:term":[{"taxonomy":"category","embeddable":true,"href":"https:\/\/nitu.mx\/index.php\/wp-json\/wp\/v2\/categories?post=24308"},{"taxonomy":"post_tag","embeddable":true,"href":"https:\/\/nitu.mx\/index.php\/wp-json\/wp\/v2\/tags?post=24308"}],"curies":[{"name":"wp","href":"https:\/\/api.w.org\/{rel}","templated":true}]}}