{"id":23919,"date":"2018-08-26T23:16:48","date_gmt":"2018-08-27T04:16:48","guid":{"rendered":"https:\/\/www.dev.nitu.mx\/?p=23919"},"modified":"2018-08-27T00:24:23","modified_gmt":"2018-08-27T05:24:23","slug":"fortalecen-interjet-y-emirates-su-relacion-comercial","status":"publish","type":"post","link":"https:\/\/nitu.mx\/index.php\/2018\/08\/26\/fortalecen-interjet-y-emirates-su-relacion-comercial\/","title":{"rendered":"Fortalecen Interjet y Emirates su relaci\u00f3n comercial"},"content":{"rendered":"<p>Con el fin de fortalecer las relaciones con aerol\u00edneas internacionales, Interjet firm\u00f3 un acuerdo de colaboraci\u00f3n interlineal con Emirates, la multipremiada aerol\u00ednea a nivel mundial por la calidad de sus servicios.\u00a0 Con este acuerdo, los pasajeros de Emirates podr\u00e1n acceder a los 55 destinos nacionales e internacionales de la l\u00ednea a\u00e9rea mexicana.<\/p>\n<p>\u201cEsta nueva alianza es una muestra de la solidez que refleja la aerol\u00ednea no s\u00f3lo en M\u00e9xico, sino en el mundo entero\u201d, afirm\u00f3 Jos\u00e9 Luis Garza, director general de Interjet y agreg\u00f3: \u201cEs un placer entrar en sociedad con una aerol\u00ednea como Emirates, que se preocupa al igual que nosotros, por ofrecer los m\u00e1s altos est\u00e1ndares de calidad en el servicio.\u00a0 Ser\u00e1 un honor transportar a sus viajeros a trav\u00e9s de nuestros destinos operados con una de las flotas m\u00e1s modernas del continente\u201d. (<a title=\"Interjet y Eva Air firman acuerdo interlineal bilateral\" href=\"https:\/\/www.dev.nitu.mx\/index.php\/2018\/08\/19\/interjet-y-eva-air-firman-acuerdo-interlineal-bilateral\/\" rel=\"bookmark\">Interjet y Eva Air firman acuerdo interlineal bilateral<\/a>).<\/p>\n<p>Emirates inici\u00f3 operaciones en 1985 con s\u00f3lo dos aviones, un Boeing 73 arrendado y un Airbus 300 B4. Actualmente, la flota de emirates supera los 265 aviones y realiza m\u00e1s de mil 500 vuelos semanales que salen de Dubai hacia diferentes destinos en seis continentes.<\/p>\n<p>Interjet es la aerol\u00ednea mexicana que brinda una experiencia de vuelo completa: amplio espacio entre asientos, servicio de snacks y bebidas sin costo, as\u00ed como la facilidad de poder llevar hasta 50 kilogramos de equipaje en tarifa Priority.<\/p>\n","protected":false},"excerpt":{"rendered":"<p>Con el fin de fortalecer las relaciones con aerol\u00edneas internacionales, Interjet firm\u00f3 un acuerdo de colaboraci\u00f3n interlineal con Emirates, la multipremiada aerol\u00ednea a nivel mundial por la calidad de sus servicios.\u00a0 Con este acuerdo, los pasajeros de Emirates podr\u00e1n acceder a los 55 destinos nacionales e internacionales de la l\u00ednea a\u00e9rea mexicana. \u201cEsta nueva alianza [&hellip;]<\/p>\n","protected":false},"author":17,"featured_media":21126,"comment_status":"open","ping_status":"open","sticky":false,"template":"","format":"standard","meta":{"footnotes":""},"categories":[29,5],"tags":[3280,172,325,68],"yoast_head":"<!-- This site is optimized with the Yoast SEO plugin v22.2 - https:\/\/yoast.com\/wordpress\/plugins\/seo\/ -->\n<title>Fortalecen Interjet y Emirates su relaci\u00f3n comercial - Nitu - Noticias de la Industria Turistica<\/title>\n<meta name=\"description\" content=\"Con el fin de fortalecer las relaciones con aerol\u00edneas internacionales, Interjet firm\u00f3 un acuerdo de colaboraci\u00f3n interlineal con Emirates.\" \/>\n<meta name=\"robots\" content=\"index, follow, max-snippet:-1, max-image-preview:large, max-video-preview:-1\" \/>\n<link rel=\"canonical\" href=\"https:\/\/nitu.mx\/index.php\/2018\/08\/26\/fortalecen-interjet-y-emirates-su-relacion-comercial\/\" \/>\n<meta name=\"twitter:card\" content=\"summary_large_image\" \/>\n<meta name=\"twitter:title\" content=\"Fortalecen Interjet y Emirates su relaci\u00f3n comercial - Nitu - Noticias de la Industria Turistica\" \/>\n<meta name=\"twitter:description\" content=\"Con el fin de fortalecer las relaciones con aerol\u00edneas internacionales, Interjet firm\u00f3 un acuerdo de colaboraci\u00f3n interlineal con Emirates.\" \/>\n<meta name=\"twitter:image\" content=\"https:\/\/nitu.mx\/wp-content\/uploads\/2018\/06\/Interjet-Guatemala.jpg\" \/>\n<meta name=\"twitter:creator\" content=\"@NITUmx\" \/>\n<meta name=\"twitter:site\" content=\"@Arturo_Medina_G\" \/>\n<meta name=\"twitter:label1\" content=\"Escrito por\" \/>\n\t<meta name=\"twitter:data1\" content=\"Redacci\u00f3n\" \/>\n\t<meta name=\"twitter:label2\" content=\"Tiempo de lectura\" \/>\n\t<meta name=\"twitter:data2\" content=\"1 minuto\" \/>\n<script type=\"application\/ld+json\" class=\"yoast-schema-graph\">{\"@context\":\"https:\/\/schema.org\",\"@graph\":[{\"@type\":\"Article\",\"@id\":\"https:\/\/nitu.mx\/index.php\/2018\/08\/26\/fortalecen-interjet-y-emirates-su-relacion-comercial\/#article\",\"isPartOf\":{\"@id\":\"https:\/\/nitu.mx\/index.php\/2018\/08\/26\/fortalecen-interjet-y-emirates-su-relacion-comercial\/\"},\"author\":{\"name\":\"Redacci\u00f3n\",\"@id\":\"https:\/\/nitu.mx\/#\/schema\/person\/4a28fe9bd65924f7c90623773daf1b0b\"},\"headline\":\"Fortalecen Interjet y Emirates su relaci\u00f3n comercial\",\"datePublished\":\"2018-08-27T04:16:48+00:00\",\"dateModified\":\"2018-08-27T05:24:23+00:00\",\"mainEntityOfPage\":{\"@id\":\"https:\/\/nitu.mx\/index.php\/2018\/08\/26\/fortalecen-interjet-y-emirates-su-relacion-comercial\/\"},\"wordCount\":244,\"commentCount\":0,\"publisher\":{\"@id\":\"https:\/\/nitu.mx\/#\/schema\/person\/ae7a53426417292d3dd07b45a33e01bc\"},\"image\":{\"@id\":\"https:\/\/nitu.mx\/index.php\/2018\/08\/26\/fortalecen-interjet-y-emirates-su-relacion-comercial\/#primaryimage\"},\"thumbnailUrl\":\"https:\/\/nitu.mx\/wp-content\/uploads\/2018\/06\/Interjet-Guatemala.jpg\",\"keywords\":[\"Emirates\",\"Interjet\",\"Jos\u00e9 Luis Garza\",\"M\u00e9xico\"],\"articleSection\":[\"Aerol\u00edneas\",\"Destinos\"],\"inLanguage\":\"es-MX\",\"potentialAction\":[{\"@type\":\"CommentAction\",\"name\":\"Comment\",\"target\":[\"https:\/\/nitu.mx\/index.php\/2018\/08\/26\/fortalecen-interjet-y-emirates-su-relacion-comercial\/#respond\"]}]},{\"@type\":\"WebPage\",\"@id\":\"https:\/\/nitu.mx\/index.php\/2018\/08\/26\/fortalecen-interjet-y-emirates-su-relacion-comercial\/\",\"url\":\"https:\/\/nitu.mx\/index.php\/2018\/08\/26\/fortalecen-interjet-y-emirates-su-relacion-comercial\/\",\"name\":\"Fortalecen Interjet y Emirates su relaci\u00f3n comercial - Nitu - Noticias de la Industria Turistica\",\"isPartOf\":{\"@id\":\"https:\/\/nitu.mx\/#website\"},\"primaryImageOfPage\":{\"@id\":\"https:\/\/nitu.mx\/index.php\/2018\/08\/26\/fortalecen-interjet-y-emirates-su-relacion-comercial\/#primaryimage\"},\"image\":{\"@id\":\"https:\/\/nitu.mx\/index.php\/2018\/08\/26\/fortalecen-interjet-y-emirates-su-relacion-comercial\/#primaryimage\"},\"thumbnailUrl\":\"https:\/\/nitu.mx\/wp-content\/uploads\/2018\/06\/Interjet-Guatemala.jpg\",\"datePublished\":\"2018-08-27T04:16:48+00:00\",\"dateModified\":\"2018-08-27T05:24:23+00:00\",\"description\":\"Con el fin de fortalecer las relaciones con aerol\u00edneas internacionales, Interjet firm\u00f3 un acuerdo de colaboraci\u00f3n interlineal con Emirates.\",\"breadcrumb\":{\"@id\":\"https:\/\/nitu.mx\/index.php\/2018\/08\/26\/fortalecen-interjet-y-emirates-su-relacion-comercial\/#breadcrumb\"},\"inLanguage\":\"es-MX\",\"potentialAction\":[{\"@type\":\"ReadAction\",\"target\":[\"https:\/\/nitu.mx\/index.php\/2018\/08\/26\/fortalecen-interjet-y-emirates-su-relacion-comercial\/\"]}]},{\"@type\":\"ImageObject\",\"inLanguage\":\"es-MX\",\"@id\":\"https:\/\/nitu.mx\/index.php\/2018\/08\/26\/fortalecen-interjet-y-emirates-su-relacion-comercial\/#primaryimage\",\"url\":\"https:\/\/nitu.mx\/wp-content\/uploads\/2018\/06\/Interjet-Guatemala.jpg\",\"contentUrl\":\"https:\/\/nitu.mx\/wp-content\/uploads\/2018\/06\/Interjet-Guatemala.jpg\",\"width\":850,\"height\":480,\"caption\":\"Interjet Guatemala Canc\u00fan\"},{\"@type\":\"BreadcrumbList\",\"@id\":\"https:\/\/nitu.mx\/index.php\/2018\/08\/26\/fortalecen-interjet-y-emirates-su-relacion-comercial\/#breadcrumb\",\"itemListElement\":[{\"@type\":\"ListItem\",\"position\":1,\"name\":\"Inicio\",\"item\":\"https:\/\/nitu.mx\/\"},{\"@type\":\"ListItem\",\"position\":2,\"name\":\"Fortalecen Interjet y Emirates su relaci\u00f3n comercial\"}]},{\"@type\":\"WebSite\",\"@id\":\"https:\/\/nitu.mx\/#website\",\"url\":\"https:\/\/nitu.mx\/\",\"name\":\"Nitu - Noticias de la Industria Turistica\",\"description\":\"Noticias de la Industria Turistica\",\"publisher\":{\"@id\":\"https:\/\/nitu.mx\/#\/schema\/person\/ae7a53426417292d3dd07b45a33e01bc\"},\"alternateName\":\"Noticias de la Industria Turistica\",\"potentialAction\":[{\"@type\":\"SearchAction\",\"target\":{\"@type\":\"EntryPoint\",\"urlTemplate\":\"https:\/\/nitu.mx\/?s={search_term_string}\"},\"query-input\":\"required name=search_term_string\"}],\"inLanguage\":\"es-MX\"},{\"@type\":[\"Person\",\"Organization\"],\"@id\":\"https:\/\/nitu.mx\/#\/schema\/person\/ae7a53426417292d3dd07b45a33e01bc\",\"name\":\"Arturo Medina\",\"image\":{\"@type\":\"ImageObject\",\"inLanguage\":\"es-MX\",\"@id\":\"https:\/\/nitu.mx\/#\/schema\/person\/image\/\",\"url\":\"https:\/\/nitu.mx\/wp-content\/uploads\/2024\/04\/4A315622-1904-4D5C-B022-878CDC840E04-90x90-1.jpeg\",\"contentUrl\":\"https:\/\/nitu.mx\/wp-content\/uploads\/2024\/04\/4A315622-1904-4D5C-B022-878CDC840E04-90x90-1.jpeg\",\"width\":90,\"height\":90,\"caption\":\"Arturo Medina\"},\"logo\":{\"@id\":\"https:\/\/nitu.mx\/#\/schema\/person\/image\/\"},\"description\":\"Director NITU.mx, Egresado de la Escuela de Periodismo Carlos Septi\u00e9n Garc\u00eda. Periodista y analista especializado en turismo desde hace 35 a\u00f1os, radicado en Canc\u00fan Q.Roo. arturo@nitu.mx\",\"sameAs\":[\"https:\/\/nitu.mx\",\"https:\/\/www.facebook.com\/NITUmx\/\",\"medinacancun\",\"https:\/\/twitter.com\/@Arturo_Medina_G\"]},{\"@type\":\"Person\",\"@id\":\"https:\/\/nitu.mx\/#\/schema\/person\/4a28fe9bd65924f7c90623773daf1b0b\",\"name\":\"Redacci\u00f3n\",\"image\":{\"@type\":\"ImageObject\",\"inLanguage\":\"es-MX\",\"@id\":\"https:\/\/nitu.mx\/#\/schema\/person\/image\/\",\"url\":\"https:\/\/secure.gravatar.com\/avatar\/5dd011c8ccfc5cd7e4c81e42252aab38?s=96&d=mm&r=g\",\"contentUrl\":\"https:\/\/secure.gravatar.com\/avatar\/5dd011c8ccfc5cd7e4c81e42252aab38?s=96&d=mm&r=g\",\"caption\":\"Redacci\u00f3n\"},\"url\":\"https:\/\/nitu.mx\/index.php\/author\/redaccion\/\"}]}<\/script>\n<!-- \/ Yoast SEO plugin. -->","yoast_head_json":{"title":"Fortalecen Interjet y Emirates su relaci\u00f3n comercial - Nitu - Noticias de la Industria Turistica","description":"Con el fin de fortalecer las relaciones con aerol\u00edneas internacionales, Interjet firm\u00f3 un acuerdo de colaboraci\u00f3n interlineal con Emirates.","robots":{"index":"index","follow":"follow","max-snippet":"max-snippet:-1","max-image-preview":"max-image-preview:large","max-video-preview":"max-video-preview:-1"},"canonical":"https:\/\/nitu.mx\/index.php\/2018\/08\/26\/fortalecen-interjet-y-emirates-su-relacion-comercial\/","twitter_card":"summary_large_image","twitter_title":"Fortalecen Interjet y Emirates su relaci\u00f3n comercial - Nitu - Noticias de la Industria Turistica","twitter_description":"Con el fin de fortalecer las relaciones con aerol\u00edneas internacionales, Interjet firm\u00f3 un acuerdo de colaboraci\u00f3n interlineal con Emirates.","twitter_image":"https:\/\/nitu.mx\/wp-content\/uploads\/2018\/06\/Interjet-Guatemala.jpg","twitter_creator":"@NITUmx","twitter_site":"@Arturo_Medina_G","twitter_misc":{"Escrito por":"Redacci\u00f3n","Tiempo de lectura":"1 minuto"},"schema":{"@context":"https:\/\/schema.org","@graph":[{"@type":"Article","@id":"https:\/\/nitu.mx\/index.php\/2018\/08\/26\/fortalecen-interjet-y-emirates-su-relacion-comercial\/#article","isPartOf":{"@id":"https:\/\/nitu.mx\/index.php\/2018\/08\/26\/fortalecen-interjet-y-emirates-su-relacion-comercial\/"},"author":{"name":"Redacci\u00f3n","@id":"https:\/\/nitu.mx\/#\/schema\/person\/4a28fe9bd65924f7c90623773daf1b0b"},"headline":"Fortalecen Interjet y Emirates su relaci\u00f3n comercial","datePublished":"2018-08-27T04:16:48+00:00","dateModified":"2018-08-27T05:24:23+00:00","mainEntityOfPage":{"@id":"https:\/\/nitu.mx\/index.php\/2018\/08\/26\/fortalecen-interjet-y-emirates-su-relacion-comercial\/"},"wordCount":244,"commentCount":0,"publisher":{"@id":"https:\/\/nitu.mx\/#\/schema\/person\/ae7a53426417292d3dd07b45a33e01bc"},"image":{"@id":"https:\/\/nitu.mx\/index.php\/2018\/08\/26\/fortalecen-interjet-y-emirates-su-relacion-comercial\/#primaryimage"},"thumbnailUrl":"https:\/\/nitu.mx\/wp-content\/uploads\/2018\/06\/Interjet-Guatemala.jpg","keywords":["Emirates","Interjet","Jos\u00e9 Luis Garza","M\u00e9xico"],"articleSection":["Aerol\u00edneas","Destinos"],"inLanguage":"es-MX","potentialAction":[{"@type":"CommentAction","name":"Comment","target":["https:\/\/nitu.mx\/index.php\/2018\/08\/26\/fortalecen-interjet-y-emirates-su-relacion-comercial\/#respond"]}]},{"@type":"WebPage","@id":"https:\/\/nitu.mx\/index.php\/2018\/08\/26\/fortalecen-interjet-y-emirates-su-relacion-comercial\/","url":"https:\/\/nitu.mx\/index.php\/2018\/08\/26\/fortalecen-interjet-y-emirates-su-relacion-comercial\/","name":"Fortalecen Interjet y Emirates su relaci\u00f3n comercial - Nitu - Noticias de la Industria Turistica","isPartOf":{"@id":"https:\/\/nitu.mx\/#website"},"primaryImageOfPage":{"@id":"https:\/\/nitu.mx\/index.php\/2018\/08\/26\/fortalecen-interjet-y-emirates-su-relacion-comercial\/#primaryimage"},"image":{"@id":"https:\/\/nitu.mx\/index.php\/2018\/08\/26\/fortalecen-interjet-y-emirates-su-relacion-comercial\/#primaryimage"},"thumbnailUrl":"https:\/\/nitu.mx\/wp-content\/uploads\/2018\/06\/Interjet-Guatemala.jpg","datePublished":"2018-08-27T04:16:48+00:00","dateModified":"2018-08-27T05:24:23+00:00","description":"Con el fin de fortalecer las relaciones con aerol\u00edneas internacionales, Interjet firm\u00f3 un acuerdo de colaboraci\u00f3n interlineal con Emirates.","breadcrumb":{"@id":"https:\/\/nitu.mx\/index.php\/2018\/08\/26\/fortalecen-interjet-y-emirates-su-relacion-comercial\/#breadcrumb"},"inLanguage":"es-MX","potentialAction":[{"@type":"ReadAction","target":["https:\/\/nitu.mx\/index.php\/2018\/08\/26\/fortalecen-interjet-y-emirates-su-relacion-comercial\/"]}]},{"@type":"ImageObject","inLanguage":"es-MX","@id":"https:\/\/nitu.mx\/index.php\/2018\/08\/26\/fortalecen-interjet-y-emirates-su-relacion-comercial\/#primaryimage","url":"https:\/\/nitu.mx\/wp-content\/uploads\/2018\/06\/Interjet-Guatemala.jpg","contentUrl":"https:\/\/nitu.mx\/wp-content\/uploads\/2018\/06\/Interjet-Guatemala.jpg","width":850,"height":480,"caption":"Interjet Guatemala Canc\u00fan"},{"@type":"BreadcrumbList","@id":"https:\/\/nitu.mx\/index.php\/2018\/08\/26\/fortalecen-interjet-y-emirates-su-relacion-comercial\/#breadcrumb","itemListElement":[{"@type":"ListItem","position":1,"name":"Inicio","item":"https:\/\/nitu.mx\/"},{"@type":"ListItem","position":2,"name":"Fortalecen Interjet y Emirates su relaci\u00f3n comercial"}]},{"@type":"WebSite","@id":"https:\/\/nitu.mx\/#website","url":"https:\/\/nitu.mx\/","name":"Nitu - Noticias de la Industria Turistica","description":"Noticias de la Industria Turistica","publisher":{"@id":"https:\/\/nitu.mx\/#\/schema\/person\/ae7a53426417292d3dd07b45a33e01bc"},"alternateName":"Noticias de la Industria Turistica","potentialAction":[{"@type":"SearchAction","target":{"@type":"EntryPoint","urlTemplate":"https:\/\/nitu.mx\/?s={search_term_string}"},"query-input":"required name=search_term_string"}],"inLanguage":"es-MX"},{"@type":["Person","Organization"],"@id":"https:\/\/nitu.mx\/#\/schema\/person\/ae7a53426417292d3dd07b45a33e01bc","name":"Arturo Medina","image":{"@type":"ImageObject","inLanguage":"es-MX","@id":"https:\/\/nitu.mx\/#\/schema\/person\/image\/","url":"https:\/\/nitu.mx\/wp-content\/uploads\/2024\/04\/4A315622-1904-4D5C-B022-878CDC840E04-90x90-1.jpeg","contentUrl":"https:\/\/nitu.mx\/wp-content\/uploads\/2024\/04\/4A315622-1904-4D5C-B022-878CDC840E04-90x90-1.jpeg","width":90,"height":90,"caption":"Arturo Medina"},"logo":{"@id":"https:\/\/nitu.mx\/#\/schema\/person\/image\/"},"description":"Director NITU.mx, Egresado de la Escuela de Periodismo Carlos Septi\u00e9n Garc\u00eda. Periodista y analista especializado en turismo desde hace 35 a\u00f1os, radicado en Canc\u00fan Q.Roo. arturo@nitu.mx","sameAs":["https:\/\/nitu.mx","https:\/\/www.facebook.com\/NITUmx\/","medinacancun","https:\/\/twitter.com\/@Arturo_Medina_G"]},{"@type":"Person","@id":"https:\/\/nitu.mx\/#\/schema\/person\/4a28fe9bd65924f7c90623773daf1b0b","name":"Redacci\u00f3n","image":{"@type":"ImageObject","inLanguage":"es-MX","@id":"https:\/\/nitu.mx\/#\/schema\/person\/image\/","url":"https:\/\/secure.gravatar.com\/avatar\/5dd011c8ccfc5cd7e4c81e42252aab38?s=96&d=mm&r=g","contentUrl":"https:\/\/secure.gravatar.com\/avatar\/5dd011c8ccfc5cd7e4c81e42252aab38?s=96&d=mm&r=g","caption":"Redacci\u00f3n"},"url":"https:\/\/nitu.mx\/index.php\/author\/redaccion\/"}]}},"views":267,"_links":{"self":[{"href":"https:\/\/nitu.mx\/index.php\/wp-json\/wp\/v2\/posts\/23919"}],"collection":[{"href":"https:\/\/nitu.mx\/index.php\/wp-json\/wp\/v2\/posts"}],"about":[{"href":"https:\/\/nitu.mx\/index.php\/wp-json\/wp\/v2\/types\/post"}],"author":[{"embeddable":true,"href":"https:\/\/nitu.mx\/index.php\/wp-json\/wp\/v2\/users\/17"}],"replies":[{"embeddable":true,"href":"https:\/\/nitu.mx\/index.php\/wp-json\/wp\/v2\/comments?post=23919"}],"version-history":[{"count":3,"href":"https:\/\/nitu.mx\/index.php\/wp-json\/wp\/v2\/posts\/23919\/revisions"}],"predecessor-version":[{"id":23927,"href":"https:\/\/nitu.mx\/index.php\/wp-json\/wp\/v2\/posts\/23919\/revisions\/23927"}],"wp:featuredmedia":[{"embeddable":true,"href":"https:\/\/nitu.mx\/index.php\/wp-json\/wp\/v2\/media\/21126"}],"wp:attachment":[{"href":"https:\/\/nitu.mx\/index.php\/wp-json\/wp\/v2\/media?parent=23919"}],"wp:term":[{"taxonomy":"category","embeddable":true,"href":"https:\/\/nitu.mx\/index.php\/wp-json\/wp\/v2\/categories?post=23919"},{"taxonomy":"post_tag","embeddable":true,"href":"https:\/\/nitu.mx\/index.php\/wp-json\/wp\/v2\/tags?post=23919"}],"curies":[{"name":"wp","href":"https:\/\/api.w.org\/{rel}","templated":true}]}}