{"id":23793,"date":"2018-08-22T23:59:30","date_gmt":"2018-08-23T04:59:30","guid":{"rendered":"https:\/\/www.dev.nitu.mx\/?p=23793"},"modified":"2018-08-23T00:15:51","modified_gmt":"2018-08-23T05:15:51","slug":"la-mitad-de-la-ruta-del-tren-maya-ya-tiene-derechos-de-via-jimenez-espriu","status":"publish","type":"post","link":"https:\/\/nitu.mx\/index.php\/2018\/08\/22\/la-mitad-de-la-ruta-del-tren-maya-ya-tiene-derechos-de-via-jimenez-espriu\/","title":{"rendered":"La mitad de la ruta del Tren Maya ya tiene derechos de v\u00eda: Jim\u00e9nez Espri\u00fa"},"content":{"rendered":"<p>El proyecto del Tren Maya contempla un recorrido de mil 500 kil\u00f3metros, de los cuales la mitad ya cuenta con derechos de v\u00eda, asegur\u00f3 el pr\u00f3ximo secretario de Comunicaciones y Transportes, Javier Jim\u00e9nez Espri\u00fa.<\/p>\n<p>El colaborador del presidente electo Andr\u00e9s Manuel L\u00f3pez Obrador detall\u00f3 que el proyecto tiene vocaci\u00f3n tur\u00edstica, pero no se descarta el componente de transporte de pasajeros y de carga en una ruta que pasar\u00e1 por Campeche, Quintana Roo y Yucat\u00e1n.<\/p>\n<p>\u201cNecesitamos generar un mill\u00f3n de empleos por a\u00f1o para crecer a un ritmo de cuatro por ciento o m\u00e1s en los pr\u00f3ximos a\u00f1os, para ello las obras de infraestructura ser\u00e1n muy importantes\u201d, dijo durante su participaci\u00f3n en el Foro Estrategia Banorte 2018.<\/p>\n<p>Jim\u00e9nez Espri\u00fa detall\u00f3 que la estrategia en materia ferroviaria buscar\u00e1 que la red nacional aborde los tramos que se justifiquen econ\u00f3mica y socialmente.<\/p>\n<p>\u201cSabemos que hay una necesidad de inversi\u00f3n que no ser\u00e1 posible atender s\u00f3lo con el planteamiento del gobierno, buscaremos que haya una relaci\u00f3n de participaci\u00f3n privada 20 a uno, es decir, que por cada peso que el gobierno invierta, la IP participe con 20\u201d, sostuvo.\u00a0<a title=\"Empresas europeas y asi\u00e1ticas, interesadas en hacer el tren Maya\" href=\"https:\/\/www.dev.nitu.mx\/index.php\/2018\/08\/16\/empresas-europeas-y-asiaticas-interesadas-en-hacer-el-tren-maya\/\" rel=\"bookmark\">(Empresas europeas y asi\u00e1ticas, interesadas en hacer el tren Maya<\/a>)<\/p>\n<p>Para lograr esta colaboraci\u00f3n, el futuro funcionario dijo que se podr\u00e1 trabajar en diferentes esquemas, ya sean concesiones o asociaciones p\u00fablico privadas.<\/p>\n<p>\u201cEstaremos abiertos a las posibilidades e intereses de los participantes\u201d, dijo.<\/p>\n<p>Con respecto a la construcci\u00f3n de Nuevo Aeropuerto Internacional de M\u00e9xico (NAIM), Jim\u00e9nez Espri\u00fa dijo que el \u00faltimo domingo de octubre se realizar\u00e1 la consulta sobre si se desarrolla un segundo puerto a\u00e9reo en la base militar de Santa Luc\u00eda o si se contin\u00faa con la construcci\u00f3n de la nueva terminal en Texcoco.<\/p>\n<p>\u201cTenemos claro que debemos resolver la situaci\u00f3n de saturaci\u00f3n en el corto plazo, estamos realizando mesas de debate para informar a la poblaci\u00f3n\u201d, mencion\u00f3 el propuesto para encabezar la SCT.<\/p>\n<p>Como parte de la estrategia de infraestructura, el nuevo gobierno prev\u00e9 la creaci\u00f3n de un instituto de planeaci\u00f3n que pueda identificar proyectos necesarios en el corto y mediano plazo.<\/p>\n<p>\u201cHablamos de un instituto aut\u00f3nomo, que tenga una pol\u00edtica de desarrollo nacional\u201d, se\u00f1al\u00f3, reporta Forbes.<\/p>\n","protected":false},"excerpt":{"rendered":"<p>El proyecto del Tren Maya contempla un recorrido de mil 500 kil\u00f3metros, de los cuales la mitad ya cuenta con derechos de v\u00eda, asegur\u00f3 el pr\u00f3ximo secretario de Comunicaciones y Transportes, Javier Jim\u00e9nez Espri\u00fa. El colaborador del presidente electo Andr\u00e9s Manuel L\u00f3pez Obrador detall\u00f3 que el proyecto tiene vocaci\u00f3n tur\u00edstica, pero no se descarta el [&hellip;]<\/p>\n","protected":false},"author":17,"featured_media":23825,"comment_status":"open","ping_status":"open","sticky":false,"template":"","format":"standard","meta":{"footnotes":""},"categories":[5,6],"tags":[3083,400,11202,260,253,449],"yoast_head":"<!-- This site is optimized with the Yoast SEO plugin v22.2 - https:\/\/yoast.com\/wordpress\/plugins\/seo\/ -->\n<title>La mitad de la ruta del Tren Maya ya tiene derechos de v\u00eda: Jim\u00e9nez Espri\u00fa - Nitu - Noticias de la Industria Turistica<\/title>\n<meta name=\"description\" content=\"El proyecto del Tren Maya contempla un recorrido de mil 500 kil\u00f3metros, de los cuales la mitad ya cuenta con derechos de v\u00eda, asegur\u00f3 el pr\u00f3ximo secretario de Comunicaciones y Transportes, Javier Jim\u00e9nez Espri\u00fa.\" \/>\n<meta name=\"robots\" content=\"index, follow, max-snippet:-1, max-image-preview:large, max-video-preview:-1\" \/>\n<link rel=\"canonical\" href=\"https:\/\/nitu.mx\/index.php\/2018\/08\/22\/la-mitad-de-la-ruta-del-tren-maya-ya-tiene-derechos-de-via-jimenez-espriu\/\" \/>\n<meta name=\"twitter:card\" content=\"summary_large_image\" \/>\n<meta name=\"twitter:title\" content=\"La mitad de la ruta del Tren Maya ya tiene derechos de v\u00eda: Jim\u00e9nez Espri\u00fa - Nitu - Noticias de la Industria Turistica\" \/>\n<meta name=\"twitter:description\" content=\"El proyecto del Tren Maya contempla un recorrido de mil 500 kil\u00f3metros, de los cuales la mitad ya cuenta con derechos de v\u00eda, asegur\u00f3 el pr\u00f3ximo secretario de Comunicaciones y Transportes, Javier Jim\u00e9nez Espri\u00fa.\" \/>\n<meta name=\"twitter:image\" content=\"https:\/\/nitu.mx\/wp-content\/uploads\/2018\/08\/Jim\u00e9nez-Espri\u00fa.jpg\" \/>\n<meta name=\"twitter:creator\" content=\"@NITUmx\" \/>\n<meta name=\"twitter:site\" content=\"@Arturo_Medina_G\" \/>\n<meta name=\"twitter:label1\" content=\"Escrito por\" \/>\n\t<meta name=\"twitter:data1\" content=\"Redacci\u00f3n\" \/>\n\t<meta name=\"twitter:label2\" content=\"Tiempo de lectura\" \/>\n\t<meta name=\"twitter:data2\" content=\"2 minutos\" \/>\n<script type=\"application\/ld+json\" class=\"yoast-schema-graph\">{\"@context\":\"https:\/\/schema.org\",\"@graph\":[{\"@type\":\"Article\",\"@id\":\"https:\/\/nitu.mx\/index.php\/2018\/08\/22\/la-mitad-de-la-ruta-del-tren-maya-ya-tiene-derechos-de-via-jimenez-espriu\/#article\",\"isPartOf\":{\"@id\":\"https:\/\/nitu.mx\/index.php\/2018\/08\/22\/la-mitad-de-la-ruta-del-tren-maya-ya-tiene-derechos-de-via-jimenez-espriu\/\"},\"author\":{\"name\":\"Redacci\u00f3n\",\"@id\":\"https:\/\/nitu.mx\/#\/schema\/person\/4a28fe9bd65924f7c90623773daf1b0b\"},\"headline\":\"La mitad de la ruta del Tren Maya ya tiene derechos de v\u00eda: Jim\u00e9nez Espri\u00fa\",\"datePublished\":\"2018-08-23T04:59:30+00:00\",\"dateModified\":\"2018-08-23T05:15:51+00:00\",\"mainEntityOfPage\":{\"@id\":\"https:\/\/nitu.mx\/index.php\/2018\/08\/22\/la-mitad-de-la-ruta-del-tren-maya-ya-tiene-derechos-de-via-jimenez-espriu\/\"},\"wordCount\":407,\"commentCount\":0,\"publisher\":{\"@id\":\"https:\/\/nitu.mx\/#\/schema\/person\/ae7a53426417292d3dd07b45a33e01bc\"},\"image\":{\"@id\":\"https:\/\/nitu.mx\/index.php\/2018\/08\/22\/la-mitad-de-la-ruta-del-tren-maya-ya-tiene-derechos-de-via-jimenez-espriu\/#primaryimage\"},\"thumbnailUrl\":\"https:\/\/nitu.mx\/wp-content\/uploads\/2018\/08\/Jim\u00e9nez-Espri\u00fa.jpg\",\"keywords\":[\"Andr\u00e9s Manuel L\u00f3pez Obrador\",\"Campeche\",\"Javier Jim\u00e9nez Espri\u00fa\",\"Quintana Roo\",\"Secretar\u00eda de Comunicaciones y Transportes\",\"Yucat\u00e1n\"],\"articleSection\":[\"Destinos\",\"M\u00e9xico\"],\"inLanguage\":\"es-MX\",\"potentialAction\":[{\"@type\":\"CommentAction\",\"name\":\"Comment\",\"target\":[\"https:\/\/nitu.mx\/index.php\/2018\/08\/22\/la-mitad-de-la-ruta-del-tren-maya-ya-tiene-derechos-de-via-jimenez-espriu\/#respond\"]}]},{\"@type\":\"WebPage\",\"@id\":\"https:\/\/nitu.mx\/index.php\/2018\/08\/22\/la-mitad-de-la-ruta-del-tren-maya-ya-tiene-derechos-de-via-jimenez-espriu\/\",\"url\":\"https:\/\/nitu.mx\/index.php\/2018\/08\/22\/la-mitad-de-la-ruta-del-tren-maya-ya-tiene-derechos-de-via-jimenez-espriu\/\",\"name\":\"La mitad de la ruta del Tren Maya ya tiene derechos de v\u00eda: Jim\u00e9nez Espri\u00fa - Nitu - Noticias de la Industria Turistica\",\"isPartOf\":{\"@id\":\"https:\/\/nitu.mx\/#website\"},\"primaryImageOfPage\":{\"@id\":\"https:\/\/nitu.mx\/index.php\/2018\/08\/22\/la-mitad-de-la-ruta-del-tren-maya-ya-tiene-derechos-de-via-jimenez-espriu\/#primaryimage\"},\"image\":{\"@id\":\"https:\/\/nitu.mx\/index.php\/2018\/08\/22\/la-mitad-de-la-ruta-del-tren-maya-ya-tiene-derechos-de-via-jimenez-espriu\/#primaryimage\"},\"thumbnailUrl\":\"https:\/\/nitu.mx\/wp-content\/uploads\/2018\/08\/Jim\u00e9nez-Espri\u00fa.jpg\",\"datePublished\":\"2018-08-23T04:59:30+00:00\",\"dateModified\":\"2018-08-23T05:15:51+00:00\",\"description\":\"El proyecto del Tren Maya contempla un recorrido de mil 500 kil\u00f3metros, de los cuales la mitad ya cuenta con derechos de v\u00eda, asegur\u00f3 el pr\u00f3ximo secretario de Comunicaciones y Transportes, Javier Jim\u00e9nez Espri\u00fa.\",\"breadcrumb\":{\"@id\":\"https:\/\/nitu.mx\/index.php\/2018\/08\/22\/la-mitad-de-la-ruta-del-tren-maya-ya-tiene-derechos-de-via-jimenez-espriu\/#breadcrumb\"},\"inLanguage\":\"es-MX\",\"potentialAction\":[{\"@type\":\"ReadAction\",\"target\":[\"https:\/\/nitu.mx\/index.php\/2018\/08\/22\/la-mitad-de-la-ruta-del-tren-maya-ya-tiene-derechos-de-via-jimenez-espriu\/\"]}]},{\"@type\":\"ImageObject\",\"inLanguage\":\"es-MX\",\"@id\":\"https:\/\/nitu.mx\/index.php\/2018\/08\/22\/la-mitad-de-la-ruta-del-tren-maya-ya-tiene-derechos-de-via-jimenez-espriu\/#primaryimage\",\"url\":\"https:\/\/nitu.mx\/wp-content\/uploads\/2018\/08\/Jim\u00e9nez-Espri\u00fa.jpg\",\"contentUrl\":\"https:\/\/nitu.mx\/wp-content\/uploads\/2018\/08\/Jim\u00e9nez-Espri\u00fa.jpg\",\"width\":850,\"height\":480,\"caption\":\"Tren Maya\"},{\"@type\":\"BreadcrumbList\",\"@id\":\"https:\/\/nitu.mx\/index.php\/2018\/08\/22\/la-mitad-de-la-ruta-del-tren-maya-ya-tiene-derechos-de-via-jimenez-espriu\/#breadcrumb\",\"itemListElement\":[{\"@type\":\"ListItem\",\"position\":1,\"name\":\"Inicio\",\"item\":\"https:\/\/nitu.mx\/\"},{\"@type\":\"ListItem\",\"position\":2,\"name\":\"La mitad de la ruta del Tren Maya ya tiene derechos de v\u00eda: Jim\u00e9nez Espri\u00fa\"}]},{\"@type\":\"WebSite\",\"@id\":\"https:\/\/nitu.mx\/#website\",\"url\":\"https:\/\/nitu.mx\/\",\"name\":\"Nitu - Noticias de la Industria Turistica\",\"description\":\"Noticias de la Industria Turistica\",\"publisher\":{\"@id\":\"https:\/\/nitu.mx\/#\/schema\/person\/ae7a53426417292d3dd07b45a33e01bc\"},\"alternateName\":\"Noticias de la Industria Turistica\",\"potentialAction\":[{\"@type\":\"SearchAction\",\"target\":{\"@type\":\"EntryPoint\",\"urlTemplate\":\"https:\/\/nitu.mx\/?s={search_term_string}\"},\"query-input\":\"required name=search_term_string\"}],\"inLanguage\":\"es-MX\"},{\"@type\":[\"Person\",\"Organization\"],\"@id\":\"https:\/\/nitu.mx\/#\/schema\/person\/ae7a53426417292d3dd07b45a33e01bc\",\"name\":\"Arturo Medina\",\"image\":{\"@type\":\"ImageObject\",\"inLanguage\":\"es-MX\",\"@id\":\"https:\/\/nitu.mx\/#\/schema\/person\/image\/\",\"url\":\"https:\/\/nitu.mx\/wp-content\/uploads\/2024\/04\/4A315622-1904-4D5C-B022-878CDC840E04-90x90-1.jpeg\",\"contentUrl\":\"https:\/\/nitu.mx\/wp-content\/uploads\/2024\/04\/4A315622-1904-4D5C-B022-878CDC840E04-90x90-1.jpeg\",\"width\":90,\"height\":90,\"caption\":\"Arturo Medina\"},\"logo\":{\"@id\":\"https:\/\/nitu.mx\/#\/schema\/person\/image\/\"},\"description\":\"Director NITU.mx, Egresado de la Escuela de Periodismo Carlos Septi\u00e9n Garc\u00eda. Periodista y analista especializado en turismo desde hace 35 a\u00f1os, radicado en Canc\u00fan Q.Roo. arturo@nitu.mx\",\"sameAs\":[\"https:\/\/nitu.mx\",\"https:\/\/www.facebook.com\/NITUmx\/\",\"medinacancun\",\"https:\/\/twitter.com\/@Arturo_Medina_G\"]},{\"@type\":\"Person\",\"@id\":\"https:\/\/nitu.mx\/#\/schema\/person\/4a28fe9bd65924f7c90623773daf1b0b\",\"name\":\"Redacci\u00f3n\",\"image\":{\"@type\":\"ImageObject\",\"inLanguage\":\"es-MX\",\"@id\":\"https:\/\/nitu.mx\/#\/schema\/person\/image\/\",\"url\":\"https:\/\/secure.gravatar.com\/avatar\/5dd011c8ccfc5cd7e4c81e42252aab38?s=96&d=mm&r=g\",\"contentUrl\":\"https:\/\/secure.gravatar.com\/avatar\/5dd011c8ccfc5cd7e4c81e42252aab38?s=96&d=mm&r=g\",\"caption\":\"Redacci\u00f3n\"},\"url\":\"https:\/\/nitu.mx\/index.php\/author\/redaccion\/\"}]}<\/script>\n<!-- \/ Yoast SEO plugin. -->","yoast_head_json":{"title":"La mitad de la ruta del Tren Maya ya tiene derechos de v\u00eda: Jim\u00e9nez Espri\u00fa - Nitu - Noticias de la Industria Turistica","description":"El proyecto del Tren Maya contempla un recorrido de mil 500 kil\u00f3metros, de los cuales la mitad ya cuenta con derechos de v\u00eda, asegur\u00f3 el pr\u00f3ximo secretario de Comunicaciones y Transportes, Javier Jim\u00e9nez Espri\u00fa.","robots":{"index":"index","follow":"follow","max-snippet":"max-snippet:-1","max-image-preview":"max-image-preview:large","max-video-preview":"max-video-preview:-1"},"canonical":"https:\/\/nitu.mx\/index.php\/2018\/08\/22\/la-mitad-de-la-ruta-del-tren-maya-ya-tiene-derechos-de-via-jimenez-espriu\/","twitter_card":"summary_large_image","twitter_title":"La mitad de la ruta del Tren Maya ya tiene derechos de v\u00eda: Jim\u00e9nez Espri\u00fa - Nitu - Noticias de la Industria Turistica","twitter_description":"El proyecto del Tren Maya contempla un recorrido de mil 500 kil\u00f3metros, de los cuales la mitad ya cuenta con derechos de v\u00eda, asegur\u00f3 el pr\u00f3ximo secretario de Comunicaciones y Transportes, Javier Jim\u00e9nez Espri\u00fa.","twitter_image":"https:\/\/nitu.mx\/wp-content\/uploads\/2018\/08\/Jim\u00e9nez-Espri\u00fa.jpg","twitter_creator":"@NITUmx","twitter_site":"@Arturo_Medina_G","twitter_misc":{"Escrito por":"Redacci\u00f3n","Tiempo de lectura":"2 minutos"},"schema":{"@context":"https:\/\/schema.org","@graph":[{"@type":"Article","@id":"https:\/\/nitu.mx\/index.php\/2018\/08\/22\/la-mitad-de-la-ruta-del-tren-maya-ya-tiene-derechos-de-via-jimenez-espriu\/#article","isPartOf":{"@id":"https:\/\/nitu.mx\/index.php\/2018\/08\/22\/la-mitad-de-la-ruta-del-tren-maya-ya-tiene-derechos-de-via-jimenez-espriu\/"},"author":{"name":"Redacci\u00f3n","@id":"https:\/\/nitu.mx\/#\/schema\/person\/4a28fe9bd65924f7c90623773daf1b0b"},"headline":"La mitad de la ruta del Tren Maya ya tiene derechos de v\u00eda: Jim\u00e9nez Espri\u00fa","datePublished":"2018-08-23T04:59:30+00:00","dateModified":"2018-08-23T05:15:51+00:00","mainEntityOfPage":{"@id":"https:\/\/nitu.mx\/index.php\/2018\/08\/22\/la-mitad-de-la-ruta-del-tren-maya-ya-tiene-derechos-de-via-jimenez-espriu\/"},"wordCount":407,"commentCount":0,"publisher":{"@id":"https:\/\/nitu.mx\/#\/schema\/person\/ae7a53426417292d3dd07b45a33e01bc"},"image":{"@id":"https:\/\/nitu.mx\/index.php\/2018\/08\/22\/la-mitad-de-la-ruta-del-tren-maya-ya-tiene-derechos-de-via-jimenez-espriu\/#primaryimage"},"thumbnailUrl":"https:\/\/nitu.mx\/wp-content\/uploads\/2018\/08\/Jim\u00e9nez-Espri\u00fa.jpg","keywords":["Andr\u00e9s Manuel L\u00f3pez Obrador","Campeche","Javier Jim\u00e9nez Espri\u00fa","Quintana Roo","Secretar\u00eda de Comunicaciones y Transportes","Yucat\u00e1n"],"articleSection":["Destinos","M\u00e9xico"],"inLanguage":"es-MX","potentialAction":[{"@type":"CommentAction","name":"Comment","target":["https:\/\/nitu.mx\/index.php\/2018\/08\/22\/la-mitad-de-la-ruta-del-tren-maya-ya-tiene-derechos-de-via-jimenez-espriu\/#respond"]}]},{"@type":"WebPage","@id":"https:\/\/nitu.mx\/index.php\/2018\/08\/22\/la-mitad-de-la-ruta-del-tren-maya-ya-tiene-derechos-de-via-jimenez-espriu\/","url":"https:\/\/nitu.mx\/index.php\/2018\/08\/22\/la-mitad-de-la-ruta-del-tren-maya-ya-tiene-derechos-de-via-jimenez-espriu\/","name":"La mitad de la ruta del Tren Maya ya tiene derechos de v\u00eda: Jim\u00e9nez Espri\u00fa - Nitu - Noticias de la Industria Turistica","isPartOf":{"@id":"https:\/\/nitu.mx\/#website"},"primaryImageOfPage":{"@id":"https:\/\/nitu.mx\/index.php\/2018\/08\/22\/la-mitad-de-la-ruta-del-tren-maya-ya-tiene-derechos-de-via-jimenez-espriu\/#primaryimage"},"image":{"@id":"https:\/\/nitu.mx\/index.php\/2018\/08\/22\/la-mitad-de-la-ruta-del-tren-maya-ya-tiene-derechos-de-via-jimenez-espriu\/#primaryimage"},"thumbnailUrl":"https:\/\/nitu.mx\/wp-content\/uploads\/2018\/08\/Jim\u00e9nez-Espri\u00fa.jpg","datePublished":"2018-08-23T04:59:30+00:00","dateModified":"2018-08-23T05:15:51+00:00","description":"El proyecto del Tren Maya contempla un recorrido de mil 500 kil\u00f3metros, de los cuales la mitad ya cuenta con derechos de v\u00eda, asegur\u00f3 el pr\u00f3ximo secretario de Comunicaciones y Transportes, Javier Jim\u00e9nez Espri\u00fa.","breadcrumb":{"@id":"https:\/\/nitu.mx\/index.php\/2018\/08\/22\/la-mitad-de-la-ruta-del-tren-maya-ya-tiene-derechos-de-via-jimenez-espriu\/#breadcrumb"},"inLanguage":"es-MX","potentialAction":[{"@type":"ReadAction","target":["https:\/\/nitu.mx\/index.php\/2018\/08\/22\/la-mitad-de-la-ruta-del-tren-maya-ya-tiene-derechos-de-via-jimenez-espriu\/"]}]},{"@type":"ImageObject","inLanguage":"es-MX","@id":"https:\/\/nitu.mx\/index.php\/2018\/08\/22\/la-mitad-de-la-ruta-del-tren-maya-ya-tiene-derechos-de-via-jimenez-espriu\/#primaryimage","url":"https:\/\/nitu.mx\/wp-content\/uploads\/2018\/08\/Jim\u00e9nez-Espri\u00fa.jpg","contentUrl":"https:\/\/nitu.mx\/wp-content\/uploads\/2018\/08\/Jim\u00e9nez-Espri\u00fa.jpg","width":850,"height":480,"caption":"Tren Maya"},{"@type":"BreadcrumbList","@id":"https:\/\/nitu.mx\/index.php\/2018\/08\/22\/la-mitad-de-la-ruta-del-tren-maya-ya-tiene-derechos-de-via-jimenez-espriu\/#breadcrumb","itemListElement":[{"@type":"ListItem","position":1,"name":"Inicio","item":"https:\/\/nitu.mx\/"},{"@type":"ListItem","position":2,"name":"La mitad de la ruta del Tren Maya ya tiene derechos de v\u00eda: Jim\u00e9nez Espri\u00fa"}]},{"@type":"WebSite","@id":"https:\/\/nitu.mx\/#website","url":"https:\/\/nitu.mx\/","name":"Nitu - Noticias de la Industria Turistica","description":"Noticias de la Industria Turistica","publisher":{"@id":"https:\/\/nitu.mx\/#\/schema\/person\/ae7a53426417292d3dd07b45a33e01bc"},"alternateName":"Noticias de la Industria Turistica","potentialAction":[{"@type":"SearchAction","target":{"@type":"EntryPoint","urlTemplate":"https:\/\/nitu.mx\/?s={search_term_string}"},"query-input":"required name=search_term_string"}],"inLanguage":"es-MX"},{"@type":["Person","Organization"],"@id":"https:\/\/nitu.mx\/#\/schema\/person\/ae7a53426417292d3dd07b45a33e01bc","name":"Arturo Medina","image":{"@type":"ImageObject","inLanguage":"es-MX","@id":"https:\/\/nitu.mx\/#\/schema\/person\/image\/","url":"https:\/\/nitu.mx\/wp-content\/uploads\/2024\/04\/4A315622-1904-4D5C-B022-878CDC840E04-90x90-1.jpeg","contentUrl":"https:\/\/nitu.mx\/wp-content\/uploads\/2024\/04\/4A315622-1904-4D5C-B022-878CDC840E04-90x90-1.jpeg","width":90,"height":90,"caption":"Arturo Medina"},"logo":{"@id":"https:\/\/nitu.mx\/#\/schema\/person\/image\/"},"description":"Director NITU.mx, Egresado de la Escuela de Periodismo Carlos Septi\u00e9n Garc\u00eda. Periodista y analista especializado en turismo desde hace 35 a\u00f1os, radicado en Canc\u00fan Q.Roo. arturo@nitu.mx","sameAs":["https:\/\/nitu.mx","https:\/\/www.facebook.com\/NITUmx\/","medinacancun","https:\/\/twitter.com\/@Arturo_Medina_G"]},{"@type":"Person","@id":"https:\/\/nitu.mx\/#\/schema\/person\/4a28fe9bd65924f7c90623773daf1b0b","name":"Redacci\u00f3n","image":{"@type":"ImageObject","inLanguage":"es-MX","@id":"https:\/\/nitu.mx\/#\/schema\/person\/image\/","url":"https:\/\/secure.gravatar.com\/avatar\/5dd011c8ccfc5cd7e4c81e42252aab38?s=96&d=mm&r=g","contentUrl":"https:\/\/secure.gravatar.com\/avatar\/5dd011c8ccfc5cd7e4c81e42252aab38?s=96&d=mm&r=g","caption":"Redacci\u00f3n"},"url":"https:\/\/nitu.mx\/index.php\/author\/redaccion\/"}]}},"views":283,"_links":{"self":[{"href":"https:\/\/nitu.mx\/index.php\/wp-json\/wp\/v2\/posts\/23793"}],"collection":[{"href":"https:\/\/nitu.mx\/index.php\/wp-json\/wp\/v2\/posts"}],"about":[{"href":"https:\/\/nitu.mx\/index.php\/wp-json\/wp\/v2\/types\/post"}],"author":[{"embeddable":true,"href":"https:\/\/nitu.mx\/index.php\/wp-json\/wp\/v2\/users\/17"}],"replies":[{"embeddable":true,"href":"https:\/\/nitu.mx\/index.php\/wp-json\/wp\/v2\/comments?post=23793"}],"version-history":[{"count":4,"href":"https:\/\/nitu.mx\/index.php\/wp-json\/wp\/v2\/posts\/23793\/revisions"}],"predecessor-version":[{"id":23826,"href":"https:\/\/nitu.mx\/index.php\/wp-json\/wp\/v2\/posts\/23793\/revisions\/23826"}],"wp:featuredmedia":[{"embeddable":true,"href":"https:\/\/nitu.mx\/index.php\/wp-json\/wp\/v2\/media\/23825"}],"wp:attachment":[{"href":"https:\/\/nitu.mx\/index.php\/wp-json\/wp\/v2\/media?parent=23793"}],"wp:term":[{"taxonomy":"category","embeddable":true,"href":"https:\/\/nitu.mx\/index.php\/wp-json\/wp\/v2\/categories?post=23793"},{"taxonomy":"post_tag","embeddable":true,"href":"https:\/\/nitu.mx\/index.php\/wp-json\/wp\/v2\/tags?post=23793"}],"curies":[{"name":"wp","href":"https:\/\/api.w.org\/{rel}","templated":true}]}}