{"id":23660,"date":"2018-08-19T22:23:29","date_gmt":"2018-08-20T03:23:29","guid":{"rendered":"https:\/\/www.dev.nitu.mx\/?p=23660"},"modified":"2018-08-20T00:22:55","modified_gmt":"2018-08-20T05:22:55","slug":"interjet-y-eva-air-firman-acuerdo-interlineal-bilateral","status":"publish","type":"post","link":"https:\/\/nitu.mx\/index.php\/2018\/08\/19\/interjet-y-eva-air-firman-acuerdo-interlineal-bilateral\/","title":{"rendered":"Interjet y Eva Air firman acuerdo interlineal bilateral"},"content":{"rendered":"<p>Interjet anunci\u00f3 la formalizaci\u00f3n de un acuerdo bilateral con Eva Air, aerol\u00ednea taiwanesa con m\u00e1s de 60 destinos dentro y fuera de su pa\u00eds. De esta forma, ambas empresas ampl\u00edan su oferta de servicios al ofrecer transporte en sus rutas y conexiones a trav\u00e9s de los sistemas de distribuci\u00f3n y agencias de viaje.<\/p>\n<p>Gracias a esta alianza, tanto los pasajeros de Interjet como los de Eva Air, podr\u00e1n acceder a la amplia red de rutas de ambas aerol\u00edneas, conectando principalmente en los aeropuertos de Los Angeles, San Francisco o Vancouver.<\/p>\n<p>\u201cCon la firma de acuerdos de este tipo, Interjet fortalece su presencia internacional, con lo cual los pasajeros, y nuestro pa\u00eds, se benefician al mejorar la conectividad a\u00e9rea\u201d, se\u00f1al\u00f3 Jos\u00e9 Luis Garza, director General de Interjet.<\/p>\n<p>Eva Air fue fundada en marzo de 1989 e inici\u00f3 sus operaciones en el verano de 1991. Actualmente presta servicios a 64 destinos en cuatro continentes, con 74 aviones, y sigue ampliando constantemente su red de operaciones y su flota.<\/p>\n<p>La aerol\u00ednea mexicana brinda una experiencia de vuelo completa: amplio espacio entre asientos y la facilidad de poder llevar hasta 50 kilogramos de equipaje sin cargo extra en tarifa Priority.\u00a0<a title=\"Con grandes descuentos inicia el Outlet Interjet 2018\" href=\"https:\/\/www.dev.nitu.mx\/index.php\/2018\/08\/17\/con-grandes-descuentos-inicia-el-outlet-interjet-2018\/\" rel=\"bookmark\">(Con grandes descuentos inicia el Outlet Interjet 2018<\/a>).<\/p>\n","protected":false},"excerpt":{"rendered":"<p>Interjet anunci\u00f3 la formalizaci\u00f3n de un acuerdo bilateral con Eva Air, aerol\u00ednea taiwanesa con m\u00e1s de 60 destinos dentro y fuera de su pa\u00eds. De esta forma, ambas empresas ampl\u00edan su oferta de servicios al ofrecer transporte en sus rutas y conexiones a trav\u00e9s de los sistemas de distribuci\u00f3n y agencias de viaje. Gracias a [&hellip;]<\/p>\n","protected":false},"author":17,"featured_media":23548,"comment_status":"open","ping_status":"open","sticky":false,"template":"","format":"standard","meta":{"footnotes":""},"categories":[29,6],"tags":[5996,6706,172,3771,5168],"yoast_head":"<!-- This site is optimized with the Yoast SEO plugin v22.2 - https:\/\/yoast.com\/wordpress\/plugins\/seo\/ -->\n<title>Interjet y Eva Air firman acuerdo interlineal bilateral - Nitu - Noticias de la Industria Turistica<\/title>\n<meta name=\"description\" content=\"Interjet anunci\u00f3 la formalizaci\u00f3n de un acuerdo bilateral con Eva Air, aerol\u00ednea taiwanesa con m\u00e1s de 60 destinos dentro y fuera de su pa\u00eds.\" \/>\n<meta name=\"robots\" content=\"index, follow, max-snippet:-1, max-image-preview:large, max-video-preview:-1\" \/>\n<link rel=\"canonical\" href=\"https:\/\/nitu.mx\/index.php\/2018\/08\/19\/interjet-y-eva-air-firman-acuerdo-interlineal-bilateral\/\" \/>\n<meta name=\"twitter:card\" content=\"summary_large_image\" \/>\n<meta name=\"twitter:title\" content=\"Interjet y Eva Air firman acuerdo interlineal bilateral - Nitu - Noticias de la Industria Turistica\" \/>\n<meta name=\"twitter:description\" content=\"Interjet anunci\u00f3 la formalizaci\u00f3n de un acuerdo bilateral con Eva Air, aerol\u00ednea taiwanesa con m\u00e1s de 60 destinos dentro y fuera de su pa\u00eds.\" \/>\n<meta name=\"twitter:image\" content=\"https:\/\/nitu.mx\/wp-content\/uploads\/2018\/08\/interjet.jpg\" \/>\n<meta name=\"twitter:creator\" content=\"@NITUmx\" \/>\n<meta name=\"twitter:site\" content=\"@Arturo_Medina_G\" \/>\n<meta name=\"twitter:label1\" content=\"Escrito por\" \/>\n\t<meta name=\"twitter:data1\" content=\"Redacci\u00f3n\" \/>\n\t<meta name=\"twitter:label2\" content=\"Tiempo de lectura\" \/>\n\t<meta name=\"twitter:data2\" content=\"1 minuto\" \/>\n<script type=\"application\/ld+json\" class=\"yoast-schema-graph\">{\"@context\":\"https:\/\/schema.org\",\"@graph\":[{\"@type\":\"Article\",\"@id\":\"https:\/\/nitu.mx\/index.php\/2018\/08\/19\/interjet-y-eva-air-firman-acuerdo-interlineal-bilateral\/#article\",\"isPartOf\":{\"@id\":\"https:\/\/nitu.mx\/index.php\/2018\/08\/19\/interjet-y-eva-air-firman-acuerdo-interlineal-bilateral\/\"},\"author\":{\"name\":\"Redacci\u00f3n\",\"@id\":\"https:\/\/nitu.mx\/#\/schema\/person\/4a28fe9bd65924f7c90623773daf1b0b\"},\"headline\":\"Interjet y Eva Air firman acuerdo interlineal bilateral\",\"datePublished\":\"2018-08-20T03:23:29+00:00\",\"dateModified\":\"2018-08-20T05:22:55+00:00\",\"mainEntityOfPage\":{\"@id\":\"https:\/\/nitu.mx\/index.php\/2018\/08\/19\/interjet-y-eva-air-firman-acuerdo-interlineal-bilateral\/\"},\"wordCount\":218,\"commentCount\":0,\"publisher\":{\"@id\":\"https:\/\/nitu.mx\/#\/schema\/person\/ae7a53426417292d3dd07b45a33e01bc\"},\"image\":{\"@id\":\"https:\/\/nitu.mx\/index.php\/2018\/08\/19\/interjet-y-eva-air-firman-acuerdo-interlineal-bilateral\/#primaryimage\"},\"thumbnailUrl\":\"https:\/\/nitu.mx\/wp-content\/uploads\/2018\/08\/interjet.jpg\",\"keywords\":[\"Agencias de Viaje\",\"Eva Air\",\"Interjet\",\"pasajeros\",\"rutas\"],\"articleSection\":[\"Aerol\u00edneas\",\"M\u00e9xico\"],\"inLanguage\":\"es-MX\",\"potentialAction\":[{\"@type\":\"CommentAction\",\"name\":\"Comment\",\"target\":[\"https:\/\/nitu.mx\/index.php\/2018\/08\/19\/interjet-y-eva-air-firman-acuerdo-interlineal-bilateral\/#respond\"]}]},{\"@type\":\"WebPage\",\"@id\":\"https:\/\/nitu.mx\/index.php\/2018\/08\/19\/interjet-y-eva-air-firman-acuerdo-interlineal-bilateral\/\",\"url\":\"https:\/\/nitu.mx\/index.php\/2018\/08\/19\/interjet-y-eva-air-firman-acuerdo-interlineal-bilateral\/\",\"name\":\"Interjet y Eva Air firman acuerdo interlineal bilateral - Nitu - Noticias de la Industria Turistica\",\"isPartOf\":{\"@id\":\"https:\/\/nitu.mx\/#website\"},\"primaryImageOfPage\":{\"@id\":\"https:\/\/nitu.mx\/index.php\/2018\/08\/19\/interjet-y-eva-air-firman-acuerdo-interlineal-bilateral\/#primaryimage\"},\"image\":{\"@id\":\"https:\/\/nitu.mx\/index.php\/2018\/08\/19\/interjet-y-eva-air-firman-acuerdo-interlineal-bilateral\/#primaryimage\"},\"thumbnailUrl\":\"https:\/\/nitu.mx\/wp-content\/uploads\/2018\/08\/interjet.jpg\",\"datePublished\":\"2018-08-20T03:23:29+00:00\",\"dateModified\":\"2018-08-20T05:22:55+00:00\",\"description\":\"Interjet anunci\u00f3 la formalizaci\u00f3n de un acuerdo bilateral con Eva Air, aerol\u00ednea taiwanesa con m\u00e1s de 60 destinos dentro y fuera de su pa\u00eds.\",\"breadcrumb\":{\"@id\":\"https:\/\/nitu.mx\/index.php\/2018\/08\/19\/interjet-y-eva-air-firman-acuerdo-interlineal-bilateral\/#breadcrumb\"},\"inLanguage\":\"es-MX\",\"potentialAction\":[{\"@type\":\"ReadAction\",\"target\":[\"https:\/\/nitu.mx\/index.php\/2018\/08\/19\/interjet-y-eva-air-firman-acuerdo-interlineal-bilateral\/\"]}]},{\"@type\":\"ImageObject\",\"inLanguage\":\"es-MX\",\"@id\":\"https:\/\/nitu.mx\/index.php\/2018\/08\/19\/interjet-y-eva-air-firman-acuerdo-interlineal-bilateral\/#primaryimage\",\"url\":\"https:\/\/nitu.mx\/wp-content\/uploads\/2018\/08\/interjet.jpg\",\"contentUrl\":\"https:\/\/nitu.mx\/wp-content\/uploads\/2018\/08\/interjet.jpg\",\"width\":850,\"height\":480,\"caption\":\"interjet\"},{\"@type\":\"BreadcrumbList\",\"@id\":\"https:\/\/nitu.mx\/index.php\/2018\/08\/19\/interjet-y-eva-air-firman-acuerdo-interlineal-bilateral\/#breadcrumb\",\"itemListElement\":[{\"@type\":\"ListItem\",\"position\":1,\"name\":\"Inicio\",\"item\":\"https:\/\/nitu.mx\/\"},{\"@type\":\"ListItem\",\"position\":2,\"name\":\"Interjet y Eva Air firman acuerdo interlineal bilateral\"}]},{\"@type\":\"WebSite\",\"@id\":\"https:\/\/nitu.mx\/#website\",\"url\":\"https:\/\/nitu.mx\/\",\"name\":\"Nitu - Noticias de la Industria Turistica\",\"description\":\"Noticias de la Industria Turistica\",\"publisher\":{\"@id\":\"https:\/\/nitu.mx\/#\/schema\/person\/ae7a53426417292d3dd07b45a33e01bc\"},\"alternateName\":\"Noticias de la Industria Turistica\",\"potentialAction\":[{\"@type\":\"SearchAction\",\"target\":{\"@type\":\"EntryPoint\",\"urlTemplate\":\"https:\/\/nitu.mx\/?s={search_term_string}\"},\"query-input\":\"required name=search_term_string\"}],\"inLanguage\":\"es-MX\"},{\"@type\":[\"Person\",\"Organization\"],\"@id\":\"https:\/\/nitu.mx\/#\/schema\/person\/ae7a53426417292d3dd07b45a33e01bc\",\"name\":\"Arturo Medina\",\"image\":{\"@type\":\"ImageObject\",\"inLanguage\":\"es-MX\",\"@id\":\"https:\/\/nitu.mx\/#\/schema\/person\/image\/\",\"url\":\"https:\/\/nitu.mx\/wp-content\/uploads\/2024\/04\/4A315622-1904-4D5C-B022-878CDC840E04-90x90-1.jpeg\",\"contentUrl\":\"https:\/\/nitu.mx\/wp-content\/uploads\/2024\/04\/4A315622-1904-4D5C-B022-878CDC840E04-90x90-1.jpeg\",\"width\":90,\"height\":90,\"caption\":\"Arturo Medina\"},\"logo\":{\"@id\":\"https:\/\/nitu.mx\/#\/schema\/person\/image\/\"},\"description\":\"Director NITU.mx, Egresado de la Escuela de Periodismo Carlos Septi\u00e9n Garc\u00eda. Periodista y analista especializado en turismo desde hace 35 a\u00f1os, radicado en Canc\u00fan Q.Roo. arturo@nitu.mx\",\"sameAs\":[\"https:\/\/nitu.mx\",\"https:\/\/www.facebook.com\/NITUmx\/\",\"medinacancun\",\"https:\/\/twitter.com\/@Arturo_Medina_G\"]},{\"@type\":\"Person\",\"@id\":\"https:\/\/nitu.mx\/#\/schema\/person\/4a28fe9bd65924f7c90623773daf1b0b\",\"name\":\"Redacci\u00f3n\",\"image\":{\"@type\":\"ImageObject\",\"inLanguage\":\"es-MX\",\"@id\":\"https:\/\/nitu.mx\/#\/schema\/person\/image\/\",\"url\":\"https:\/\/secure.gravatar.com\/avatar\/5dd011c8ccfc5cd7e4c81e42252aab38?s=96&d=mm&r=g\",\"contentUrl\":\"https:\/\/secure.gravatar.com\/avatar\/5dd011c8ccfc5cd7e4c81e42252aab38?s=96&d=mm&r=g\",\"caption\":\"Redacci\u00f3n\"},\"url\":\"https:\/\/nitu.mx\/index.php\/author\/redaccion\/\"}]}<\/script>\n<!-- \/ Yoast SEO plugin. -->","yoast_head_json":{"title":"Interjet y Eva Air firman acuerdo interlineal bilateral - Nitu - Noticias de la Industria Turistica","description":"Interjet anunci\u00f3 la formalizaci\u00f3n de un acuerdo bilateral con Eva Air, aerol\u00ednea taiwanesa con m\u00e1s de 60 destinos dentro y fuera de su pa\u00eds.","robots":{"index":"index","follow":"follow","max-snippet":"max-snippet:-1","max-image-preview":"max-image-preview:large","max-video-preview":"max-video-preview:-1"},"canonical":"https:\/\/nitu.mx\/index.php\/2018\/08\/19\/interjet-y-eva-air-firman-acuerdo-interlineal-bilateral\/","twitter_card":"summary_large_image","twitter_title":"Interjet y Eva Air firman acuerdo interlineal bilateral - Nitu - Noticias de la Industria Turistica","twitter_description":"Interjet anunci\u00f3 la formalizaci\u00f3n de un acuerdo bilateral con Eva Air, aerol\u00ednea taiwanesa con m\u00e1s de 60 destinos dentro y fuera de su pa\u00eds.","twitter_image":"https:\/\/nitu.mx\/wp-content\/uploads\/2018\/08\/interjet.jpg","twitter_creator":"@NITUmx","twitter_site":"@Arturo_Medina_G","twitter_misc":{"Escrito por":"Redacci\u00f3n","Tiempo de lectura":"1 minuto"},"schema":{"@context":"https:\/\/schema.org","@graph":[{"@type":"Article","@id":"https:\/\/nitu.mx\/index.php\/2018\/08\/19\/interjet-y-eva-air-firman-acuerdo-interlineal-bilateral\/#article","isPartOf":{"@id":"https:\/\/nitu.mx\/index.php\/2018\/08\/19\/interjet-y-eva-air-firman-acuerdo-interlineal-bilateral\/"},"author":{"name":"Redacci\u00f3n","@id":"https:\/\/nitu.mx\/#\/schema\/person\/4a28fe9bd65924f7c90623773daf1b0b"},"headline":"Interjet y Eva Air firman acuerdo interlineal bilateral","datePublished":"2018-08-20T03:23:29+00:00","dateModified":"2018-08-20T05:22:55+00:00","mainEntityOfPage":{"@id":"https:\/\/nitu.mx\/index.php\/2018\/08\/19\/interjet-y-eva-air-firman-acuerdo-interlineal-bilateral\/"},"wordCount":218,"commentCount":0,"publisher":{"@id":"https:\/\/nitu.mx\/#\/schema\/person\/ae7a53426417292d3dd07b45a33e01bc"},"image":{"@id":"https:\/\/nitu.mx\/index.php\/2018\/08\/19\/interjet-y-eva-air-firman-acuerdo-interlineal-bilateral\/#primaryimage"},"thumbnailUrl":"https:\/\/nitu.mx\/wp-content\/uploads\/2018\/08\/interjet.jpg","keywords":["Agencias de Viaje","Eva Air","Interjet","pasajeros","rutas"],"articleSection":["Aerol\u00edneas","M\u00e9xico"],"inLanguage":"es-MX","potentialAction":[{"@type":"CommentAction","name":"Comment","target":["https:\/\/nitu.mx\/index.php\/2018\/08\/19\/interjet-y-eva-air-firman-acuerdo-interlineal-bilateral\/#respond"]}]},{"@type":"WebPage","@id":"https:\/\/nitu.mx\/index.php\/2018\/08\/19\/interjet-y-eva-air-firman-acuerdo-interlineal-bilateral\/","url":"https:\/\/nitu.mx\/index.php\/2018\/08\/19\/interjet-y-eva-air-firman-acuerdo-interlineal-bilateral\/","name":"Interjet y Eva Air firman acuerdo interlineal bilateral - Nitu - Noticias de la Industria Turistica","isPartOf":{"@id":"https:\/\/nitu.mx\/#website"},"primaryImageOfPage":{"@id":"https:\/\/nitu.mx\/index.php\/2018\/08\/19\/interjet-y-eva-air-firman-acuerdo-interlineal-bilateral\/#primaryimage"},"image":{"@id":"https:\/\/nitu.mx\/index.php\/2018\/08\/19\/interjet-y-eva-air-firman-acuerdo-interlineal-bilateral\/#primaryimage"},"thumbnailUrl":"https:\/\/nitu.mx\/wp-content\/uploads\/2018\/08\/interjet.jpg","datePublished":"2018-08-20T03:23:29+00:00","dateModified":"2018-08-20T05:22:55+00:00","description":"Interjet anunci\u00f3 la formalizaci\u00f3n de un acuerdo bilateral con Eva Air, aerol\u00ednea taiwanesa con m\u00e1s de 60 destinos dentro y fuera de su pa\u00eds.","breadcrumb":{"@id":"https:\/\/nitu.mx\/index.php\/2018\/08\/19\/interjet-y-eva-air-firman-acuerdo-interlineal-bilateral\/#breadcrumb"},"inLanguage":"es-MX","potentialAction":[{"@type":"ReadAction","target":["https:\/\/nitu.mx\/index.php\/2018\/08\/19\/interjet-y-eva-air-firman-acuerdo-interlineal-bilateral\/"]}]},{"@type":"ImageObject","inLanguage":"es-MX","@id":"https:\/\/nitu.mx\/index.php\/2018\/08\/19\/interjet-y-eva-air-firman-acuerdo-interlineal-bilateral\/#primaryimage","url":"https:\/\/nitu.mx\/wp-content\/uploads\/2018\/08\/interjet.jpg","contentUrl":"https:\/\/nitu.mx\/wp-content\/uploads\/2018\/08\/interjet.jpg","width":850,"height":480,"caption":"interjet"},{"@type":"BreadcrumbList","@id":"https:\/\/nitu.mx\/index.php\/2018\/08\/19\/interjet-y-eva-air-firman-acuerdo-interlineal-bilateral\/#breadcrumb","itemListElement":[{"@type":"ListItem","position":1,"name":"Inicio","item":"https:\/\/nitu.mx\/"},{"@type":"ListItem","position":2,"name":"Interjet y Eva Air firman acuerdo interlineal bilateral"}]},{"@type":"WebSite","@id":"https:\/\/nitu.mx\/#website","url":"https:\/\/nitu.mx\/","name":"Nitu - Noticias de la Industria Turistica","description":"Noticias de la Industria Turistica","publisher":{"@id":"https:\/\/nitu.mx\/#\/schema\/person\/ae7a53426417292d3dd07b45a33e01bc"},"alternateName":"Noticias de la Industria Turistica","potentialAction":[{"@type":"SearchAction","target":{"@type":"EntryPoint","urlTemplate":"https:\/\/nitu.mx\/?s={search_term_string}"},"query-input":"required name=search_term_string"}],"inLanguage":"es-MX"},{"@type":["Person","Organization"],"@id":"https:\/\/nitu.mx\/#\/schema\/person\/ae7a53426417292d3dd07b45a33e01bc","name":"Arturo Medina","image":{"@type":"ImageObject","inLanguage":"es-MX","@id":"https:\/\/nitu.mx\/#\/schema\/person\/image\/","url":"https:\/\/nitu.mx\/wp-content\/uploads\/2024\/04\/4A315622-1904-4D5C-B022-878CDC840E04-90x90-1.jpeg","contentUrl":"https:\/\/nitu.mx\/wp-content\/uploads\/2024\/04\/4A315622-1904-4D5C-B022-878CDC840E04-90x90-1.jpeg","width":90,"height":90,"caption":"Arturo Medina"},"logo":{"@id":"https:\/\/nitu.mx\/#\/schema\/person\/image\/"},"description":"Director NITU.mx, Egresado de la Escuela de Periodismo Carlos Septi\u00e9n Garc\u00eda. Periodista y analista especializado en turismo desde hace 35 a\u00f1os, radicado en Canc\u00fan Q.Roo. arturo@nitu.mx","sameAs":["https:\/\/nitu.mx","https:\/\/www.facebook.com\/NITUmx\/","medinacancun","https:\/\/twitter.com\/@Arturo_Medina_G"]},{"@type":"Person","@id":"https:\/\/nitu.mx\/#\/schema\/person\/4a28fe9bd65924f7c90623773daf1b0b","name":"Redacci\u00f3n","image":{"@type":"ImageObject","inLanguage":"es-MX","@id":"https:\/\/nitu.mx\/#\/schema\/person\/image\/","url":"https:\/\/secure.gravatar.com\/avatar\/5dd011c8ccfc5cd7e4c81e42252aab38?s=96&d=mm&r=g","contentUrl":"https:\/\/secure.gravatar.com\/avatar\/5dd011c8ccfc5cd7e4c81e42252aab38?s=96&d=mm&r=g","caption":"Redacci\u00f3n"},"url":"https:\/\/nitu.mx\/index.php\/author\/redaccion\/"}]}},"views":266,"_links":{"self":[{"href":"https:\/\/nitu.mx\/index.php\/wp-json\/wp\/v2\/posts\/23660"}],"collection":[{"href":"https:\/\/nitu.mx\/index.php\/wp-json\/wp\/v2\/posts"}],"about":[{"href":"https:\/\/nitu.mx\/index.php\/wp-json\/wp\/v2\/types\/post"}],"author":[{"embeddable":true,"href":"https:\/\/nitu.mx\/index.php\/wp-json\/wp\/v2\/users\/17"}],"replies":[{"embeddable":true,"href":"https:\/\/nitu.mx\/index.php\/wp-json\/wp\/v2\/comments?post=23660"}],"version-history":[{"count":3,"href":"https:\/\/nitu.mx\/index.php\/wp-json\/wp\/v2\/posts\/23660\/revisions"}],"predecessor-version":[{"id":23681,"href":"https:\/\/nitu.mx\/index.php\/wp-json\/wp\/v2\/posts\/23660\/revisions\/23681"}],"wp:featuredmedia":[{"embeddable":true,"href":"https:\/\/nitu.mx\/index.php\/wp-json\/wp\/v2\/media\/23548"}],"wp:attachment":[{"href":"https:\/\/nitu.mx\/index.php\/wp-json\/wp\/v2\/media?parent=23660"}],"wp:term":[{"taxonomy":"category","embeddable":true,"href":"https:\/\/nitu.mx\/index.php\/wp-json\/wp\/v2\/categories?post=23660"},{"taxonomy":"post_tag","embeddable":true,"href":"https:\/\/nitu.mx\/index.php\/wp-json\/wp\/v2\/tags?post=23660"}],"curies":[{"name":"wp","href":"https:\/\/api.w.org\/{rel}","templated":true}]}}