{"id":23486,"date":"2018-08-13T23:52:42","date_gmt":"2018-08-14T04:52:42","guid":{"rendered":"https:\/\/www.dev.nitu.mx\/?p=23486"},"modified":"2018-08-14T00:17:41","modified_gmt":"2018-08-14T05:17:41","slug":"se-aplaza-15-dias-la-colocacion-de-barreras-contenedoras-de-sargazo","status":"publish","type":"post","link":"https:\/\/nitu.mx\/index.php\/2018\/08\/13\/se-aplaza-15-dias-la-colocacion-de-barreras-contenedoras-de-sargazo\/","title":{"rendered":"Se aplaza 15 d\u00edas la colocaci\u00f3n de barreras contenedoras de sargazo"},"content":{"rendered":"<p>Debido a que no se cuenta con las barreras, las lanchas y varios materiales, la instalaci\u00f3n de las barreras para contener el sargazo en las costas de Quintana Roo, tendr\u00e1 un retraso calculado de 15 d\u00edas en su colocaci\u00f3n inform\u00f3 Alfredo Arellano, titular de la Secretar\u00eda de Medio Ambiente (Sema) en Quintana Roo.<\/p>\n<p>Respecto al turismo, la secretaria, Marisol Vanegas, se\u00f1al\u00f3 que la afectaci\u00f3n ha sido m\u00ednima, ya que no aqueja a toda la costa sino por partes y en diferentes grados. Asimismo resalt\u00f3 conocer la discrepancia con los hoteleros al respecto, y remarc\u00f3: \u201ctenemos las cifras de los mismos hoteleros y de los vuelos, porque no es un tema menor el cambio de un vuelo por los espacios y los costos, tal vez podr\u00edan decirnos si se van a otros destinos de Quintana Roo\u201d.<\/p>\n<p>El titular de Sema, dijo que esperan iniciar esta semana los trabajos, pues ya est\u00e1 llegando el equipo para extracci\u00f3n del sargazo que no provocar\u00e1 (como sucede con la actual t\u00e9cnica), la erosi\u00f3n de la arena.<\/p>\n<p>El retraso en la instalaci\u00f3n se debe a que la empresa Goimar, no cuenta con todos los materiales y aunque \u00e9sta se mantendr\u00e1, se integra el Grupo Arco para complementar la estrategia que comprende las barreras en el mar, lanchas y m\u00e1quinas.<\/p>\n<p>Desde el 19 de junio con aportaci\u00f3n estatal y federal, se han atendido los siete municipios: Isla Mujeres, Benito Ju\u00e1rez, Puerto Morelos, Cozumel, Solidaridad, Tulum y Oth\u00f3n P. Blanco, con m\u00e1s de 128 mil m3 de sargazo.<\/p>\n<p>Respecto a los montos ejercidos en el programa de limpieza playas por el arribo at\u00edpico de sargazo, ya se aplicaron 62 millones de pesos de la federaci\u00f3n, m\u00e1s 20 del gobierno estatal, a estos montos se sumar\u00e1n m\u00e1s recursos solicitados a la federaci\u00f3n para la compra e instalaci\u00f3n de las barreras, 240 millones de pesos (mdp), m\u00e1s 210 mdp adicionales para complementar los proyectos.\u00a0<a title=\"Quintana Roo abate el sargazo y tiene playas limpias\" href=\"https:\/\/www.dev.nitu.mx\/index.php\/2018\/08\/10\/quintana-roo-abate-el-sargazo-y-tiene-playas-limpias\/\" rel=\"bookmark\">(Quintana Roo abate el sargazo y tiene playas limpias<\/a>).<\/p>\n<p>Esta es la segunda etapa que comprende el trabajo desde el mar, con la instalaci\u00f3n total en 27 kil\u00f3metros lineales, en tramos separados, de las barreras contenedoras para desviarlo hacia su salida del mar, o bien si es factible ingresarlo a la corriente al norte, adem\u00e1s de las barcas sargaceras y bombas de succi\u00f3n.<\/p>\n<p>Arellano Guillermo dijo que los proyectos son a mediano y largo plazo, por ello se instalaron mesas de trabajo: Mesa 1, para el diagn\u00f3stico de la problem\u00e1tica. Mesa 2, an\u00e1lisis de los proyectos, m\u00e9todos para contenci\u00f3n desde el mar, impactos que se pueden generar en parte social, ambiental y econ\u00f3mica por si se deja llegar a playa. Mesa 3, para la limpieza de playas, disposici\u00f3n del sargazo. Mesa 4, para buscar potenciales usos y aprovechamientos, y con ello la posibilidad de aprovechamiento para tener recursos para los gastos futuros.<\/p>\n","protected":false},"excerpt":{"rendered":"<p>Debido a que no se cuenta con las barreras, las lanchas y varios materiales, la instalaci\u00f3n de las barreras para contener el sargazo en las costas de Quintana Roo, tendr\u00e1 un retraso calculado de 15 d\u00edas en su colocaci\u00f3n inform\u00f3 Alfredo Arellano, titular de la Secretar\u00eda de Medio Ambiente (Sema) en Quintana Roo. Respecto al [&hellip;]<\/p>\n","protected":false},"author":3,"featured_media":23212,"comment_status":"open","ping_status":"open","sticky":false,"template":"","format":"standard","meta":{"footnotes":""},"categories":[5,6],"tags":[11632,1024,260,10332,11811,254],"yoast_head":"<!-- This site is optimized with the Yoast SEO plugin v22.2 - https:\/\/yoast.com\/wordpress\/plugins\/seo\/ -->\n<title>Se aplaza 15 d\u00edas la colocaci\u00f3n de barreras contenedoras de sargazo - Nitu - Noticias de la Industria Turistica<\/title>\n<meta name=\"description\" content=\"Debido a que no se cuenta con las barreras, las lanchas y varios materiales, la instalaci\u00f3n de las barreras para contener el sargazo en las costas de Quintana Roo, tendr\u00e1 un retraso calculado de 15 d\u00edas en su colocaci\u00f3n.\" \/>\n<meta name=\"robots\" content=\"index, follow, max-snippet:-1, max-image-preview:large, max-video-preview:-1\" \/>\n<link rel=\"canonical\" href=\"https:\/\/nitu.mx\/index.php\/2018\/08\/13\/se-aplaza-15-dias-la-colocacion-de-barreras-contenedoras-de-sargazo\/\" \/>\n<meta name=\"twitter:card\" content=\"summary_large_image\" \/>\n<meta name=\"twitter:title\" content=\"Se aplaza 15 d\u00edas la colocaci\u00f3n de barreras contenedoras de sargazo - Nitu - Noticias de la Industria Turistica\" \/>\n<meta name=\"twitter:description\" content=\"Debido a que no se cuenta con las barreras, las lanchas y varios materiales, la instalaci\u00f3n de las barreras para contener el sargazo en las costas de Quintana Roo, tendr\u00e1 un retraso calculado de 15 d\u00edas en su colocaci\u00f3n.\" \/>\n<meta name=\"twitter:image\" content=\"https:\/\/nitu.mx\/wp-content\/uploads\/2018\/08\/sargazo-caribe.jpg\" \/>\n<meta name=\"twitter:creator\" content=\"@NITUmx\" \/>\n<meta name=\"twitter:site\" content=\"@Arturo_Medina_G\" \/>\n<meta name=\"twitter:label1\" content=\"Escrito por\" \/>\n\t<meta name=\"twitter:data1\" content=\"Alejandra Moncisbays\" \/>\n\t<meta name=\"twitter:label2\" content=\"Tiempo de lectura\" \/>\n\t<meta name=\"twitter:data2\" content=\"2 minutos\" \/>\n<script type=\"application\/ld+json\" class=\"yoast-schema-graph\">{\"@context\":\"https:\/\/schema.org\",\"@graph\":[{\"@type\":\"Article\",\"@id\":\"https:\/\/nitu.mx\/index.php\/2018\/08\/13\/se-aplaza-15-dias-la-colocacion-de-barreras-contenedoras-de-sargazo\/#article\",\"isPartOf\":{\"@id\":\"https:\/\/nitu.mx\/index.php\/2018\/08\/13\/se-aplaza-15-dias-la-colocacion-de-barreras-contenedoras-de-sargazo\/\"},\"author\":{\"name\":\"Alejandra Moncisbays\",\"@id\":\"https:\/\/nitu.mx\/#\/schema\/person\/2ecd887b19dfd3382d1f14fc5acf24a8\"},\"headline\":\"Se aplaza 15 d\u00edas la colocaci\u00f3n de barreras contenedoras de sargazo\",\"datePublished\":\"2018-08-14T04:52:42+00:00\",\"dateModified\":\"2018-08-14T05:17:41+00:00\",\"mainEntityOfPage\":{\"@id\":\"https:\/\/nitu.mx\/index.php\/2018\/08\/13\/se-aplaza-15-dias-la-colocacion-de-barreras-contenedoras-de-sargazo\/\"},\"wordCount\":502,\"commentCount\":0,\"publisher\":{\"@id\":\"https:\/\/nitu.mx\/#\/schema\/person\/ae7a53426417292d3dd07b45a33e01bc\"},\"image\":{\"@id\":\"https:\/\/nitu.mx\/index.php\/2018\/08\/13\/se-aplaza-15-dias-la-colocacion-de-barreras-contenedoras-de-sargazo\/#primaryimage\"},\"thumbnailUrl\":\"https:\/\/nitu.mx\/wp-content\/uploads\/2018\/08\/sargazo-caribe.jpg\",\"keywords\":[\"Alfredo Arellano\",\"Marisol Vanegas\",\"Quintana Roo\",\"sargazo\",\"Secretar\u00eda de Medio Ambiente (SEMA)\",\"Secretar\u00eda de Turismo\"],\"articleSection\":[\"Destinos\",\"M\u00e9xico\"],\"inLanguage\":\"es-MX\",\"potentialAction\":[{\"@type\":\"CommentAction\",\"name\":\"Comment\",\"target\":[\"https:\/\/nitu.mx\/index.php\/2018\/08\/13\/se-aplaza-15-dias-la-colocacion-de-barreras-contenedoras-de-sargazo\/#respond\"]}]},{\"@type\":\"WebPage\",\"@id\":\"https:\/\/nitu.mx\/index.php\/2018\/08\/13\/se-aplaza-15-dias-la-colocacion-de-barreras-contenedoras-de-sargazo\/\",\"url\":\"https:\/\/nitu.mx\/index.php\/2018\/08\/13\/se-aplaza-15-dias-la-colocacion-de-barreras-contenedoras-de-sargazo\/\",\"name\":\"Se aplaza 15 d\u00edas la colocaci\u00f3n de barreras contenedoras de sargazo - Nitu - Noticias de la Industria Turistica\",\"isPartOf\":{\"@id\":\"https:\/\/nitu.mx\/#website\"},\"primaryImageOfPage\":{\"@id\":\"https:\/\/nitu.mx\/index.php\/2018\/08\/13\/se-aplaza-15-dias-la-colocacion-de-barreras-contenedoras-de-sargazo\/#primaryimage\"},\"image\":{\"@id\":\"https:\/\/nitu.mx\/index.php\/2018\/08\/13\/se-aplaza-15-dias-la-colocacion-de-barreras-contenedoras-de-sargazo\/#primaryimage\"},\"thumbnailUrl\":\"https:\/\/nitu.mx\/wp-content\/uploads\/2018\/08\/sargazo-caribe.jpg\",\"datePublished\":\"2018-08-14T04:52:42+00:00\",\"dateModified\":\"2018-08-14T05:17:41+00:00\",\"description\":\"Debido a que no se cuenta con las barreras, las lanchas y varios materiales, la instalaci\u00f3n de las barreras para contener el sargazo en las costas de Quintana Roo, tendr\u00e1 un retraso calculado de 15 d\u00edas en su colocaci\u00f3n.\",\"breadcrumb\":{\"@id\":\"https:\/\/nitu.mx\/index.php\/2018\/08\/13\/se-aplaza-15-dias-la-colocacion-de-barreras-contenedoras-de-sargazo\/#breadcrumb\"},\"inLanguage\":\"es-MX\",\"potentialAction\":[{\"@type\":\"ReadAction\",\"target\":[\"https:\/\/nitu.mx\/index.php\/2018\/08\/13\/se-aplaza-15-dias-la-colocacion-de-barreras-contenedoras-de-sargazo\/\"]}]},{\"@type\":\"ImageObject\",\"inLanguage\":\"es-MX\",\"@id\":\"https:\/\/nitu.mx\/index.php\/2018\/08\/13\/se-aplaza-15-dias-la-colocacion-de-barreras-contenedoras-de-sargazo\/#primaryimage\",\"url\":\"https:\/\/nitu.mx\/wp-content\/uploads\/2018\/08\/sargazo-caribe.jpg\",\"contentUrl\":\"https:\/\/nitu.mx\/wp-content\/uploads\/2018\/08\/sargazo-caribe.jpg\",\"width\":850,\"height\":480,\"caption\":\"sargazo caribe, Tren Maya\"},{\"@type\":\"BreadcrumbList\",\"@id\":\"https:\/\/nitu.mx\/index.php\/2018\/08\/13\/se-aplaza-15-dias-la-colocacion-de-barreras-contenedoras-de-sargazo\/#breadcrumb\",\"itemListElement\":[{\"@type\":\"ListItem\",\"position\":1,\"name\":\"Inicio\",\"item\":\"https:\/\/nitu.mx\/\"},{\"@type\":\"ListItem\",\"position\":2,\"name\":\"Se aplaza 15 d\u00edas la colocaci\u00f3n de barreras contenedoras de sargazo\"}]},{\"@type\":\"WebSite\",\"@id\":\"https:\/\/nitu.mx\/#website\",\"url\":\"https:\/\/nitu.mx\/\",\"name\":\"Nitu - Noticias de la Industria Turistica\",\"description\":\"Noticias de la Industria Turistica\",\"publisher\":{\"@id\":\"https:\/\/nitu.mx\/#\/schema\/person\/ae7a53426417292d3dd07b45a33e01bc\"},\"alternateName\":\"Noticias de la Industria Turistica\",\"potentialAction\":[{\"@type\":\"SearchAction\",\"target\":{\"@type\":\"EntryPoint\",\"urlTemplate\":\"https:\/\/nitu.mx\/?s={search_term_string}\"},\"query-input\":\"required name=search_term_string\"}],\"inLanguage\":\"es-MX\"},{\"@type\":[\"Person\",\"Organization\"],\"@id\":\"https:\/\/nitu.mx\/#\/schema\/person\/ae7a53426417292d3dd07b45a33e01bc\",\"name\":\"Arturo Medina\",\"image\":{\"@type\":\"ImageObject\",\"inLanguage\":\"es-MX\",\"@id\":\"https:\/\/nitu.mx\/#\/schema\/person\/image\/\",\"url\":\"https:\/\/nitu.mx\/wp-content\/uploads\/2024\/04\/4A315622-1904-4D5C-B022-878CDC840E04-90x90-1.jpeg\",\"contentUrl\":\"https:\/\/nitu.mx\/wp-content\/uploads\/2024\/04\/4A315622-1904-4D5C-B022-878CDC840E04-90x90-1.jpeg\",\"width\":90,\"height\":90,\"caption\":\"Arturo Medina\"},\"logo\":{\"@id\":\"https:\/\/nitu.mx\/#\/schema\/person\/image\/\"},\"description\":\"Director NITU.mx, Egresado de la Escuela de Periodismo Carlos Septi\u00e9n Garc\u00eda. Periodista y analista especializado en turismo desde hace 35 a\u00f1os, radicado en Canc\u00fan Q.Roo. arturo@nitu.mx\",\"sameAs\":[\"https:\/\/nitu.mx\",\"https:\/\/www.facebook.com\/NITUmx\/\",\"medinacancun\",\"https:\/\/twitter.com\/@Arturo_Medina_G\"]},{\"@type\":\"Person\",\"@id\":\"https:\/\/nitu.mx\/#\/schema\/person\/2ecd887b19dfd3382d1f14fc5acf24a8\",\"name\":\"Alejandra Moncisbays\",\"image\":{\"@type\":\"ImageObject\",\"inLanguage\":\"es-MX\",\"@id\":\"https:\/\/nitu.mx\/#\/schema\/person\/image\/\",\"url\":\"https:\/\/secure.gravatar.com\/avatar\/e74f7af0be172b7804dacfd0bfbef787?s=96&d=mm&r=g\",\"contentUrl\":\"https:\/\/secure.gravatar.com\/avatar\/e74f7af0be172b7804dacfd0bfbef787?s=96&d=mm&r=g\",\"caption\":\"Alejandra Moncisbays\"},\"description\":\"Curs\u00e9 la carrera de Periodismo y Comunicaci\u00f3n en la Facultad de Estudios Profesionales Acatl\u00e1n. Vivo en Canc\u00fan desde hace 24 a\u00f1os. Fui reportera de La Tarde de Canc\u00fan, y Novedades de Quintana Roo, colabor\u00e9 en TVCUN, edit\u00e9 Cancun\u00edssimo y colabor\u00e9 en las revistas Latitud21, entre otras, con principal enfoque en los sectores empresarial y tur\u00edstico. Desde hace varios a\u00f1os soy Agente de Seguros con c\u00e9dula de la Comisi\u00f3n Nacional de Seguros y Fianzas. Actualmente, me desarrollo en los \u00e1mbitos del periodismo y el sector asegurador.\",\"sameAs\":[\"https:\/\/nitu.mx\"],\"url\":\"https:\/\/nitu.mx\/index.php\/author\/alejandra\/\"}]}<\/script>\n<!-- \/ Yoast SEO plugin. -->","yoast_head_json":{"title":"Se aplaza 15 d\u00edas la colocaci\u00f3n de barreras contenedoras de sargazo - Nitu - Noticias de la Industria Turistica","description":"Debido a que no se cuenta con las barreras, las lanchas y varios materiales, la instalaci\u00f3n de las barreras para contener el sargazo en las costas de Quintana Roo, tendr\u00e1 un retraso calculado de 15 d\u00edas en su colocaci\u00f3n.","robots":{"index":"index","follow":"follow","max-snippet":"max-snippet:-1","max-image-preview":"max-image-preview:large","max-video-preview":"max-video-preview:-1"},"canonical":"https:\/\/nitu.mx\/index.php\/2018\/08\/13\/se-aplaza-15-dias-la-colocacion-de-barreras-contenedoras-de-sargazo\/","twitter_card":"summary_large_image","twitter_title":"Se aplaza 15 d\u00edas la colocaci\u00f3n de barreras contenedoras de sargazo - Nitu - Noticias de la Industria Turistica","twitter_description":"Debido a que no se cuenta con las barreras, las lanchas y varios materiales, la instalaci\u00f3n de las barreras para contener el sargazo en las costas de Quintana Roo, tendr\u00e1 un retraso calculado de 15 d\u00edas en su colocaci\u00f3n.","twitter_image":"https:\/\/nitu.mx\/wp-content\/uploads\/2018\/08\/sargazo-caribe.jpg","twitter_creator":"@NITUmx","twitter_site":"@Arturo_Medina_G","twitter_misc":{"Escrito por":"Alejandra Moncisbays","Tiempo de lectura":"2 minutos"},"schema":{"@context":"https:\/\/schema.org","@graph":[{"@type":"Article","@id":"https:\/\/nitu.mx\/index.php\/2018\/08\/13\/se-aplaza-15-dias-la-colocacion-de-barreras-contenedoras-de-sargazo\/#article","isPartOf":{"@id":"https:\/\/nitu.mx\/index.php\/2018\/08\/13\/se-aplaza-15-dias-la-colocacion-de-barreras-contenedoras-de-sargazo\/"},"author":{"name":"Alejandra Moncisbays","@id":"https:\/\/nitu.mx\/#\/schema\/person\/2ecd887b19dfd3382d1f14fc5acf24a8"},"headline":"Se aplaza 15 d\u00edas la colocaci\u00f3n de barreras contenedoras de sargazo","datePublished":"2018-08-14T04:52:42+00:00","dateModified":"2018-08-14T05:17:41+00:00","mainEntityOfPage":{"@id":"https:\/\/nitu.mx\/index.php\/2018\/08\/13\/se-aplaza-15-dias-la-colocacion-de-barreras-contenedoras-de-sargazo\/"},"wordCount":502,"commentCount":0,"publisher":{"@id":"https:\/\/nitu.mx\/#\/schema\/person\/ae7a53426417292d3dd07b45a33e01bc"},"image":{"@id":"https:\/\/nitu.mx\/index.php\/2018\/08\/13\/se-aplaza-15-dias-la-colocacion-de-barreras-contenedoras-de-sargazo\/#primaryimage"},"thumbnailUrl":"https:\/\/nitu.mx\/wp-content\/uploads\/2018\/08\/sargazo-caribe.jpg","keywords":["Alfredo Arellano","Marisol Vanegas","Quintana Roo","sargazo","Secretar\u00eda de Medio Ambiente (SEMA)","Secretar\u00eda de Turismo"],"articleSection":["Destinos","M\u00e9xico"],"inLanguage":"es-MX","potentialAction":[{"@type":"CommentAction","name":"Comment","target":["https:\/\/nitu.mx\/index.php\/2018\/08\/13\/se-aplaza-15-dias-la-colocacion-de-barreras-contenedoras-de-sargazo\/#respond"]}]},{"@type":"WebPage","@id":"https:\/\/nitu.mx\/index.php\/2018\/08\/13\/se-aplaza-15-dias-la-colocacion-de-barreras-contenedoras-de-sargazo\/","url":"https:\/\/nitu.mx\/index.php\/2018\/08\/13\/se-aplaza-15-dias-la-colocacion-de-barreras-contenedoras-de-sargazo\/","name":"Se aplaza 15 d\u00edas la colocaci\u00f3n de barreras contenedoras de sargazo - Nitu - Noticias de la Industria Turistica","isPartOf":{"@id":"https:\/\/nitu.mx\/#website"},"primaryImageOfPage":{"@id":"https:\/\/nitu.mx\/index.php\/2018\/08\/13\/se-aplaza-15-dias-la-colocacion-de-barreras-contenedoras-de-sargazo\/#primaryimage"},"image":{"@id":"https:\/\/nitu.mx\/index.php\/2018\/08\/13\/se-aplaza-15-dias-la-colocacion-de-barreras-contenedoras-de-sargazo\/#primaryimage"},"thumbnailUrl":"https:\/\/nitu.mx\/wp-content\/uploads\/2018\/08\/sargazo-caribe.jpg","datePublished":"2018-08-14T04:52:42+00:00","dateModified":"2018-08-14T05:17:41+00:00","description":"Debido a que no se cuenta con las barreras, las lanchas y varios materiales, la instalaci\u00f3n de las barreras para contener el sargazo en las costas de Quintana Roo, tendr\u00e1 un retraso calculado de 15 d\u00edas en su colocaci\u00f3n.","breadcrumb":{"@id":"https:\/\/nitu.mx\/index.php\/2018\/08\/13\/se-aplaza-15-dias-la-colocacion-de-barreras-contenedoras-de-sargazo\/#breadcrumb"},"inLanguage":"es-MX","potentialAction":[{"@type":"ReadAction","target":["https:\/\/nitu.mx\/index.php\/2018\/08\/13\/se-aplaza-15-dias-la-colocacion-de-barreras-contenedoras-de-sargazo\/"]}]},{"@type":"ImageObject","inLanguage":"es-MX","@id":"https:\/\/nitu.mx\/index.php\/2018\/08\/13\/se-aplaza-15-dias-la-colocacion-de-barreras-contenedoras-de-sargazo\/#primaryimage","url":"https:\/\/nitu.mx\/wp-content\/uploads\/2018\/08\/sargazo-caribe.jpg","contentUrl":"https:\/\/nitu.mx\/wp-content\/uploads\/2018\/08\/sargazo-caribe.jpg","width":850,"height":480,"caption":"sargazo caribe, Tren Maya"},{"@type":"BreadcrumbList","@id":"https:\/\/nitu.mx\/index.php\/2018\/08\/13\/se-aplaza-15-dias-la-colocacion-de-barreras-contenedoras-de-sargazo\/#breadcrumb","itemListElement":[{"@type":"ListItem","position":1,"name":"Inicio","item":"https:\/\/nitu.mx\/"},{"@type":"ListItem","position":2,"name":"Se aplaza 15 d\u00edas la colocaci\u00f3n de barreras contenedoras de sargazo"}]},{"@type":"WebSite","@id":"https:\/\/nitu.mx\/#website","url":"https:\/\/nitu.mx\/","name":"Nitu - Noticias de la Industria Turistica","description":"Noticias de la Industria Turistica","publisher":{"@id":"https:\/\/nitu.mx\/#\/schema\/person\/ae7a53426417292d3dd07b45a33e01bc"},"alternateName":"Noticias de la Industria Turistica","potentialAction":[{"@type":"SearchAction","target":{"@type":"EntryPoint","urlTemplate":"https:\/\/nitu.mx\/?s={search_term_string}"},"query-input":"required name=search_term_string"}],"inLanguage":"es-MX"},{"@type":["Person","Organization"],"@id":"https:\/\/nitu.mx\/#\/schema\/person\/ae7a53426417292d3dd07b45a33e01bc","name":"Arturo Medina","image":{"@type":"ImageObject","inLanguage":"es-MX","@id":"https:\/\/nitu.mx\/#\/schema\/person\/image\/","url":"https:\/\/nitu.mx\/wp-content\/uploads\/2024\/04\/4A315622-1904-4D5C-B022-878CDC840E04-90x90-1.jpeg","contentUrl":"https:\/\/nitu.mx\/wp-content\/uploads\/2024\/04\/4A315622-1904-4D5C-B022-878CDC840E04-90x90-1.jpeg","width":90,"height":90,"caption":"Arturo Medina"},"logo":{"@id":"https:\/\/nitu.mx\/#\/schema\/person\/image\/"},"description":"Director NITU.mx, Egresado de la Escuela de Periodismo Carlos Septi\u00e9n Garc\u00eda. Periodista y analista especializado en turismo desde hace 35 a\u00f1os, radicado en Canc\u00fan Q.Roo. arturo@nitu.mx","sameAs":["https:\/\/nitu.mx","https:\/\/www.facebook.com\/NITUmx\/","medinacancun","https:\/\/twitter.com\/@Arturo_Medina_G"]},{"@type":"Person","@id":"https:\/\/nitu.mx\/#\/schema\/person\/2ecd887b19dfd3382d1f14fc5acf24a8","name":"Alejandra Moncisbays","image":{"@type":"ImageObject","inLanguage":"es-MX","@id":"https:\/\/nitu.mx\/#\/schema\/person\/image\/","url":"https:\/\/secure.gravatar.com\/avatar\/e74f7af0be172b7804dacfd0bfbef787?s=96&d=mm&r=g","contentUrl":"https:\/\/secure.gravatar.com\/avatar\/e74f7af0be172b7804dacfd0bfbef787?s=96&d=mm&r=g","caption":"Alejandra Moncisbays"},"description":"Curs\u00e9 la carrera de Periodismo y Comunicaci\u00f3n en la Facultad de Estudios Profesionales Acatl\u00e1n. Vivo en Canc\u00fan desde hace 24 a\u00f1os. Fui reportera de La Tarde de Canc\u00fan, y Novedades de Quintana Roo, colabor\u00e9 en TVCUN, edit\u00e9 Cancun\u00edssimo y colabor\u00e9 en las revistas Latitud21, entre otras, con principal enfoque en los sectores empresarial y tur\u00edstico. Desde hace varios a\u00f1os soy Agente de Seguros con c\u00e9dula de la Comisi\u00f3n Nacional de Seguros y Fianzas. Actualmente, me desarrollo en los \u00e1mbitos del periodismo y el sector asegurador.","sameAs":["https:\/\/nitu.mx"],"url":"https:\/\/nitu.mx\/index.php\/author\/alejandra\/"}]}},"views":295,"_links":{"self":[{"href":"https:\/\/nitu.mx\/index.php\/wp-json\/wp\/v2\/posts\/23486"}],"collection":[{"href":"https:\/\/nitu.mx\/index.php\/wp-json\/wp\/v2\/posts"}],"about":[{"href":"https:\/\/nitu.mx\/index.php\/wp-json\/wp\/v2\/types\/post"}],"author":[{"embeddable":true,"href":"https:\/\/nitu.mx\/index.php\/wp-json\/wp\/v2\/users\/3"}],"replies":[{"embeddable":true,"href":"https:\/\/nitu.mx\/index.php\/wp-json\/wp\/v2\/comments?post=23486"}],"version-history":[{"count":3,"href":"https:\/\/nitu.mx\/index.php\/wp-json\/wp\/v2\/posts\/23486\/revisions"}],"predecessor-version":[{"id":23514,"href":"https:\/\/nitu.mx\/index.php\/wp-json\/wp\/v2\/posts\/23486\/revisions\/23514"}],"wp:featuredmedia":[{"embeddable":true,"href":"https:\/\/nitu.mx\/index.php\/wp-json\/wp\/v2\/media\/23212"}],"wp:attachment":[{"href":"https:\/\/nitu.mx\/index.php\/wp-json\/wp\/v2\/media?parent=23486"}],"wp:term":[{"taxonomy":"category","embeddable":true,"href":"https:\/\/nitu.mx\/index.php\/wp-json\/wp\/v2\/categories?post=23486"},{"taxonomy":"post_tag","embeddable":true,"href":"https:\/\/nitu.mx\/index.php\/wp-json\/wp\/v2\/tags?post=23486"}],"curies":[{"name":"wp","href":"https:\/\/api.w.org\/{rel}","templated":true}]}}