{"id":23467,"date":"2018-08-13T23:53:50","date_gmt":"2018-08-14T04:53:50","guid":{"rendered":"https:\/\/www.dev.nitu.mx\/?p=23467"},"modified":"2018-08-14T00:21:46","modified_gmt":"2018-08-14T05:21:46","slug":"amlo-expandiria-la-ruta-del-tren-maya-a-los-5-estados-del-sureste","status":"publish","type":"post","link":"https:\/\/nitu.mx\/index.php\/2018\/08\/13\/amlo-expandiria-la-ruta-del-tren-maya-a-los-5-estados-del-sureste\/","title":{"rendered":"AMLO expandir\u00eda la ruta del Tren Maya a los 5 estados del Sureste"},"content":{"rendered":"<p>Andr\u00e9s Manuel L\u00f3pez Obrador, presidente electo, anunci\u00f3 una expansi\u00f3n a la ruta del proyecto de Tren Maya e indic\u00f3 que su construcci\u00f3n se llevar\u00e1 a cabo con inversi\u00f3n tanto p\u00fablica como privada.<\/p>\n<p>En conferencia de prensa, el ganador de los comicios del pasado 1 de julio detall\u00f3 que el plan ferroviario se ampliar\u00e1 de 900 a 1,500 kil\u00f3metros y llegar\u00e1 a los estados de Quintana Roo, Yucat\u00e1n, Campeche, Chiapas y Tabasco. (<a title=\"Empresarios y sindicatos de Yucat\u00e1n proponen ruta alterna al Tren Maya\" href=\"https:\/\/www.dev.nitu.mx\/index.php\/2018\/08\/01\/empresarios-y-sindicatos-de-yucatan-proponen-ruta-alterna-al-tren-maya\/\" rel=\"bookmark\">Empresarios y sindicatos de Yucat\u00e1n proponen ruta alterna al Tren Maya<\/a>).<\/p>\n<p>Acompa\u00f1ado por el futuro secretario de Turismo, Miguel Torruco Marqu\u00e9s y de los nuevos funcionarios propuestos para Fondo Nacional de Fomento al Turismo (Fonatur) y Consejo de Promoci\u00f3n Tur\u00edstica, el presidente electo confi\u00f3 en que el proyecto del Tren Maya quede concluido en tres a\u00f1os o incluso menos.<\/p>\n<p>Originalmente, el proyecto ten\u00eda la ruta Canc\u00fan-Tulum-Bacalar-Calakmul-Palenque, pero ahora ser\u00e1 el proyecto tendr\u00e1 dos ramales:<\/p>\n<ul>\n<li>Palenque-Candelaria-Esc\u00e1rcega-Xpujil (cerca de Calakmul)-Bacalar-Tulum-Canc\u00fan<\/li>\n<li>Palenque-Candelaria-Esc\u00e1rcega-Campeche-M\u00e9rida-Valladolid-Canc\u00fan.<\/li>\n<\/ul>\n<p>El mandatario electo detall\u00f3 que se utilizar\u00e1 el derecho de v\u00eda del antiguo ferrocarril del sureste, proyecto denominado Tres Transpeninsular, que no pudo realizar el gobierno de Enrique Pe\u00f1a Nieto, por lo que las obras de construcci\u00f3n podr\u00e1n comenzar r\u00e1pido y se prev\u00e9 terminarlo en 4 a\u00f1os. (<a title=\"Empresarios y sindicatos de Yucat\u00e1n proponen ruta alterna al Tren Maya\" href=\"https:\/\/www.dev.nitu.mx\/index.php\/2018\/08\/01\/empresarios-y-sindicatos-de-yucatan-proponen-ruta-alterna-al-tren-maya\/\" rel=\"bookmark\">Empresarios y sindicatos de Yucat\u00e1n proponen ruta alterna al Tren Maya<\/a>).<\/p>\n<p>Los recursos p\u00fablicos a destinarse ser\u00e1n los recaudados por el impuesto al turismo, alrededor de 7 mil millones de pesos por a\u00f1o, y se lanzar\u00e1 una convocatoria para que participe la iniciativa privada.<\/p>\n<p>La licitaci\u00f3n del proyecto se lanzar\u00e1 el mismo 1 de diciembre, d\u00eda que arranca la nueva administraci\u00f3n federal, afirm\u00f3 L\u00f3pez Obrador.<\/p>\n<p>\u201c(El Tren Maya) Fomentar\u00e1 mucho el turismo y crear\u00e1 empleos en el sureste, que es la regi\u00f3n m\u00e1s abandonada en el pa\u00eds\u201d, se\u00f1al\u00f3.<\/p>\n<p>Reiter\u00f3 que no se concesion\u00f3 el derecho de v\u00eda desde Palenque a Valladolid, con el proyecto del Tren Transpeninsular y en el tramo Canc\u00fan-Esc\u00e1rcega se utilizar\u00e1 el derecho de v\u00eda de la Comisi\u00f3n Federal de Electricidad (CFE).<\/p>\n","protected":false},"excerpt":{"rendered":"<p>Andr\u00e9s Manuel L\u00f3pez Obrador, presidente electo, anunci\u00f3 una expansi\u00f3n a la ruta del proyecto de Tren Maya e indic\u00f3 que su construcci\u00f3n se llevar\u00e1 a cabo con inversi\u00f3n tanto p\u00fablica como privada. En conferencia de prensa, el ganador de los comicios del pasado 1 de julio detall\u00f3 que el plan ferroviario se ampliar\u00e1 de 900 [&hellip;]<\/p>\n","protected":false},"author":17,"featured_media":23496,"comment_status":"open","ping_status":"open","sticky":false,"template":"","format":"standard","meta":{"footnotes":""},"categories":[5,6],"tags":[3083,400,1891,11596,301,10987,11774,399,8052,11775,449],"yoast_head":"<!-- This site is optimized with the Yoast SEO plugin v22.2 - https:\/\/yoast.com\/wordpress\/plugins\/seo\/ -->\n<title>AMLO expandir\u00eda la ruta del Tren Maya a los 5 estados del Sureste - Nitu - Noticias de la Industria Turistica<\/title>\n<meta name=\"robots\" content=\"index, follow, max-snippet:-1, max-image-preview:large, max-video-preview:-1\" \/>\n<link rel=\"canonical\" href=\"https:\/\/nitu.mx\/index.php\/2018\/08\/13\/amlo-expandiria-la-ruta-del-tren-maya-a-los-5-estados-del-sureste\/\" \/>\n<meta name=\"twitter:card\" content=\"summary_large_image\" \/>\n<meta name=\"twitter:title\" content=\"AMLO expandir\u00eda la ruta del Tren Maya a los 5 estados del Sureste - Nitu - Noticias de la Industria Turistica\" \/>\n<meta name=\"twitter:description\" content=\"Andr\u00e9s Manuel L\u00f3pez Obrador, presidente electo, anunci\u00f3 una expansi\u00f3n a la ruta del proyecto de Tren Maya e indic\u00f3 que su construcci\u00f3n se llevar\u00e1 a cabo con inversi\u00f3n tanto p\u00fablica como privada. En conferencia de prensa, el ganador de los comicios del pasado 1 de julio detall\u00f3 que el plan ferroviario se ampliar\u00e1 de 900 [&hellip;]\" \/>\n<meta name=\"twitter:image\" content=\"https:\/\/nitu.mx\/wp-content\/uploads\/2018\/08\/tren-maya-amlo.jpg\" \/>\n<meta name=\"twitter:creator\" content=\"@NITUmx\" \/>\n<meta name=\"twitter:site\" content=\"@Arturo_Medina_G\" \/>\n<meta name=\"twitter:label1\" content=\"Escrito por\" \/>\n\t<meta name=\"twitter:data1\" content=\"Redacci\u00f3n\" \/>\n\t<meta name=\"twitter:label2\" content=\"Tiempo de lectura\" \/>\n\t<meta name=\"twitter:data2\" content=\"2 minutos\" \/>\n<script type=\"application\/ld+json\" class=\"yoast-schema-graph\">{\"@context\":\"https:\/\/schema.org\",\"@graph\":[{\"@type\":\"Article\",\"@id\":\"https:\/\/nitu.mx\/index.php\/2018\/08\/13\/amlo-expandiria-la-ruta-del-tren-maya-a-los-5-estados-del-sureste\/#article\",\"isPartOf\":{\"@id\":\"https:\/\/nitu.mx\/index.php\/2018\/08\/13\/amlo-expandiria-la-ruta-del-tren-maya-a-los-5-estados-del-sureste\/\"},\"author\":{\"name\":\"Redacci\u00f3n\",\"@id\":\"https:\/\/nitu.mx\/#\/schema\/person\/4a28fe9bd65924f7c90623773daf1b0b\"},\"headline\":\"AMLO expandir\u00eda la ruta del Tren Maya a los 5 estados del Sureste\",\"datePublished\":\"2018-08-14T04:53:50+00:00\",\"dateModified\":\"2018-08-14T05:21:46+00:00\",\"mainEntityOfPage\":{\"@id\":\"https:\/\/nitu.mx\/index.php\/2018\/08\/13\/amlo-expandiria-la-ruta-del-tren-maya-a-los-5-estados-del-sureste\/\"},\"wordCount\":374,\"commentCount\":0,\"publisher\":{\"@id\":\"https:\/\/nitu.mx\/#\/schema\/person\/ae7a53426417292d3dd07b45a33e01bc\"},\"image\":{\"@id\":\"https:\/\/nitu.mx\/index.php\/2018\/08\/13\/amlo-expandiria-la-ruta-del-tren-maya-a-los-5-estados-del-sureste\/#primaryimage\"},\"thumbnailUrl\":\"https:\/\/nitu.mx\/wp-content\/uploads\/2018\/08\/tren-maya-amlo.jpg\",\"keywords\":[\"Andr\u00e9s Manuel L\u00f3pez Obrador\",\"Campeche\",\"Chiapas\",\"Esc\u00e1rcega\",\"M\u00e9rida\",\"Presidente Electo\",\"ruta Canc\u00fan-Tulum-Bacalar-Calakmul-Palenque\",\"Tabasco\",\"Valladolid\",\"Xpuhil\",\"Yucat\u00e1n\"],\"articleSection\":[\"Destinos\",\"M\u00e9xico\"],\"inLanguage\":\"es-MX\",\"potentialAction\":[{\"@type\":\"CommentAction\",\"name\":\"Comment\",\"target\":[\"https:\/\/nitu.mx\/index.php\/2018\/08\/13\/amlo-expandiria-la-ruta-del-tren-maya-a-los-5-estados-del-sureste\/#respond\"]}]},{\"@type\":\"WebPage\",\"@id\":\"https:\/\/nitu.mx\/index.php\/2018\/08\/13\/amlo-expandiria-la-ruta-del-tren-maya-a-los-5-estados-del-sureste\/\",\"url\":\"https:\/\/nitu.mx\/index.php\/2018\/08\/13\/amlo-expandiria-la-ruta-del-tren-maya-a-los-5-estados-del-sureste\/\",\"name\":\"AMLO expandir\u00eda la ruta del Tren Maya a los 5 estados del Sureste - Nitu - Noticias de la Industria Turistica\",\"isPartOf\":{\"@id\":\"https:\/\/nitu.mx\/#website\"},\"primaryImageOfPage\":{\"@id\":\"https:\/\/nitu.mx\/index.php\/2018\/08\/13\/amlo-expandiria-la-ruta-del-tren-maya-a-los-5-estados-del-sureste\/#primaryimage\"},\"image\":{\"@id\":\"https:\/\/nitu.mx\/index.php\/2018\/08\/13\/amlo-expandiria-la-ruta-del-tren-maya-a-los-5-estados-del-sureste\/#primaryimage\"},\"thumbnailUrl\":\"https:\/\/nitu.mx\/wp-content\/uploads\/2018\/08\/tren-maya-amlo.jpg\",\"datePublished\":\"2018-08-14T04:53:50+00:00\",\"dateModified\":\"2018-08-14T05:21:46+00:00\",\"breadcrumb\":{\"@id\":\"https:\/\/nitu.mx\/index.php\/2018\/08\/13\/amlo-expandiria-la-ruta-del-tren-maya-a-los-5-estados-del-sureste\/#breadcrumb\"},\"inLanguage\":\"es-MX\",\"potentialAction\":[{\"@type\":\"ReadAction\",\"target\":[\"https:\/\/nitu.mx\/index.php\/2018\/08\/13\/amlo-expandiria-la-ruta-del-tren-maya-a-los-5-estados-del-sureste\/\"]}]},{\"@type\":\"ImageObject\",\"inLanguage\":\"es-MX\",\"@id\":\"https:\/\/nitu.mx\/index.php\/2018\/08\/13\/amlo-expandiria-la-ruta-del-tren-maya-a-los-5-estados-del-sureste\/#primaryimage\",\"url\":\"https:\/\/nitu.mx\/wp-content\/uploads\/2018\/08\/tren-maya-amlo.jpg\",\"contentUrl\":\"https:\/\/nitu.mx\/wp-content\/uploads\/2018\/08\/tren-maya-amlo.jpg\",\"width\":850,\"height\":480,\"caption\":\"tren maya amlo\"},{\"@type\":\"BreadcrumbList\",\"@id\":\"https:\/\/nitu.mx\/index.php\/2018\/08\/13\/amlo-expandiria-la-ruta-del-tren-maya-a-los-5-estados-del-sureste\/#breadcrumb\",\"itemListElement\":[{\"@type\":\"ListItem\",\"position\":1,\"name\":\"Inicio\",\"item\":\"https:\/\/nitu.mx\/\"},{\"@type\":\"ListItem\",\"position\":2,\"name\":\"AMLO expandir\u00eda la ruta del Tren Maya a los 5 estados del Sureste\"}]},{\"@type\":\"WebSite\",\"@id\":\"https:\/\/nitu.mx\/#website\",\"url\":\"https:\/\/nitu.mx\/\",\"name\":\"Nitu - Noticias de la Industria Turistica\",\"description\":\"Noticias de la Industria Turistica\",\"publisher\":{\"@id\":\"https:\/\/nitu.mx\/#\/schema\/person\/ae7a53426417292d3dd07b45a33e01bc\"},\"alternateName\":\"Noticias de la Industria Turistica\",\"potentialAction\":[{\"@type\":\"SearchAction\",\"target\":{\"@type\":\"EntryPoint\",\"urlTemplate\":\"https:\/\/nitu.mx\/?s={search_term_string}\"},\"query-input\":\"required name=search_term_string\"}],\"inLanguage\":\"es-MX\"},{\"@type\":[\"Person\",\"Organization\"],\"@id\":\"https:\/\/nitu.mx\/#\/schema\/person\/ae7a53426417292d3dd07b45a33e01bc\",\"name\":\"Arturo Medina\",\"image\":{\"@type\":\"ImageObject\",\"inLanguage\":\"es-MX\",\"@id\":\"https:\/\/nitu.mx\/#\/schema\/person\/image\/\",\"url\":\"https:\/\/nitu.mx\/wp-content\/uploads\/2024\/04\/4A315622-1904-4D5C-B022-878CDC840E04-90x90-1.jpeg\",\"contentUrl\":\"https:\/\/nitu.mx\/wp-content\/uploads\/2024\/04\/4A315622-1904-4D5C-B022-878CDC840E04-90x90-1.jpeg\",\"width\":90,\"height\":90,\"caption\":\"Arturo Medina\"},\"logo\":{\"@id\":\"https:\/\/nitu.mx\/#\/schema\/person\/image\/\"},\"description\":\"Director NITU.mx, Egresado de la Escuela de Periodismo Carlos Septi\u00e9n Garc\u00eda. Periodista y analista especializado en turismo desde hace 35 a\u00f1os, radicado en Canc\u00fan Q.Roo. arturo@nitu.mx\",\"sameAs\":[\"https:\/\/nitu.mx\",\"https:\/\/www.facebook.com\/NITUmx\/\",\"medinacancun\",\"https:\/\/twitter.com\/@Arturo_Medina_G\"]},{\"@type\":\"Person\",\"@id\":\"https:\/\/nitu.mx\/#\/schema\/person\/4a28fe9bd65924f7c90623773daf1b0b\",\"name\":\"Redacci\u00f3n\",\"image\":{\"@type\":\"ImageObject\",\"inLanguage\":\"es-MX\",\"@id\":\"https:\/\/nitu.mx\/#\/schema\/person\/image\/\",\"url\":\"https:\/\/secure.gravatar.com\/avatar\/5dd011c8ccfc5cd7e4c81e42252aab38?s=96&d=mm&r=g\",\"contentUrl\":\"https:\/\/secure.gravatar.com\/avatar\/5dd011c8ccfc5cd7e4c81e42252aab38?s=96&d=mm&r=g\",\"caption\":\"Redacci\u00f3n\"},\"url\":\"https:\/\/nitu.mx\/index.php\/author\/redaccion\/\"}]}<\/script>\n<!-- \/ Yoast SEO plugin. -->","yoast_head_json":{"title":"AMLO expandir\u00eda la ruta del Tren Maya a los 5 estados del Sureste - Nitu - Noticias de la Industria Turistica","robots":{"index":"index","follow":"follow","max-snippet":"max-snippet:-1","max-image-preview":"max-image-preview:large","max-video-preview":"max-video-preview:-1"},"canonical":"https:\/\/nitu.mx\/index.php\/2018\/08\/13\/amlo-expandiria-la-ruta-del-tren-maya-a-los-5-estados-del-sureste\/","twitter_card":"summary_large_image","twitter_title":"AMLO expandir\u00eda la ruta del Tren Maya a los 5 estados del Sureste - Nitu - Noticias de la Industria Turistica","twitter_description":"Andr\u00e9s Manuel L\u00f3pez Obrador, presidente electo, anunci\u00f3 una expansi\u00f3n a la ruta del proyecto de Tren Maya e indic\u00f3 que su construcci\u00f3n se llevar\u00e1 a cabo con inversi\u00f3n tanto p\u00fablica como privada. En conferencia de prensa, el ganador de los comicios del pasado 1 de julio detall\u00f3 que el plan ferroviario se ampliar\u00e1 de 900 [&hellip;]","twitter_image":"https:\/\/nitu.mx\/wp-content\/uploads\/2018\/08\/tren-maya-amlo.jpg","twitter_creator":"@NITUmx","twitter_site":"@Arturo_Medina_G","twitter_misc":{"Escrito por":"Redacci\u00f3n","Tiempo de lectura":"2 minutos"},"schema":{"@context":"https:\/\/schema.org","@graph":[{"@type":"Article","@id":"https:\/\/nitu.mx\/index.php\/2018\/08\/13\/amlo-expandiria-la-ruta-del-tren-maya-a-los-5-estados-del-sureste\/#article","isPartOf":{"@id":"https:\/\/nitu.mx\/index.php\/2018\/08\/13\/amlo-expandiria-la-ruta-del-tren-maya-a-los-5-estados-del-sureste\/"},"author":{"name":"Redacci\u00f3n","@id":"https:\/\/nitu.mx\/#\/schema\/person\/4a28fe9bd65924f7c90623773daf1b0b"},"headline":"AMLO expandir\u00eda la ruta del Tren Maya a los 5 estados del Sureste","datePublished":"2018-08-14T04:53:50+00:00","dateModified":"2018-08-14T05:21:46+00:00","mainEntityOfPage":{"@id":"https:\/\/nitu.mx\/index.php\/2018\/08\/13\/amlo-expandiria-la-ruta-del-tren-maya-a-los-5-estados-del-sureste\/"},"wordCount":374,"commentCount":0,"publisher":{"@id":"https:\/\/nitu.mx\/#\/schema\/person\/ae7a53426417292d3dd07b45a33e01bc"},"image":{"@id":"https:\/\/nitu.mx\/index.php\/2018\/08\/13\/amlo-expandiria-la-ruta-del-tren-maya-a-los-5-estados-del-sureste\/#primaryimage"},"thumbnailUrl":"https:\/\/nitu.mx\/wp-content\/uploads\/2018\/08\/tren-maya-amlo.jpg","keywords":["Andr\u00e9s Manuel L\u00f3pez Obrador","Campeche","Chiapas","Esc\u00e1rcega","M\u00e9rida","Presidente Electo","ruta Canc\u00fan-Tulum-Bacalar-Calakmul-Palenque","Tabasco","Valladolid","Xpuhil","Yucat\u00e1n"],"articleSection":["Destinos","M\u00e9xico"],"inLanguage":"es-MX","potentialAction":[{"@type":"CommentAction","name":"Comment","target":["https:\/\/nitu.mx\/index.php\/2018\/08\/13\/amlo-expandiria-la-ruta-del-tren-maya-a-los-5-estados-del-sureste\/#respond"]}]},{"@type":"WebPage","@id":"https:\/\/nitu.mx\/index.php\/2018\/08\/13\/amlo-expandiria-la-ruta-del-tren-maya-a-los-5-estados-del-sureste\/","url":"https:\/\/nitu.mx\/index.php\/2018\/08\/13\/amlo-expandiria-la-ruta-del-tren-maya-a-los-5-estados-del-sureste\/","name":"AMLO expandir\u00eda la ruta del Tren Maya a los 5 estados del Sureste - Nitu - Noticias de la Industria Turistica","isPartOf":{"@id":"https:\/\/nitu.mx\/#website"},"primaryImageOfPage":{"@id":"https:\/\/nitu.mx\/index.php\/2018\/08\/13\/amlo-expandiria-la-ruta-del-tren-maya-a-los-5-estados-del-sureste\/#primaryimage"},"image":{"@id":"https:\/\/nitu.mx\/index.php\/2018\/08\/13\/amlo-expandiria-la-ruta-del-tren-maya-a-los-5-estados-del-sureste\/#primaryimage"},"thumbnailUrl":"https:\/\/nitu.mx\/wp-content\/uploads\/2018\/08\/tren-maya-amlo.jpg","datePublished":"2018-08-14T04:53:50+00:00","dateModified":"2018-08-14T05:21:46+00:00","breadcrumb":{"@id":"https:\/\/nitu.mx\/index.php\/2018\/08\/13\/amlo-expandiria-la-ruta-del-tren-maya-a-los-5-estados-del-sureste\/#breadcrumb"},"inLanguage":"es-MX","potentialAction":[{"@type":"ReadAction","target":["https:\/\/nitu.mx\/index.php\/2018\/08\/13\/amlo-expandiria-la-ruta-del-tren-maya-a-los-5-estados-del-sureste\/"]}]},{"@type":"ImageObject","inLanguage":"es-MX","@id":"https:\/\/nitu.mx\/index.php\/2018\/08\/13\/amlo-expandiria-la-ruta-del-tren-maya-a-los-5-estados-del-sureste\/#primaryimage","url":"https:\/\/nitu.mx\/wp-content\/uploads\/2018\/08\/tren-maya-amlo.jpg","contentUrl":"https:\/\/nitu.mx\/wp-content\/uploads\/2018\/08\/tren-maya-amlo.jpg","width":850,"height":480,"caption":"tren maya amlo"},{"@type":"BreadcrumbList","@id":"https:\/\/nitu.mx\/index.php\/2018\/08\/13\/amlo-expandiria-la-ruta-del-tren-maya-a-los-5-estados-del-sureste\/#breadcrumb","itemListElement":[{"@type":"ListItem","position":1,"name":"Inicio","item":"https:\/\/nitu.mx\/"},{"@type":"ListItem","position":2,"name":"AMLO expandir\u00eda la ruta del Tren Maya a los 5 estados del Sureste"}]},{"@type":"WebSite","@id":"https:\/\/nitu.mx\/#website","url":"https:\/\/nitu.mx\/","name":"Nitu - Noticias de la Industria Turistica","description":"Noticias de la Industria Turistica","publisher":{"@id":"https:\/\/nitu.mx\/#\/schema\/person\/ae7a53426417292d3dd07b45a33e01bc"},"alternateName":"Noticias de la Industria Turistica","potentialAction":[{"@type":"SearchAction","target":{"@type":"EntryPoint","urlTemplate":"https:\/\/nitu.mx\/?s={search_term_string}"},"query-input":"required name=search_term_string"}],"inLanguage":"es-MX"},{"@type":["Person","Organization"],"@id":"https:\/\/nitu.mx\/#\/schema\/person\/ae7a53426417292d3dd07b45a33e01bc","name":"Arturo Medina","image":{"@type":"ImageObject","inLanguage":"es-MX","@id":"https:\/\/nitu.mx\/#\/schema\/person\/image\/","url":"https:\/\/nitu.mx\/wp-content\/uploads\/2024\/04\/4A315622-1904-4D5C-B022-878CDC840E04-90x90-1.jpeg","contentUrl":"https:\/\/nitu.mx\/wp-content\/uploads\/2024\/04\/4A315622-1904-4D5C-B022-878CDC840E04-90x90-1.jpeg","width":90,"height":90,"caption":"Arturo Medina"},"logo":{"@id":"https:\/\/nitu.mx\/#\/schema\/person\/image\/"},"description":"Director NITU.mx, Egresado de la Escuela de Periodismo Carlos Septi\u00e9n Garc\u00eda. Periodista y analista especializado en turismo desde hace 35 a\u00f1os, radicado en Canc\u00fan Q.Roo. arturo@nitu.mx","sameAs":["https:\/\/nitu.mx","https:\/\/www.facebook.com\/NITUmx\/","medinacancun","https:\/\/twitter.com\/@Arturo_Medina_G"]},{"@type":"Person","@id":"https:\/\/nitu.mx\/#\/schema\/person\/4a28fe9bd65924f7c90623773daf1b0b","name":"Redacci\u00f3n","image":{"@type":"ImageObject","inLanguage":"es-MX","@id":"https:\/\/nitu.mx\/#\/schema\/person\/image\/","url":"https:\/\/secure.gravatar.com\/avatar\/5dd011c8ccfc5cd7e4c81e42252aab38?s=96&d=mm&r=g","contentUrl":"https:\/\/secure.gravatar.com\/avatar\/5dd011c8ccfc5cd7e4c81e42252aab38?s=96&d=mm&r=g","caption":"Redacci\u00f3n"},"url":"https:\/\/nitu.mx\/index.php\/author\/redaccion\/"}]}},"views":1190,"_links":{"self":[{"href":"https:\/\/nitu.mx\/index.php\/wp-json\/wp\/v2\/posts\/23467"}],"collection":[{"href":"https:\/\/nitu.mx\/index.php\/wp-json\/wp\/v2\/posts"}],"about":[{"href":"https:\/\/nitu.mx\/index.php\/wp-json\/wp\/v2\/types\/post"}],"author":[{"embeddable":true,"href":"https:\/\/nitu.mx\/index.php\/wp-json\/wp\/v2\/users\/17"}],"replies":[{"embeddable":true,"href":"https:\/\/nitu.mx\/index.php\/wp-json\/wp\/v2\/comments?post=23467"}],"version-history":[{"count":5,"href":"https:\/\/nitu.mx\/index.php\/wp-json\/wp\/v2\/posts\/23467\/revisions"}],"predecessor-version":[{"id":23523,"href":"https:\/\/nitu.mx\/index.php\/wp-json\/wp\/v2\/posts\/23467\/revisions\/23523"}],"wp:featuredmedia":[{"embeddable":true,"href":"https:\/\/nitu.mx\/index.php\/wp-json\/wp\/v2\/media\/23496"}],"wp:attachment":[{"href":"https:\/\/nitu.mx\/index.php\/wp-json\/wp\/v2\/media?parent=23467"}],"wp:term":[{"taxonomy":"category","embeddable":true,"href":"https:\/\/nitu.mx\/index.php\/wp-json\/wp\/v2\/categories?post=23467"},{"taxonomy":"post_tag","embeddable":true,"href":"https:\/\/nitu.mx\/index.php\/wp-json\/wp\/v2\/tags?post=23467"}],"curies":[{"name":"wp","href":"https:\/\/api.w.org\/{rel}","templated":true}]}}