{"id":23324,"date":"2018-08-09T00:47:40","date_gmt":"2018-08-09T05:47:40","guid":{"rendered":"https:\/\/www.dev.nitu.mx\/?p=23324"},"modified":"2019-08-21T22:53:49","modified_gmt":"2019-08-22T03:53:49","slug":"bcd-travel-aumenta-su-participacion-en-america-latina-al-fortalecerse-en-colombia","status":"publish","type":"post","link":"https:\/\/nitu.mx\/index.php\/2018\/08\/09\/bcd-travel-aumenta-su-participacion-en-america-latina-al-fortalecerse-en-colombia\/","title":{"rendered":"BCD Travel aumenta su participaci\u00f3n en Am\u00e9rica Latina al fortalecerse en Colombia"},"content":{"rendered":"<p>En el marco de su encuentro anual Rumbo al Liderazgo (RAL), BCD Travel anunci\u00f3 que adquiri\u00f3 una participaci\u00f3n mayoritaria en su operaci\u00f3n en Colombia, con lo que refuerza su posici\u00f3n en Latinoam\u00e9rica, al estar presente tambi\u00e9n en los mercados de Argentina, Brasil, Chile, Costa Rica, Per\u00fa y M\u00e9xico.<\/p>\n<p>Rolando Robles, vicepresidente de Desarrollo de Negocio de BCD Travel para Latinoam\u00e9rica coment\u00f3 que esta operaci\u00f3n busca retener a la fuerza laboral en este pa\u00eds sudamericano, en donde operaban como socio desde 1999, y continuar con el crecimiento del negocio.<\/p>\n<p>La agencia especializada en gesti\u00f3n de viajes de negocio llev\u00f3 a cabo la edici\u00f3n n\u00famero 13 del RAL, en donde re\u00fane a un importante grupo de su fuerza laboral en M\u00e9xico. En esta ocasi\u00f3n, 175 asistentes acudieron al evento, en donde se dieron a conocer las novedades, estrategias de comercializaci\u00f3n y nuevos proyectos que lleva a cabo BCD Travel.<\/p>\n<p>RAL 2018 tambi\u00e9n es la oportunidad de destacar la fuerza del \u00e1rea BCD Meetings &amp; Events, que dirige Arturo Calzada, y que tiene a su cargo la organizaci\u00f3n de este encuentro anual. Esta unidad de negocio est\u00e1 posicionada en el Top 10 de Meeting Planners de M\u00e9xico, y ha logrado un importante crecimiento gracias a la confianza que le han otorgado los clientes empresariales. (<a title=\"BCD Travel lanza al mercado Vacations by BCD Travel\" href=\"https:\/\/www.dev.nitu.mx\/index.php\/2018\/05\/06\/bcd-travel-lanza-al-mercado-vacations-by-bcd-travel\/\" rel=\"bookmark\">BCD Travel lanza al mercado Vacations by BCD Travel<\/a>).<\/p>\n<p>Una de las apuestas m\u00e1s importantes de la compa\u00f1\u00eda, es por estar a la vanguardia tecnol\u00f3gica, aspecto abordado ampliamente durante este encuentro de tres d\u00edas, en el que los colaboradores pudieron aprender m\u00e1s de las plataformas DecisionSource, TripSource y Traveler engagement, que facilitan a los clientes corporativos, viajeros y personal de finanzas, la gesti\u00f3n y control de los servicios antes, durante y despu\u00e9s del viaje.<\/p>\n<p>El country manager de BCD Travel M\u00e9xico, Beat Wille, coment\u00f3 que RAL 2018 fue un \u201cespacio para reforzar y alinear a todos los empleados hacia nuestra Misi\u00f3n, Visi\u00f3n y nuestro focus 4 \u2013 que consiste en cuatro \u2018indicadores\u2019 (gente, clientes, inteligencia y crecimiento) que nos muestran qu\u00e9 tan eficazmente estamos consiguiendo transformar nuestra direcci\u00f3n estrat\u00e9gica en realidad\u201d.<\/p>\n","protected":false},"excerpt":{"rendered":"<p>En el marco de su encuentro anual Rumbo al Liderazgo (RAL), BCD Travel anunci\u00f3 que adquiri\u00f3 una participaci\u00f3n mayoritaria en su operaci\u00f3n en Colombia, con lo que refuerza su posici\u00f3n en Latinoam\u00e9rica, al estar presente tambi\u00e9n en los mercados de Argentina, Brasil, Chile, Costa Rica, Per\u00fa y M\u00e9xico. Rolando Robles, vicepresidente de Desarrollo de Negocio [&hellip;]<\/p>\n","protected":false},"author":17,"featured_media":23335,"comment_status":"open","ping_status":"open","sticky":false,"template":"","format":"standard","meta":{"footnotes":""},"categories":[3],"tags":[3124,3126,3127,11746,11745,3128],"yoast_head":"<!-- This site is optimized with the Yoast SEO plugin v22.2 - https:\/\/yoast.com\/wordpress\/plugins\/seo\/ -->\n<title>BCD Travel aumenta su participaci\u00f3n en Am\u00e9rica Latina al fortalecerse en Colombia - Nitu - Noticias de la Industria Turistica<\/title>\n<meta name=\"description\" content=\"En el marco de su encuentro anual Rumbo al Liderazgo (RAL), BCD Travel anunci\u00f3 que adquiri\u00f3 una participaci\u00f3n mayoritaria en su operaci\u00f3n en Colombia, con lo que refuerza su posici\u00f3n en Latinoam\u00e9rica.\" \/>\n<meta name=\"robots\" content=\"index, follow, max-snippet:-1, max-image-preview:large, max-video-preview:-1\" \/>\n<link rel=\"canonical\" href=\"https:\/\/nitu.mx\/index.php\/2018\/08\/09\/bcd-travel-aumenta-su-participacion-en-america-latina-al-fortalecerse-en-colombia\/\" \/>\n<meta name=\"twitter:card\" content=\"summary_large_image\" \/>\n<meta name=\"twitter:title\" content=\"BCD Travel aumenta su participaci\u00f3n en Am\u00e9rica Latina al fortalecerse en Colombia - Nitu - Noticias de la Industria Turistica\" \/>\n<meta name=\"twitter:description\" content=\"En el marco de su encuentro anual Rumbo al Liderazgo (RAL), BCD Travel anunci\u00f3 que adquiri\u00f3 una participaci\u00f3n mayoritaria en su operaci\u00f3n en Colombia, con lo que refuerza su posici\u00f3n en Latinoam\u00e9rica.\" \/>\n<meta name=\"twitter:image\" content=\"https:\/\/nitu.mx\/wp-content\/uploads\/2018\/08\/BCD-Travel.jpg\" \/>\n<meta name=\"twitter:creator\" content=\"@NITUmx\" \/>\n<meta name=\"twitter:site\" content=\"@Arturo_Medina_G\" \/>\n<meta name=\"twitter:label1\" content=\"Escrito por\" \/>\n\t<meta name=\"twitter:data1\" content=\"Redacci\u00f3n\" \/>\n\t<meta name=\"twitter:label2\" content=\"Tiempo de lectura\" \/>\n\t<meta name=\"twitter:data2\" content=\"2 minutos\" \/>\n<script type=\"application\/ld+json\" class=\"yoast-schema-graph\">{\"@context\":\"https:\/\/schema.org\",\"@graph\":[{\"@type\":\"Article\",\"@id\":\"https:\/\/nitu.mx\/index.php\/2018\/08\/09\/bcd-travel-aumenta-su-participacion-en-america-latina-al-fortalecerse-en-colombia\/#article\",\"isPartOf\":{\"@id\":\"https:\/\/nitu.mx\/index.php\/2018\/08\/09\/bcd-travel-aumenta-su-participacion-en-america-latina-al-fortalecerse-en-colombia\/\"},\"author\":{\"name\":\"Redacci\u00f3n\",\"@id\":\"https:\/\/nitu.mx\/#\/schema\/person\/4a28fe9bd65924f7c90623773daf1b0b\"},\"headline\":\"BCD Travel aumenta su participaci\u00f3n en Am\u00e9rica Latina al fortalecerse en Colombia\",\"datePublished\":\"2018-08-09T05:47:40+00:00\",\"dateModified\":\"2019-08-22T03:53:49+00:00\",\"mainEntityOfPage\":{\"@id\":\"https:\/\/nitu.mx\/index.php\/2018\/08\/09\/bcd-travel-aumenta-su-participacion-en-america-latina-al-fortalecerse-en-colombia\/\"},\"wordCount\":379,\"commentCount\":0,\"publisher\":{\"@id\":\"https:\/\/nitu.mx\/#\/schema\/person\/ae7a53426417292d3dd07b45a33e01bc\"},\"image\":{\"@id\":\"https:\/\/nitu.mx\/index.php\/2018\/08\/09\/bcd-travel-aumenta-su-participacion-en-america-latina-al-fortalecerse-en-colombia\/#primaryimage\"},\"thumbnailUrl\":\"https:\/\/nitu.mx\/wp-content\/uploads\/2018\/08\/BCD-Travel.jpg\",\"keywords\":[\"BCD Travel\",\"Beat Wille\",\"DecisionSource\",\"Rolando Robles\",\"Traveler engagement\",\"TripSource\"],\"articleSection\":[\"Agencias de Viajes\"],\"inLanguage\":\"es-MX\",\"potentialAction\":[{\"@type\":\"CommentAction\",\"name\":\"Comment\",\"target\":[\"https:\/\/nitu.mx\/index.php\/2018\/08\/09\/bcd-travel-aumenta-su-participacion-en-america-latina-al-fortalecerse-en-colombia\/#respond\"]}]},{\"@type\":\"WebPage\",\"@id\":\"https:\/\/nitu.mx\/index.php\/2018\/08\/09\/bcd-travel-aumenta-su-participacion-en-america-latina-al-fortalecerse-en-colombia\/\",\"url\":\"https:\/\/nitu.mx\/index.php\/2018\/08\/09\/bcd-travel-aumenta-su-participacion-en-america-latina-al-fortalecerse-en-colombia\/\",\"name\":\"BCD Travel aumenta su participaci\u00f3n en Am\u00e9rica Latina al fortalecerse en Colombia - Nitu - Noticias de la Industria Turistica\",\"isPartOf\":{\"@id\":\"https:\/\/nitu.mx\/#website\"},\"primaryImageOfPage\":{\"@id\":\"https:\/\/nitu.mx\/index.php\/2018\/08\/09\/bcd-travel-aumenta-su-participacion-en-america-latina-al-fortalecerse-en-colombia\/#primaryimage\"},\"image\":{\"@id\":\"https:\/\/nitu.mx\/index.php\/2018\/08\/09\/bcd-travel-aumenta-su-participacion-en-america-latina-al-fortalecerse-en-colombia\/#primaryimage\"},\"thumbnailUrl\":\"https:\/\/nitu.mx\/wp-content\/uploads\/2018\/08\/BCD-Travel.jpg\",\"datePublished\":\"2018-08-09T05:47:40+00:00\",\"dateModified\":\"2019-08-22T03:53:49+00:00\",\"description\":\"En el marco de su encuentro anual Rumbo al Liderazgo (RAL), BCD Travel anunci\u00f3 que adquiri\u00f3 una participaci\u00f3n mayoritaria en su operaci\u00f3n en Colombia, con lo que refuerza su posici\u00f3n en Latinoam\u00e9rica.\",\"breadcrumb\":{\"@id\":\"https:\/\/nitu.mx\/index.php\/2018\/08\/09\/bcd-travel-aumenta-su-participacion-en-america-latina-al-fortalecerse-en-colombia\/#breadcrumb\"},\"inLanguage\":\"es-MX\",\"potentialAction\":[{\"@type\":\"ReadAction\",\"target\":[\"https:\/\/nitu.mx\/index.php\/2018\/08\/09\/bcd-travel-aumenta-su-participacion-en-america-latina-al-fortalecerse-en-colombia\/\"]}]},{\"@type\":\"ImageObject\",\"inLanguage\":\"es-MX\",\"@id\":\"https:\/\/nitu.mx\/index.php\/2018\/08\/09\/bcd-travel-aumenta-su-participacion-en-america-latina-al-fortalecerse-en-colombia\/#primaryimage\",\"url\":\"https:\/\/nitu.mx\/wp-content\/uploads\/2018\/08\/BCD-Travel.jpg\",\"contentUrl\":\"https:\/\/nitu.mx\/wp-content\/uploads\/2018\/08\/BCD-Travel.jpg\",\"width\":850,\"height\":480,\"caption\":\"BCD Travel\"},{\"@type\":\"BreadcrumbList\",\"@id\":\"https:\/\/nitu.mx\/index.php\/2018\/08\/09\/bcd-travel-aumenta-su-participacion-en-america-latina-al-fortalecerse-en-colombia\/#breadcrumb\",\"itemListElement\":[{\"@type\":\"ListItem\",\"position\":1,\"name\":\"Inicio\",\"item\":\"https:\/\/nitu.mx\/\"},{\"@type\":\"ListItem\",\"position\":2,\"name\":\"BCD Travel aumenta su participaci\u00f3n en Am\u00e9rica Latina al fortalecerse en Colombia\"}]},{\"@type\":\"WebSite\",\"@id\":\"https:\/\/nitu.mx\/#website\",\"url\":\"https:\/\/nitu.mx\/\",\"name\":\"Nitu - Noticias de la Industria Turistica\",\"description\":\"Noticias de la Industria Turistica\",\"publisher\":{\"@id\":\"https:\/\/nitu.mx\/#\/schema\/person\/ae7a53426417292d3dd07b45a33e01bc\"},\"alternateName\":\"Noticias de la Industria Turistica\",\"potentialAction\":[{\"@type\":\"SearchAction\",\"target\":{\"@type\":\"EntryPoint\",\"urlTemplate\":\"https:\/\/nitu.mx\/?s={search_term_string}\"},\"query-input\":\"required name=search_term_string\"}],\"inLanguage\":\"es-MX\"},{\"@type\":[\"Person\",\"Organization\"],\"@id\":\"https:\/\/nitu.mx\/#\/schema\/person\/ae7a53426417292d3dd07b45a33e01bc\",\"name\":\"Arturo Medina\",\"image\":{\"@type\":\"ImageObject\",\"inLanguage\":\"es-MX\",\"@id\":\"https:\/\/nitu.mx\/#\/schema\/person\/image\/\",\"url\":\"https:\/\/nitu.mx\/wp-content\/uploads\/2024\/04\/4A315622-1904-4D5C-B022-878CDC840E04-90x90-1.jpeg\",\"contentUrl\":\"https:\/\/nitu.mx\/wp-content\/uploads\/2024\/04\/4A315622-1904-4D5C-B022-878CDC840E04-90x90-1.jpeg\",\"width\":90,\"height\":90,\"caption\":\"Arturo Medina\"},\"logo\":{\"@id\":\"https:\/\/nitu.mx\/#\/schema\/person\/image\/\"},\"description\":\"Director NITU.mx, Egresado de la Escuela de Periodismo Carlos Septi\u00e9n Garc\u00eda. Periodista y analista especializado en turismo desde hace 35 a\u00f1os, radicado en Canc\u00fan Q.Roo. arturo@nitu.mx\",\"sameAs\":[\"https:\/\/nitu.mx\",\"https:\/\/www.facebook.com\/NITUmx\/\",\"medinacancun\",\"https:\/\/twitter.com\/@Arturo_Medina_G\"]},{\"@type\":\"Person\",\"@id\":\"https:\/\/nitu.mx\/#\/schema\/person\/4a28fe9bd65924f7c90623773daf1b0b\",\"name\":\"Redacci\u00f3n\",\"image\":{\"@type\":\"ImageObject\",\"inLanguage\":\"es-MX\",\"@id\":\"https:\/\/nitu.mx\/#\/schema\/person\/image\/\",\"url\":\"https:\/\/secure.gravatar.com\/avatar\/5dd011c8ccfc5cd7e4c81e42252aab38?s=96&d=mm&r=g\",\"contentUrl\":\"https:\/\/secure.gravatar.com\/avatar\/5dd011c8ccfc5cd7e4c81e42252aab38?s=96&d=mm&r=g\",\"caption\":\"Redacci\u00f3n\"},\"url\":\"https:\/\/nitu.mx\/index.php\/author\/redaccion\/\"}]}<\/script>\n<!-- \/ Yoast SEO plugin. -->","yoast_head_json":{"title":"BCD Travel aumenta su participaci\u00f3n en Am\u00e9rica Latina al fortalecerse en Colombia - Nitu - Noticias de la Industria Turistica","description":"En el marco de su encuentro anual Rumbo al Liderazgo (RAL), BCD Travel anunci\u00f3 que adquiri\u00f3 una participaci\u00f3n mayoritaria en su operaci\u00f3n en Colombia, con lo que refuerza su posici\u00f3n en Latinoam\u00e9rica.","robots":{"index":"index","follow":"follow","max-snippet":"max-snippet:-1","max-image-preview":"max-image-preview:large","max-video-preview":"max-video-preview:-1"},"canonical":"https:\/\/nitu.mx\/index.php\/2018\/08\/09\/bcd-travel-aumenta-su-participacion-en-america-latina-al-fortalecerse-en-colombia\/","twitter_card":"summary_large_image","twitter_title":"BCD Travel aumenta su participaci\u00f3n en Am\u00e9rica Latina al fortalecerse en Colombia - Nitu - Noticias de la Industria Turistica","twitter_description":"En el marco de su encuentro anual Rumbo al Liderazgo (RAL), BCD Travel anunci\u00f3 que adquiri\u00f3 una participaci\u00f3n mayoritaria en su operaci\u00f3n en Colombia, con lo que refuerza su posici\u00f3n en Latinoam\u00e9rica.","twitter_image":"https:\/\/nitu.mx\/wp-content\/uploads\/2018\/08\/BCD-Travel.jpg","twitter_creator":"@NITUmx","twitter_site":"@Arturo_Medina_G","twitter_misc":{"Escrito por":"Redacci\u00f3n","Tiempo de lectura":"2 minutos"},"schema":{"@context":"https:\/\/schema.org","@graph":[{"@type":"Article","@id":"https:\/\/nitu.mx\/index.php\/2018\/08\/09\/bcd-travel-aumenta-su-participacion-en-america-latina-al-fortalecerse-en-colombia\/#article","isPartOf":{"@id":"https:\/\/nitu.mx\/index.php\/2018\/08\/09\/bcd-travel-aumenta-su-participacion-en-america-latina-al-fortalecerse-en-colombia\/"},"author":{"name":"Redacci\u00f3n","@id":"https:\/\/nitu.mx\/#\/schema\/person\/4a28fe9bd65924f7c90623773daf1b0b"},"headline":"BCD Travel aumenta su participaci\u00f3n en Am\u00e9rica Latina al fortalecerse en Colombia","datePublished":"2018-08-09T05:47:40+00:00","dateModified":"2019-08-22T03:53:49+00:00","mainEntityOfPage":{"@id":"https:\/\/nitu.mx\/index.php\/2018\/08\/09\/bcd-travel-aumenta-su-participacion-en-america-latina-al-fortalecerse-en-colombia\/"},"wordCount":379,"commentCount":0,"publisher":{"@id":"https:\/\/nitu.mx\/#\/schema\/person\/ae7a53426417292d3dd07b45a33e01bc"},"image":{"@id":"https:\/\/nitu.mx\/index.php\/2018\/08\/09\/bcd-travel-aumenta-su-participacion-en-america-latina-al-fortalecerse-en-colombia\/#primaryimage"},"thumbnailUrl":"https:\/\/nitu.mx\/wp-content\/uploads\/2018\/08\/BCD-Travel.jpg","keywords":["BCD Travel","Beat Wille","DecisionSource","Rolando Robles","Traveler engagement","TripSource"],"articleSection":["Agencias de Viajes"],"inLanguage":"es-MX","potentialAction":[{"@type":"CommentAction","name":"Comment","target":["https:\/\/nitu.mx\/index.php\/2018\/08\/09\/bcd-travel-aumenta-su-participacion-en-america-latina-al-fortalecerse-en-colombia\/#respond"]}]},{"@type":"WebPage","@id":"https:\/\/nitu.mx\/index.php\/2018\/08\/09\/bcd-travel-aumenta-su-participacion-en-america-latina-al-fortalecerse-en-colombia\/","url":"https:\/\/nitu.mx\/index.php\/2018\/08\/09\/bcd-travel-aumenta-su-participacion-en-america-latina-al-fortalecerse-en-colombia\/","name":"BCD Travel aumenta su participaci\u00f3n en Am\u00e9rica Latina al fortalecerse en Colombia - Nitu - Noticias de la Industria Turistica","isPartOf":{"@id":"https:\/\/nitu.mx\/#website"},"primaryImageOfPage":{"@id":"https:\/\/nitu.mx\/index.php\/2018\/08\/09\/bcd-travel-aumenta-su-participacion-en-america-latina-al-fortalecerse-en-colombia\/#primaryimage"},"image":{"@id":"https:\/\/nitu.mx\/index.php\/2018\/08\/09\/bcd-travel-aumenta-su-participacion-en-america-latina-al-fortalecerse-en-colombia\/#primaryimage"},"thumbnailUrl":"https:\/\/nitu.mx\/wp-content\/uploads\/2018\/08\/BCD-Travel.jpg","datePublished":"2018-08-09T05:47:40+00:00","dateModified":"2019-08-22T03:53:49+00:00","description":"En el marco de su encuentro anual Rumbo al Liderazgo (RAL), BCD Travel anunci\u00f3 que adquiri\u00f3 una participaci\u00f3n mayoritaria en su operaci\u00f3n en Colombia, con lo que refuerza su posici\u00f3n en Latinoam\u00e9rica.","breadcrumb":{"@id":"https:\/\/nitu.mx\/index.php\/2018\/08\/09\/bcd-travel-aumenta-su-participacion-en-america-latina-al-fortalecerse-en-colombia\/#breadcrumb"},"inLanguage":"es-MX","potentialAction":[{"@type":"ReadAction","target":["https:\/\/nitu.mx\/index.php\/2018\/08\/09\/bcd-travel-aumenta-su-participacion-en-america-latina-al-fortalecerse-en-colombia\/"]}]},{"@type":"ImageObject","inLanguage":"es-MX","@id":"https:\/\/nitu.mx\/index.php\/2018\/08\/09\/bcd-travel-aumenta-su-participacion-en-america-latina-al-fortalecerse-en-colombia\/#primaryimage","url":"https:\/\/nitu.mx\/wp-content\/uploads\/2018\/08\/BCD-Travel.jpg","contentUrl":"https:\/\/nitu.mx\/wp-content\/uploads\/2018\/08\/BCD-Travel.jpg","width":850,"height":480,"caption":"BCD Travel"},{"@type":"BreadcrumbList","@id":"https:\/\/nitu.mx\/index.php\/2018\/08\/09\/bcd-travel-aumenta-su-participacion-en-america-latina-al-fortalecerse-en-colombia\/#breadcrumb","itemListElement":[{"@type":"ListItem","position":1,"name":"Inicio","item":"https:\/\/nitu.mx\/"},{"@type":"ListItem","position":2,"name":"BCD Travel aumenta su participaci\u00f3n en Am\u00e9rica Latina al fortalecerse en Colombia"}]},{"@type":"WebSite","@id":"https:\/\/nitu.mx\/#website","url":"https:\/\/nitu.mx\/","name":"Nitu - Noticias de la Industria Turistica","description":"Noticias de la Industria Turistica","publisher":{"@id":"https:\/\/nitu.mx\/#\/schema\/person\/ae7a53426417292d3dd07b45a33e01bc"},"alternateName":"Noticias de la Industria Turistica","potentialAction":[{"@type":"SearchAction","target":{"@type":"EntryPoint","urlTemplate":"https:\/\/nitu.mx\/?s={search_term_string}"},"query-input":"required name=search_term_string"}],"inLanguage":"es-MX"},{"@type":["Person","Organization"],"@id":"https:\/\/nitu.mx\/#\/schema\/person\/ae7a53426417292d3dd07b45a33e01bc","name":"Arturo Medina","image":{"@type":"ImageObject","inLanguage":"es-MX","@id":"https:\/\/nitu.mx\/#\/schema\/person\/image\/","url":"https:\/\/nitu.mx\/wp-content\/uploads\/2024\/04\/4A315622-1904-4D5C-B022-878CDC840E04-90x90-1.jpeg","contentUrl":"https:\/\/nitu.mx\/wp-content\/uploads\/2024\/04\/4A315622-1904-4D5C-B022-878CDC840E04-90x90-1.jpeg","width":90,"height":90,"caption":"Arturo Medina"},"logo":{"@id":"https:\/\/nitu.mx\/#\/schema\/person\/image\/"},"description":"Director NITU.mx, Egresado de la Escuela de Periodismo Carlos Septi\u00e9n Garc\u00eda. Periodista y analista especializado en turismo desde hace 35 a\u00f1os, radicado en Canc\u00fan Q.Roo. arturo@nitu.mx","sameAs":["https:\/\/nitu.mx","https:\/\/www.facebook.com\/NITUmx\/","medinacancun","https:\/\/twitter.com\/@Arturo_Medina_G"]},{"@type":"Person","@id":"https:\/\/nitu.mx\/#\/schema\/person\/4a28fe9bd65924f7c90623773daf1b0b","name":"Redacci\u00f3n","image":{"@type":"ImageObject","inLanguage":"es-MX","@id":"https:\/\/nitu.mx\/#\/schema\/person\/image\/","url":"https:\/\/secure.gravatar.com\/avatar\/5dd011c8ccfc5cd7e4c81e42252aab38?s=96&d=mm&r=g","contentUrl":"https:\/\/secure.gravatar.com\/avatar\/5dd011c8ccfc5cd7e4c81e42252aab38?s=96&d=mm&r=g","caption":"Redacci\u00f3n"},"url":"https:\/\/nitu.mx\/index.php\/author\/redaccion\/"}]}},"views":300,"_links":{"self":[{"href":"https:\/\/nitu.mx\/index.php\/wp-json\/wp\/v2\/posts\/23324"}],"collection":[{"href":"https:\/\/nitu.mx\/index.php\/wp-json\/wp\/v2\/posts"}],"about":[{"href":"https:\/\/nitu.mx\/index.php\/wp-json\/wp\/v2\/types\/post"}],"author":[{"embeddable":true,"href":"https:\/\/nitu.mx\/index.php\/wp-json\/wp\/v2\/users\/17"}],"replies":[{"embeddable":true,"href":"https:\/\/nitu.mx\/index.php\/wp-json\/wp\/v2\/comments?post=23324"}],"version-history":[{"count":2,"href":"https:\/\/nitu.mx\/index.php\/wp-json\/wp\/v2\/posts\/23324\/revisions"}],"predecessor-version":[{"id":23337,"href":"https:\/\/nitu.mx\/index.php\/wp-json\/wp\/v2\/posts\/23324\/revisions\/23337"}],"wp:featuredmedia":[{"embeddable":true,"href":"https:\/\/nitu.mx\/index.php\/wp-json\/wp\/v2\/media\/23335"}],"wp:attachment":[{"href":"https:\/\/nitu.mx\/index.php\/wp-json\/wp\/v2\/media?parent=23324"}],"wp:term":[{"taxonomy":"category","embeddable":true,"href":"https:\/\/nitu.mx\/index.php\/wp-json\/wp\/v2\/categories?post=23324"},{"taxonomy":"post_tag","embeddable":true,"href":"https:\/\/nitu.mx\/index.php\/wp-json\/wp\/v2\/tags?post=23324"}],"curies":[{"name":"wp","href":"https:\/\/api.w.org\/{rel}","templated":true}]}}