{"id":23303,"date":"2018-08-09T00:06:26","date_gmt":"2018-08-09T05:06:26","guid":{"rendered":"https:\/\/www.dev.nitu.mx\/?p=23303"},"modified":"2018-08-09T01:06:17","modified_gmt":"2018-08-09T06:06:17","slug":"zacatecas-recibe-el-xxv-congreso-nacional-de-turismo-de-reuniones-del-pais","status":"publish","type":"post","link":"https:\/\/nitu.mx\/index.php\/2018\/08\/09\/zacatecas-recibe-el-xxv-congreso-nacional-de-turismo-de-reuniones-del-pais\/","title":{"rendered":"Zacatecas recibe el XXV Congreso Nacional de Turismo de Reuniones del pa\u00eds"},"content":{"rendered":"<p>La capital de Zacatecas dio la bienvenida a\u00a0 empresarios tur\u00edsticos dedicados a la organizaci\u00f3n de reuniones, congresos, viajes de incentivo y actividades relacionadas al segmento en el XXV Congreso Nacional de Turismo de Reuniones (CNTR) de nuestro pa\u00eds denominado : \u201cLa Edici\u00f3n de Plata en la Ciudad de Plata\u201d.<\/p>\n<p>Eduardo Yarto, Secretario de Turismo del estado, destac\u00f3 que est\u00e1n preparados para recibir entre 400 y 600 profesionales a \u00e9ste destino que pretende posicionarse como una gran opci\u00f3n en el pa\u00eds para desarrollar congresos a lo largo del a\u00f1o, y as\u00ed captar captar el inter\u00e9s de empresas y gremios de M\u00e9xico y el mundo.<\/p>\n<p>Tanto las oficinas de turismo de los gobiernos estatales y municipales, oficinas de convenciones y visitantes, asociaciones afines e iniciativa privada tratar\u00e1n temas como la profesionalizaci\u00f3n y capacitaci\u00f3n de prestadores de servicios tur\u00edsticos especializados y dar\u00e1n a conocer nuevos productos tur\u00edsticos. (<a title=\"Con Zacatecas Experience, el estado ofrecer\u00e1 40 formas de vivir el verano\" href=\"https:\/\/www.dev.nitu.mx\/index.php\/2018\/07\/06\/con-zacatecas-experience-el-estado-ofrecera-40-formas-de-vivir-el-verano\/\" rel=\"bookmark\">Con Zacatecas Experience, el estado ofrecer\u00e1 40 formas de vivir el verano<\/a>).<\/p>\n<p>Como parte del programa se tomar\u00e1 protesta a los integrantes del Consejo Mexicano de la Industria de Reuniones (Comir) 2018-2019; se llevar\u00e1 a cabo el programa proped\u00e9utico \u201cIndustria de reuniones: impacto econ\u00f3mico, social e intelectual\u201d, as\u00ed como las mesas redondas &#8220;Pol\u00edticas p\u00fablicas en la industria de Reuniones: la importancia de los eventos en los Estados&#8221; y \u201cLa evoluci\u00f3n del legado de las reuniones y una propuesta actual para M\u00e9xico\u201d. Adem\u00e1s, el gobierno del estado mostrar\u00e1 la riqueza cultural, los atractivos y las actividades tur\u00edsticas del destino sede.<\/p>\n<p>Por su parte, Roberto Ibarra, integrante del Comir, destac\u00f3 que, al concluir la edici\u00f3n XXV del CNTR, los asistentes designar\u00e1n, al menos, cinco congresos a desarrollarse en 2018 y 2019.<\/p>\n<p>En tanto Javier G\u00e1mez, organizador del CNTR y tambi\u00e9n integrante del Comir, inform\u00f3 que la industria del turismo de reuniones genera 300 mil eventos a lo largo del a\u00f1o en M\u00e9xico.<\/p>\n<p><u>\u00a0<\/u><\/p>\n","protected":false},"excerpt":{"rendered":"<p>La capital de Zacatecas dio la bienvenida a\u00a0 empresarios tur\u00edsticos dedicados a la organizaci\u00f3n de reuniones, congresos, viajes de incentivo y actividades relacionadas al segmento en el XXV Congreso Nacional de Turismo de Reuniones (CNTR) de nuestro pa\u00eds denominado : \u201cLa Edici\u00f3n de Plata en la Ciudad de Plata\u201d. Eduardo Yarto, Secretario de Turismo del [&hellip;]<\/p>\n","protected":false},"author":17,"featured_media":23326,"comment_status":"open","ping_status":"open","sticky":false,"template":"","format":"standard","meta":{"footnotes":""},"categories":[6],"tags":[11723,11725,11724,678,11726,3809,11722,887],"yoast_head":"<!-- This site is optimized with the Yoast SEO plugin v22.2 - https:\/\/yoast.com\/wordpress\/plugins\/seo\/ -->\n<title>Zacatecas recibe el XXV Congreso Nacional de Turismo de Reuniones del pa\u00eds - Nitu - Noticias de la Industria Turistica<\/title>\n<meta name=\"description\" content=\"La capital de Zacatecas dio la bienvenida a\u00a0 empresarios tur\u00edsticos dedicados a la organizaci\u00f3n de reuniones, congresos, viajes de incentivo y actividades relacionadas.\" \/>\n<meta name=\"robots\" content=\"index, follow, max-snippet:-1, max-image-preview:large, max-video-preview:-1\" \/>\n<link rel=\"canonical\" href=\"https:\/\/nitu.mx\/index.php\/2018\/08\/09\/zacatecas-recibe-el-xxv-congreso-nacional-de-turismo-de-reuniones-del-pais\/\" \/>\n<meta name=\"twitter:card\" content=\"summary_large_image\" \/>\n<meta name=\"twitter:title\" content=\"Zacatecas recibe el XXV Congreso Nacional de Turismo de Reuniones del pa\u00eds - Nitu - Noticias de la Industria Turistica\" \/>\n<meta name=\"twitter:description\" content=\"La capital de Zacatecas dio la bienvenida a\u00a0 empresarios tur\u00edsticos dedicados a la organizaci\u00f3n de reuniones, congresos, viajes de incentivo y actividades relacionadas.\" \/>\n<meta name=\"twitter:image\" content=\"https:\/\/nitu.mx\/wp-content\/uploads\/2018\/08\/zacatecas.jpg\" \/>\n<meta name=\"twitter:creator\" content=\"@NITUmx\" \/>\n<meta name=\"twitter:site\" content=\"@Arturo_Medina_G\" \/>\n<meta name=\"twitter:label1\" content=\"Escrito por\" \/>\n\t<meta name=\"twitter:data1\" content=\"Redacci\u00f3n\" \/>\n\t<meta name=\"twitter:label2\" content=\"Tiempo de lectura\" \/>\n\t<meta name=\"twitter:data2\" content=\"2 minutos\" \/>\n<script type=\"application\/ld+json\" class=\"yoast-schema-graph\">{\"@context\":\"https:\/\/schema.org\",\"@graph\":[{\"@type\":\"Article\",\"@id\":\"https:\/\/nitu.mx\/index.php\/2018\/08\/09\/zacatecas-recibe-el-xxv-congreso-nacional-de-turismo-de-reuniones-del-pais\/#article\",\"isPartOf\":{\"@id\":\"https:\/\/nitu.mx\/index.php\/2018\/08\/09\/zacatecas-recibe-el-xxv-congreso-nacional-de-turismo-de-reuniones-del-pais\/\"},\"author\":{\"name\":\"Redacci\u00f3n\",\"@id\":\"https:\/\/nitu.mx\/#\/schema\/person\/4a28fe9bd65924f7c90623773daf1b0b\"},\"headline\":\"Zacatecas recibe el XXV Congreso Nacional de Turismo de Reuniones del pa\u00eds\",\"datePublished\":\"2018-08-09T05:06:26+00:00\",\"dateModified\":\"2018-08-09T06:06:17+00:00\",\"mainEntityOfPage\":{\"@id\":\"https:\/\/nitu.mx\/index.php\/2018\/08\/09\/zacatecas-recibe-el-xxv-congreso-nacional-de-turismo-de-reuniones-del-pais\/\"},\"wordCount\":340,\"commentCount\":0,\"publisher\":{\"@id\":\"https:\/\/nitu.mx\/#\/schema\/person\/ae7a53426417292d3dd07b45a33e01bc\"},\"image\":{\"@id\":\"https:\/\/nitu.mx\/index.php\/2018\/08\/09\/zacatecas-recibe-el-xxv-congreso-nacional-de-turismo-de-reuniones-del-pais\/#primaryimage\"},\"thumbnailUrl\":\"https:\/\/nitu.mx\/wp-content\/uploads\/2018\/08\/zacatecas.jpg\",\"keywords\":[\"\u201cLa Edici\u00f3n de Plata en la Ciudad de Plata\u201d\",\"CNTR\",\"Comir\",\"Eduardo Yarto\",\"Javier Gamez\",\"Roberto Ibarra\",\"XXV Congreso Nacional de Turismo de Reuniones (CNTR)\",\"Zacatecas\"],\"articleSection\":[\"M\u00e9xico\"],\"inLanguage\":\"es-MX\",\"potentialAction\":[{\"@type\":\"CommentAction\",\"name\":\"Comment\",\"target\":[\"https:\/\/nitu.mx\/index.php\/2018\/08\/09\/zacatecas-recibe-el-xxv-congreso-nacional-de-turismo-de-reuniones-del-pais\/#respond\"]}]},{\"@type\":\"WebPage\",\"@id\":\"https:\/\/nitu.mx\/index.php\/2018\/08\/09\/zacatecas-recibe-el-xxv-congreso-nacional-de-turismo-de-reuniones-del-pais\/\",\"url\":\"https:\/\/nitu.mx\/index.php\/2018\/08\/09\/zacatecas-recibe-el-xxv-congreso-nacional-de-turismo-de-reuniones-del-pais\/\",\"name\":\"Zacatecas recibe el XXV Congreso Nacional de Turismo de Reuniones del pa\u00eds - Nitu - Noticias de la Industria Turistica\",\"isPartOf\":{\"@id\":\"https:\/\/nitu.mx\/#website\"},\"primaryImageOfPage\":{\"@id\":\"https:\/\/nitu.mx\/index.php\/2018\/08\/09\/zacatecas-recibe-el-xxv-congreso-nacional-de-turismo-de-reuniones-del-pais\/#primaryimage\"},\"image\":{\"@id\":\"https:\/\/nitu.mx\/index.php\/2018\/08\/09\/zacatecas-recibe-el-xxv-congreso-nacional-de-turismo-de-reuniones-del-pais\/#primaryimage\"},\"thumbnailUrl\":\"https:\/\/nitu.mx\/wp-content\/uploads\/2018\/08\/zacatecas.jpg\",\"datePublished\":\"2018-08-09T05:06:26+00:00\",\"dateModified\":\"2018-08-09T06:06:17+00:00\",\"description\":\"La capital de Zacatecas dio la bienvenida a\u00a0 empresarios tur\u00edsticos dedicados a la organizaci\u00f3n de reuniones, congresos, viajes de incentivo y actividades relacionadas.\",\"breadcrumb\":{\"@id\":\"https:\/\/nitu.mx\/index.php\/2018\/08\/09\/zacatecas-recibe-el-xxv-congreso-nacional-de-turismo-de-reuniones-del-pais\/#breadcrumb\"},\"inLanguage\":\"es-MX\",\"potentialAction\":[{\"@type\":\"ReadAction\",\"target\":[\"https:\/\/nitu.mx\/index.php\/2018\/08\/09\/zacatecas-recibe-el-xxv-congreso-nacional-de-turismo-de-reuniones-del-pais\/\"]}]},{\"@type\":\"ImageObject\",\"inLanguage\":\"es-MX\",\"@id\":\"https:\/\/nitu.mx\/index.php\/2018\/08\/09\/zacatecas-recibe-el-xxv-congreso-nacional-de-turismo-de-reuniones-del-pais\/#primaryimage\",\"url\":\"https:\/\/nitu.mx\/wp-content\/uploads\/2018\/08\/zacatecas.jpg\",\"contentUrl\":\"https:\/\/nitu.mx\/wp-content\/uploads\/2018\/08\/zacatecas.jpg\",\"width\":850,\"height\":480,\"caption\":\"zacatecas\"},{\"@type\":\"BreadcrumbList\",\"@id\":\"https:\/\/nitu.mx\/index.php\/2018\/08\/09\/zacatecas-recibe-el-xxv-congreso-nacional-de-turismo-de-reuniones-del-pais\/#breadcrumb\",\"itemListElement\":[{\"@type\":\"ListItem\",\"position\":1,\"name\":\"Inicio\",\"item\":\"https:\/\/nitu.mx\/\"},{\"@type\":\"ListItem\",\"position\":2,\"name\":\"Zacatecas recibe el XXV Congreso Nacional de Turismo de Reuniones del pa\u00eds\"}]},{\"@type\":\"WebSite\",\"@id\":\"https:\/\/nitu.mx\/#website\",\"url\":\"https:\/\/nitu.mx\/\",\"name\":\"Nitu - Noticias de la Industria Turistica\",\"description\":\"Noticias de la Industria Turistica\",\"publisher\":{\"@id\":\"https:\/\/nitu.mx\/#\/schema\/person\/ae7a53426417292d3dd07b45a33e01bc\"},\"alternateName\":\"Noticias de la Industria Turistica\",\"potentialAction\":[{\"@type\":\"SearchAction\",\"target\":{\"@type\":\"EntryPoint\",\"urlTemplate\":\"https:\/\/nitu.mx\/?s={search_term_string}\"},\"query-input\":\"required name=search_term_string\"}],\"inLanguage\":\"es-MX\"},{\"@type\":[\"Person\",\"Organization\"],\"@id\":\"https:\/\/nitu.mx\/#\/schema\/person\/ae7a53426417292d3dd07b45a33e01bc\",\"name\":\"Arturo Medina\",\"image\":{\"@type\":\"ImageObject\",\"inLanguage\":\"es-MX\",\"@id\":\"https:\/\/nitu.mx\/#\/schema\/person\/image\/\",\"url\":\"https:\/\/nitu.mx\/wp-content\/uploads\/2024\/04\/4A315622-1904-4D5C-B022-878CDC840E04-90x90-1.jpeg\",\"contentUrl\":\"https:\/\/nitu.mx\/wp-content\/uploads\/2024\/04\/4A315622-1904-4D5C-B022-878CDC840E04-90x90-1.jpeg\",\"width\":90,\"height\":90,\"caption\":\"Arturo Medina\"},\"logo\":{\"@id\":\"https:\/\/nitu.mx\/#\/schema\/person\/image\/\"},\"description\":\"Director NITU.mx, Egresado de la Escuela de Periodismo Carlos Septi\u00e9n Garc\u00eda. Periodista y analista especializado en turismo desde hace 35 a\u00f1os, radicado en Canc\u00fan Q.Roo. arturo@nitu.mx\",\"sameAs\":[\"https:\/\/nitu.mx\",\"https:\/\/www.facebook.com\/NITUmx\/\",\"medinacancun\",\"https:\/\/twitter.com\/@Arturo_Medina_G\"]},{\"@type\":\"Person\",\"@id\":\"https:\/\/nitu.mx\/#\/schema\/person\/4a28fe9bd65924f7c90623773daf1b0b\",\"name\":\"Redacci\u00f3n\",\"image\":{\"@type\":\"ImageObject\",\"inLanguage\":\"es-MX\",\"@id\":\"https:\/\/nitu.mx\/#\/schema\/person\/image\/\",\"url\":\"https:\/\/secure.gravatar.com\/avatar\/5dd011c8ccfc5cd7e4c81e42252aab38?s=96&d=mm&r=g\",\"contentUrl\":\"https:\/\/secure.gravatar.com\/avatar\/5dd011c8ccfc5cd7e4c81e42252aab38?s=96&d=mm&r=g\",\"caption\":\"Redacci\u00f3n\"},\"url\":\"https:\/\/nitu.mx\/index.php\/author\/redaccion\/\"}]}<\/script>\n<!-- \/ Yoast SEO plugin. -->","yoast_head_json":{"title":"Zacatecas recibe el XXV Congreso Nacional de Turismo de Reuniones del pa\u00eds - Nitu - Noticias de la Industria Turistica","description":"La capital de Zacatecas dio la bienvenida a\u00a0 empresarios tur\u00edsticos dedicados a la organizaci\u00f3n de reuniones, congresos, viajes de incentivo y actividades relacionadas.","robots":{"index":"index","follow":"follow","max-snippet":"max-snippet:-1","max-image-preview":"max-image-preview:large","max-video-preview":"max-video-preview:-1"},"canonical":"https:\/\/nitu.mx\/index.php\/2018\/08\/09\/zacatecas-recibe-el-xxv-congreso-nacional-de-turismo-de-reuniones-del-pais\/","twitter_card":"summary_large_image","twitter_title":"Zacatecas recibe el XXV Congreso Nacional de Turismo de Reuniones del pa\u00eds - Nitu - Noticias de la Industria Turistica","twitter_description":"La capital de Zacatecas dio la bienvenida a\u00a0 empresarios tur\u00edsticos dedicados a la organizaci\u00f3n de reuniones, congresos, viajes de incentivo y actividades relacionadas.","twitter_image":"https:\/\/nitu.mx\/wp-content\/uploads\/2018\/08\/zacatecas.jpg","twitter_creator":"@NITUmx","twitter_site":"@Arturo_Medina_G","twitter_misc":{"Escrito por":"Redacci\u00f3n","Tiempo de lectura":"2 minutos"},"schema":{"@context":"https:\/\/schema.org","@graph":[{"@type":"Article","@id":"https:\/\/nitu.mx\/index.php\/2018\/08\/09\/zacatecas-recibe-el-xxv-congreso-nacional-de-turismo-de-reuniones-del-pais\/#article","isPartOf":{"@id":"https:\/\/nitu.mx\/index.php\/2018\/08\/09\/zacatecas-recibe-el-xxv-congreso-nacional-de-turismo-de-reuniones-del-pais\/"},"author":{"name":"Redacci\u00f3n","@id":"https:\/\/nitu.mx\/#\/schema\/person\/4a28fe9bd65924f7c90623773daf1b0b"},"headline":"Zacatecas recibe el XXV Congreso Nacional de Turismo de Reuniones del pa\u00eds","datePublished":"2018-08-09T05:06:26+00:00","dateModified":"2018-08-09T06:06:17+00:00","mainEntityOfPage":{"@id":"https:\/\/nitu.mx\/index.php\/2018\/08\/09\/zacatecas-recibe-el-xxv-congreso-nacional-de-turismo-de-reuniones-del-pais\/"},"wordCount":340,"commentCount":0,"publisher":{"@id":"https:\/\/nitu.mx\/#\/schema\/person\/ae7a53426417292d3dd07b45a33e01bc"},"image":{"@id":"https:\/\/nitu.mx\/index.php\/2018\/08\/09\/zacatecas-recibe-el-xxv-congreso-nacional-de-turismo-de-reuniones-del-pais\/#primaryimage"},"thumbnailUrl":"https:\/\/nitu.mx\/wp-content\/uploads\/2018\/08\/zacatecas.jpg","keywords":["\u201cLa Edici\u00f3n de Plata en la Ciudad de Plata\u201d","CNTR","Comir","Eduardo Yarto","Javier Gamez","Roberto Ibarra","XXV Congreso Nacional de Turismo de Reuniones (CNTR)","Zacatecas"],"articleSection":["M\u00e9xico"],"inLanguage":"es-MX","potentialAction":[{"@type":"CommentAction","name":"Comment","target":["https:\/\/nitu.mx\/index.php\/2018\/08\/09\/zacatecas-recibe-el-xxv-congreso-nacional-de-turismo-de-reuniones-del-pais\/#respond"]}]},{"@type":"WebPage","@id":"https:\/\/nitu.mx\/index.php\/2018\/08\/09\/zacatecas-recibe-el-xxv-congreso-nacional-de-turismo-de-reuniones-del-pais\/","url":"https:\/\/nitu.mx\/index.php\/2018\/08\/09\/zacatecas-recibe-el-xxv-congreso-nacional-de-turismo-de-reuniones-del-pais\/","name":"Zacatecas recibe el XXV Congreso Nacional de Turismo de Reuniones del pa\u00eds - Nitu - Noticias de la Industria Turistica","isPartOf":{"@id":"https:\/\/nitu.mx\/#website"},"primaryImageOfPage":{"@id":"https:\/\/nitu.mx\/index.php\/2018\/08\/09\/zacatecas-recibe-el-xxv-congreso-nacional-de-turismo-de-reuniones-del-pais\/#primaryimage"},"image":{"@id":"https:\/\/nitu.mx\/index.php\/2018\/08\/09\/zacatecas-recibe-el-xxv-congreso-nacional-de-turismo-de-reuniones-del-pais\/#primaryimage"},"thumbnailUrl":"https:\/\/nitu.mx\/wp-content\/uploads\/2018\/08\/zacatecas.jpg","datePublished":"2018-08-09T05:06:26+00:00","dateModified":"2018-08-09T06:06:17+00:00","description":"La capital de Zacatecas dio la bienvenida a\u00a0 empresarios tur\u00edsticos dedicados a la organizaci\u00f3n de reuniones, congresos, viajes de incentivo y actividades relacionadas.","breadcrumb":{"@id":"https:\/\/nitu.mx\/index.php\/2018\/08\/09\/zacatecas-recibe-el-xxv-congreso-nacional-de-turismo-de-reuniones-del-pais\/#breadcrumb"},"inLanguage":"es-MX","potentialAction":[{"@type":"ReadAction","target":["https:\/\/nitu.mx\/index.php\/2018\/08\/09\/zacatecas-recibe-el-xxv-congreso-nacional-de-turismo-de-reuniones-del-pais\/"]}]},{"@type":"ImageObject","inLanguage":"es-MX","@id":"https:\/\/nitu.mx\/index.php\/2018\/08\/09\/zacatecas-recibe-el-xxv-congreso-nacional-de-turismo-de-reuniones-del-pais\/#primaryimage","url":"https:\/\/nitu.mx\/wp-content\/uploads\/2018\/08\/zacatecas.jpg","contentUrl":"https:\/\/nitu.mx\/wp-content\/uploads\/2018\/08\/zacatecas.jpg","width":850,"height":480,"caption":"zacatecas"},{"@type":"BreadcrumbList","@id":"https:\/\/nitu.mx\/index.php\/2018\/08\/09\/zacatecas-recibe-el-xxv-congreso-nacional-de-turismo-de-reuniones-del-pais\/#breadcrumb","itemListElement":[{"@type":"ListItem","position":1,"name":"Inicio","item":"https:\/\/nitu.mx\/"},{"@type":"ListItem","position":2,"name":"Zacatecas recibe el XXV Congreso Nacional de Turismo de Reuniones del pa\u00eds"}]},{"@type":"WebSite","@id":"https:\/\/nitu.mx\/#website","url":"https:\/\/nitu.mx\/","name":"Nitu - Noticias de la Industria Turistica","description":"Noticias de la Industria Turistica","publisher":{"@id":"https:\/\/nitu.mx\/#\/schema\/person\/ae7a53426417292d3dd07b45a33e01bc"},"alternateName":"Noticias de la Industria Turistica","potentialAction":[{"@type":"SearchAction","target":{"@type":"EntryPoint","urlTemplate":"https:\/\/nitu.mx\/?s={search_term_string}"},"query-input":"required name=search_term_string"}],"inLanguage":"es-MX"},{"@type":["Person","Organization"],"@id":"https:\/\/nitu.mx\/#\/schema\/person\/ae7a53426417292d3dd07b45a33e01bc","name":"Arturo Medina","image":{"@type":"ImageObject","inLanguage":"es-MX","@id":"https:\/\/nitu.mx\/#\/schema\/person\/image\/","url":"https:\/\/nitu.mx\/wp-content\/uploads\/2024\/04\/4A315622-1904-4D5C-B022-878CDC840E04-90x90-1.jpeg","contentUrl":"https:\/\/nitu.mx\/wp-content\/uploads\/2024\/04\/4A315622-1904-4D5C-B022-878CDC840E04-90x90-1.jpeg","width":90,"height":90,"caption":"Arturo Medina"},"logo":{"@id":"https:\/\/nitu.mx\/#\/schema\/person\/image\/"},"description":"Director NITU.mx, Egresado de la Escuela de Periodismo Carlos Septi\u00e9n Garc\u00eda. Periodista y analista especializado en turismo desde hace 35 a\u00f1os, radicado en Canc\u00fan Q.Roo. arturo@nitu.mx","sameAs":["https:\/\/nitu.mx","https:\/\/www.facebook.com\/NITUmx\/","medinacancun","https:\/\/twitter.com\/@Arturo_Medina_G"]},{"@type":"Person","@id":"https:\/\/nitu.mx\/#\/schema\/person\/4a28fe9bd65924f7c90623773daf1b0b","name":"Redacci\u00f3n","image":{"@type":"ImageObject","inLanguage":"es-MX","@id":"https:\/\/nitu.mx\/#\/schema\/person\/image\/","url":"https:\/\/secure.gravatar.com\/avatar\/5dd011c8ccfc5cd7e4c81e42252aab38?s=96&d=mm&r=g","contentUrl":"https:\/\/secure.gravatar.com\/avatar\/5dd011c8ccfc5cd7e4c81e42252aab38?s=96&d=mm&r=g","caption":"Redacci\u00f3n"},"url":"https:\/\/nitu.mx\/index.php\/author\/redaccion\/"}]}},"views":243,"_links":{"self":[{"href":"https:\/\/nitu.mx\/index.php\/wp-json\/wp\/v2\/posts\/23303"}],"collection":[{"href":"https:\/\/nitu.mx\/index.php\/wp-json\/wp\/v2\/posts"}],"about":[{"href":"https:\/\/nitu.mx\/index.php\/wp-json\/wp\/v2\/types\/post"}],"author":[{"embeddable":true,"href":"https:\/\/nitu.mx\/index.php\/wp-json\/wp\/v2\/users\/17"}],"replies":[{"embeddable":true,"href":"https:\/\/nitu.mx\/index.php\/wp-json\/wp\/v2\/comments?post=23303"}],"version-history":[{"count":3,"href":"https:\/\/nitu.mx\/index.php\/wp-json\/wp\/v2\/posts\/23303\/revisions"}],"predecessor-version":[{"id":23328,"href":"https:\/\/nitu.mx\/index.php\/wp-json\/wp\/v2\/posts\/23303\/revisions\/23328"}],"wp:featuredmedia":[{"embeddable":true,"href":"https:\/\/nitu.mx\/index.php\/wp-json\/wp\/v2\/media\/23326"}],"wp:attachment":[{"href":"https:\/\/nitu.mx\/index.php\/wp-json\/wp\/v2\/media?parent=23303"}],"wp:term":[{"taxonomy":"category","embeddable":true,"href":"https:\/\/nitu.mx\/index.php\/wp-json\/wp\/v2\/categories?post=23303"},{"taxonomy":"post_tag","embeddable":true,"href":"https:\/\/nitu.mx\/index.php\/wp-json\/wp\/v2\/tags?post=23303"}],"curies":[{"name":"wp","href":"https:\/\/api.w.org\/{rel}","templated":true}]}}