{"id":23265,"date":"2018-08-07T23:57:13","date_gmt":"2018-08-08T04:57:13","guid":{"rendered":"https:\/\/www.dev.nitu.mx\/?p=23265"},"modified":"2018-08-08T00:29:31","modified_gmt":"2018-08-08T05:29:31","slug":"iberia-nombra-a-victor-moneo-nuevo-director-de-ventas-para-america-latina","status":"publish","type":"post","link":"https:\/\/nitu.mx\/index.php\/2018\/08\/07\/iberia-nombra-a-victor-moneo-nuevo-director-de-ventas-para-america-latina\/","title":{"rendered":"Iberia nombra a V\u00edctor Moneo nuevo director de Ventas para Am\u00e9rica Latina"},"content":{"rendered":"<p>Con el objetivo de reforzar su liderazgo en las rutas que unen Latinoam\u00e9rica y Europa, y seguir apostando por un mercado absolutamente estrat\u00e9gico, Iberia reorganiz\u00f3 nuevamente su direcci\u00f3n comercial en Am\u00e9rica Latina al nombrar a V\u00edctor Moneo, director de Ventas LATAM, \u00e1rea que incluir\u00e1 tambi\u00e9n los mercados de M\u00e9xico y Puerto Rico.<\/p>\n<p>Moneo, adem\u00e1s de ocupar la direcci\u00f3n de Ventas, se encargar\u00e1 de los acuerdos institucionales, en donde tendr\u00e1 bajo su cargo estrechar los lazos de Iberia con Am\u00e9rica Latina.<\/p>\n<p>Como director de Ventas y Acuerdos Institucionales de la aerol\u00ednea, Moneo se har\u00e1 cargo de la comercializaci\u00f3n de los productos y servicios de Iberia en los 16 pa\u00edses y 18 destinos de Am\u00e9rica Latina donde opera la compa\u00f1\u00eda, y donde suma m\u00e1s de 250 vuelos a la semana con Europa.<\/p>\n<p>Otra de sus funciones ser\u00e1 la gesti\u00f3n de los equipos comerciales tanto de Iberia como de British Airways en Argentina, Brasil, Chile, M\u00e9xico y Costa Rica, donde las fuerzas de ventas de ambas aerol\u00edneas est\u00e1n integradas.<\/p>\n<p>Moneo ha ocupado distintas responsabilidades en Iberia, la \u00faltima durante nueve a\u00f1os como director de Ventas en Espa\u00f1a para Iberia y British Airways, tambi\u00e9n fue director comercial del negocio de aeropuertos de Iberia y, antes, responsable de Agencias y Touroperadores. El nuevo director de Ventas es licenciado en CC. Empresariales, t\u00e9cnico en Empresas y Actividades Tur\u00edsticas, master en Direcci\u00f3n Comercial por ESADE y tambi\u00e9n en Organizaci\u00f3n y Ventas por el ESIC.\u00a0<a title=\"Air France negocia con Air Europa para competir a Iberia\" href=\"https:\/\/www.dev.nitu.mx\/index.php\/2018\/08\/01\/air-france-negocia-con-air-europa-para-competir-a-iberia\/\" rel=\"bookmark\">(Air France negocia con Air Europa para competir a Iberia<\/a>).<\/p>\n","protected":false},"excerpt":{"rendered":"<p>Con el objetivo de reforzar su liderazgo en las rutas que unen Latinoam\u00e9rica y Europa, y seguir apostando por un mercado absolutamente estrat\u00e9gico, Iberia reorganiz\u00f3 nuevamente su direcci\u00f3n comercial en Am\u00e9rica Latina al nombrar a V\u00edctor Moneo, director de Ventas LATAM, \u00e1rea que incluir\u00e1 tambi\u00e9n los mercados de M\u00e9xico y Puerto Rico. Moneo, adem\u00e1s de [&hellip;]<\/p>\n","protected":false},"author":17,"featured_media":23288,"comment_status":"open","ping_status":"open","sticky":false,"template":"","format":"standard","meta":{"footnotes":""},"categories":[29],"tags":[1507,1304,1307,11714],"yoast_head":"<!-- This site is optimized with the Yoast SEO plugin v22.2 - https:\/\/yoast.com\/wordpress\/plugins\/seo\/ -->\n<title>Iberia nombra a V\u00edctor Moneo nuevo director de Ventas para Am\u00e9rica Latina - Nitu - Noticias de la Industria Turistica<\/title>\n<meta name=\"description\" content=\"Iberia reorganiz\u00f3 nuevamente su direcci\u00f3n comercial en Am\u00e9rica Latina al nombrar a V\u00edctor Moneo, director de Ventas LATAM, \u00e1rea que incluir\u00e1 tambi\u00e9n los mercados de M\u00e9xico y Puerto Rico.\" \/>\n<meta name=\"robots\" content=\"index, follow, max-snippet:-1, max-image-preview:large, max-video-preview:-1\" \/>\n<link rel=\"canonical\" href=\"https:\/\/nitu.mx\/index.php\/2018\/08\/07\/iberia-nombra-a-victor-moneo-nuevo-director-de-ventas-para-america-latina\/\" \/>\n<meta name=\"twitter:card\" content=\"summary_large_image\" \/>\n<meta name=\"twitter:title\" content=\"Iberia nombra a V\u00edctor Moneo nuevo director de Ventas para Am\u00e9rica Latina - Nitu - Noticias de la Industria Turistica\" \/>\n<meta name=\"twitter:description\" content=\"Iberia reorganiz\u00f3 nuevamente su direcci\u00f3n comercial en Am\u00e9rica Latina al nombrar a V\u00edctor Moneo, director de Ventas LATAM, \u00e1rea que incluir\u00e1 tambi\u00e9n los mercados de M\u00e9xico y Puerto Rico.\" \/>\n<meta name=\"twitter:image\" content=\"https:\/\/nitu.mx\/wp-content\/uploads\/2018\/08\/V\u00edctor-Moneo.jpg\" \/>\n<meta name=\"twitter:creator\" content=\"@NITUmx\" \/>\n<meta name=\"twitter:site\" content=\"@Arturo_Medina_G\" \/>\n<meta name=\"twitter:label1\" content=\"Escrito por\" \/>\n\t<meta name=\"twitter:data1\" content=\"Redacci\u00f3n\" \/>\n\t<meta name=\"twitter:label2\" content=\"Tiempo de lectura\" \/>\n\t<meta name=\"twitter:data2\" content=\"1 minuto\" \/>\n<script type=\"application\/ld+json\" class=\"yoast-schema-graph\">{\"@context\":\"https:\/\/schema.org\",\"@graph\":[{\"@type\":\"Article\",\"@id\":\"https:\/\/nitu.mx\/index.php\/2018\/08\/07\/iberia-nombra-a-victor-moneo-nuevo-director-de-ventas-para-america-latina\/#article\",\"isPartOf\":{\"@id\":\"https:\/\/nitu.mx\/index.php\/2018\/08\/07\/iberia-nombra-a-victor-moneo-nuevo-director-de-ventas-para-america-latina\/\"},\"author\":{\"name\":\"Redacci\u00f3n\",\"@id\":\"https:\/\/nitu.mx\/#\/schema\/person\/4a28fe9bd65924f7c90623773daf1b0b\"},\"headline\":\"Iberia nombra a V\u00edctor Moneo nuevo director de Ventas para Am\u00e9rica Latina\",\"datePublished\":\"2018-08-08T04:57:13+00:00\",\"dateModified\":\"2018-08-08T05:29:31+00:00\",\"mainEntityOfPage\":{\"@id\":\"https:\/\/nitu.mx\/index.php\/2018\/08\/07\/iberia-nombra-a-victor-moneo-nuevo-director-de-ventas-para-america-latina\/\"},\"wordCount\":286,\"commentCount\":0,\"publisher\":{\"@id\":\"https:\/\/nitu.mx\/#\/schema\/person\/ae7a53426417292d3dd07b45a33e01bc\"},\"image\":{\"@id\":\"https:\/\/nitu.mx\/index.php\/2018\/08\/07\/iberia-nombra-a-victor-moneo-nuevo-director-de-ventas-para-america-latina\/#primaryimage\"},\"thumbnailUrl\":\"https:\/\/nitu.mx\/wp-content\/uploads\/2018\/08\/V\u00edctor-Moneo.jpg\",\"keywords\":[\"British Airways\",\"Iberia\",\"Latam\",\"V\u00edctor Moneo\"],\"articleSection\":[\"Aerol\u00edneas\"],\"inLanguage\":\"es-MX\",\"potentialAction\":[{\"@type\":\"CommentAction\",\"name\":\"Comment\",\"target\":[\"https:\/\/nitu.mx\/index.php\/2018\/08\/07\/iberia-nombra-a-victor-moneo-nuevo-director-de-ventas-para-america-latina\/#respond\"]}]},{\"@type\":\"WebPage\",\"@id\":\"https:\/\/nitu.mx\/index.php\/2018\/08\/07\/iberia-nombra-a-victor-moneo-nuevo-director-de-ventas-para-america-latina\/\",\"url\":\"https:\/\/nitu.mx\/index.php\/2018\/08\/07\/iberia-nombra-a-victor-moneo-nuevo-director-de-ventas-para-america-latina\/\",\"name\":\"Iberia nombra a V\u00edctor Moneo nuevo director de Ventas para Am\u00e9rica Latina - Nitu - Noticias de la Industria Turistica\",\"isPartOf\":{\"@id\":\"https:\/\/nitu.mx\/#website\"},\"primaryImageOfPage\":{\"@id\":\"https:\/\/nitu.mx\/index.php\/2018\/08\/07\/iberia-nombra-a-victor-moneo-nuevo-director-de-ventas-para-america-latina\/#primaryimage\"},\"image\":{\"@id\":\"https:\/\/nitu.mx\/index.php\/2018\/08\/07\/iberia-nombra-a-victor-moneo-nuevo-director-de-ventas-para-america-latina\/#primaryimage\"},\"thumbnailUrl\":\"https:\/\/nitu.mx\/wp-content\/uploads\/2018\/08\/V\u00edctor-Moneo.jpg\",\"datePublished\":\"2018-08-08T04:57:13+00:00\",\"dateModified\":\"2018-08-08T05:29:31+00:00\",\"description\":\"Iberia reorganiz\u00f3 nuevamente su direcci\u00f3n comercial en Am\u00e9rica Latina al nombrar a V\u00edctor Moneo, director de Ventas LATAM, \u00e1rea que incluir\u00e1 tambi\u00e9n los mercados de M\u00e9xico y Puerto Rico.\",\"breadcrumb\":{\"@id\":\"https:\/\/nitu.mx\/index.php\/2018\/08\/07\/iberia-nombra-a-victor-moneo-nuevo-director-de-ventas-para-america-latina\/#breadcrumb\"},\"inLanguage\":\"es-MX\",\"potentialAction\":[{\"@type\":\"ReadAction\",\"target\":[\"https:\/\/nitu.mx\/index.php\/2018\/08\/07\/iberia-nombra-a-victor-moneo-nuevo-director-de-ventas-para-america-latina\/\"]}]},{\"@type\":\"ImageObject\",\"inLanguage\":\"es-MX\",\"@id\":\"https:\/\/nitu.mx\/index.php\/2018\/08\/07\/iberia-nombra-a-victor-moneo-nuevo-director-de-ventas-para-america-latina\/#primaryimage\",\"url\":\"https:\/\/nitu.mx\/wp-content\/uploads\/2018\/08\/V\u00edctor-Moneo.jpg\",\"contentUrl\":\"https:\/\/nitu.mx\/wp-content\/uploads\/2018\/08\/V\u00edctor-Moneo.jpg\",\"width\":850,\"height\":480},{\"@type\":\"BreadcrumbList\",\"@id\":\"https:\/\/nitu.mx\/index.php\/2018\/08\/07\/iberia-nombra-a-victor-moneo-nuevo-director-de-ventas-para-america-latina\/#breadcrumb\",\"itemListElement\":[{\"@type\":\"ListItem\",\"position\":1,\"name\":\"Inicio\",\"item\":\"https:\/\/nitu.mx\/\"},{\"@type\":\"ListItem\",\"position\":2,\"name\":\"Iberia nombra a V\u00edctor Moneo nuevo director de Ventas para Am\u00e9rica Latina\"}]},{\"@type\":\"WebSite\",\"@id\":\"https:\/\/nitu.mx\/#website\",\"url\":\"https:\/\/nitu.mx\/\",\"name\":\"Nitu - Noticias de la Industria Turistica\",\"description\":\"Noticias de la Industria Turistica\",\"publisher\":{\"@id\":\"https:\/\/nitu.mx\/#\/schema\/person\/ae7a53426417292d3dd07b45a33e01bc\"},\"alternateName\":\"Noticias de la Industria Turistica\",\"potentialAction\":[{\"@type\":\"SearchAction\",\"target\":{\"@type\":\"EntryPoint\",\"urlTemplate\":\"https:\/\/nitu.mx\/?s={search_term_string}\"},\"query-input\":\"required name=search_term_string\"}],\"inLanguage\":\"es-MX\"},{\"@type\":[\"Person\",\"Organization\"],\"@id\":\"https:\/\/nitu.mx\/#\/schema\/person\/ae7a53426417292d3dd07b45a33e01bc\",\"name\":\"Arturo Medina\",\"image\":{\"@type\":\"ImageObject\",\"inLanguage\":\"es-MX\",\"@id\":\"https:\/\/nitu.mx\/#\/schema\/person\/image\/\",\"url\":\"https:\/\/nitu.mx\/wp-content\/uploads\/2024\/04\/4A315622-1904-4D5C-B022-878CDC840E04-90x90-1.jpeg\",\"contentUrl\":\"https:\/\/nitu.mx\/wp-content\/uploads\/2024\/04\/4A315622-1904-4D5C-B022-878CDC840E04-90x90-1.jpeg\",\"width\":90,\"height\":90,\"caption\":\"Arturo Medina\"},\"logo\":{\"@id\":\"https:\/\/nitu.mx\/#\/schema\/person\/image\/\"},\"description\":\"Director NITU.mx, Egresado de la Escuela de Periodismo Carlos Septi\u00e9n Garc\u00eda. Periodista y analista especializado en turismo desde hace 35 a\u00f1os, radicado en Canc\u00fan Q.Roo. arturo@nitu.mx\",\"sameAs\":[\"https:\/\/nitu.mx\",\"https:\/\/www.facebook.com\/NITUmx\/\",\"medinacancun\",\"https:\/\/twitter.com\/@Arturo_Medina_G\"]},{\"@type\":\"Person\",\"@id\":\"https:\/\/nitu.mx\/#\/schema\/person\/4a28fe9bd65924f7c90623773daf1b0b\",\"name\":\"Redacci\u00f3n\",\"image\":{\"@type\":\"ImageObject\",\"inLanguage\":\"es-MX\",\"@id\":\"https:\/\/nitu.mx\/#\/schema\/person\/image\/\",\"url\":\"https:\/\/secure.gravatar.com\/avatar\/5dd011c8ccfc5cd7e4c81e42252aab38?s=96&d=mm&r=g\",\"contentUrl\":\"https:\/\/secure.gravatar.com\/avatar\/5dd011c8ccfc5cd7e4c81e42252aab38?s=96&d=mm&r=g\",\"caption\":\"Redacci\u00f3n\"},\"url\":\"https:\/\/nitu.mx\/index.php\/author\/redaccion\/\"}]}<\/script>\n<!-- \/ Yoast SEO plugin. -->","yoast_head_json":{"title":"Iberia nombra a V\u00edctor Moneo nuevo director de Ventas para Am\u00e9rica Latina - Nitu - Noticias de la Industria Turistica","description":"Iberia reorganiz\u00f3 nuevamente su direcci\u00f3n comercial en Am\u00e9rica Latina al nombrar a V\u00edctor Moneo, director de Ventas LATAM, \u00e1rea que incluir\u00e1 tambi\u00e9n los mercados de M\u00e9xico y Puerto Rico.","robots":{"index":"index","follow":"follow","max-snippet":"max-snippet:-1","max-image-preview":"max-image-preview:large","max-video-preview":"max-video-preview:-1"},"canonical":"https:\/\/nitu.mx\/index.php\/2018\/08\/07\/iberia-nombra-a-victor-moneo-nuevo-director-de-ventas-para-america-latina\/","twitter_card":"summary_large_image","twitter_title":"Iberia nombra a V\u00edctor Moneo nuevo director de Ventas para Am\u00e9rica Latina - Nitu - Noticias de la Industria Turistica","twitter_description":"Iberia reorganiz\u00f3 nuevamente su direcci\u00f3n comercial en Am\u00e9rica Latina al nombrar a V\u00edctor Moneo, director de Ventas LATAM, \u00e1rea que incluir\u00e1 tambi\u00e9n los mercados de M\u00e9xico y Puerto Rico.","twitter_image":"https:\/\/nitu.mx\/wp-content\/uploads\/2018\/08\/V\u00edctor-Moneo.jpg","twitter_creator":"@NITUmx","twitter_site":"@Arturo_Medina_G","twitter_misc":{"Escrito por":"Redacci\u00f3n","Tiempo de lectura":"1 minuto"},"schema":{"@context":"https:\/\/schema.org","@graph":[{"@type":"Article","@id":"https:\/\/nitu.mx\/index.php\/2018\/08\/07\/iberia-nombra-a-victor-moneo-nuevo-director-de-ventas-para-america-latina\/#article","isPartOf":{"@id":"https:\/\/nitu.mx\/index.php\/2018\/08\/07\/iberia-nombra-a-victor-moneo-nuevo-director-de-ventas-para-america-latina\/"},"author":{"name":"Redacci\u00f3n","@id":"https:\/\/nitu.mx\/#\/schema\/person\/4a28fe9bd65924f7c90623773daf1b0b"},"headline":"Iberia nombra a V\u00edctor Moneo nuevo director de Ventas para Am\u00e9rica Latina","datePublished":"2018-08-08T04:57:13+00:00","dateModified":"2018-08-08T05:29:31+00:00","mainEntityOfPage":{"@id":"https:\/\/nitu.mx\/index.php\/2018\/08\/07\/iberia-nombra-a-victor-moneo-nuevo-director-de-ventas-para-america-latina\/"},"wordCount":286,"commentCount":0,"publisher":{"@id":"https:\/\/nitu.mx\/#\/schema\/person\/ae7a53426417292d3dd07b45a33e01bc"},"image":{"@id":"https:\/\/nitu.mx\/index.php\/2018\/08\/07\/iberia-nombra-a-victor-moneo-nuevo-director-de-ventas-para-america-latina\/#primaryimage"},"thumbnailUrl":"https:\/\/nitu.mx\/wp-content\/uploads\/2018\/08\/V\u00edctor-Moneo.jpg","keywords":["British Airways","Iberia","Latam","V\u00edctor Moneo"],"articleSection":["Aerol\u00edneas"],"inLanguage":"es-MX","potentialAction":[{"@type":"CommentAction","name":"Comment","target":["https:\/\/nitu.mx\/index.php\/2018\/08\/07\/iberia-nombra-a-victor-moneo-nuevo-director-de-ventas-para-america-latina\/#respond"]}]},{"@type":"WebPage","@id":"https:\/\/nitu.mx\/index.php\/2018\/08\/07\/iberia-nombra-a-victor-moneo-nuevo-director-de-ventas-para-america-latina\/","url":"https:\/\/nitu.mx\/index.php\/2018\/08\/07\/iberia-nombra-a-victor-moneo-nuevo-director-de-ventas-para-america-latina\/","name":"Iberia nombra a V\u00edctor Moneo nuevo director de Ventas para Am\u00e9rica Latina - Nitu - Noticias de la Industria Turistica","isPartOf":{"@id":"https:\/\/nitu.mx\/#website"},"primaryImageOfPage":{"@id":"https:\/\/nitu.mx\/index.php\/2018\/08\/07\/iberia-nombra-a-victor-moneo-nuevo-director-de-ventas-para-america-latina\/#primaryimage"},"image":{"@id":"https:\/\/nitu.mx\/index.php\/2018\/08\/07\/iberia-nombra-a-victor-moneo-nuevo-director-de-ventas-para-america-latina\/#primaryimage"},"thumbnailUrl":"https:\/\/nitu.mx\/wp-content\/uploads\/2018\/08\/V\u00edctor-Moneo.jpg","datePublished":"2018-08-08T04:57:13+00:00","dateModified":"2018-08-08T05:29:31+00:00","description":"Iberia reorganiz\u00f3 nuevamente su direcci\u00f3n comercial en Am\u00e9rica Latina al nombrar a V\u00edctor Moneo, director de Ventas LATAM, \u00e1rea que incluir\u00e1 tambi\u00e9n los mercados de M\u00e9xico y Puerto Rico.","breadcrumb":{"@id":"https:\/\/nitu.mx\/index.php\/2018\/08\/07\/iberia-nombra-a-victor-moneo-nuevo-director-de-ventas-para-america-latina\/#breadcrumb"},"inLanguage":"es-MX","potentialAction":[{"@type":"ReadAction","target":["https:\/\/nitu.mx\/index.php\/2018\/08\/07\/iberia-nombra-a-victor-moneo-nuevo-director-de-ventas-para-america-latina\/"]}]},{"@type":"ImageObject","inLanguage":"es-MX","@id":"https:\/\/nitu.mx\/index.php\/2018\/08\/07\/iberia-nombra-a-victor-moneo-nuevo-director-de-ventas-para-america-latina\/#primaryimage","url":"https:\/\/nitu.mx\/wp-content\/uploads\/2018\/08\/V\u00edctor-Moneo.jpg","contentUrl":"https:\/\/nitu.mx\/wp-content\/uploads\/2018\/08\/V\u00edctor-Moneo.jpg","width":850,"height":480},{"@type":"BreadcrumbList","@id":"https:\/\/nitu.mx\/index.php\/2018\/08\/07\/iberia-nombra-a-victor-moneo-nuevo-director-de-ventas-para-america-latina\/#breadcrumb","itemListElement":[{"@type":"ListItem","position":1,"name":"Inicio","item":"https:\/\/nitu.mx\/"},{"@type":"ListItem","position":2,"name":"Iberia nombra a V\u00edctor Moneo nuevo director de Ventas para Am\u00e9rica Latina"}]},{"@type":"WebSite","@id":"https:\/\/nitu.mx\/#website","url":"https:\/\/nitu.mx\/","name":"Nitu - Noticias de la Industria Turistica","description":"Noticias de la Industria Turistica","publisher":{"@id":"https:\/\/nitu.mx\/#\/schema\/person\/ae7a53426417292d3dd07b45a33e01bc"},"alternateName":"Noticias de la Industria Turistica","potentialAction":[{"@type":"SearchAction","target":{"@type":"EntryPoint","urlTemplate":"https:\/\/nitu.mx\/?s={search_term_string}"},"query-input":"required name=search_term_string"}],"inLanguage":"es-MX"},{"@type":["Person","Organization"],"@id":"https:\/\/nitu.mx\/#\/schema\/person\/ae7a53426417292d3dd07b45a33e01bc","name":"Arturo Medina","image":{"@type":"ImageObject","inLanguage":"es-MX","@id":"https:\/\/nitu.mx\/#\/schema\/person\/image\/","url":"https:\/\/nitu.mx\/wp-content\/uploads\/2024\/04\/4A315622-1904-4D5C-B022-878CDC840E04-90x90-1.jpeg","contentUrl":"https:\/\/nitu.mx\/wp-content\/uploads\/2024\/04\/4A315622-1904-4D5C-B022-878CDC840E04-90x90-1.jpeg","width":90,"height":90,"caption":"Arturo Medina"},"logo":{"@id":"https:\/\/nitu.mx\/#\/schema\/person\/image\/"},"description":"Director NITU.mx, Egresado de la Escuela de Periodismo Carlos Septi\u00e9n Garc\u00eda. Periodista y analista especializado en turismo desde hace 35 a\u00f1os, radicado en Canc\u00fan Q.Roo. arturo@nitu.mx","sameAs":["https:\/\/nitu.mx","https:\/\/www.facebook.com\/NITUmx\/","medinacancun","https:\/\/twitter.com\/@Arturo_Medina_G"]},{"@type":"Person","@id":"https:\/\/nitu.mx\/#\/schema\/person\/4a28fe9bd65924f7c90623773daf1b0b","name":"Redacci\u00f3n","image":{"@type":"ImageObject","inLanguage":"es-MX","@id":"https:\/\/nitu.mx\/#\/schema\/person\/image\/","url":"https:\/\/secure.gravatar.com\/avatar\/5dd011c8ccfc5cd7e4c81e42252aab38?s=96&d=mm&r=g","contentUrl":"https:\/\/secure.gravatar.com\/avatar\/5dd011c8ccfc5cd7e4c81e42252aab38?s=96&d=mm&r=g","caption":"Redacci\u00f3n"},"url":"https:\/\/nitu.mx\/index.php\/author\/redaccion\/"}]}},"views":275,"_links":{"self":[{"href":"https:\/\/nitu.mx\/index.php\/wp-json\/wp\/v2\/posts\/23265"}],"collection":[{"href":"https:\/\/nitu.mx\/index.php\/wp-json\/wp\/v2\/posts"}],"about":[{"href":"https:\/\/nitu.mx\/index.php\/wp-json\/wp\/v2\/types\/post"}],"author":[{"embeddable":true,"href":"https:\/\/nitu.mx\/index.php\/wp-json\/wp\/v2\/users\/17"}],"replies":[{"embeddable":true,"href":"https:\/\/nitu.mx\/index.php\/wp-json\/wp\/v2\/comments?post=23265"}],"version-history":[{"count":4,"href":"https:\/\/nitu.mx\/index.php\/wp-json\/wp\/v2\/posts\/23265\/revisions"}],"predecessor-version":[{"id":23298,"href":"https:\/\/nitu.mx\/index.php\/wp-json\/wp\/v2\/posts\/23265\/revisions\/23298"}],"wp:featuredmedia":[{"embeddable":true,"href":"https:\/\/nitu.mx\/index.php\/wp-json\/wp\/v2\/media\/23288"}],"wp:attachment":[{"href":"https:\/\/nitu.mx\/index.php\/wp-json\/wp\/v2\/media?parent=23265"}],"wp:term":[{"taxonomy":"category","embeddable":true,"href":"https:\/\/nitu.mx\/index.php\/wp-json\/wp\/v2\/categories?post=23265"},{"taxonomy":"post_tag","embeddable":true,"href":"https:\/\/nitu.mx\/index.php\/wp-json\/wp\/v2\/tags?post=23265"}],"curies":[{"name":"wp","href":"https:\/\/api.w.org\/{rel}","templated":true}]}}