{"id":23181,"date":"2018-08-05T21:38:43","date_gmt":"2018-08-06T02:38:43","guid":{"rendered":"https:\/\/www.dev.nitu.mx\/?p=23181"},"modified":"2018-08-06T00:02:30","modified_gmt":"2018-08-06T05:02:30","slug":"inicia-revision-de-proyectos-de-rescate-de-acapulco-para-el-tianguis-turistico","status":"publish","type":"post","link":"https:\/\/nitu.mx\/index.php\/2018\/08\/05\/inicia-revision-de-proyectos-de-rescate-de-acapulco-para-el-tianguis-turistico\/","title":{"rendered":"Inicia revisi\u00f3n de proyectos de rescate de Acapulco para el Tianguis Tur\u00edstico"},"content":{"rendered":"<p>Como parte de los trabajos formales de remodelaci\u00f3n en distintos puntos de Acapulco, que deber\u00e1n estar listos para la edici\u00f3n 2019 del Tianguis Tur\u00edstico, el gobernador de Guerrero, H\u00e9ctor Astudillo Flores se reuni\u00f3 con autoridades municipales y representantes de las distintas zonas que tendr\u00e1n recuperaci\u00f3n integral.<\/p>\n<p>Paseo Pescador, Playa Manzanillo-Astillero y Playa Honda, son las zonas en las que se mejorar\u00e1 su imagen tur\u00edstica con el fin de impulsar la llegada de visitantes en la zona tradicional del popular puerto, que recibir\u00e1 al evento m\u00e1s importante de la industria en marzo o abril del siguiente a\u00f1o.<\/p>\n<p>El pasado 17 de julio, el gobierno federal a trav\u00e9s del Consejo de Promoci\u00f3n Tur\u00edstica de M\u00e9xico (CPTM) y el estado de Guerrero, dieron el banderazo oficial para la organizaci\u00f3n del Tianguis Tur\u00edstico de Acapulco 2019, en donde Astudillo dio a conocer algunos de los compromisos que asumir\u00e1 para este evento.<\/p>\n<p>Al supervisar los trabajos de remodelaci\u00f3n en estas zonas, el mandatario estatal se\u00f1al\u00f3 que ser\u00e1n recuperados los espacios para los peatones tal y como se hace en todos los centros tur\u00edsticos del mundo, esto como un atractivo m\u00e1s de este puerto.<\/p>\n<p>Agreg\u00f3 que se reforzar\u00e1n las instalaciones para la pr\u00e1ctica de actividades deportivas, desde acu\u00e1ticas, bicicleta y atletismo; pues han cobrado auge entre los viajeros. \u201cTenemos que colocarnos en esa tendencia\u201d, apunt\u00f3.<\/p>\n<p>Las mejoras urbanas incluyen\u00a0la pavimentaci\u00f3n de andadores, drenaje sanitario, agua potable y alumbrado p\u00fablico, as\u00ed como una nueva fachada que ofrecer\u00e1 una mejor imagen tur\u00edstica a la zona. Tambi\u00e9n se llevar\u00e1 a cabo la remodelaci\u00f3n sustentable del Malec\u00f3n de Acapulco, y el plan de movilidad ciclista en zona Diamante.<\/p>\n<p>Durante la revisi\u00f3n de estas obras, estuvieron presentes con Astudillo Flores, funcionarios federales de Sectur, Sedesol, Medio Ambiente y Profepa, as\u00ed como el secretario de Turismo estatal, Ernesto Rodr\u00edguez Escalona, a quienes detall\u00f3 el avance y planes que estar\u00e1n concretados a tiempo para el retorno del Tianguis Tur\u00edstico al destino que lo vio nacer.<\/p>\n","protected":false},"excerpt":{"rendered":"<p>Como parte de los trabajos formales de remodelaci\u00f3n en distintos puntos de Acapulco, que deber\u00e1n estar listos para la edici\u00f3n 2019 del Tianguis Tur\u00edstico, el gobernador de Guerrero, H\u00e9ctor Astudillo Flores se reuni\u00f3 con autoridades municipales y representantes de las distintas zonas que tendr\u00e1n recuperaci\u00f3n integral. Paseo Pescador, Playa Manzanillo-Astillero y Playa Honda, son las [&hellip;]<\/p>\n","protected":false},"author":5,"featured_media":23184,"comment_status":"open","ping_status":"open","sticky":false,"template":"","format":"standard","meta":{"footnotes":""},"categories":[5,12],"tags":[40,2218,233,234,1064],"yoast_head":"<!-- This site is optimized with the Yoast SEO plugin v22.2 - https:\/\/yoast.com\/wordpress\/plugins\/seo\/ -->\n<title>Inicia revisi\u00f3n de proyectos de rescate de Acapulco para el Tianguis Tur\u00edstico - Nitu - Noticias de la Industria Turistica<\/title>\n<meta name=\"description\" content=\"Como parte de los trabajos formales de remodelaci\u00f3n en distintos puntos de Acapulco, que deber\u00e1n estar listos para la edici\u00f3n 2019 del Tianguis Tur\u00edstico, el gobernador de Guerrero, H\u00e9ctor Astudillo Flores se reuni\u00f3 con autoridades municipales y representantes de las distintas zonas que tendr\u00e1n recuperaci\u00f3n integral.\" \/>\n<meta name=\"robots\" content=\"index, follow, max-snippet:-1, max-image-preview:large, max-video-preview:-1\" \/>\n<link rel=\"canonical\" href=\"https:\/\/nitu.mx\/index.php\/2018\/08\/05\/inicia-revision-de-proyectos-de-rescate-de-acapulco-para-el-tianguis-turistico\/\" \/>\n<meta name=\"twitter:card\" content=\"summary_large_image\" \/>\n<meta name=\"twitter:title\" content=\"Inicia revisi\u00f3n de proyectos de rescate de Acapulco para el Tianguis Tur\u00edstico - Nitu - Noticias de la Industria Turistica\" \/>\n<meta name=\"twitter:description\" content=\"Como parte de los trabajos formales de remodelaci\u00f3n en distintos puntos de Acapulco, que deber\u00e1n estar listos para la edici\u00f3n 2019 del Tianguis Tur\u00edstico, el gobernador de Guerrero, H\u00e9ctor Astudillo Flores se reuni\u00f3 con autoridades municipales y representantes de las distintas zonas que tendr\u00e1n recuperaci\u00f3n integral.\" \/>\n<meta name=\"twitter:image\" content=\"https:\/\/nitu.mx\/wp-content\/uploads\/2018\/08\/H\u00e9ctor-Astudillo-Supervisi\u00f3n-Tianguis.jpg\" \/>\n<meta name=\"twitter:creator\" content=\"@NITUmx\" \/>\n<meta name=\"twitter:site\" content=\"@Arturo_Medina_G\" \/>\n<meta name=\"twitter:label1\" content=\"Escrito por\" \/>\n\t<meta name=\"twitter:data1\" content=\"Mari Soto\" \/>\n\t<meta name=\"twitter:label2\" content=\"Tiempo de lectura\" \/>\n\t<meta name=\"twitter:data2\" content=\"2 minutos\" \/>\n<script type=\"application\/ld+json\" class=\"yoast-schema-graph\">{\"@context\":\"https:\/\/schema.org\",\"@graph\":[{\"@type\":\"Article\",\"@id\":\"https:\/\/nitu.mx\/index.php\/2018\/08\/05\/inicia-revision-de-proyectos-de-rescate-de-acapulco-para-el-tianguis-turistico\/#article\",\"isPartOf\":{\"@id\":\"https:\/\/nitu.mx\/index.php\/2018\/08\/05\/inicia-revision-de-proyectos-de-rescate-de-acapulco-para-el-tianguis-turistico\/\"},\"author\":{\"name\":\"Mari Soto\",\"@id\":\"https:\/\/nitu.mx\/#\/schema\/person\/afc52e313e27e660739556d421d3d6b4\"},\"headline\":\"Inicia revisi\u00f3n de proyectos de rescate de Acapulco para el Tianguis Tur\u00edstico\",\"datePublished\":\"2018-08-06T02:38:43+00:00\",\"dateModified\":\"2018-08-06T05:02:30+00:00\",\"mainEntityOfPage\":{\"@id\":\"https:\/\/nitu.mx\/index.php\/2018\/08\/05\/inicia-revision-de-proyectos-de-rescate-de-acapulco-para-el-tianguis-turistico\/\"},\"wordCount\":368,\"commentCount\":0,\"publisher\":{\"@id\":\"https:\/\/nitu.mx\/#\/schema\/person\/ae7a53426417292d3dd07b45a33e01bc\"},\"image\":{\"@id\":\"https:\/\/nitu.mx\/index.php\/2018\/08\/05\/inicia-revision-de-proyectos-de-rescate-de-acapulco-para-el-tianguis-turistico\/#primaryimage\"},\"thumbnailUrl\":\"https:\/\/nitu.mx\/wp-content\/uploads\/2018\/08\/H\u00e9ctor-Astudillo-Supervisi\u00f3n-Tianguis.jpg\",\"keywords\":[\"Acapulco\",\"Ernesto Rodr\u00edguez Escalona\",\"Guerrero\",\"H\u00e9ctor Astudillo\",\"Tianguis Tur\u00edstico\"],\"articleSection\":[\"Destinos\",\"Marketing\"],\"inLanguage\":\"es-MX\",\"potentialAction\":[{\"@type\":\"CommentAction\",\"name\":\"Comment\",\"target\":[\"https:\/\/nitu.mx\/index.php\/2018\/08\/05\/inicia-revision-de-proyectos-de-rescate-de-acapulco-para-el-tianguis-turistico\/#respond\"]}]},{\"@type\":\"WebPage\",\"@id\":\"https:\/\/nitu.mx\/index.php\/2018\/08\/05\/inicia-revision-de-proyectos-de-rescate-de-acapulco-para-el-tianguis-turistico\/\",\"url\":\"https:\/\/nitu.mx\/index.php\/2018\/08\/05\/inicia-revision-de-proyectos-de-rescate-de-acapulco-para-el-tianguis-turistico\/\",\"name\":\"Inicia revisi\u00f3n de proyectos de rescate de Acapulco para el Tianguis Tur\u00edstico - Nitu - Noticias de la Industria Turistica\",\"isPartOf\":{\"@id\":\"https:\/\/nitu.mx\/#website\"},\"primaryImageOfPage\":{\"@id\":\"https:\/\/nitu.mx\/index.php\/2018\/08\/05\/inicia-revision-de-proyectos-de-rescate-de-acapulco-para-el-tianguis-turistico\/#primaryimage\"},\"image\":{\"@id\":\"https:\/\/nitu.mx\/index.php\/2018\/08\/05\/inicia-revision-de-proyectos-de-rescate-de-acapulco-para-el-tianguis-turistico\/#primaryimage\"},\"thumbnailUrl\":\"https:\/\/nitu.mx\/wp-content\/uploads\/2018\/08\/H\u00e9ctor-Astudillo-Supervisi\u00f3n-Tianguis.jpg\",\"datePublished\":\"2018-08-06T02:38:43+00:00\",\"dateModified\":\"2018-08-06T05:02:30+00:00\",\"description\":\"Como parte de los trabajos formales de remodelaci\u00f3n en distintos puntos de Acapulco, que deber\u00e1n estar listos para la edici\u00f3n 2019 del Tianguis Tur\u00edstico, el gobernador de Guerrero, H\u00e9ctor Astudillo Flores se reuni\u00f3 con autoridades municipales y representantes de las distintas zonas que tendr\u00e1n recuperaci\u00f3n integral.\",\"breadcrumb\":{\"@id\":\"https:\/\/nitu.mx\/index.php\/2018\/08\/05\/inicia-revision-de-proyectos-de-rescate-de-acapulco-para-el-tianguis-turistico\/#breadcrumb\"},\"inLanguage\":\"es-MX\",\"potentialAction\":[{\"@type\":\"ReadAction\",\"target\":[\"https:\/\/nitu.mx\/index.php\/2018\/08\/05\/inicia-revision-de-proyectos-de-rescate-de-acapulco-para-el-tianguis-turistico\/\"]}]},{\"@type\":\"ImageObject\",\"inLanguage\":\"es-MX\",\"@id\":\"https:\/\/nitu.mx\/index.php\/2018\/08\/05\/inicia-revision-de-proyectos-de-rescate-de-acapulco-para-el-tianguis-turistico\/#primaryimage\",\"url\":\"https:\/\/nitu.mx\/wp-content\/uploads\/2018\/08\/H\u00e9ctor-Astudillo-Supervisi\u00f3n-Tianguis.jpg\",\"contentUrl\":\"https:\/\/nitu.mx\/wp-content\/uploads\/2018\/08\/H\u00e9ctor-Astudillo-Supervisi\u00f3n-Tianguis.jpg\",\"width\":850,\"height\":480,\"caption\":\"Acapulco\"},{\"@type\":\"BreadcrumbList\",\"@id\":\"https:\/\/nitu.mx\/index.php\/2018\/08\/05\/inicia-revision-de-proyectos-de-rescate-de-acapulco-para-el-tianguis-turistico\/#breadcrumb\",\"itemListElement\":[{\"@type\":\"ListItem\",\"position\":1,\"name\":\"Inicio\",\"item\":\"https:\/\/nitu.mx\/\"},{\"@type\":\"ListItem\",\"position\":2,\"name\":\"Inicia revisi\u00f3n de proyectos de rescate de Acapulco para el Tianguis Tur\u00edstico\"}]},{\"@type\":\"WebSite\",\"@id\":\"https:\/\/nitu.mx\/#website\",\"url\":\"https:\/\/nitu.mx\/\",\"name\":\"Nitu - Noticias de la Industria Turistica\",\"description\":\"Noticias de la Industria Turistica\",\"publisher\":{\"@id\":\"https:\/\/nitu.mx\/#\/schema\/person\/ae7a53426417292d3dd07b45a33e01bc\"},\"alternateName\":\"Noticias de la Industria Turistica\",\"potentialAction\":[{\"@type\":\"SearchAction\",\"target\":{\"@type\":\"EntryPoint\",\"urlTemplate\":\"https:\/\/nitu.mx\/?s={search_term_string}\"},\"query-input\":\"required name=search_term_string\"}],\"inLanguage\":\"es-MX\"},{\"@type\":[\"Person\",\"Organization\"],\"@id\":\"https:\/\/nitu.mx\/#\/schema\/person\/ae7a53426417292d3dd07b45a33e01bc\",\"name\":\"Arturo Medina\",\"image\":{\"@type\":\"ImageObject\",\"inLanguage\":\"es-MX\",\"@id\":\"https:\/\/nitu.mx\/#\/schema\/person\/image\/\",\"url\":\"https:\/\/nitu.mx\/wp-content\/uploads\/2024\/04\/4A315622-1904-4D5C-B022-878CDC840E04-90x90-1.jpeg\",\"contentUrl\":\"https:\/\/nitu.mx\/wp-content\/uploads\/2024\/04\/4A315622-1904-4D5C-B022-878CDC840E04-90x90-1.jpeg\",\"width\":90,\"height\":90,\"caption\":\"Arturo Medina\"},\"logo\":{\"@id\":\"https:\/\/nitu.mx\/#\/schema\/person\/image\/\"},\"description\":\"Director NITU.mx, Egresado de la Escuela de Periodismo Carlos Septi\u00e9n Garc\u00eda. Periodista y analista especializado en turismo desde hace 35 a\u00f1os, radicado en Canc\u00fan Q.Roo. arturo@nitu.mx\",\"sameAs\":[\"https:\/\/nitu.mx\",\"https:\/\/www.facebook.com\/NITUmx\/\",\"medinacancun\",\"https:\/\/twitter.com\/@Arturo_Medina_G\"]},{\"@type\":\"Person\",\"@id\":\"https:\/\/nitu.mx\/#\/schema\/person\/afc52e313e27e660739556d421d3d6b4\",\"name\":\"Mari Soto\",\"image\":{\"@type\":\"ImageObject\",\"inLanguage\":\"es-MX\",\"@id\":\"https:\/\/nitu.mx\/#\/schema\/person\/image\/\",\"url\":\"https:\/\/secure.gravatar.com\/avatar\/2619c282a180a20d89fcaea82a6736e2?s=96&d=mm&r=g\",\"contentUrl\":\"https:\/\/secure.gravatar.com\/avatar\/2619c282a180a20d89fcaea82a6736e2?s=96&d=mm&r=g\",\"caption\":\"Mari Soto\"},\"sameAs\":[\"https:\/\/nitu.mx\"],\"url\":\"https:\/\/nitu.mx\/index.php\/author\/guadalupe\/\"}]}<\/script>\n<!-- \/ Yoast SEO plugin. -->","yoast_head_json":{"title":"Inicia revisi\u00f3n de proyectos de rescate de Acapulco para el Tianguis Tur\u00edstico - Nitu - Noticias de la Industria Turistica","description":"Como parte de los trabajos formales de remodelaci\u00f3n en distintos puntos de Acapulco, que deber\u00e1n estar listos para la edici\u00f3n 2019 del Tianguis Tur\u00edstico, el gobernador de Guerrero, H\u00e9ctor Astudillo Flores se reuni\u00f3 con autoridades municipales y representantes de las distintas zonas que tendr\u00e1n recuperaci\u00f3n integral.","robots":{"index":"index","follow":"follow","max-snippet":"max-snippet:-1","max-image-preview":"max-image-preview:large","max-video-preview":"max-video-preview:-1"},"canonical":"https:\/\/nitu.mx\/index.php\/2018\/08\/05\/inicia-revision-de-proyectos-de-rescate-de-acapulco-para-el-tianguis-turistico\/","twitter_card":"summary_large_image","twitter_title":"Inicia revisi\u00f3n de proyectos de rescate de Acapulco para el Tianguis Tur\u00edstico - Nitu - Noticias de la Industria Turistica","twitter_description":"Como parte de los trabajos formales de remodelaci\u00f3n en distintos puntos de Acapulco, que deber\u00e1n estar listos para la edici\u00f3n 2019 del Tianguis Tur\u00edstico, el gobernador de Guerrero, H\u00e9ctor Astudillo Flores se reuni\u00f3 con autoridades municipales y representantes de las distintas zonas que tendr\u00e1n recuperaci\u00f3n integral.","twitter_image":"https:\/\/nitu.mx\/wp-content\/uploads\/2018\/08\/H\u00e9ctor-Astudillo-Supervisi\u00f3n-Tianguis.jpg","twitter_creator":"@NITUmx","twitter_site":"@Arturo_Medina_G","twitter_misc":{"Escrito por":"Mari Soto","Tiempo de lectura":"2 minutos"},"schema":{"@context":"https:\/\/schema.org","@graph":[{"@type":"Article","@id":"https:\/\/nitu.mx\/index.php\/2018\/08\/05\/inicia-revision-de-proyectos-de-rescate-de-acapulco-para-el-tianguis-turistico\/#article","isPartOf":{"@id":"https:\/\/nitu.mx\/index.php\/2018\/08\/05\/inicia-revision-de-proyectos-de-rescate-de-acapulco-para-el-tianguis-turistico\/"},"author":{"name":"Mari Soto","@id":"https:\/\/nitu.mx\/#\/schema\/person\/afc52e313e27e660739556d421d3d6b4"},"headline":"Inicia revisi\u00f3n de proyectos de rescate de Acapulco para el Tianguis Tur\u00edstico","datePublished":"2018-08-06T02:38:43+00:00","dateModified":"2018-08-06T05:02:30+00:00","mainEntityOfPage":{"@id":"https:\/\/nitu.mx\/index.php\/2018\/08\/05\/inicia-revision-de-proyectos-de-rescate-de-acapulco-para-el-tianguis-turistico\/"},"wordCount":368,"commentCount":0,"publisher":{"@id":"https:\/\/nitu.mx\/#\/schema\/person\/ae7a53426417292d3dd07b45a33e01bc"},"image":{"@id":"https:\/\/nitu.mx\/index.php\/2018\/08\/05\/inicia-revision-de-proyectos-de-rescate-de-acapulco-para-el-tianguis-turistico\/#primaryimage"},"thumbnailUrl":"https:\/\/nitu.mx\/wp-content\/uploads\/2018\/08\/H\u00e9ctor-Astudillo-Supervisi\u00f3n-Tianguis.jpg","keywords":["Acapulco","Ernesto Rodr\u00edguez Escalona","Guerrero","H\u00e9ctor Astudillo","Tianguis Tur\u00edstico"],"articleSection":["Destinos","Marketing"],"inLanguage":"es-MX","potentialAction":[{"@type":"CommentAction","name":"Comment","target":["https:\/\/nitu.mx\/index.php\/2018\/08\/05\/inicia-revision-de-proyectos-de-rescate-de-acapulco-para-el-tianguis-turistico\/#respond"]}]},{"@type":"WebPage","@id":"https:\/\/nitu.mx\/index.php\/2018\/08\/05\/inicia-revision-de-proyectos-de-rescate-de-acapulco-para-el-tianguis-turistico\/","url":"https:\/\/nitu.mx\/index.php\/2018\/08\/05\/inicia-revision-de-proyectos-de-rescate-de-acapulco-para-el-tianguis-turistico\/","name":"Inicia revisi\u00f3n de proyectos de rescate de Acapulco para el Tianguis Tur\u00edstico - Nitu - Noticias de la Industria Turistica","isPartOf":{"@id":"https:\/\/nitu.mx\/#website"},"primaryImageOfPage":{"@id":"https:\/\/nitu.mx\/index.php\/2018\/08\/05\/inicia-revision-de-proyectos-de-rescate-de-acapulco-para-el-tianguis-turistico\/#primaryimage"},"image":{"@id":"https:\/\/nitu.mx\/index.php\/2018\/08\/05\/inicia-revision-de-proyectos-de-rescate-de-acapulco-para-el-tianguis-turistico\/#primaryimage"},"thumbnailUrl":"https:\/\/nitu.mx\/wp-content\/uploads\/2018\/08\/H\u00e9ctor-Astudillo-Supervisi\u00f3n-Tianguis.jpg","datePublished":"2018-08-06T02:38:43+00:00","dateModified":"2018-08-06T05:02:30+00:00","description":"Como parte de los trabajos formales de remodelaci\u00f3n en distintos puntos de Acapulco, que deber\u00e1n estar listos para la edici\u00f3n 2019 del Tianguis Tur\u00edstico, el gobernador de Guerrero, H\u00e9ctor Astudillo Flores se reuni\u00f3 con autoridades municipales y representantes de las distintas zonas que tendr\u00e1n recuperaci\u00f3n integral.","breadcrumb":{"@id":"https:\/\/nitu.mx\/index.php\/2018\/08\/05\/inicia-revision-de-proyectos-de-rescate-de-acapulco-para-el-tianguis-turistico\/#breadcrumb"},"inLanguage":"es-MX","potentialAction":[{"@type":"ReadAction","target":["https:\/\/nitu.mx\/index.php\/2018\/08\/05\/inicia-revision-de-proyectos-de-rescate-de-acapulco-para-el-tianguis-turistico\/"]}]},{"@type":"ImageObject","inLanguage":"es-MX","@id":"https:\/\/nitu.mx\/index.php\/2018\/08\/05\/inicia-revision-de-proyectos-de-rescate-de-acapulco-para-el-tianguis-turistico\/#primaryimage","url":"https:\/\/nitu.mx\/wp-content\/uploads\/2018\/08\/H\u00e9ctor-Astudillo-Supervisi\u00f3n-Tianguis.jpg","contentUrl":"https:\/\/nitu.mx\/wp-content\/uploads\/2018\/08\/H\u00e9ctor-Astudillo-Supervisi\u00f3n-Tianguis.jpg","width":850,"height":480,"caption":"Acapulco"},{"@type":"BreadcrumbList","@id":"https:\/\/nitu.mx\/index.php\/2018\/08\/05\/inicia-revision-de-proyectos-de-rescate-de-acapulco-para-el-tianguis-turistico\/#breadcrumb","itemListElement":[{"@type":"ListItem","position":1,"name":"Inicio","item":"https:\/\/nitu.mx\/"},{"@type":"ListItem","position":2,"name":"Inicia revisi\u00f3n de proyectos de rescate de Acapulco para el Tianguis Tur\u00edstico"}]},{"@type":"WebSite","@id":"https:\/\/nitu.mx\/#website","url":"https:\/\/nitu.mx\/","name":"Nitu - Noticias de la Industria Turistica","description":"Noticias de la Industria Turistica","publisher":{"@id":"https:\/\/nitu.mx\/#\/schema\/person\/ae7a53426417292d3dd07b45a33e01bc"},"alternateName":"Noticias de la Industria Turistica","potentialAction":[{"@type":"SearchAction","target":{"@type":"EntryPoint","urlTemplate":"https:\/\/nitu.mx\/?s={search_term_string}"},"query-input":"required name=search_term_string"}],"inLanguage":"es-MX"},{"@type":["Person","Organization"],"@id":"https:\/\/nitu.mx\/#\/schema\/person\/ae7a53426417292d3dd07b45a33e01bc","name":"Arturo Medina","image":{"@type":"ImageObject","inLanguage":"es-MX","@id":"https:\/\/nitu.mx\/#\/schema\/person\/image\/","url":"https:\/\/nitu.mx\/wp-content\/uploads\/2024\/04\/4A315622-1904-4D5C-B022-878CDC840E04-90x90-1.jpeg","contentUrl":"https:\/\/nitu.mx\/wp-content\/uploads\/2024\/04\/4A315622-1904-4D5C-B022-878CDC840E04-90x90-1.jpeg","width":90,"height":90,"caption":"Arturo Medina"},"logo":{"@id":"https:\/\/nitu.mx\/#\/schema\/person\/image\/"},"description":"Director NITU.mx, Egresado de la Escuela de Periodismo Carlos Septi\u00e9n Garc\u00eda. Periodista y analista especializado en turismo desde hace 35 a\u00f1os, radicado en Canc\u00fan Q.Roo. arturo@nitu.mx","sameAs":["https:\/\/nitu.mx","https:\/\/www.facebook.com\/NITUmx\/","medinacancun","https:\/\/twitter.com\/@Arturo_Medina_G"]},{"@type":"Person","@id":"https:\/\/nitu.mx\/#\/schema\/person\/afc52e313e27e660739556d421d3d6b4","name":"Mari Soto","image":{"@type":"ImageObject","inLanguage":"es-MX","@id":"https:\/\/nitu.mx\/#\/schema\/person\/image\/","url":"https:\/\/secure.gravatar.com\/avatar\/2619c282a180a20d89fcaea82a6736e2?s=96&d=mm&r=g","contentUrl":"https:\/\/secure.gravatar.com\/avatar\/2619c282a180a20d89fcaea82a6736e2?s=96&d=mm&r=g","caption":"Mari Soto"},"sameAs":["https:\/\/nitu.mx"],"url":"https:\/\/nitu.mx\/index.php\/author\/guadalupe\/"}]}},"views":266,"_links":{"self":[{"href":"https:\/\/nitu.mx\/index.php\/wp-json\/wp\/v2\/posts\/23181"}],"collection":[{"href":"https:\/\/nitu.mx\/index.php\/wp-json\/wp\/v2\/posts"}],"about":[{"href":"https:\/\/nitu.mx\/index.php\/wp-json\/wp\/v2\/types\/post"}],"author":[{"embeddable":true,"href":"https:\/\/nitu.mx\/index.php\/wp-json\/wp\/v2\/users\/5"}],"replies":[{"embeddable":true,"href":"https:\/\/nitu.mx\/index.php\/wp-json\/wp\/v2\/comments?post=23181"}],"version-history":[{"count":1,"href":"https:\/\/nitu.mx\/index.php\/wp-json\/wp\/v2\/posts\/23181\/revisions"}],"predecessor-version":[{"id":23185,"href":"https:\/\/nitu.mx\/index.php\/wp-json\/wp\/v2\/posts\/23181\/revisions\/23185"}],"wp:featuredmedia":[{"embeddable":true,"href":"https:\/\/nitu.mx\/index.php\/wp-json\/wp\/v2\/media\/23184"}],"wp:attachment":[{"href":"https:\/\/nitu.mx\/index.php\/wp-json\/wp\/v2\/media?parent=23181"}],"wp:term":[{"taxonomy":"category","embeddable":true,"href":"https:\/\/nitu.mx\/index.php\/wp-json\/wp\/v2\/categories?post=23181"},{"taxonomy":"post_tag","embeddable":true,"href":"https:\/\/nitu.mx\/index.php\/wp-json\/wp\/v2\/tags?post=23181"}],"curies":[{"name":"wp","href":"https:\/\/api.w.org\/{rel}","templated":true}]}}