{"id":23066,"date":"2018-08-01T00:47:15","date_gmt":"2018-08-01T05:47:15","guid":{"rendered":"https:\/\/www.dev.nitu.mx\/?p=23066"},"modified":"2018-08-01T00:51:34","modified_gmt":"2018-08-01T05:51:34","slug":"conesa-da-la-cara-y-se-hace-cargo","status":"publish","type":"post","link":"https:\/\/nitu.mx\/index.php\/2018\/08\/01\/conesa-da-la-cara-y-se-hace-cargo\/","title":{"rendered":"Conesa da la cara y se hace cargo"},"content":{"rendered":"<p>El mandam\u00e1s de Aeromexico, Andr\u00e9s Conesa, dio la cara en poco tiempo despu\u00e9s del ca\u00edda de la aeronave de su compa\u00f1\u00eda este martes en Durango.<\/p>\n<p><strong>Los gastos<\/strong><\/p>\n<p>Asegur\u00f3 que Aerom\u00e9xico se har\u00e1 cargo de todos los gastos de los implicados en el accidente, presuntamente provocado por un &#8220;Windshear&#8221;efecto de aire vertical, muy peligroso en aterrizajes y despegue.<\/p>\n<p><strong>La \u00a0arronave<\/strong><\/p>\n<p>De acuerdo con Conesa, &#8220;el avi\u00f3n ten\u00eda 10 a\u00f1os de antig\u00fcedad\u201c, cumpl\u00eda con los est\u00e1ndares de seguridad y en este iban 99 pasajeros y cuatro tripulantes, la aeronave era un Embraer 190.<\/p>\n<p><strong>La SCT<\/strong><\/p>\n<p>Conesa detall\u00f3 que la aerol\u00ednea est\u00e1 colaborando con la Direcci\u00f3n General de Aeron\u00e1utica Civil (DGAC) para ofrecer un dictamen completo de lo sucedido y continuar con las investigaciones.<\/p>\n<p>De igual forma, explic\u00f3 que el avi\u00f3n era operado por Aerom\u00e9xico desde 2014 y que su \u00faltimo mantenimiento general hab\u00eda sido en febrero.<\/p>\n<p><strong>La tripulaci\u00f3n<\/strong><\/p>\n<p>Tambi\u00e9n se refiri\u00f3 a la labor de la tripulaci\u00f3n, a los colaboradores de Aerom\u00e9xico y a las otras aerol\u00edneas que se involucraron en el rescate y la contenci\u00f3n de este accidente que pudo cobrar la vida de los pasajeros.<\/p>\n<p><strong>El accidente<\/strong><\/p>\n<p>A las 15:30 horas, el Embraer 190 despeg\u00f3. Sin embargo, su trayectoria fue afectada por una r\u00e1faga de viento e hizo descender la aeronave. De manera brusca, \u201cse proyect\u00f3 fuera de la pista quedando aproximadamente a 300 metros de la misma, permaneciendo de manera horizontal, lo que permiti\u00f3 la evacuaci\u00f3n de los pasajeros.\u201c<\/p>\n<p><strong>La investigaci\u00f3n<\/strong><\/p>\n<p>Por lo pronto segun dijo Conesa, \u201cya se cre\u00f3 una comisi\u00f3n investigadora\u201d que incluye a expertos internacionales, de acuerdo con informaci\u00f3n de Gerardo Ruiz Esparza, secretario de Comunicaciones y Transportes.<\/p>\n<p><strong>El E-190<\/strong><\/p>\n<p>Anunciada en la Exposici\u00f3n A\u00e9rea de Par\u00eds de 1999, y comenzada a fabricar en 2002, la l\u00ednea E-Jet es una serie popular y de r\u00e1pida expansi\u00f3n de aviones regionales. Los 190 y 195 tienen capacidades similares a las versiones convencionales del <a class=\"mw-redirect\" title=\"Douglas DC-9\" href=\"https:\/\/es.wikipedia.org\/wiki\/Douglas_DC-9\">Douglas DC-9<\/a> o del <a title=\"Boeing 737\" href=\"https:\/\/es.wikipedia.org\/wiki\/Boeing_737\">Boeing 737<\/a>, aviones estos \u00faltimos considerados de primera l\u00ednea.<\/p>\n<p>La famila E-190 la forman dos versiones alargadas del modelo E-170, equipadas con mayores alas y nuevos motores, los GE CF34-10. Rondando una capacidad de 100 plazas, compite con aviones peque\u00f1os de primera l\u00ednea como el <a title=\"Boeing\" href=\"https:\/\/es.wikipedia.org\/wiki\/Boeing\">Boeing<\/a> <a title=\"Boeing 717\" href=\"https:\/\/es.wikipedia.org\/wiki\/Boeing_717\">717-200<\/a> o el <a title=\"Boeing 737\" href=\"https:\/\/es.wikipedia.org\/wiki\/Boeing_737\">737-600<\/a>, as\u00ed como con el <a title=\"Airbus\" href=\"https:\/\/es.wikipedia.org\/wiki\/Airbus\">Airbus<\/a> <a title=\"Airbus A320\" href=\"https:\/\/es.wikipedia.org\/wiki\/Airbus_A320#A318\">A318<\/a> y <a title=\"Airbus A320\" href=\"https:\/\/es.wikipedia.org\/wiki\/Airbus_A320#A319\">A319<\/a>. El primer vuelo del E-190 fue en marzo de 2004, y el del 195 en diciembre del mismo a\u00f1o.<\/p>\n<p>Muchas de las mejores aerol\u00edneas del mundo utilizan este tipo de aeronaves.<br \/>\n<span class=\"flagicon\"><img decoding=\"async\" loading=\"lazy\" class=\"thumbborder\" title=\"Bandera de M\u00e9xico\" src=\"https:\/\/upload.wikimedia.org\/wikipedia\/commons\/thumb\/f\/fc\/Flag_of_Mexico.svg\/20px-Flag_of_Mexico.svg.png\" srcset=\"https:\/\/upload.wikimedia.org\/wikipedia\/commons\/thumb\/f\/fc\/Flag_of_Mexico.svg\/30px-Flag_of_Mexico.svg.png 1.5x, https:\/\/upload.wikimedia.org\/wikipedia\/commons\/thumb\/f\/fc\/Flag_of_Mexico.svg\/40px-Flag_of_Mexico.svg.png 2x\" alt=\"Bandera de M\u00e9xico\" width=\"20\" height=\"11\" data-file-width=\"840\" data-file-height=\"480\" \/><\/span><a class=\"mw-redirect\" title=\"Aeromexico Connect\" href=\"https:\/\/es.wikipedia.org\/wiki\/Aeromexico_Connect\">Aeromexico Connect<\/a><br \/>\n<span class=\"flagicon\"><img decoding=\"async\" loading=\"lazy\" class=\"thumbborder\" title=\"Bandera de Canad\u00e1\" src=\"https:\/\/upload.wikimedia.org\/wikipedia\/commons\/thumb\/c\/cf\/Flag_of_Canada.svg\/20px-Flag_of_Canada.svg.png\" srcset=\"https:\/\/upload.wikimedia.org\/wikipedia\/commons\/thumb\/c\/cf\/Flag_of_Canada.svg\/30px-Flag_of_Canada.svg.png 1.5x, https:\/\/upload.wikimedia.org\/wikipedia\/commons\/thumb\/c\/cf\/Flag_of_Canada.svg\/40px-Flag_of_Canada.svg.png 2x\" alt=\"Bandera de Canad\u00e1\" width=\"20\" height=\"10\" data-file-width=\"1000\" data-file-height=\"500\" \/><\/span><a title=\"Air Canada\" href=\"https:\/\/es.wikipedia.org\/wiki\/Air_Canada\">Air Canada<\/a><br \/>\n<span class=\"flagicon\"><img decoding=\"async\" loading=\"lazy\" class=\"thumbborder\" title=\"Bandera de Estados Unidos\" src=\"https:\/\/upload.wikimedia.org\/wikipedia\/commons\/thumb\/a\/a4\/Flag_of_the_United_States.svg\/20px-Flag_of_the_United_States.svg.png\" srcset=\"https:\/\/upload.wikimedia.org\/wikipedia\/commons\/thumb\/a\/a4\/Flag_of_the_United_States.svg\/30px-Flag_of_the_United_States.svg.png 1.5x, https:\/\/upload.wikimedia.org\/wikipedia\/commons\/thumb\/a\/a4\/Flag_of_the_United_States.svg\/40px-Flag_of_the_United_States.svg.png 2x\" alt=\"Bandera de Estados Unidos\" width=\"20\" height=\"11\" data-file-width=\"1235\" data-file-height=\"650\" \/><\/span><a title=\"JetBlue Airways\" href=\"https:\/\/es.wikipedia.org\/wiki\/JetBlue_Airways\">JetBlue Airways<\/a><br \/>\n<span class=\"flagicon\"><img decoding=\"async\" loading=\"lazy\" class=\"thumbborder\" title=\"Bandera de Argentina\" src=\"https:\/\/upload.wikimedia.org\/wikipedia\/commons\/thumb\/1\/1a\/Flag_of_Argentina.svg\/20px-Flag_of_Argentina.svg.png\" srcset=\"https:\/\/upload.wikimedia.org\/wikipedia\/commons\/thumb\/1\/1a\/Flag_of_Argentina.svg\/30px-Flag_of_Argentina.svg.png 1.5x, https:\/\/upload.wikimedia.org\/wikipedia\/commons\/thumb\/1\/1a\/Flag_of_Argentina.svg\/40px-Flag_of_Argentina.svg.png 2x\" alt=\"Bandera de Argentina\" width=\"20\" height=\"13\" data-file-width=\"800\" data-file-height=\"500\" \/><\/span><a title=\"Austral L\u00edneas A\u00e9reas\" href=\"https:\/\/es.wikipedia.org\/wiki\/Austral_L%C3%ADneas_A%C3%A9reas\">Austral L\u00edneas A\u00e9reas<\/a><br \/>\n<span class=\"flagicon\"><img decoding=\"async\" loading=\"lazy\" class=\"thumbborder\" title=\"Bandera de Alemania\" src=\"https:\/\/upload.wikimedia.org\/wikipedia\/commons\/thumb\/b\/ba\/Flag_of_Germany.svg\/20px-Flag_of_Germany.svg.png\" srcset=\"https:\/\/upload.wikimedia.org\/wikipedia\/commons\/thumb\/b\/ba\/Flag_of_Germany.svg\/30px-Flag_of_Germany.svg.png 1.5x, https:\/\/upload.wikimedia.org\/wikipedia\/commons\/thumb\/b\/ba\/Flag_of_Germany.svg\/40px-Flag_of_Germany.svg.png 2x\" alt=\"Bandera de Alemania\" width=\"20\" height=\"12\" data-file-width=\"1000\" data-file-height=\"600\" \/><\/span><a title=\"Lufthansa Regional\" href=\"https:\/\/es.wikipedia.org\/wiki\/Lufthansa_Regional\">Lufthansa Regional<\/a><br \/>\n<span class=\"flagicon\"><img decoding=\"async\" loading=\"lazy\" class=\"thumbborder\" title=\"Bandera de Brasil\" src=\"https:\/\/upload.wikimedia.org\/wikipedia\/commons\/thumb\/0\/05\/Flag_of_Brazil.svg\/20px-Flag_of_Brazil.svg.png\" srcset=\"https:\/\/upload.wikimedia.org\/wikipedia\/commons\/thumb\/0\/05\/Flag_of_Brazil.svg\/30px-Flag_of_Brazil.svg.png 1.5x, https:\/\/upload.wikimedia.org\/wikipedia\/commons\/thumb\/0\/05\/Flag_of_Brazil.svg\/40px-Flag_of_Brazil.svg.png 2x\" alt=\"Bandera de Brasil\" width=\"20\" height=\"14\" data-file-width=\"720\" data-file-height=\"504\" \/><\/span><a title=\"Azul Linhas A\u00e9reas Brasileiras\" href=\"https:\/\/es.wikipedia.org\/wiki\/Azul_Linhas_A%C3%A9reas_Brasileiras\">Azul Linhas A\u00e9reas Brasileiras<\/a><br \/>\n<span class=\"flagicon\"><img decoding=\"async\" loading=\"lazy\" class=\"thumbborder\" title=\"Bandera de Estados Unidos\" src=\"https:\/\/upload.wikimedia.org\/wikipedia\/commons\/thumb\/a\/a4\/Flag_of_the_United_States.svg\/20px-Flag_of_the_United_States.svg.png\" srcset=\"https:\/\/upload.wikimedia.org\/wikipedia\/commons\/thumb\/a\/a4\/Flag_of_the_United_States.svg\/30px-Flag_of_the_United_States.svg.png 1.5x, https:\/\/upload.wikimedia.org\/wikipedia\/commons\/thumb\/a\/a4\/Flag_of_the_United_States.svg\/40px-Flag_of_the_United_States.svg.png 2x\" alt=\"Bandera de Estados Unidos\" width=\"20\" height=\"11\" data-file-width=\"1235\" data-file-height=\"650\" \/><\/span><a title=\"US Airways\" href=\"https:\/\/es.wikipedia.org\/wiki\/US_Airways\">US Airways<\/a><br \/>\n<span class=\"flagicon\"><img decoding=\"async\" loading=\"lazy\" class=\"thumbborder\" title=\"Bandera de Reino Unido\" src=\"https:\/\/upload.wikimedia.org\/wikipedia\/commons\/thumb\/a\/ae\/Flag_of_the_United_Kingdom.svg\/20px-Flag_of_the_United_Kingdom.svg.png\" srcset=\"https:\/\/upload.wikimedia.org\/wikipedia\/commons\/thumb\/a\/ae\/Flag_of_the_United_Kingdom.svg\/30px-Flag_of_the_United_Kingdom.svg.png 1.5x, https:\/\/upload.wikimedia.org\/wikipedia\/commons\/thumb\/a\/ae\/Flag_of_the_United_Kingdom.svg\/40px-Flag_of_the_United_Kingdom.svg.png 2x\" alt=\"Bandera de Reino Unido\" width=\"20\" height=\"10\" data-file-width=\"1200\" data-file-height=\"600\" \/><\/span><a title=\"Flybe\" href=\"https:\/\/es.wikipedia.org\/wiki\/Flybe\">Flybe<\/a><br \/>\n<span class=\"flagicon\"><img decoding=\"async\" loading=\"lazy\" class=\"thumbborder\" title=\"Bandera de Italia\" src=\"https:\/\/upload.wikimedia.org\/wikipedia\/commons\/thumb\/0\/03\/Flag_of_Italy.svg\/20px-Flag_of_Italy.svg.png\" srcset=\"https:\/\/upload.wikimedia.org\/wikipedia\/commons\/thumb\/0\/03\/Flag_of_Italy.svg\/30px-Flag_of_Italy.svg.png 1.5x, https:\/\/upload.wikimedia.org\/wikipedia\/commons\/thumb\/0\/03\/Flag_of_Italy.svg\/40px-Flag_of_Italy.svg.png 2x\" alt=\"Bandera de Italia\" width=\"20\" height=\"13\" data-file-width=\"1500\" data-file-height=\"1000\" \/><\/span><a title=\"Alitalia\" href=\"https:\/\/es.wikipedia.org\/wiki\/Alitalia\">Alitalia<\/a><br \/>\n<span class=\"flagicon\"><img decoding=\"async\" loading=\"lazy\" class=\"thumbborder\" title=\"Bandera de Espa\u00f1a\" src=\"https:\/\/upload.wikimedia.org\/wikipedia\/commons\/thumb\/9\/9a\/Flag_of_Spain.svg\/20px-Flag_of_Spain.svg.png\" srcset=\"https:\/\/upload.wikimedia.org\/wikipedia\/commons\/thumb\/9\/9a\/Flag_of_Spain.svg\/30px-Flag_of_Spain.svg.png 1.5x, https:\/\/upload.wikimedia.org\/wikipedia\/commons\/thumb\/9\/9a\/Flag_of_Spain.svg\/40px-Flag_of_Spain.svg.png 2x\" alt=\"Bandera de Espa\u00f1a\" width=\"20\" height=\"13\" data-file-width=\"750\" data-file-height=\"500\" \/><\/span><a class=\"mw-redirect\" title=\"Aeronova\" href=\"https:\/\/es.wikipedia.org\/wiki\/Aeronova\">Air Europa Express<\/a><br \/>\n<span class=\"flagicon\"><img decoding=\"async\" loading=\"lazy\" class=\"thumbborder\" title=\"Bandera de Venezuela\" src=\"https:\/\/upload.wikimedia.org\/wikipedia\/commons\/thumb\/0\/06\/Flag_of_Venezuela.svg\/20px-Flag_of_Venezuela.svg.png\" srcset=\"https:\/\/upload.wikimedia.org\/wikipedia\/commons\/thumb\/0\/06\/Flag_of_Venezuela.svg\/30px-Flag_of_Venezuela.svg.png 1.5x, https:\/\/upload.wikimedia.org\/wikipedia\/commons\/thumb\/0\/06\/Flag_of_Venezuela.svg\/40px-Flag_of_Venezuela.svg.png 2x\" alt=\"Bandera de Venezuela\" width=\"20\" height=\"13\" data-file-width=\"900\" data-file-height=\"600\" \/><\/span><a title=\"Conviasa\" href=\"https:\/\/es.wikipedia.org\/wiki\/Conviasa\">Conviasa<\/a><br \/>\n<span class=\"flagicon\"><img decoding=\"async\" loading=\"lazy\" class=\"thumbborder\" title=\"Bandera de Colombia\" src=\"https:\/\/upload.wikimedia.org\/wikipedia\/commons\/thumb\/2\/21\/Flag_of_Colombia.svg\/20px-Flag_of_Colombia.svg.png\" srcset=\"https:\/\/upload.wikimedia.org\/wikipedia\/commons\/thumb\/2\/21\/Flag_of_Colombia.svg\/30px-Flag_of_Colombia.svg.png 1.5x, https:\/\/upload.wikimedia.org\/wikipedia\/commons\/thumb\/2\/21\/Flag_of_Colombia.svg\/40px-Flag_of_Colombia.svg.png 2x\" alt=\"Bandera de Colombia\" width=\"20\" height=\"13\" data-file-width=\"450\" data-file-height=\"300\" \/><\/span><a title=\"Copa Airlines Colombia\" href=\"https:\/\/es.wikipedia.org\/wiki\/Copa_Airlines_Colombia\">Copa Airlines Colombia<\/a><br \/>\n<span class=\"flagicon\"><img decoding=\"async\" loading=\"lazy\" class=\"thumbborder\" title=\"Bandera de El Salvador\" src=\"https:\/\/upload.wikimedia.org\/wikipedia\/commons\/thumb\/3\/34\/Flag_of_El_Salvador.svg\/20px-Flag_of_El_Salvador.svg.png\" srcset=\"https:\/\/upload.wikimedia.org\/wikipedia\/commons\/thumb\/3\/34\/Flag_of_El_Salvador.svg\/30px-Flag_of_El_Salvador.svg.png 1.5x, https:\/\/upload.wikimedia.org\/wikipedia\/commons\/thumb\/3\/34\/Flag_of_El_Salvador.svg\/40px-Flag_of_El_Salvador.svg.png 2x\" alt=\"Bandera de El Salvador\" width=\"20\" height=\"11\" data-file-width=\"1064\" data-file-height=\"600\" \/><\/span><a class=\"mw-redirect\" title=\"TACA\" href=\"https:\/\/es.wikipedia.org\/wiki\/TACA\">TACA<\/a><br \/>\n<span class=\"flagicon\"><img decoding=\"async\" loading=\"lazy\" class=\"thumbborder\" title=\"Bandera de Colombia\" src=\"https:\/\/upload.wikimedia.org\/wikipedia\/commons\/thumb\/2\/21\/Flag_of_Colombia.svg\/20px-Flag_of_Colombia.svg.png\" srcset=\"https:\/\/upload.wikimedia.org\/wikipedia\/commons\/thumb\/2\/21\/Flag_of_Colombia.svg\/30px-Flag_of_Colombia.svg.png 1.5x, https:\/\/upload.wikimedia.org\/wikipedia\/commons\/thumb\/2\/21\/Flag_of_Colombia.svg\/40px-Flag_of_Colombia.svg.png 2x\" alt=\"Bandera de Colombia\" width=\"20\" height=\"13\" data-file-width=\"450\" data-file-height=\"300\" \/><\/span><a class=\"mw-redirect\" title=\"Satena\" href=\"https:\/\/es.wikipedia.org\/wiki\/Satena\">Satena<\/a><br \/>\n<span class=\"flagicon\"><img decoding=\"async\" loading=\"lazy\" class=\"thumbborder\" title=\"Bandera de Panam\u00e1\" src=\"https:\/\/upload.wikimedia.org\/wikipedia\/commons\/thumb\/a\/ab\/Flag_of_Panama.svg\/20px-Flag_of_Panama.svg.png\" srcset=\"https:\/\/upload.wikimedia.org\/wikipedia\/commons\/thumb\/a\/ab\/Flag_of_Panama.svg\/30px-Flag_of_Panama.svg.png 1.5x, https:\/\/upload.wikimedia.org\/wikipedia\/commons\/thumb\/a\/ab\/Flag_of_Panama.svg\/40px-Flag_of_Panama.svg.png 2x\" alt=\"Bandera de Panam\u00e1\" width=\"20\" height=\"13\" data-file-width=\"450\" data-file-height=\"300\" \/><\/span><a title=\"Copa Airlines\" href=\"https:\/\/es.wikipedia.org\/wiki\/Copa_Airlines\">Copa Airlines<\/a><\/p>\n<p>&nbsp;<\/p>\n<p><strong style=\"font-size: 16px;\">Las im\u00e1genes<\/strong><\/p>\n<p><img decoding=\"async\" loading=\"lazy\" class=\"aligncenter wp-image-23074\" src=\"https:\/\/www.dev.nitu.mx\/wp-content\/uploads\/2018\/07\/durango.jpg\" alt=\"\" width=\"1024\" height=\"575\" srcset=\"https:\/\/nitu.mx\/wp-content\/uploads\/2018\/07\/durango.jpg 980w, https:\/\/nitu.mx\/wp-content\/uploads\/2018\/07\/durango-300x168.jpg 300w, https:\/\/nitu.mx\/wp-content\/uploads\/2018\/07\/durango-768x431.jpg 768w\" sizes=\"(max-width: 1024px) 100vw, 1024px\" \/><\/p>\n<p><img decoding=\"async\" loading=\"lazy\" class=\"aligncenter wp-image-23071 size-full\" src=\"https:\/\/www.dev.nitu.mx\/wp-content\/uploads\/2018\/07\/50432190-15A4-4C87-BF3A-2FC5FC021F70_cx0_cy0_cw99_w1023_r1_s.jpg\" alt=\"\" width=\"1023\" height=\"575\" srcset=\"https:\/\/nitu.mx\/wp-content\/uploads\/2018\/07\/50432190-15A4-4C87-BF3A-2FC5FC021F70_cx0_cy0_cw99_w1023_r1_s.jpg 1023w, https:\/\/nitu.mx\/wp-content\/uploads\/2018\/07\/50432190-15A4-4C87-BF3A-2FC5FC021F70_cx0_cy0_cw99_w1023_r1_s-300x169.jpg 300w, https:\/\/nitu.mx\/wp-content\/uploads\/2018\/07\/50432190-15A4-4C87-BF3A-2FC5FC021F70_cx0_cy0_cw99_w1023_r1_s-768x432.jpg 768w, https:\/\/nitu.mx\/wp-content\/uploads\/2018\/07\/50432190-15A4-4C87-BF3A-2FC5FC021F70_cx0_cy0_cw99_w1023_r1_s-848x478.jpg 848w\" sizes=\"(max-width: 1023px) 100vw, 1023px\" \/><\/p>\n<p><img decoding=\"async\" loading=\"lazy\" class=\"alignnone wp-image-23073 size-large\" src=\"https:\/\/www.dev.nitu.mx\/wp-content\/uploads\/2018\/07\/avion-aeromexico-durango-10-1024x575.png\" alt=\"\" width=\"1024\" height=\"575\" srcset=\"https:\/\/nitu.mx\/wp-content\/uploads\/2018\/07\/avion-aeromexico-durango-10-1024x575.png 1024w, https:\/\/nitu.mx\/wp-content\/uploads\/2018\/07\/avion-aeromexico-durango-10-300x168.png 300w, https:\/\/nitu.mx\/wp-content\/uploads\/2018\/07\/avion-aeromexico-durango-10-768x431.png 768w, https:\/\/nitu.mx\/wp-content\/uploads\/2018\/07\/avion-aeromexico-durango-10.png 1083w\" sizes=\"(max-width: 1024px) 100vw, 1024px\" \/><\/p>\n<p><img decoding=\"async\" loading=\"lazy\" class=\"aligncenter wp-image-23075\" src=\"https:\/\/www.dev.nitu.mx\/wp-content\/uploads\/2018\/08\/durangodesplomeaeromexico-focus-0-0-480-345.jpg\" alt=\"\" width=\"806\" height=\"579\" srcset=\"https:\/\/nitu.mx\/wp-content\/uploads\/2018\/08\/durangodesplomeaeromexico-focus-0-0-480-345.jpg 480w, https:\/\/nitu.mx\/wp-content\/uploads\/2018\/08\/durangodesplomeaeromexico-focus-0-0-480-345-300x216.jpg 300w\" sizes=\"(max-width: 806px) 100vw, 806px\" \/><\/p>\n","protected":false},"excerpt":{"rendered":"<p>El mandam\u00e1s de Aeromexico, Andr\u00e9s Conesa, dio la cara en poco tiempo despu\u00e9s del ca\u00edda de la aeronave de su compa\u00f1\u00eda este martes en Durango. Los gastos Asegur\u00f3 que Aerom\u00e9xico se har\u00e1 cargo de todos los gastos de los implicados en el accidente, presuntamente provocado por un &#8220;Windshear&#8221;efecto de aire vertical, muy peligroso en aterrizajes [&hellip;]<\/p>\n","protected":false},"author":2,"featured_media":23068,"comment_status":"open","ping_status":"open","sticky":false,"template":"","format":"standard","meta":{"footnotes":""},"categories":[29],"tags":[30,1113],"yoast_head":"<!-- This site is optimized with the Yoast SEO plugin v22.2 - https:\/\/yoast.com\/wordpress\/plugins\/seo\/ -->\n<title>Conesa da la cara y se hace cargo - Nitu - Noticias de la Industria Turistica<\/title>\n<meta name=\"robots\" content=\"index, follow, max-snippet:-1, max-image-preview:large, max-video-preview:-1\" \/>\n<link rel=\"canonical\" href=\"https:\/\/nitu.mx\/index.php\/2018\/08\/01\/conesa-da-la-cara-y-se-hace-cargo\/\" \/>\n<meta name=\"twitter:card\" content=\"summary_large_image\" \/>\n<meta name=\"twitter:title\" content=\"Conesa da la cara y se hace cargo - Nitu - Noticias de la Industria Turistica\" \/>\n<meta name=\"twitter:description\" content=\"El mandam\u00e1s de Aeromexico, Andr\u00e9s Conesa, dio la cara en poco tiempo despu\u00e9s del ca\u00edda de la aeronave de su compa\u00f1\u00eda este martes en Durango. Los gastos Asegur\u00f3 que Aerom\u00e9xico se har\u00e1 cargo de todos los gastos de los implicados en el accidente, presuntamente provocado por un &#8220;Windshear&#8221;efecto de aire vertical, muy peligroso en aterrizajes [&hellip;]\" \/>\n<meta name=\"twitter:image\" content=\"https:\/\/nitu.mx\/wp-content\/uploads\/2018\/07\/aeromexico-conferencia-durango.png\" \/>\n<meta name=\"twitter:creator\" content=\"@Arturo_Medina_G\" \/>\n<meta name=\"twitter:site\" content=\"@Arturo_Medina_G\" \/>\n<meta name=\"twitter:label1\" content=\"Escrito por\" \/>\n\t<meta name=\"twitter:data1\" content=\"Arturo Medina\" \/>\n\t<meta name=\"twitter:label2\" content=\"Tiempo de lectura\" \/>\n\t<meta name=\"twitter:data2\" content=\"2 minutos\" \/>\n<script type=\"application\/ld+json\" class=\"yoast-schema-graph\">{\"@context\":\"https:\/\/schema.org\",\"@graph\":[{\"@type\":\"Article\",\"@id\":\"https:\/\/nitu.mx\/index.php\/2018\/08\/01\/conesa-da-la-cara-y-se-hace-cargo\/#article\",\"isPartOf\":{\"@id\":\"https:\/\/nitu.mx\/index.php\/2018\/08\/01\/conesa-da-la-cara-y-se-hace-cargo\/\"},\"author\":{\"name\":\"Arturo Medina\",\"@id\":\"https:\/\/nitu.mx\/#\/schema\/person\/ae7a53426417292d3dd07b45a33e01bc\"},\"headline\":\"Conesa da la cara y se hace cargo\",\"datePublished\":\"2018-08-01T05:47:15+00:00\",\"dateModified\":\"2018-08-01T05:51:34+00:00\",\"mainEntityOfPage\":{\"@id\":\"https:\/\/nitu.mx\/index.php\/2018\/08\/01\/conesa-da-la-cara-y-se-hace-cargo\/\"},\"wordCount\":480,\"commentCount\":0,\"publisher\":{\"@id\":\"https:\/\/nitu.mx\/#\/schema\/person\/ae7a53426417292d3dd07b45a33e01bc\"},\"image\":{\"@id\":\"https:\/\/nitu.mx\/index.php\/2018\/08\/01\/conesa-da-la-cara-y-se-hace-cargo\/#primaryimage\"},\"thumbnailUrl\":\"https:\/\/nitu.mx\/wp-content\/uploads\/2018\/07\/aeromexico-conferencia-durango.png\",\"keywords\":[\"Aerom\u00e9xico\",\"Andr\u00e9s Conesa Labastida\"],\"articleSection\":[\"Aerol\u00edneas\"],\"inLanguage\":\"es-MX\",\"potentialAction\":[{\"@type\":\"CommentAction\",\"name\":\"Comment\",\"target\":[\"https:\/\/nitu.mx\/index.php\/2018\/08\/01\/conesa-da-la-cara-y-se-hace-cargo\/#respond\"]}]},{\"@type\":\"WebPage\",\"@id\":\"https:\/\/nitu.mx\/index.php\/2018\/08\/01\/conesa-da-la-cara-y-se-hace-cargo\/\",\"url\":\"https:\/\/nitu.mx\/index.php\/2018\/08\/01\/conesa-da-la-cara-y-se-hace-cargo\/\",\"name\":\"Conesa da la cara y se hace cargo - Nitu - Noticias de la Industria Turistica\",\"isPartOf\":{\"@id\":\"https:\/\/nitu.mx\/#website\"},\"primaryImageOfPage\":{\"@id\":\"https:\/\/nitu.mx\/index.php\/2018\/08\/01\/conesa-da-la-cara-y-se-hace-cargo\/#primaryimage\"},\"image\":{\"@id\":\"https:\/\/nitu.mx\/index.php\/2018\/08\/01\/conesa-da-la-cara-y-se-hace-cargo\/#primaryimage\"},\"thumbnailUrl\":\"https:\/\/nitu.mx\/wp-content\/uploads\/2018\/07\/aeromexico-conferencia-durango.png\",\"datePublished\":\"2018-08-01T05:47:15+00:00\",\"dateModified\":\"2018-08-01T05:51:34+00:00\",\"breadcrumb\":{\"@id\":\"https:\/\/nitu.mx\/index.php\/2018\/08\/01\/conesa-da-la-cara-y-se-hace-cargo\/#breadcrumb\"},\"inLanguage\":\"es-MX\",\"potentialAction\":[{\"@type\":\"ReadAction\",\"target\":[\"https:\/\/nitu.mx\/index.php\/2018\/08\/01\/conesa-da-la-cara-y-se-hace-cargo\/\"]}]},{\"@type\":\"ImageObject\",\"inLanguage\":\"es-MX\",\"@id\":\"https:\/\/nitu.mx\/index.php\/2018\/08\/01\/conesa-da-la-cara-y-se-hace-cargo\/#primaryimage\",\"url\":\"https:\/\/nitu.mx\/wp-content\/uploads\/2018\/07\/aeromexico-conferencia-durango.png\",\"contentUrl\":\"https:\/\/nitu.mx\/wp-content\/uploads\/2018\/07\/aeromexico-conferencia-durango.png\",\"width\":1140,\"height\":712},{\"@type\":\"BreadcrumbList\",\"@id\":\"https:\/\/nitu.mx\/index.php\/2018\/08\/01\/conesa-da-la-cara-y-se-hace-cargo\/#breadcrumb\",\"itemListElement\":[{\"@type\":\"ListItem\",\"position\":1,\"name\":\"Inicio\",\"item\":\"https:\/\/nitu.mx\/\"},{\"@type\":\"ListItem\",\"position\":2,\"name\":\"Conesa da la cara y se hace cargo\"}]},{\"@type\":\"WebSite\",\"@id\":\"https:\/\/nitu.mx\/#website\",\"url\":\"https:\/\/nitu.mx\/\",\"name\":\"Nitu - Noticias de la Industria Turistica\",\"description\":\"Noticias de la Industria Turistica\",\"publisher\":{\"@id\":\"https:\/\/nitu.mx\/#\/schema\/person\/ae7a53426417292d3dd07b45a33e01bc\"},\"alternateName\":\"Noticias de la Industria Turistica\",\"potentialAction\":[{\"@type\":\"SearchAction\",\"target\":{\"@type\":\"EntryPoint\",\"urlTemplate\":\"https:\/\/nitu.mx\/?s={search_term_string}\"},\"query-input\":\"required name=search_term_string\"}],\"inLanguage\":\"es-MX\"},{\"@type\":[\"Person\",\"Organization\"],\"@id\":\"https:\/\/nitu.mx\/#\/schema\/person\/ae7a53426417292d3dd07b45a33e01bc\",\"name\":\"Arturo Medina\",\"image\":{\"@type\":\"ImageObject\",\"inLanguage\":\"es-MX\",\"@id\":\"https:\/\/nitu.mx\/#\/schema\/person\/image\/\",\"url\":\"https:\/\/nitu.mx\/wp-content\/uploads\/2024\/04\/4A315622-1904-4D5C-B022-878CDC840E04-90x90-1.jpeg\",\"contentUrl\":\"https:\/\/nitu.mx\/wp-content\/uploads\/2024\/04\/4A315622-1904-4D5C-B022-878CDC840E04-90x90-1.jpeg\",\"width\":90,\"height\":90,\"caption\":\"Arturo Medina\"},\"logo\":{\"@id\":\"https:\/\/nitu.mx\/#\/schema\/person\/image\/\"},\"description\":\"Director NITU.mx, Egresado de la Escuela de Periodismo Carlos Septi\u00e9n Garc\u00eda. Periodista y analista especializado en turismo desde hace 35 a\u00f1os, radicado en Canc\u00fan Q.Roo. arturo@nitu.mx\",\"sameAs\":[\"https:\/\/nitu.mx\",\"https:\/\/www.facebook.com\/NITUmx\/\",\"medinacancun\",\"https:\/\/twitter.com\/@Arturo_Medina_G\"],\"url\":\"https:\/\/nitu.mx\/index.php\/author\/arturo-medina\/\"}]}<\/script>\n<!-- \/ Yoast SEO plugin. -->","yoast_head_json":{"title":"Conesa da la cara y se hace cargo - Nitu - Noticias de la Industria Turistica","robots":{"index":"index","follow":"follow","max-snippet":"max-snippet:-1","max-image-preview":"max-image-preview:large","max-video-preview":"max-video-preview:-1"},"canonical":"https:\/\/nitu.mx\/index.php\/2018\/08\/01\/conesa-da-la-cara-y-se-hace-cargo\/","twitter_card":"summary_large_image","twitter_title":"Conesa da la cara y se hace cargo - Nitu - Noticias de la Industria Turistica","twitter_description":"El mandam\u00e1s de Aeromexico, Andr\u00e9s Conesa, dio la cara en poco tiempo despu\u00e9s del ca\u00edda de la aeronave de su compa\u00f1\u00eda este martes en Durango. Los gastos Asegur\u00f3 que Aerom\u00e9xico se har\u00e1 cargo de todos los gastos de los implicados en el accidente, presuntamente provocado por un &#8220;Windshear&#8221;efecto de aire vertical, muy peligroso en aterrizajes [&hellip;]","twitter_image":"https:\/\/nitu.mx\/wp-content\/uploads\/2018\/07\/aeromexico-conferencia-durango.png","twitter_creator":"@Arturo_Medina_G","twitter_site":"@Arturo_Medina_G","twitter_misc":{"Escrito por":"Arturo Medina","Tiempo de lectura":"2 minutos"},"schema":{"@context":"https:\/\/schema.org","@graph":[{"@type":"Article","@id":"https:\/\/nitu.mx\/index.php\/2018\/08\/01\/conesa-da-la-cara-y-se-hace-cargo\/#article","isPartOf":{"@id":"https:\/\/nitu.mx\/index.php\/2018\/08\/01\/conesa-da-la-cara-y-se-hace-cargo\/"},"author":{"name":"Arturo Medina","@id":"https:\/\/nitu.mx\/#\/schema\/person\/ae7a53426417292d3dd07b45a33e01bc"},"headline":"Conesa da la cara y se hace cargo","datePublished":"2018-08-01T05:47:15+00:00","dateModified":"2018-08-01T05:51:34+00:00","mainEntityOfPage":{"@id":"https:\/\/nitu.mx\/index.php\/2018\/08\/01\/conesa-da-la-cara-y-se-hace-cargo\/"},"wordCount":480,"commentCount":0,"publisher":{"@id":"https:\/\/nitu.mx\/#\/schema\/person\/ae7a53426417292d3dd07b45a33e01bc"},"image":{"@id":"https:\/\/nitu.mx\/index.php\/2018\/08\/01\/conesa-da-la-cara-y-se-hace-cargo\/#primaryimage"},"thumbnailUrl":"https:\/\/nitu.mx\/wp-content\/uploads\/2018\/07\/aeromexico-conferencia-durango.png","keywords":["Aerom\u00e9xico","Andr\u00e9s Conesa Labastida"],"articleSection":["Aerol\u00edneas"],"inLanguage":"es-MX","potentialAction":[{"@type":"CommentAction","name":"Comment","target":["https:\/\/nitu.mx\/index.php\/2018\/08\/01\/conesa-da-la-cara-y-se-hace-cargo\/#respond"]}]},{"@type":"WebPage","@id":"https:\/\/nitu.mx\/index.php\/2018\/08\/01\/conesa-da-la-cara-y-se-hace-cargo\/","url":"https:\/\/nitu.mx\/index.php\/2018\/08\/01\/conesa-da-la-cara-y-se-hace-cargo\/","name":"Conesa da la cara y se hace cargo - Nitu - Noticias de la Industria Turistica","isPartOf":{"@id":"https:\/\/nitu.mx\/#website"},"primaryImageOfPage":{"@id":"https:\/\/nitu.mx\/index.php\/2018\/08\/01\/conesa-da-la-cara-y-se-hace-cargo\/#primaryimage"},"image":{"@id":"https:\/\/nitu.mx\/index.php\/2018\/08\/01\/conesa-da-la-cara-y-se-hace-cargo\/#primaryimage"},"thumbnailUrl":"https:\/\/nitu.mx\/wp-content\/uploads\/2018\/07\/aeromexico-conferencia-durango.png","datePublished":"2018-08-01T05:47:15+00:00","dateModified":"2018-08-01T05:51:34+00:00","breadcrumb":{"@id":"https:\/\/nitu.mx\/index.php\/2018\/08\/01\/conesa-da-la-cara-y-se-hace-cargo\/#breadcrumb"},"inLanguage":"es-MX","potentialAction":[{"@type":"ReadAction","target":["https:\/\/nitu.mx\/index.php\/2018\/08\/01\/conesa-da-la-cara-y-se-hace-cargo\/"]}]},{"@type":"ImageObject","inLanguage":"es-MX","@id":"https:\/\/nitu.mx\/index.php\/2018\/08\/01\/conesa-da-la-cara-y-se-hace-cargo\/#primaryimage","url":"https:\/\/nitu.mx\/wp-content\/uploads\/2018\/07\/aeromexico-conferencia-durango.png","contentUrl":"https:\/\/nitu.mx\/wp-content\/uploads\/2018\/07\/aeromexico-conferencia-durango.png","width":1140,"height":712},{"@type":"BreadcrumbList","@id":"https:\/\/nitu.mx\/index.php\/2018\/08\/01\/conesa-da-la-cara-y-se-hace-cargo\/#breadcrumb","itemListElement":[{"@type":"ListItem","position":1,"name":"Inicio","item":"https:\/\/nitu.mx\/"},{"@type":"ListItem","position":2,"name":"Conesa da la cara y se hace cargo"}]},{"@type":"WebSite","@id":"https:\/\/nitu.mx\/#website","url":"https:\/\/nitu.mx\/","name":"Nitu - Noticias de la Industria Turistica","description":"Noticias de la Industria Turistica","publisher":{"@id":"https:\/\/nitu.mx\/#\/schema\/person\/ae7a53426417292d3dd07b45a33e01bc"},"alternateName":"Noticias de la Industria Turistica","potentialAction":[{"@type":"SearchAction","target":{"@type":"EntryPoint","urlTemplate":"https:\/\/nitu.mx\/?s={search_term_string}"},"query-input":"required name=search_term_string"}],"inLanguage":"es-MX"},{"@type":["Person","Organization"],"@id":"https:\/\/nitu.mx\/#\/schema\/person\/ae7a53426417292d3dd07b45a33e01bc","name":"Arturo Medina","image":{"@type":"ImageObject","inLanguage":"es-MX","@id":"https:\/\/nitu.mx\/#\/schema\/person\/image\/","url":"https:\/\/nitu.mx\/wp-content\/uploads\/2024\/04\/4A315622-1904-4D5C-B022-878CDC840E04-90x90-1.jpeg","contentUrl":"https:\/\/nitu.mx\/wp-content\/uploads\/2024\/04\/4A315622-1904-4D5C-B022-878CDC840E04-90x90-1.jpeg","width":90,"height":90,"caption":"Arturo Medina"},"logo":{"@id":"https:\/\/nitu.mx\/#\/schema\/person\/image\/"},"description":"Director NITU.mx, Egresado de la Escuela de Periodismo Carlos Septi\u00e9n Garc\u00eda. Periodista y analista especializado en turismo desde hace 35 a\u00f1os, radicado en Canc\u00fan Q.Roo. arturo@nitu.mx","sameAs":["https:\/\/nitu.mx","https:\/\/www.facebook.com\/NITUmx\/","medinacancun","https:\/\/twitter.com\/@Arturo_Medina_G"],"url":"https:\/\/nitu.mx\/index.php\/author\/arturo-medina\/"}]}},"views":279,"_links":{"self":[{"href":"https:\/\/nitu.mx\/index.php\/wp-json\/wp\/v2\/posts\/23066"}],"collection":[{"href":"https:\/\/nitu.mx\/index.php\/wp-json\/wp\/v2\/posts"}],"about":[{"href":"https:\/\/nitu.mx\/index.php\/wp-json\/wp\/v2\/types\/post"}],"author":[{"embeddable":true,"href":"https:\/\/nitu.mx\/index.php\/wp-json\/wp\/v2\/users\/2"}],"replies":[{"embeddable":true,"href":"https:\/\/nitu.mx\/index.php\/wp-json\/wp\/v2\/comments?post=23066"}],"version-history":[{"count":5,"href":"https:\/\/nitu.mx\/index.php\/wp-json\/wp\/v2\/posts\/23066\/revisions"}],"predecessor-version":[{"id":23094,"href":"https:\/\/nitu.mx\/index.php\/wp-json\/wp\/v2\/posts\/23066\/revisions\/23094"}],"wp:featuredmedia":[{"embeddable":true,"href":"https:\/\/nitu.mx\/index.php\/wp-json\/wp\/v2\/media\/23068"}],"wp:attachment":[{"href":"https:\/\/nitu.mx\/index.php\/wp-json\/wp\/v2\/media?parent=23066"}],"wp:term":[{"taxonomy":"category","embeddable":true,"href":"https:\/\/nitu.mx\/index.php\/wp-json\/wp\/v2\/categories?post=23066"},{"taxonomy":"post_tag","embeddable":true,"href":"https:\/\/nitu.mx\/index.php\/wp-json\/wp\/v2\/tags?post=23066"}],"curies":[{"name":"wp","href":"https:\/\/api.w.org\/{rel}","templated":true}]}}