{"id":23061,"date":"2018-08-01T00:27:54","date_gmt":"2018-08-01T05:27:54","guid":{"rendered":"https:\/\/www.dev.nitu.mx\/?p=23061"},"modified":"2018-08-01T00:51:51","modified_gmt":"2018-08-01T05:51:51","slug":"interjet-y-volaris-lamentan-accidente-aereo-de-aeromexico","status":"publish","type":"post","link":"https:\/\/nitu.mx\/index.php\/2018\/08\/01\/interjet-y-volaris-lamentan-accidente-aereo-de-aeromexico\/","title":{"rendered":"Interjet y Volaris lamentan accidente a\u00e9reo de Aerom\u00e9xico"},"content":{"rendered":"<p>Las aerol\u00edneas mexicanas de bajo costo Interjet y Volaris se solidarizan con Aerom\u00e9xico y a trav\u00e9s de un comunicado ambas mandan su apoyo por el accidente ocurrido al vuelo AM2431 de Aerom\u00e9xico Connect el cual sali\u00f3 del Aeropuerto Internacional Guadalupe Victoria de la Ciudad de Durango a las 15:30.<\/p>\n<p>Interjet en un comunicado suscribe que lamenta el accidente y ofrece todo el apoyo que este a su alcance para auxiliar a pasajeros, tripulantes y familiares, en esta dif\u00edcil circunstancia. \u201cNos solidarizamos con nuestra empresa hermana, autoridades y con el servicio p\u00fablico de transporte a\u00e9reo\u201d.<\/p>\n<p>En tanto Volaris hizo lo propio y reconoci\u00f3 los esfuerzos desplegados por Aerome\u0301xico y las autoridades del Aeropuerto de Durango, equipos de bomberos, me\u0301dicos y eje\u0301rcito en el incidente de su vuelo con origen en Durango y destino a la Ciudad de Me\u0301xico. (<a title=\"\u201cAerom\u00e9xico cubrir\u00e1 todos los gastos de los pasajeros\u201d: Andr\u00e9s Conesa\" href=\"https:\/\/www.dev.nitu.mx\/index.php\/2018\/07\/31\/23036\/\" rel=\"bookmark\">\u201cAerom\u00e9xico cubrir\u00e1 todos los gastos de los pasajeros\u201d: Andr\u00e9s Conesa<\/a>).<\/p>\n<p>\u201cVolaris expresa su ma\u0301s sincera solidaridad con la Familia Aerome\u0301xico y con los familiares y amigos de los afectados\u201d.<\/p>\n<p>En tanto la Asociaci\u00f3n Sindical de Pilotos Aviadores de M\u00e9xico (ASA) activo el plan de Respuesta a Emergencias para brindar asistencia inmediata y efectiva a los miembros de la tripulaci\u00f3n y pasajeros. &#8220;Corresponde ahora a la Secretar\u00eda de Comunicaciones y Transportes, en su car\u00e1cter de autoridad aeron\u00e1utica, llevar a cabo la investigaci\u00f3n para determinar la causa probable del accidente&#8221;, refiere ASA.<\/p>\n","protected":false},"excerpt":{"rendered":"<p>Las aerol\u00edneas mexicanas de bajo costo Interjet y Volaris se solidarizan con Aerom\u00e9xico y a trav\u00e9s de un comunicado ambas mandan su apoyo por el accidente ocurrido al vuelo AM2431 de Aerom\u00e9xico Connect el cual sali\u00f3 del Aeropuerto Internacional Guadalupe Victoria de la Ciudad de Durango a las 15:30. Interjet en un comunicado suscribe que [&hellip;]<\/p>\n","protected":false},"author":17,"featured_media":23084,"comment_status":"open","ping_status":"open","sticky":false,"template":"","format":"standard","meta":{"footnotes":""},"categories":[29,6],"tags":[30,2137,172,131],"yoast_head":"<!-- This site is optimized with the Yoast SEO plugin v22.2 - https:\/\/yoast.com\/wordpress\/plugins\/seo\/ -->\n<title>Interjet y Volaris lamentan accidente a\u00e9reo de Aerom\u00e9xico - Nitu - Noticias de la Industria Turistica<\/title>\n<meta name=\"description\" content=\"Las aerol\u00edneas mexicanas de bajo costo se solidarizan con Aerom\u00e9xico y a trav\u00e9s de un comunicado ambas mandan su apoyo por el accidente ocurrido al vuelo AM2431 de Aerom\u00e9xico.\" \/>\n<meta name=\"robots\" content=\"index, follow, max-snippet:-1, max-image-preview:large, max-video-preview:-1\" \/>\n<link rel=\"canonical\" href=\"https:\/\/nitu.mx\/index.php\/2018\/08\/01\/interjet-y-volaris-lamentan-accidente-aereo-de-aeromexico\/\" \/>\n<meta name=\"twitter:card\" content=\"summary_large_image\" \/>\n<meta name=\"twitter:title\" content=\"Interjet y Volaris lamentan accidente a\u00e9reo de Aerom\u00e9xico - Nitu - Noticias de la Industria Turistica\" \/>\n<meta name=\"twitter:description\" content=\"Las aerol\u00edneas mexicanas de bajo costo se solidarizan con Aerom\u00e9xico y a trav\u00e9s de un comunicado ambas mandan su apoyo por el accidente ocurrido al vuelo AM2431 de Aerom\u00e9xico.\" \/>\n<meta name=\"twitter:image\" content=\"https:\/\/nitu.mx\/wp-content\/uploads\/2018\/07\/volaris-interjet.jpg\" \/>\n<meta name=\"twitter:creator\" content=\"@NITUmx\" \/>\n<meta name=\"twitter:site\" content=\"@Arturo_Medina_G\" \/>\n<meta name=\"twitter:label1\" content=\"Escrito por\" \/>\n\t<meta name=\"twitter:data1\" content=\"Redacci\u00f3n\" \/>\n\t<meta name=\"twitter:label2\" content=\"Tiempo de lectura\" \/>\n\t<meta name=\"twitter:data2\" content=\"1 minuto\" \/>\n<script type=\"application\/ld+json\" class=\"yoast-schema-graph\">{\"@context\":\"https:\/\/schema.org\",\"@graph\":[{\"@type\":\"Article\",\"@id\":\"https:\/\/nitu.mx\/index.php\/2018\/08\/01\/interjet-y-volaris-lamentan-accidente-aereo-de-aeromexico\/#article\",\"isPartOf\":{\"@id\":\"https:\/\/nitu.mx\/index.php\/2018\/08\/01\/interjet-y-volaris-lamentan-accidente-aereo-de-aeromexico\/\"},\"author\":{\"name\":\"Redacci\u00f3n\",\"@id\":\"https:\/\/nitu.mx\/#\/schema\/person\/4a28fe9bd65924f7c90623773daf1b0b\"},\"headline\":\"Interjet y Volaris lamentan accidente a\u00e9reo de Aerom\u00e9xico\",\"datePublished\":\"2018-08-01T05:27:54+00:00\",\"dateModified\":\"2018-08-01T05:51:51+00:00\",\"mainEntityOfPage\":{\"@id\":\"https:\/\/nitu.mx\/index.php\/2018\/08\/01\/interjet-y-volaris-lamentan-accidente-aereo-de-aeromexico\/\"},\"wordCount\":258,\"commentCount\":0,\"publisher\":{\"@id\":\"https:\/\/nitu.mx\/#\/schema\/person\/ae7a53426417292d3dd07b45a33e01bc\"},\"image\":{\"@id\":\"https:\/\/nitu.mx\/index.php\/2018\/08\/01\/interjet-y-volaris-lamentan-accidente-aereo-de-aeromexico\/#primaryimage\"},\"thumbnailUrl\":\"https:\/\/nitu.mx\/wp-content\/uploads\/2018\/07\/volaris-interjet.jpg\",\"keywords\":[\"Aerom\u00e9xico\",\"ASA\",\"Interjet\",\"Volaris\"],\"articleSection\":[\"Aerol\u00edneas\",\"M\u00e9xico\"],\"inLanguage\":\"es-MX\",\"potentialAction\":[{\"@type\":\"CommentAction\",\"name\":\"Comment\",\"target\":[\"https:\/\/nitu.mx\/index.php\/2018\/08\/01\/interjet-y-volaris-lamentan-accidente-aereo-de-aeromexico\/#respond\"]}]},{\"@type\":\"WebPage\",\"@id\":\"https:\/\/nitu.mx\/index.php\/2018\/08\/01\/interjet-y-volaris-lamentan-accidente-aereo-de-aeromexico\/\",\"url\":\"https:\/\/nitu.mx\/index.php\/2018\/08\/01\/interjet-y-volaris-lamentan-accidente-aereo-de-aeromexico\/\",\"name\":\"Interjet y Volaris lamentan accidente a\u00e9reo de Aerom\u00e9xico - Nitu - Noticias de la Industria Turistica\",\"isPartOf\":{\"@id\":\"https:\/\/nitu.mx\/#website\"},\"primaryImageOfPage\":{\"@id\":\"https:\/\/nitu.mx\/index.php\/2018\/08\/01\/interjet-y-volaris-lamentan-accidente-aereo-de-aeromexico\/#primaryimage\"},\"image\":{\"@id\":\"https:\/\/nitu.mx\/index.php\/2018\/08\/01\/interjet-y-volaris-lamentan-accidente-aereo-de-aeromexico\/#primaryimage\"},\"thumbnailUrl\":\"https:\/\/nitu.mx\/wp-content\/uploads\/2018\/07\/volaris-interjet.jpg\",\"datePublished\":\"2018-08-01T05:27:54+00:00\",\"dateModified\":\"2018-08-01T05:51:51+00:00\",\"description\":\"Las aerol\u00edneas mexicanas de bajo costo se solidarizan con Aerom\u00e9xico y a trav\u00e9s de un comunicado ambas mandan su apoyo por el accidente ocurrido al vuelo AM2431 de Aerom\u00e9xico.\",\"breadcrumb\":{\"@id\":\"https:\/\/nitu.mx\/index.php\/2018\/08\/01\/interjet-y-volaris-lamentan-accidente-aereo-de-aeromexico\/#breadcrumb\"},\"inLanguage\":\"es-MX\",\"potentialAction\":[{\"@type\":\"ReadAction\",\"target\":[\"https:\/\/nitu.mx\/index.php\/2018\/08\/01\/interjet-y-volaris-lamentan-accidente-aereo-de-aeromexico\/\"]}]},{\"@type\":\"ImageObject\",\"inLanguage\":\"es-MX\",\"@id\":\"https:\/\/nitu.mx\/index.php\/2018\/08\/01\/interjet-y-volaris-lamentan-accidente-aereo-de-aeromexico\/#primaryimage\",\"url\":\"https:\/\/nitu.mx\/wp-content\/uploads\/2018\/07\/volaris-interjet.jpg\",\"contentUrl\":\"https:\/\/nitu.mx\/wp-content\/uploads\/2018\/07\/volaris-interjet.jpg\",\"width\":850,\"height\":480,\"caption\":\"volaris interjet\"},{\"@type\":\"BreadcrumbList\",\"@id\":\"https:\/\/nitu.mx\/index.php\/2018\/08\/01\/interjet-y-volaris-lamentan-accidente-aereo-de-aeromexico\/#breadcrumb\",\"itemListElement\":[{\"@type\":\"ListItem\",\"position\":1,\"name\":\"Inicio\",\"item\":\"https:\/\/nitu.mx\/\"},{\"@type\":\"ListItem\",\"position\":2,\"name\":\"Interjet y Volaris lamentan accidente a\u00e9reo de Aerom\u00e9xico\"}]},{\"@type\":\"WebSite\",\"@id\":\"https:\/\/nitu.mx\/#website\",\"url\":\"https:\/\/nitu.mx\/\",\"name\":\"Nitu - Noticias de la Industria Turistica\",\"description\":\"Noticias de la Industria Turistica\",\"publisher\":{\"@id\":\"https:\/\/nitu.mx\/#\/schema\/person\/ae7a53426417292d3dd07b45a33e01bc\"},\"alternateName\":\"Noticias de la Industria Turistica\",\"potentialAction\":[{\"@type\":\"SearchAction\",\"target\":{\"@type\":\"EntryPoint\",\"urlTemplate\":\"https:\/\/nitu.mx\/?s={search_term_string}\"},\"query-input\":\"required name=search_term_string\"}],\"inLanguage\":\"es-MX\"},{\"@type\":[\"Person\",\"Organization\"],\"@id\":\"https:\/\/nitu.mx\/#\/schema\/person\/ae7a53426417292d3dd07b45a33e01bc\",\"name\":\"Arturo Medina\",\"image\":{\"@type\":\"ImageObject\",\"inLanguage\":\"es-MX\",\"@id\":\"https:\/\/nitu.mx\/#\/schema\/person\/image\/\",\"url\":\"https:\/\/nitu.mx\/wp-content\/uploads\/2024\/04\/4A315622-1904-4D5C-B022-878CDC840E04-90x90-1.jpeg\",\"contentUrl\":\"https:\/\/nitu.mx\/wp-content\/uploads\/2024\/04\/4A315622-1904-4D5C-B022-878CDC840E04-90x90-1.jpeg\",\"width\":90,\"height\":90,\"caption\":\"Arturo Medina\"},\"logo\":{\"@id\":\"https:\/\/nitu.mx\/#\/schema\/person\/image\/\"},\"description\":\"Director NITU.mx, Egresado de la Escuela de Periodismo Carlos Septi\u00e9n Garc\u00eda. Periodista y analista especializado en turismo desde hace 35 a\u00f1os, radicado en Canc\u00fan Q.Roo. arturo@nitu.mx\",\"sameAs\":[\"https:\/\/nitu.mx\",\"https:\/\/www.facebook.com\/NITUmx\/\",\"medinacancun\",\"https:\/\/twitter.com\/@Arturo_Medina_G\"]},{\"@type\":\"Person\",\"@id\":\"https:\/\/nitu.mx\/#\/schema\/person\/4a28fe9bd65924f7c90623773daf1b0b\",\"name\":\"Redacci\u00f3n\",\"image\":{\"@type\":\"ImageObject\",\"inLanguage\":\"es-MX\",\"@id\":\"https:\/\/nitu.mx\/#\/schema\/person\/image\/\",\"url\":\"https:\/\/secure.gravatar.com\/avatar\/5dd011c8ccfc5cd7e4c81e42252aab38?s=96&d=mm&r=g\",\"contentUrl\":\"https:\/\/secure.gravatar.com\/avatar\/5dd011c8ccfc5cd7e4c81e42252aab38?s=96&d=mm&r=g\",\"caption\":\"Redacci\u00f3n\"},\"url\":\"https:\/\/nitu.mx\/index.php\/author\/redaccion\/\"}]}<\/script>\n<!-- \/ Yoast SEO plugin. -->","yoast_head_json":{"title":"Interjet y Volaris lamentan accidente a\u00e9reo de Aerom\u00e9xico - Nitu - Noticias de la Industria Turistica","description":"Las aerol\u00edneas mexicanas de bajo costo se solidarizan con Aerom\u00e9xico y a trav\u00e9s de un comunicado ambas mandan su apoyo por el accidente ocurrido al vuelo AM2431 de Aerom\u00e9xico.","robots":{"index":"index","follow":"follow","max-snippet":"max-snippet:-1","max-image-preview":"max-image-preview:large","max-video-preview":"max-video-preview:-1"},"canonical":"https:\/\/nitu.mx\/index.php\/2018\/08\/01\/interjet-y-volaris-lamentan-accidente-aereo-de-aeromexico\/","twitter_card":"summary_large_image","twitter_title":"Interjet y Volaris lamentan accidente a\u00e9reo de Aerom\u00e9xico - Nitu - Noticias de la Industria Turistica","twitter_description":"Las aerol\u00edneas mexicanas de bajo costo se solidarizan con Aerom\u00e9xico y a trav\u00e9s de un comunicado ambas mandan su apoyo por el accidente ocurrido al vuelo AM2431 de Aerom\u00e9xico.","twitter_image":"https:\/\/nitu.mx\/wp-content\/uploads\/2018\/07\/volaris-interjet.jpg","twitter_creator":"@NITUmx","twitter_site":"@Arturo_Medina_G","twitter_misc":{"Escrito por":"Redacci\u00f3n","Tiempo de lectura":"1 minuto"},"schema":{"@context":"https:\/\/schema.org","@graph":[{"@type":"Article","@id":"https:\/\/nitu.mx\/index.php\/2018\/08\/01\/interjet-y-volaris-lamentan-accidente-aereo-de-aeromexico\/#article","isPartOf":{"@id":"https:\/\/nitu.mx\/index.php\/2018\/08\/01\/interjet-y-volaris-lamentan-accidente-aereo-de-aeromexico\/"},"author":{"name":"Redacci\u00f3n","@id":"https:\/\/nitu.mx\/#\/schema\/person\/4a28fe9bd65924f7c90623773daf1b0b"},"headline":"Interjet y Volaris lamentan accidente a\u00e9reo de Aerom\u00e9xico","datePublished":"2018-08-01T05:27:54+00:00","dateModified":"2018-08-01T05:51:51+00:00","mainEntityOfPage":{"@id":"https:\/\/nitu.mx\/index.php\/2018\/08\/01\/interjet-y-volaris-lamentan-accidente-aereo-de-aeromexico\/"},"wordCount":258,"commentCount":0,"publisher":{"@id":"https:\/\/nitu.mx\/#\/schema\/person\/ae7a53426417292d3dd07b45a33e01bc"},"image":{"@id":"https:\/\/nitu.mx\/index.php\/2018\/08\/01\/interjet-y-volaris-lamentan-accidente-aereo-de-aeromexico\/#primaryimage"},"thumbnailUrl":"https:\/\/nitu.mx\/wp-content\/uploads\/2018\/07\/volaris-interjet.jpg","keywords":["Aerom\u00e9xico","ASA","Interjet","Volaris"],"articleSection":["Aerol\u00edneas","M\u00e9xico"],"inLanguage":"es-MX","potentialAction":[{"@type":"CommentAction","name":"Comment","target":["https:\/\/nitu.mx\/index.php\/2018\/08\/01\/interjet-y-volaris-lamentan-accidente-aereo-de-aeromexico\/#respond"]}]},{"@type":"WebPage","@id":"https:\/\/nitu.mx\/index.php\/2018\/08\/01\/interjet-y-volaris-lamentan-accidente-aereo-de-aeromexico\/","url":"https:\/\/nitu.mx\/index.php\/2018\/08\/01\/interjet-y-volaris-lamentan-accidente-aereo-de-aeromexico\/","name":"Interjet y Volaris lamentan accidente a\u00e9reo de Aerom\u00e9xico - Nitu - Noticias de la Industria Turistica","isPartOf":{"@id":"https:\/\/nitu.mx\/#website"},"primaryImageOfPage":{"@id":"https:\/\/nitu.mx\/index.php\/2018\/08\/01\/interjet-y-volaris-lamentan-accidente-aereo-de-aeromexico\/#primaryimage"},"image":{"@id":"https:\/\/nitu.mx\/index.php\/2018\/08\/01\/interjet-y-volaris-lamentan-accidente-aereo-de-aeromexico\/#primaryimage"},"thumbnailUrl":"https:\/\/nitu.mx\/wp-content\/uploads\/2018\/07\/volaris-interjet.jpg","datePublished":"2018-08-01T05:27:54+00:00","dateModified":"2018-08-01T05:51:51+00:00","description":"Las aerol\u00edneas mexicanas de bajo costo se solidarizan con Aerom\u00e9xico y a trav\u00e9s de un comunicado ambas mandan su apoyo por el accidente ocurrido al vuelo AM2431 de Aerom\u00e9xico.","breadcrumb":{"@id":"https:\/\/nitu.mx\/index.php\/2018\/08\/01\/interjet-y-volaris-lamentan-accidente-aereo-de-aeromexico\/#breadcrumb"},"inLanguage":"es-MX","potentialAction":[{"@type":"ReadAction","target":["https:\/\/nitu.mx\/index.php\/2018\/08\/01\/interjet-y-volaris-lamentan-accidente-aereo-de-aeromexico\/"]}]},{"@type":"ImageObject","inLanguage":"es-MX","@id":"https:\/\/nitu.mx\/index.php\/2018\/08\/01\/interjet-y-volaris-lamentan-accidente-aereo-de-aeromexico\/#primaryimage","url":"https:\/\/nitu.mx\/wp-content\/uploads\/2018\/07\/volaris-interjet.jpg","contentUrl":"https:\/\/nitu.mx\/wp-content\/uploads\/2018\/07\/volaris-interjet.jpg","width":850,"height":480,"caption":"volaris interjet"},{"@type":"BreadcrumbList","@id":"https:\/\/nitu.mx\/index.php\/2018\/08\/01\/interjet-y-volaris-lamentan-accidente-aereo-de-aeromexico\/#breadcrumb","itemListElement":[{"@type":"ListItem","position":1,"name":"Inicio","item":"https:\/\/nitu.mx\/"},{"@type":"ListItem","position":2,"name":"Interjet y Volaris lamentan accidente a\u00e9reo de Aerom\u00e9xico"}]},{"@type":"WebSite","@id":"https:\/\/nitu.mx\/#website","url":"https:\/\/nitu.mx\/","name":"Nitu - Noticias de la Industria Turistica","description":"Noticias de la Industria Turistica","publisher":{"@id":"https:\/\/nitu.mx\/#\/schema\/person\/ae7a53426417292d3dd07b45a33e01bc"},"alternateName":"Noticias de la Industria Turistica","potentialAction":[{"@type":"SearchAction","target":{"@type":"EntryPoint","urlTemplate":"https:\/\/nitu.mx\/?s={search_term_string}"},"query-input":"required name=search_term_string"}],"inLanguage":"es-MX"},{"@type":["Person","Organization"],"@id":"https:\/\/nitu.mx\/#\/schema\/person\/ae7a53426417292d3dd07b45a33e01bc","name":"Arturo Medina","image":{"@type":"ImageObject","inLanguage":"es-MX","@id":"https:\/\/nitu.mx\/#\/schema\/person\/image\/","url":"https:\/\/nitu.mx\/wp-content\/uploads\/2024\/04\/4A315622-1904-4D5C-B022-878CDC840E04-90x90-1.jpeg","contentUrl":"https:\/\/nitu.mx\/wp-content\/uploads\/2024\/04\/4A315622-1904-4D5C-B022-878CDC840E04-90x90-1.jpeg","width":90,"height":90,"caption":"Arturo Medina"},"logo":{"@id":"https:\/\/nitu.mx\/#\/schema\/person\/image\/"},"description":"Director NITU.mx, Egresado de la Escuela de Periodismo Carlos Septi\u00e9n Garc\u00eda. Periodista y analista especializado en turismo desde hace 35 a\u00f1os, radicado en Canc\u00fan Q.Roo. arturo@nitu.mx","sameAs":["https:\/\/nitu.mx","https:\/\/www.facebook.com\/NITUmx\/","medinacancun","https:\/\/twitter.com\/@Arturo_Medina_G"]},{"@type":"Person","@id":"https:\/\/nitu.mx\/#\/schema\/person\/4a28fe9bd65924f7c90623773daf1b0b","name":"Redacci\u00f3n","image":{"@type":"ImageObject","inLanguage":"es-MX","@id":"https:\/\/nitu.mx\/#\/schema\/person\/image\/","url":"https:\/\/secure.gravatar.com\/avatar\/5dd011c8ccfc5cd7e4c81e42252aab38?s=96&d=mm&r=g","contentUrl":"https:\/\/secure.gravatar.com\/avatar\/5dd011c8ccfc5cd7e4c81e42252aab38?s=96&d=mm&r=g","caption":"Redacci\u00f3n"},"url":"https:\/\/nitu.mx\/index.php\/author\/redaccion\/"}]}},"views":433,"_links":{"self":[{"href":"https:\/\/nitu.mx\/index.php\/wp-json\/wp\/v2\/posts\/23061"}],"collection":[{"href":"https:\/\/nitu.mx\/index.php\/wp-json\/wp\/v2\/posts"}],"about":[{"href":"https:\/\/nitu.mx\/index.php\/wp-json\/wp\/v2\/types\/post"}],"author":[{"embeddable":true,"href":"https:\/\/nitu.mx\/index.php\/wp-json\/wp\/v2\/users\/17"}],"replies":[{"embeddable":true,"href":"https:\/\/nitu.mx\/index.php\/wp-json\/wp\/v2\/comments?post=23061"}],"version-history":[{"count":4,"href":"https:\/\/nitu.mx\/index.php\/wp-json\/wp\/v2\/posts\/23061\/revisions"}],"predecessor-version":[{"id":23086,"href":"https:\/\/nitu.mx\/index.php\/wp-json\/wp\/v2\/posts\/23061\/revisions\/23086"}],"wp:featuredmedia":[{"embeddable":true,"href":"https:\/\/nitu.mx\/index.php\/wp-json\/wp\/v2\/media\/23084"}],"wp:attachment":[{"href":"https:\/\/nitu.mx\/index.php\/wp-json\/wp\/v2\/media?parent=23061"}],"wp:term":[{"taxonomy":"category","embeddable":true,"href":"https:\/\/nitu.mx\/index.php\/wp-json\/wp\/v2\/categories?post=23061"},{"taxonomy":"post_tag","embeddable":true,"href":"https:\/\/nitu.mx\/index.php\/wp-json\/wp\/v2\/tags?post=23061"}],"curies":[{"name":"wp","href":"https:\/\/api.w.org\/{rel}","templated":true}]}}