{"id":23060,"date":"2018-08-01T00:32:56","date_gmt":"2018-08-01T05:32:56","guid":{"rendered":"https:\/\/www.dev.nitu.mx\/?p=23060"},"modified":"2018-08-01T00:51:59","modified_gmt":"2018-08-01T05:51:59","slug":"trabajadores-de-sectur-rechazan-cambio-de-sede-de-cdmx-a-chetumal","status":"publish","type":"post","link":"https:\/\/nitu.mx\/index.php\/2018\/08\/01\/trabajadores-de-sectur-rechazan-cambio-de-sede-de-cdmx-a-chetumal\/","title":{"rendered":"Trabajadores de Sectur rechazan cambio de sede de CDMX a Chetumal"},"content":{"rendered":"<p>Molestia generalizada es la que prevalece entre los integrantes del Sindicato Nacional de Trabajadores de la Secretar\u00eda de Turismo, porque no s\u00e9 les ha consultado del cambio de Sectur de la Ciudad de M\u00e9xico a Chetumal les generar\u00eda fuertes afectaciones, declar\u00f3 Jos\u00e9 Carlos Navarro Valencia, dirigente de dicho organismo.<\/p>\n<p>En entrevista para Radio F\u00f3rmula QR, el dirigente declar\u00f3 que no han sido consultados, pero es algo que el presidente electo Andr\u00e9s Manuel L\u00f3pez Obrador, ha estado anunciando desde su campa\u00f1a.<\/p>\n<p>\u201cLa postura es de rechazarla, de no aceptarla y derivado de que lo que conocemos es por los medios\u2026 Tenemos muchos argumentos y por el simple hecho de que tenemos madres solteras, padres solteros y otros tienen a sus parejas en la Iniciativa Privada o hijos estudiando desde primaria hasta universidad\u201d, extern\u00f3.<\/p>\n<p>Reconoci\u00f3 que son muchos los elementos que no conocen, pero disgregar a las familias de la Ciudad de M\u00e9xico y el mismo cambio cultural, es algo dif\u00edcil, por lo que en caso de que la decisi\u00f3n sea real, es necesario un an\u00e1lisis muy profundo.<\/p>\n<p>\u201cLe solicitaremos que haya di\u00e1logo que nos digan bien a bien, porque ahora hay un desconcierto total\u2026 No tienen ni siquiera la visi\u00f3n de cu\u00e1ntos trabajadores tenemos\u201d, mencion\u00f3<\/p>\n<p>Actualmente son mil 154 trabajadores de base, m\u00e1s los empleados de confianza y alrededor de 385 funcionarios, en 3 edificios, quienes no han tenido una reuni\u00f3n formal para hacer una consulta del tema, pero el sentir general es de rechazo.<\/p>\n<p>Navarro asegur\u00f3 que se encuentra abiertos al di\u00e1logo, esperando que les den a conocer una decisi\u00f3n oficial, recordando que el contrato colectivo de trabajo no especifica las condiciones del probable cambio de sede. Insisti\u00f3 en que hay una incertidumbre total, por ello es urgente dialogar.<\/p>\n","protected":false},"excerpt":{"rendered":"<p>Molestia generalizada es la que prevalece entre los integrantes del Sindicato Nacional de Trabajadores de la Secretar\u00eda de Turismo, porque no s\u00e9 les ha consultado del cambio de Sectur de la Ciudad de M\u00e9xico a Chetumal les generar\u00eda fuertes afectaciones, declar\u00f3 Jos\u00e9 Carlos Navarro Valencia, dirigente de dicho organismo. En entrevista para Radio F\u00f3rmula QR, [&hellip;]<\/p>\n","protected":false},"author":17,"featured_media":23088,"comment_status":"open","ping_status":"open","sticky":false,"template":"","format":"standard","meta":{"footnotes":""},"categories":[5,6],"tags":[587,454,93,11608],"yoast_head":"<!-- This site is optimized with the Yoast SEO plugin v22.2 - https:\/\/yoast.com\/wordpress\/plugins\/seo\/ -->\n<title>Trabajadores de Sectur rechazan cambio de sede de CDMX a Chetumal - Nitu - Noticias de la Industria Turistica<\/title>\n<meta name=\"description\" content=\"Molestia generalizada es la que prevalece entre los integrantes del Sindicato Nacional de Trabajadores de la Secretar\u00eda de Turismo, porque no s\u00e9 les ha consultado del cambio de Sectur de la Ciudad de M\u00e9xico a Chetumal.\" \/>\n<meta name=\"robots\" content=\"index, follow, max-snippet:-1, max-image-preview:large, max-video-preview:-1\" \/>\n<link rel=\"canonical\" href=\"https:\/\/nitu.mx\/index.php\/2018\/08\/01\/trabajadores-de-sectur-rechazan-cambio-de-sede-de-cdmx-a-chetumal\/\" \/>\n<meta name=\"twitter:card\" content=\"summary_large_image\" \/>\n<meta name=\"twitter:title\" content=\"Trabajadores de Sectur rechazan cambio de sede de CDMX a Chetumal - Nitu - Noticias de la Industria Turistica\" \/>\n<meta name=\"twitter:description\" content=\"Molestia generalizada es la que prevalece entre los integrantes del Sindicato Nacional de Trabajadores de la Secretar\u00eda de Turismo, porque no s\u00e9 les ha consultado del cambio de Sectur de la Ciudad de M\u00e9xico a Chetumal.\" \/>\n<meta name=\"twitter:image\" content=\"https:\/\/nitu.mx\/wp-content\/uploads\/2018\/07\/sectur.jpg\" \/>\n<meta name=\"twitter:creator\" content=\"@NITUmx\" \/>\n<meta name=\"twitter:site\" content=\"@Arturo_Medina_G\" \/>\n<meta name=\"twitter:label1\" content=\"Escrito por\" \/>\n\t<meta name=\"twitter:data1\" content=\"Redacci\u00f3n\" \/>\n\t<meta name=\"twitter:label2\" content=\"Tiempo de lectura\" \/>\n\t<meta name=\"twitter:data2\" content=\"2 minutos\" \/>\n<script type=\"application\/ld+json\" class=\"yoast-schema-graph\">{\"@context\":\"https:\/\/schema.org\",\"@graph\":[{\"@type\":\"Article\",\"@id\":\"https:\/\/nitu.mx\/index.php\/2018\/08\/01\/trabajadores-de-sectur-rechazan-cambio-de-sede-de-cdmx-a-chetumal\/#article\",\"isPartOf\":{\"@id\":\"https:\/\/nitu.mx\/index.php\/2018\/08\/01\/trabajadores-de-sectur-rechazan-cambio-de-sede-de-cdmx-a-chetumal\/\"},\"author\":{\"name\":\"Redacci\u00f3n\",\"@id\":\"https:\/\/nitu.mx\/#\/schema\/person\/4a28fe9bd65924f7c90623773daf1b0b\"},\"headline\":\"Trabajadores de Sectur rechazan cambio de sede de CDMX a Chetumal\",\"datePublished\":\"2018-08-01T05:32:56+00:00\",\"dateModified\":\"2018-08-01T05:51:59+00:00\",\"mainEntityOfPage\":{\"@id\":\"https:\/\/nitu.mx\/index.php\/2018\/08\/01\/trabajadores-de-sectur-rechazan-cambio-de-sede-de-cdmx-a-chetumal\/\"},\"wordCount\":315,\"commentCount\":0,\"publisher\":{\"@id\":\"https:\/\/nitu.mx\/#\/schema\/person\/ae7a53426417292d3dd07b45a33e01bc\"},\"image\":{\"@id\":\"https:\/\/nitu.mx\/index.php\/2018\/08\/01\/trabajadores-de-sectur-rechazan-cambio-de-sede-de-cdmx-a-chetumal\/#primaryimage\"},\"thumbnailUrl\":\"https:\/\/nitu.mx\/wp-content\/uploads\/2018\/07\/sectur.jpg\",\"keywords\":[\"CDMX\",\"Chetumal\",\"Sectur\",\"Sindicato Nacional de Trabajadores de la Secretar\u00eda de Turismo\"],\"articleSection\":[\"Destinos\",\"M\u00e9xico\"],\"inLanguage\":\"es-MX\",\"potentialAction\":[{\"@type\":\"CommentAction\",\"name\":\"Comment\",\"target\":[\"https:\/\/nitu.mx\/index.php\/2018\/08\/01\/trabajadores-de-sectur-rechazan-cambio-de-sede-de-cdmx-a-chetumal\/#respond\"]}]},{\"@type\":\"WebPage\",\"@id\":\"https:\/\/nitu.mx\/index.php\/2018\/08\/01\/trabajadores-de-sectur-rechazan-cambio-de-sede-de-cdmx-a-chetumal\/\",\"url\":\"https:\/\/nitu.mx\/index.php\/2018\/08\/01\/trabajadores-de-sectur-rechazan-cambio-de-sede-de-cdmx-a-chetumal\/\",\"name\":\"Trabajadores de Sectur rechazan cambio de sede de CDMX a Chetumal - Nitu - Noticias de la Industria Turistica\",\"isPartOf\":{\"@id\":\"https:\/\/nitu.mx\/#website\"},\"primaryImageOfPage\":{\"@id\":\"https:\/\/nitu.mx\/index.php\/2018\/08\/01\/trabajadores-de-sectur-rechazan-cambio-de-sede-de-cdmx-a-chetumal\/#primaryimage\"},\"image\":{\"@id\":\"https:\/\/nitu.mx\/index.php\/2018\/08\/01\/trabajadores-de-sectur-rechazan-cambio-de-sede-de-cdmx-a-chetumal\/#primaryimage\"},\"thumbnailUrl\":\"https:\/\/nitu.mx\/wp-content\/uploads\/2018\/07\/sectur.jpg\",\"datePublished\":\"2018-08-01T05:32:56+00:00\",\"dateModified\":\"2018-08-01T05:51:59+00:00\",\"description\":\"Molestia generalizada es la que prevalece entre los integrantes del Sindicato Nacional de Trabajadores de la Secretar\u00eda de Turismo, porque no s\u00e9 les ha consultado del cambio de Sectur de la Ciudad de M\u00e9xico a Chetumal.\",\"breadcrumb\":{\"@id\":\"https:\/\/nitu.mx\/index.php\/2018\/08\/01\/trabajadores-de-sectur-rechazan-cambio-de-sede-de-cdmx-a-chetumal\/#breadcrumb\"},\"inLanguage\":\"es-MX\",\"potentialAction\":[{\"@type\":\"ReadAction\",\"target\":[\"https:\/\/nitu.mx\/index.php\/2018\/08\/01\/trabajadores-de-sectur-rechazan-cambio-de-sede-de-cdmx-a-chetumal\/\"]}]},{\"@type\":\"ImageObject\",\"inLanguage\":\"es-MX\",\"@id\":\"https:\/\/nitu.mx\/index.php\/2018\/08\/01\/trabajadores-de-sectur-rechazan-cambio-de-sede-de-cdmx-a-chetumal\/#primaryimage\",\"url\":\"https:\/\/nitu.mx\/wp-content\/uploads\/2018\/07\/sectur.jpg\",\"contentUrl\":\"https:\/\/nitu.mx\/wp-content\/uploads\/2018\/07\/sectur.jpg\",\"width\":850,\"height\":480,\"caption\":\"sectur\"},{\"@type\":\"BreadcrumbList\",\"@id\":\"https:\/\/nitu.mx\/index.php\/2018\/08\/01\/trabajadores-de-sectur-rechazan-cambio-de-sede-de-cdmx-a-chetumal\/#breadcrumb\",\"itemListElement\":[{\"@type\":\"ListItem\",\"position\":1,\"name\":\"Inicio\",\"item\":\"https:\/\/nitu.mx\/\"},{\"@type\":\"ListItem\",\"position\":2,\"name\":\"Trabajadores de Sectur rechazan cambio de sede de CDMX a Chetumal\"}]},{\"@type\":\"WebSite\",\"@id\":\"https:\/\/nitu.mx\/#website\",\"url\":\"https:\/\/nitu.mx\/\",\"name\":\"Nitu - Noticias de la Industria Turistica\",\"description\":\"Noticias de la Industria Turistica\",\"publisher\":{\"@id\":\"https:\/\/nitu.mx\/#\/schema\/person\/ae7a53426417292d3dd07b45a33e01bc\"},\"alternateName\":\"Noticias de la Industria Turistica\",\"potentialAction\":[{\"@type\":\"SearchAction\",\"target\":{\"@type\":\"EntryPoint\",\"urlTemplate\":\"https:\/\/nitu.mx\/?s={search_term_string}\"},\"query-input\":\"required name=search_term_string\"}],\"inLanguage\":\"es-MX\"},{\"@type\":[\"Person\",\"Organization\"],\"@id\":\"https:\/\/nitu.mx\/#\/schema\/person\/ae7a53426417292d3dd07b45a33e01bc\",\"name\":\"Arturo Medina\",\"image\":{\"@type\":\"ImageObject\",\"inLanguage\":\"es-MX\",\"@id\":\"https:\/\/nitu.mx\/#\/schema\/person\/image\/\",\"url\":\"https:\/\/nitu.mx\/wp-content\/uploads\/2024\/04\/4A315622-1904-4D5C-B022-878CDC840E04-90x90-1.jpeg\",\"contentUrl\":\"https:\/\/nitu.mx\/wp-content\/uploads\/2024\/04\/4A315622-1904-4D5C-B022-878CDC840E04-90x90-1.jpeg\",\"width\":90,\"height\":90,\"caption\":\"Arturo Medina\"},\"logo\":{\"@id\":\"https:\/\/nitu.mx\/#\/schema\/person\/image\/\"},\"description\":\"Director NITU.mx, Egresado de la Escuela de Periodismo Carlos Septi\u00e9n Garc\u00eda. Periodista y analista especializado en turismo desde hace 35 a\u00f1os, radicado en Canc\u00fan Q.Roo. arturo@nitu.mx\",\"sameAs\":[\"https:\/\/nitu.mx\",\"https:\/\/www.facebook.com\/NITUmx\/\",\"medinacancun\",\"https:\/\/twitter.com\/@Arturo_Medina_G\"]},{\"@type\":\"Person\",\"@id\":\"https:\/\/nitu.mx\/#\/schema\/person\/4a28fe9bd65924f7c90623773daf1b0b\",\"name\":\"Redacci\u00f3n\",\"image\":{\"@type\":\"ImageObject\",\"inLanguage\":\"es-MX\",\"@id\":\"https:\/\/nitu.mx\/#\/schema\/person\/image\/\",\"url\":\"https:\/\/secure.gravatar.com\/avatar\/5dd011c8ccfc5cd7e4c81e42252aab38?s=96&d=mm&r=g\",\"contentUrl\":\"https:\/\/secure.gravatar.com\/avatar\/5dd011c8ccfc5cd7e4c81e42252aab38?s=96&d=mm&r=g\",\"caption\":\"Redacci\u00f3n\"},\"url\":\"https:\/\/nitu.mx\/index.php\/author\/redaccion\/\"}]}<\/script>\n<!-- \/ Yoast SEO plugin. -->","yoast_head_json":{"title":"Trabajadores de Sectur rechazan cambio de sede de CDMX a Chetumal - Nitu - Noticias de la Industria Turistica","description":"Molestia generalizada es la que prevalece entre los integrantes del Sindicato Nacional de Trabajadores de la Secretar\u00eda de Turismo, porque no s\u00e9 les ha consultado del cambio de Sectur de la Ciudad de M\u00e9xico a Chetumal.","robots":{"index":"index","follow":"follow","max-snippet":"max-snippet:-1","max-image-preview":"max-image-preview:large","max-video-preview":"max-video-preview:-1"},"canonical":"https:\/\/nitu.mx\/index.php\/2018\/08\/01\/trabajadores-de-sectur-rechazan-cambio-de-sede-de-cdmx-a-chetumal\/","twitter_card":"summary_large_image","twitter_title":"Trabajadores de Sectur rechazan cambio de sede de CDMX a Chetumal - Nitu - Noticias de la Industria Turistica","twitter_description":"Molestia generalizada es la que prevalece entre los integrantes del Sindicato Nacional de Trabajadores de la Secretar\u00eda de Turismo, porque no s\u00e9 les ha consultado del cambio de Sectur de la Ciudad de M\u00e9xico a Chetumal.","twitter_image":"https:\/\/nitu.mx\/wp-content\/uploads\/2018\/07\/sectur.jpg","twitter_creator":"@NITUmx","twitter_site":"@Arturo_Medina_G","twitter_misc":{"Escrito por":"Redacci\u00f3n","Tiempo de lectura":"2 minutos"},"schema":{"@context":"https:\/\/schema.org","@graph":[{"@type":"Article","@id":"https:\/\/nitu.mx\/index.php\/2018\/08\/01\/trabajadores-de-sectur-rechazan-cambio-de-sede-de-cdmx-a-chetumal\/#article","isPartOf":{"@id":"https:\/\/nitu.mx\/index.php\/2018\/08\/01\/trabajadores-de-sectur-rechazan-cambio-de-sede-de-cdmx-a-chetumal\/"},"author":{"name":"Redacci\u00f3n","@id":"https:\/\/nitu.mx\/#\/schema\/person\/4a28fe9bd65924f7c90623773daf1b0b"},"headline":"Trabajadores de Sectur rechazan cambio de sede de CDMX a Chetumal","datePublished":"2018-08-01T05:32:56+00:00","dateModified":"2018-08-01T05:51:59+00:00","mainEntityOfPage":{"@id":"https:\/\/nitu.mx\/index.php\/2018\/08\/01\/trabajadores-de-sectur-rechazan-cambio-de-sede-de-cdmx-a-chetumal\/"},"wordCount":315,"commentCount":0,"publisher":{"@id":"https:\/\/nitu.mx\/#\/schema\/person\/ae7a53426417292d3dd07b45a33e01bc"},"image":{"@id":"https:\/\/nitu.mx\/index.php\/2018\/08\/01\/trabajadores-de-sectur-rechazan-cambio-de-sede-de-cdmx-a-chetumal\/#primaryimage"},"thumbnailUrl":"https:\/\/nitu.mx\/wp-content\/uploads\/2018\/07\/sectur.jpg","keywords":["CDMX","Chetumal","Sectur","Sindicato Nacional de Trabajadores de la Secretar\u00eda de Turismo"],"articleSection":["Destinos","M\u00e9xico"],"inLanguage":"es-MX","potentialAction":[{"@type":"CommentAction","name":"Comment","target":["https:\/\/nitu.mx\/index.php\/2018\/08\/01\/trabajadores-de-sectur-rechazan-cambio-de-sede-de-cdmx-a-chetumal\/#respond"]}]},{"@type":"WebPage","@id":"https:\/\/nitu.mx\/index.php\/2018\/08\/01\/trabajadores-de-sectur-rechazan-cambio-de-sede-de-cdmx-a-chetumal\/","url":"https:\/\/nitu.mx\/index.php\/2018\/08\/01\/trabajadores-de-sectur-rechazan-cambio-de-sede-de-cdmx-a-chetumal\/","name":"Trabajadores de Sectur rechazan cambio de sede de CDMX a Chetumal - Nitu - Noticias de la Industria Turistica","isPartOf":{"@id":"https:\/\/nitu.mx\/#website"},"primaryImageOfPage":{"@id":"https:\/\/nitu.mx\/index.php\/2018\/08\/01\/trabajadores-de-sectur-rechazan-cambio-de-sede-de-cdmx-a-chetumal\/#primaryimage"},"image":{"@id":"https:\/\/nitu.mx\/index.php\/2018\/08\/01\/trabajadores-de-sectur-rechazan-cambio-de-sede-de-cdmx-a-chetumal\/#primaryimage"},"thumbnailUrl":"https:\/\/nitu.mx\/wp-content\/uploads\/2018\/07\/sectur.jpg","datePublished":"2018-08-01T05:32:56+00:00","dateModified":"2018-08-01T05:51:59+00:00","description":"Molestia generalizada es la que prevalece entre los integrantes del Sindicato Nacional de Trabajadores de la Secretar\u00eda de Turismo, porque no s\u00e9 les ha consultado del cambio de Sectur de la Ciudad de M\u00e9xico a Chetumal.","breadcrumb":{"@id":"https:\/\/nitu.mx\/index.php\/2018\/08\/01\/trabajadores-de-sectur-rechazan-cambio-de-sede-de-cdmx-a-chetumal\/#breadcrumb"},"inLanguage":"es-MX","potentialAction":[{"@type":"ReadAction","target":["https:\/\/nitu.mx\/index.php\/2018\/08\/01\/trabajadores-de-sectur-rechazan-cambio-de-sede-de-cdmx-a-chetumal\/"]}]},{"@type":"ImageObject","inLanguage":"es-MX","@id":"https:\/\/nitu.mx\/index.php\/2018\/08\/01\/trabajadores-de-sectur-rechazan-cambio-de-sede-de-cdmx-a-chetumal\/#primaryimage","url":"https:\/\/nitu.mx\/wp-content\/uploads\/2018\/07\/sectur.jpg","contentUrl":"https:\/\/nitu.mx\/wp-content\/uploads\/2018\/07\/sectur.jpg","width":850,"height":480,"caption":"sectur"},{"@type":"BreadcrumbList","@id":"https:\/\/nitu.mx\/index.php\/2018\/08\/01\/trabajadores-de-sectur-rechazan-cambio-de-sede-de-cdmx-a-chetumal\/#breadcrumb","itemListElement":[{"@type":"ListItem","position":1,"name":"Inicio","item":"https:\/\/nitu.mx\/"},{"@type":"ListItem","position":2,"name":"Trabajadores de Sectur rechazan cambio de sede de CDMX a Chetumal"}]},{"@type":"WebSite","@id":"https:\/\/nitu.mx\/#website","url":"https:\/\/nitu.mx\/","name":"Nitu - Noticias de la Industria Turistica","description":"Noticias de la Industria Turistica","publisher":{"@id":"https:\/\/nitu.mx\/#\/schema\/person\/ae7a53426417292d3dd07b45a33e01bc"},"alternateName":"Noticias de la Industria Turistica","potentialAction":[{"@type":"SearchAction","target":{"@type":"EntryPoint","urlTemplate":"https:\/\/nitu.mx\/?s={search_term_string}"},"query-input":"required name=search_term_string"}],"inLanguage":"es-MX"},{"@type":["Person","Organization"],"@id":"https:\/\/nitu.mx\/#\/schema\/person\/ae7a53426417292d3dd07b45a33e01bc","name":"Arturo Medina","image":{"@type":"ImageObject","inLanguage":"es-MX","@id":"https:\/\/nitu.mx\/#\/schema\/person\/image\/","url":"https:\/\/nitu.mx\/wp-content\/uploads\/2024\/04\/4A315622-1904-4D5C-B022-878CDC840E04-90x90-1.jpeg","contentUrl":"https:\/\/nitu.mx\/wp-content\/uploads\/2024\/04\/4A315622-1904-4D5C-B022-878CDC840E04-90x90-1.jpeg","width":90,"height":90,"caption":"Arturo Medina"},"logo":{"@id":"https:\/\/nitu.mx\/#\/schema\/person\/image\/"},"description":"Director NITU.mx, Egresado de la Escuela de Periodismo Carlos Septi\u00e9n Garc\u00eda. Periodista y analista especializado en turismo desde hace 35 a\u00f1os, radicado en Canc\u00fan Q.Roo. arturo@nitu.mx","sameAs":["https:\/\/nitu.mx","https:\/\/www.facebook.com\/NITUmx\/","medinacancun","https:\/\/twitter.com\/@Arturo_Medina_G"]},{"@type":"Person","@id":"https:\/\/nitu.mx\/#\/schema\/person\/4a28fe9bd65924f7c90623773daf1b0b","name":"Redacci\u00f3n","image":{"@type":"ImageObject","inLanguage":"es-MX","@id":"https:\/\/nitu.mx\/#\/schema\/person\/image\/","url":"https:\/\/secure.gravatar.com\/avatar\/5dd011c8ccfc5cd7e4c81e42252aab38?s=96&d=mm&r=g","contentUrl":"https:\/\/secure.gravatar.com\/avatar\/5dd011c8ccfc5cd7e4c81e42252aab38?s=96&d=mm&r=g","caption":"Redacci\u00f3n"},"url":"https:\/\/nitu.mx\/index.php\/author\/redaccion\/"}]}},"views":348,"_links":{"self":[{"href":"https:\/\/nitu.mx\/index.php\/wp-json\/wp\/v2\/posts\/23060"}],"collection":[{"href":"https:\/\/nitu.mx\/index.php\/wp-json\/wp\/v2\/posts"}],"about":[{"href":"https:\/\/nitu.mx\/index.php\/wp-json\/wp\/v2\/types\/post"}],"author":[{"embeddable":true,"href":"https:\/\/nitu.mx\/index.php\/wp-json\/wp\/v2\/users\/17"}],"replies":[{"embeddable":true,"href":"https:\/\/nitu.mx\/index.php\/wp-json\/wp\/v2\/comments?post=23060"}],"version-history":[{"count":3,"href":"https:\/\/nitu.mx\/index.php\/wp-json\/wp\/v2\/posts\/23060\/revisions"}],"predecessor-version":[{"id":23090,"href":"https:\/\/nitu.mx\/index.php\/wp-json\/wp\/v2\/posts\/23060\/revisions\/23090"}],"wp:featuredmedia":[{"embeddable":true,"href":"https:\/\/nitu.mx\/index.php\/wp-json\/wp\/v2\/media\/23088"}],"wp:attachment":[{"href":"https:\/\/nitu.mx\/index.php\/wp-json\/wp\/v2\/media?parent=23060"}],"wp:term":[{"taxonomy":"category","embeddable":true,"href":"https:\/\/nitu.mx\/index.php\/wp-json\/wp\/v2\/categories?post=23060"},{"taxonomy":"post_tag","embeddable":true,"href":"https:\/\/nitu.mx\/index.php\/wp-json\/wp\/v2\/tags?post=23060"}],"curies":[{"name":"wp","href":"https:\/\/api.w.org\/{rel}","templated":true}]}}