{"id":22951,"date":"2018-07-29T23:47:28","date_gmt":"2018-07-30T04:47:28","guid":{"rendered":"https:\/\/www.dev.nitu.mx\/?p=22951"},"modified":"2018-07-30T00:43:37","modified_gmt":"2018-07-30T05:43:37","slug":"air-canada-es-la-mejor-aerolinea-norteamericana-por-novena-ocasion-segunda-consecutiva","status":"publish","type":"post","link":"https:\/\/nitu.mx\/index.php\/2018\/07\/29\/air-canada-es-la-mejor-aerolinea-norteamericana-por-novena-ocasion-segunda-consecutiva\/","title":{"rendered":"Air Canada es la mejor aerol\u00ednea norteamericana por novena ocasi\u00f3n, segunda consecutiva"},"content":{"rendered":"<p>Air Canada fue nombrada como la Mejor Aerol\u00ednea Norteamericana por novena ocasi\u00f3n por los Skytrax World Airline Awards 2018, adem\u00e1s de ser segundo reconocimiento consecutivo.<\/p>\n<p>Por medio de un comunicado se detall\u00f3 que en los \u00faltimos en los \u00faltimos nueve a\u00f1os, la aerol\u00ednea es galardonada con este reconocimiento, el cual se basa en encuestas de satisfacci\u00f3n de 20 millones de pasajeros en todo el mundo.<\/p>\n<p>Respecto a este nombramiento, Calin Rovinescu, presidente y director ejecutivo de Air Canada, declar\u00f3 que el galard\u00f3n \u201cdemuestra nuestra exitosa transformaci\u00f3n en l\u00edder a nivel mundial. Agradezco a nuestros 30 mil empleados, que son los verdaderos ganadores del Premio Skytrax, por ofrecer un servicio superior, a la vez que transportan a m\u00e1s de 48 millones de clientes al a\u00f1o de forma segura a sus destinos\u201d. (<a title=\"Vaticina Air Canad\u00e1 crecimiento de 36% en M\u00e9xico para el 2018\" href=\"https:\/\/www.dev.nitu.mx\/index.php\/2018\/04\/13\/vaticina-air-canada-crecimiento-de-36-en-mexico-para-el-2018\/\" rel=\"bookmark\">Vaticina Air Canad\u00e1 crecimiento de 36% en M\u00e9xico para el 2018<\/a>).<\/p>\n<p>Renovaci\u00f3n de flota, capacitaci\u00f3n continua al personal, expansi\u00f3n estrat\u00e9gica de la red global y el reciente lanzamiento de Air Canada Signature Service, son algunas de las acciones por las cuales la aerol\u00ednea fue galardonada.<\/p>\n<p>Estas acciones se suman a las que recientemente se han implementado con la finalidad de ofrecer un mejor servicio a los clientes, como el actual despliegue de Wi-fi satelital en la flota de fuselaje ancho, la entrega programada para el pr\u00f3ximo a\u00f1o del nuevo Airbus A220-300 (anteriormente conocido como Bombardier Serie C), y el lanzamiento del\u00a0 programa de fidelizaci\u00f3n, que ofrecer\u00e1 oportunidades adicionales de ganancia y redenci\u00f3n a trav\u00e9s de una experiencia digital avanzada.<\/p>\n<p>Por su parte, Edward Plaisted, CEO de Skytrax, dijo: \u201cAir Canada logr\u00f3 un \u00e9xito notable al obtener este galard\u00f3n, con lo que demuestra que es realmente una de las favoritas de los pasajeros, ya que sigue\u00a0 recibiendo el voto de confianza de los clientes\u201d.<\/p>\n<p>Desde 2010, Air Canada ha seguido un programa de inversiones de 10 mil millones de d\u00f3lares, lo cual se traduce en una red mundial ampliada que conecta a trav\u00e9s de sus centros canadienses a m\u00e1s de 220 ciudades alrededor del mundo. Solo este verano se han a\u00f1adido 25 nuevas rutas, entre otros aspectos.<\/p>\n","protected":false},"excerpt":{"rendered":"<p>Air Canada fue nombrada como la Mejor Aerol\u00ednea Norteamericana por novena ocasi\u00f3n por los Skytrax World Airline Awards 2018, adem\u00e1s de ser segundo reconocimiento consecutivo. Por medio de un comunicado se detall\u00f3 que en los \u00faltimos en los \u00faltimos nueve a\u00f1os, la aerol\u00ednea es galardonada con este reconocimiento, el cual se basa en encuestas de [&hellip;]<\/p>\n","protected":false},"author":17,"featured_media":22952,"comment_status":"open","ping_status":"open","sticky":false,"template":"","format":"standard","meta":{"footnotes":""},"categories":[29,374],"tags":[1700,11533,11534,11531,11530,11529],"yoast_head":"<!-- This site is optimized with the Yoast SEO plugin v22.2 - https:\/\/yoast.com\/wordpress\/plugins\/seo\/ -->\n<title>Air Canada es la mejor aerol\u00ednea norteamericana por novena ocasi\u00f3n, segunda consecutiva - Nitu - Noticias de la Industria Turistica<\/title>\n<meta name=\"robots\" content=\"index, follow, max-snippet:-1, max-image-preview:large, max-video-preview:-1\" \/>\n<link rel=\"canonical\" href=\"https:\/\/nitu.mx\/index.php\/2018\/07\/29\/air-canada-es-la-mejor-aerolinea-norteamericana-por-novena-ocasion-segunda-consecutiva\/\" \/>\n<meta name=\"twitter:card\" content=\"summary_large_image\" \/>\n<meta name=\"twitter:title\" content=\"Air Canada es la mejor aerol\u00ednea norteamericana por novena ocasi\u00f3n, segunda consecutiva - Nitu - Noticias de la Industria Turistica\" \/>\n<meta name=\"twitter:description\" content=\"Air Canada fue nombrada como la Mejor Aerol\u00ednea Norteamericana por novena ocasi\u00f3n por los Skytrax World Airline Awards 2018, adem\u00e1s de ser segundo reconocimiento consecutivo. Por medio de un comunicado se detall\u00f3 que en los \u00faltimos en los \u00faltimos nueve a\u00f1os, la aerol\u00ednea es galardonada con este reconocimiento, el cual se basa en encuestas de [&hellip;]\" \/>\n<meta name=\"twitter:image\" content=\"https:\/\/nitu.mx\/wp-content\/uploads\/2018\/07\/1aircanada.jpg\" \/>\n<meta name=\"twitter:creator\" content=\"@NITUmx\" \/>\n<meta name=\"twitter:site\" content=\"@Arturo_Medina_G\" \/>\n<meta name=\"twitter:label1\" content=\"Escrito por\" \/>\n\t<meta name=\"twitter:data1\" content=\"Redacci\u00f3n\" \/>\n\t<meta name=\"twitter:label2\" content=\"Tiempo de lectura\" \/>\n\t<meta name=\"twitter:data2\" content=\"2 minutos\" \/>\n<script type=\"application\/ld+json\" class=\"yoast-schema-graph\">{\"@context\":\"https:\/\/schema.org\",\"@graph\":[{\"@type\":\"Article\",\"@id\":\"https:\/\/nitu.mx\/index.php\/2018\/07\/29\/air-canada-es-la-mejor-aerolinea-norteamericana-por-novena-ocasion-segunda-consecutiva\/#article\",\"isPartOf\":{\"@id\":\"https:\/\/nitu.mx\/index.php\/2018\/07\/29\/air-canada-es-la-mejor-aerolinea-norteamericana-por-novena-ocasion-segunda-consecutiva\/\"},\"author\":{\"name\":\"Redacci\u00f3n\",\"@id\":\"https:\/\/nitu.mx\/#\/schema\/person\/4a28fe9bd65924f7c90623773daf1b0b\"},\"headline\":\"Air Canada es la mejor aerol\u00ednea norteamericana por novena ocasi\u00f3n, segunda consecutiva\",\"datePublished\":\"2018-07-30T04:47:28+00:00\",\"dateModified\":\"2018-07-30T05:43:37+00:00\",\"mainEntityOfPage\":{\"@id\":\"https:\/\/nitu.mx\/index.php\/2018\/07\/29\/air-canada-es-la-mejor-aerolinea-norteamericana-por-novena-ocasion-segunda-consecutiva\/\"},\"wordCount\":378,\"commentCount\":0,\"publisher\":{\"@id\":\"https:\/\/nitu.mx\/#\/schema\/person\/ae7a53426417292d3dd07b45a33e01bc\"},\"image\":{\"@id\":\"https:\/\/nitu.mx\/index.php\/2018\/07\/29\/air-canada-es-la-mejor-aerolinea-norteamericana-por-novena-ocasion-segunda-consecutiva\/#primaryimage\"},\"thumbnailUrl\":\"https:\/\/nitu.mx\/wp-content\/uploads\/2018\/07\/1aircanada.jpg\",\"keywords\":[\"Air Canada\",\"Airbus A220-300\",\"Bombardier Serie C\",\"Calin Rovinescu\",\"CEO de Skytrax World Airline Awards 2018\",\"Edward Plaisted\"],\"articleSection\":[\"Aerol\u00edneas\",\"Internacional\"],\"inLanguage\":\"es-MX\",\"potentialAction\":[{\"@type\":\"CommentAction\",\"name\":\"Comment\",\"target\":[\"https:\/\/nitu.mx\/index.php\/2018\/07\/29\/air-canada-es-la-mejor-aerolinea-norteamericana-por-novena-ocasion-segunda-consecutiva\/#respond\"]}]},{\"@type\":\"WebPage\",\"@id\":\"https:\/\/nitu.mx\/index.php\/2018\/07\/29\/air-canada-es-la-mejor-aerolinea-norteamericana-por-novena-ocasion-segunda-consecutiva\/\",\"url\":\"https:\/\/nitu.mx\/index.php\/2018\/07\/29\/air-canada-es-la-mejor-aerolinea-norteamericana-por-novena-ocasion-segunda-consecutiva\/\",\"name\":\"Air Canada es la mejor aerol\u00ednea norteamericana por novena ocasi\u00f3n, segunda consecutiva - Nitu - Noticias de la Industria Turistica\",\"isPartOf\":{\"@id\":\"https:\/\/nitu.mx\/#website\"},\"primaryImageOfPage\":{\"@id\":\"https:\/\/nitu.mx\/index.php\/2018\/07\/29\/air-canada-es-la-mejor-aerolinea-norteamericana-por-novena-ocasion-segunda-consecutiva\/#primaryimage\"},\"image\":{\"@id\":\"https:\/\/nitu.mx\/index.php\/2018\/07\/29\/air-canada-es-la-mejor-aerolinea-norteamericana-por-novena-ocasion-segunda-consecutiva\/#primaryimage\"},\"thumbnailUrl\":\"https:\/\/nitu.mx\/wp-content\/uploads\/2018\/07\/1aircanada.jpg\",\"datePublished\":\"2018-07-30T04:47:28+00:00\",\"dateModified\":\"2018-07-30T05:43:37+00:00\",\"breadcrumb\":{\"@id\":\"https:\/\/nitu.mx\/index.php\/2018\/07\/29\/air-canada-es-la-mejor-aerolinea-norteamericana-por-novena-ocasion-segunda-consecutiva\/#breadcrumb\"},\"inLanguage\":\"es-MX\",\"potentialAction\":[{\"@type\":\"ReadAction\",\"target\":[\"https:\/\/nitu.mx\/index.php\/2018\/07\/29\/air-canada-es-la-mejor-aerolinea-norteamericana-por-novena-ocasion-segunda-consecutiva\/\"]}]},{\"@type\":\"ImageObject\",\"inLanguage\":\"es-MX\",\"@id\":\"https:\/\/nitu.mx\/index.php\/2018\/07\/29\/air-canada-es-la-mejor-aerolinea-norteamericana-por-novena-ocasion-segunda-consecutiva\/#primaryimage\",\"url\":\"https:\/\/nitu.mx\/wp-content\/uploads\/2018\/07\/1aircanada.jpg\",\"contentUrl\":\"https:\/\/nitu.mx\/wp-content\/uploads\/2018\/07\/1aircanada.jpg\",\"width\":1068,\"height\":534,\"caption\":\"Air Canada\"},{\"@type\":\"BreadcrumbList\",\"@id\":\"https:\/\/nitu.mx\/index.php\/2018\/07\/29\/air-canada-es-la-mejor-aerolinea-norteamericana-por-novena-ocasion-segunda-consecutiva\/#breadcrumb\",\"itemListElement\":[{\"@type\":\"ListItem\",\"position\":1,\"name\":\"Inicio\",\"item\":\"https:\/\/nitu.mx\/\"},{\"@type\":\"ListItem\",\"position\":2,\"name\":\"Air Canada es la mejor aerol\u00ednea norteamericana por novena ocasi\u00f3n, segunda consecutiva\"}]},{\"@type\":\"WebSite\",\"@id\":\"https:\/\/nitu.mx\/#website\",\"url\":\"https:\/\/nitu.mx\/\",\"name\":\"Nitu - Noticias de la Industria Turistica\",\"description\":\"Noticias de la Industria Turistica\",\"publisher\":{\"@id\":\"https:\/\/nitu.mx\/#\/schema\/person\/ae7a53426417292d3dd07b45a33e01bc\"},\"alternateName\":\"Noticias de la Industria Turistica\",\"potentialAction\":[{\"@type\":\"SearchAction\",\"target\":{\"@type\":\"EntryPoint\",\"urlTemplate\":\"https:\/\/nitu.mx\/?s={search_term_string}\"},\"query-input\":\"required name=search_term_string\"}],\"inLanguage\":\"es-MX\"},{\"@type\":[\"Person\",\"Organization\"],\"@id\":\"https:\/\/nitu.mx\/#\/schema\/person\/ae7a53426417292d3dd07b45a33e01bc\",\"name\":\"Arturo Medina\",\"image\":{\"@type\":\"ImageObject\",\"inLanguage\":\"es-MX\",\"@id\":\"https:\/\/nitu.mx\/#\/schema\/person\/image\/\",\"url\":\"https:\/\/nitu.mx\/wp-content\/uploads\/2024\/04\/4A315622-1904-4D5C-B022-878CDC840E04-90x90-1.jpeg\",\"contentUrl\":\"https:\/\/nitu.mx\/wp-content\/uploads\/2024\/04\/4A315622-1904-4D5C-B022-878CDC840E04-90x90-1.jpeg\",\"width\":90,\"height\":90,\"caption\":\"Arturo Medina\"},\"logo\":{\"@id\":\"https:\/\/nitu.mx\/#\/schema\/person\/image\/\"},\"description\":\"Director NITU.mx, Egresado de la Escuela de Periodismo Carlos Septi\u00e9n Garc\u00eda. Periodista y analista especializado en turismo desde hace 35 a\u00f1os, radicado en Canc\u00fan Q.Roo. arturo@nitu.mx\",\"sameAs\":[\"https:\/\/nitu.mx\",\"https:\/\/www.facebook.com\/NITUmx\/\",\"medinacancun\",\"https:\/\/twitter.com\/@Arturo_Medina_G\"]},{\"@type\":\"Person\",\"@id\":\"https:\/\/nitu.mx\/#\/schema\/person\/4a28fe9bd65924f7c90623773daf1b0b\",\"name\":\"Redacci\u00f3n\",\"image\":{\"@type\":\"ImageObject\",\"inLanguage\":\"es-MX\",\"@id\":\"https:\/\/nitu.mx\/#\/schema\/person\/image\/\",\"url\":\"https:\/\/secure.gravatar.com\/avatar\/5dd011c8ccfc5cd7e4c81e42252aab38?s=96&d=mm&r=g\",\"contentUrl\":\"https:\/\/secure.gravatar.com\/avatar\/5dd011c8ccfc5cd7e4c81e42252aab38?s=96&d=mm&r=g\",\"caption\":\"Redacci\u00f3n\"},\"url\":\"https:\/\/nitu.mx\/index.php\/author\/redaccion\/\"}]}<\/script>\n<!-- \/ Yoast SEO plugin. -->","yoast_head_json":{"title":"Air Canada es la mejor aerol\u00ednea norteamericana por novena ocasi\u00f3n, segunda consecutiva - Nitu - Noticias de la Industria Turistica","robots":{"index":"index","follow":"follow","max-snippet":"max-snippet:-1","max-image-preview":"max-image-preview:large","max-video-preview":"max-video-preview:-1"},"canonical":"https:\/\/nitu.mx\/index.php\/2018\/07\/29\/air-canada-es-la-mejor-aerolinea-norteamericana-por-novena-ocasion-segunda-consecutiva\/","twitter_card":"summary_large_image","twitter_title":"Air Canada es la mejor aerol\u00ednea norteamericana por novena ocasi\u00f3n, segunda consecutiva - Nitu - Noticias de la Industria Turistica","twitter_description":"Air Canada fue nombrada como la Mejor Aerol\u00ednea Norteamericana por novena ocasi\u00f3n por los Skytrax World Airline Awards 2018, adem\u00e1s de ser segundo reconocimiento consecutivo. Por medio de un comunicado se detall\u00f3 que en los \u00faltimos en los \u00faltimos nueve a\u00f1os, la aerol\u00ednea es galardonada con este reconocimiento, el cual se basa en encuestas de [&hellip;]","twitter_image":"https:\/\/nitu.mx\/wp-content\/uploads\/2018\/07\/1aircanada.jpg","twitter_creator":"@NITUmx","twitter_site":"@Arturo_Medina_G","twitter_misc":{"Escrito por":"Redacci\u00f3n","Tiempo de lectura":"2 minutos"},"schema":{"@context":"https:\/\/schema.org","@graph":[{"@type":"Article","@id":"https:\/\/nitu.mx\/index.php\/2018\/07\/29\/air-canada-es-la-mejor-aerolinea-norteamericana-por-novena-ocasion-segunda-consecutiva\/#article","isPartOf":{"@id":"https:\/\/nitu.mx\/index.php\/2018\/07\/29\/air-canada-es-la-mejor-aerolinea-norteamericana-por-novena-ocasion-segunda-consecutiva\/"},"author":{"name":"Redacci\u00f3n","@id":"https:\/\/nitu.mx\/#\/schema\/person\/4a28fe9bd65924f7c90623773daf1b0b"},"headline":"Air Canada es la mejor aerol\u00ednea norteamericana por novena ocasi\u00f3n, segunda consecutiva","datePublished":"2018-07-30T04:47:28+00:00","dateModified":"2018-07-30T05:43:37+00:00","mainEntityOfPage":{"@id":"https:\/\/nitu.mx\/index.php\/2018\/07\/29\/air-canada-es-la-mejor-aerolinea-norteamericana-por-novena-ocasion-segunda-consecutiva\/"},"wordCount":378,"commentCount":0,"publisher":{"@id":"https:\/\/nitu.mx\/#\/schema\/person\/ae7a53426417292d3dd07b45a33e01bc"},"image":{"@id":"https:\/\/nitu.mx\/index.php\/2018\/07\/29\/air-canada-es-la-mejor-aerolinea-norteamericana-por-novena-ocasion-segunda-consecutiva\/#primaryimage"},"thumbnailUrl":"https:\/\/nitu.mx\/wp-content\/uploads\/2018\/07\/1aircanada.jpg","keywords":["Air Canada","Airbus A220-300","Bombardier Serie C","Calin Rovinescu","CEO de Skytrax World Airline Awards 2018","Edward Plaisted"],"articleSection":["Aerol\u00edneas","Internacional"],"inLanguage":"es-MX","potentialAction":[{"@type":"CommentAction","name":"Comment","target":["https:\/\/nitu.mx\/index.php\/2018\/07\/29\/air-canada-es-la-mejor-aerolinea-norteamericana-por-novena-ocasion-segunda-consecutiva\/#respond"]}]},{"@type":"WebPage","@id":"https:\/\/nitu.mx\/index.php\/2018\/07\/29\/air-canada-es-la-mejor-aerolinea-norteamericana-por-novena-ocasion-segunda-consecutiva\/","url":"https:\/\/nitu.mx\/index.php\/2018\/07\/29\/air-canada-es-la-mejor-aerolinea-norteamericana-por-novena-ocasion-segunda-consecutiva\/","name":"Air Canada es la mejor aerol\u00ednea norteamericana por novena ocasi\u00f3n, segunda consecutiva - Nitu - Noticias de la Industria Turistica","isPartOf":{"@id":"https:\/\/nitu.mx\/#website"},"primaryImageOfPage":{"@id":"https:\/\/nitu.mx\/index.php\/2018\/07\/29\/air-canada-es-la-mejor-aerolinea-norteamericana-por-novena-ocasion-segunda-consecutiva\/#primaryimage"},"image":{"@id":"https:\/\/nitu.mx\/index.php\/2018\/07\/29\/air-canada-es-la-mejor-aerolinea-norteamericana-por-novena-ocasion-segunda-consecutiva\/#primaryimage"},"thumbnailUrl":"https:\/\/nitu.mx\/wp-content\/uploads\/2018\/07\/1aircanada.jpg","datePublished":"2018-07-30T04:47:28+00:00","dateModified":"2018-07-30T05:43:37+00:00","breadcrumb":{"@id":"https:\/\/nitu.mx\/index.php\/2018\/07\/29\/air-canada-es-la-mejor-aerolinea-norteamericana-por-novena-ocasion-segunda-consecutiva\/#breadcrumb"},"inLanguage":"es-MX","potentialAction":[{"@type":"ReadAction","target":["https:\/\/nitu.mx\/index.php\/2018\/07\/29\/air-canada-es-la-mejor-aerolinea-norteamericana-por-novena-ocasion-segunda-consecutiva\/"]}]},{"@type":"ImageObject","inLanguage":"es-MX","@id":"https:\/\/nitu.mx\/index.php\/2018\/07\/29\/air-canada-es-la-mejor-aerolinea-norteamericana-por-novena-ocasion-segunda-consecutiva\/#primaryimage","url":"https:\/\/nitu.mx\/wp-content\/uploads\/2018\/07\/1aircanada.jpg","contentUrl":"https:\/\/nitu.mx\/wp-content\/uploads\/2018\/07\/1aircanada.jpg","width":1068,"height":534,"caption":"Air Canada"},{"@type":"BreadcrumbList","@id":"https:\/\/nitu.mx\/index.php\/2018\/07\/29\/air-canada-es-la-mejor-aerolinea-norteamericana-por-novena-ocasion-segunda-consecutiva\/#breadcrumb","itemListElement":[{"@type":"ListItem","position":1,"name":"Inicio","item":"https:\/\/nitu.mx\/"},{"@type":"ListItem","position":2,"name":"Air Canada es la mejor aerol\u00ednea norteamericana por novena ocasi\u00f3n, segunda consecutiva"}]},{"@type":"WebSite","@id":"https:\/\/nitu.mx\/#website","url":"https:\/\/nitu.mx\/","name":"Nitu - Noticias de la Industria Turistica","description":"Noticias de la Industria Turistica","publisher":{"@id":"https:\/\/nitu.mx\/#\/schema\/person\/ae7a53426417292d3dd07b45a33e01bc"},"alternateName":"Noticias de la Industria Turistica","potentialAction":[{"@type":"SearchAction","target":{"@type":"EntryPoint","urlTemplate":"https:\/\/nitu.mx\/?s={search_term_string}"},"query-input":"required name=search_term_string"}],"inLanguage":"es-MX"},{"@type":["Person","Organization"],"@id":"https:\/\/nitu.mx\/#\/schema\/person\/ae7a53426417292d3dd07b45a33e01bc","name":"Arturo Medina","image":{"@type":"ImageObject","inLanguage":"es-MX","@id":"https:\/\/nitu.mx\/#\/schema\/person\/image\/","url":"https:\/\/nitu.mx\/wp-content\/uploads\/2024\/04\/4A315622-1904-4D5C-B022-878CDC840E04-90x90-1.jpeg","contentUrl":"https:\/\/nitu.mx\/wp-content\/uploads\/2024\/04\/4A315622-1904-4D5C-B022-878CDC840E04-90x90-1.jpeg","width":90,"height":90,"caption":"Arturo Medina"},"logo":{"@id":"https:\/\/nitu.mx\/#\/schema\/person\/image\/"},"description":"Director NITU.mx, Egresado de la Escuela de Periodismo Carlos Septi\u00e9n Garc\u00eda. Periodista y analista especializado en turismo desde hace 35 a\u00f1os, radicado en Canc\u00fan Q.Roo. arturo@nitu.mx","sameAs":["https:\/\/nitu.mx","https:\/\/www.facebook.com\/NITUmx\/","medinacancun","https:\/\/twitter.com\/@Arturo_Medina_G"]},{"@type":"Person","@id":"https:\/\/nitu.mx\/#\/schema\/person\/4a28fe9bd65924f7c90623773daf1b0b","name":"Redacci\u00f3n","image":{"@type":"ImageObject","inLanguage":"es-MX","@id":"https:\/\/nitu.mx\/#\/schema\/person\/image\/","url":"https:\/\/secure.gravatar.com\/avatar\/5dd011c8ccfc5cd7e4c81e42252aab38?s=96&d=mm&r=g","contentUrl":"https:\/\/secure.gravatar.com\/avatar\/5dd011c8ccfc5cd7e4c81e42252aab38?s=96&d=mm&r=g","caption":"Redacci\u00f3n"},"url":"https:\/\/nitu.mx\/index.php\/author\/redaccion\/"}]}},"views":238,"_links":{"self":[{"href":"https:\/\/nitu.mx\/index.php\/wp-json\/wp\/v2\/posts\/22951"}],"collection":[{"href":"https:\/\/nitu.mx\/index.php\/wp-json\/wp\/v2\/posts"}],"about":[{"href":"https:\/\/nitu.mx\/index.php\/wp-json\/wp\/v2\/types\/post"}],"author":[{"embeddable":true,"href":"https:\/\/nitu.mx\/index.php\/wp-json\/wp\/v2\/users\/17"}],"replies":[{"embeddable":true,"href":"https:\/\/nitu.mx\/index.php\/wp-json\/wp\/v2\/comments?post=22951"}],"version-history":[{"count":2,"href":"https:\/\/nitu.mx\/index.php\/wp-json\/wp\/v2\/posts\/22951\/revisions"}],"predecessor-version":[{"id":22971,"href":"https:\/\/nitu.mx\/index.php\/wp-json\/wp\/v2\/posts\/22951\/revisions\/22971"}],"wp:featuredmedia":[{"embeddable":true,"href":"https:\/\/nitu.mx\/index.php\/wp-json\/wp\/v2\/media\/22952"}],"wp:attachment":[{"href":"https:\/\/nitu.mx\/index.php\/wp-json\/wp\/v2\/media?parent=22951"}],"wp:term":[{"taxonomy":"category","embeddable":true,"href":"https:\/\/nitu.mx\/index.php\/wp-json\/wp\/v2\/categories?post=22951"},{"taxonomy":"post_tag","embeddable":true,"href":"https:\/\/nitu.mx\/index.php\/wp-json\/wp\/v2\/tags?post=22951"}],"curies":[{"name":"wp","href":"https:\/\/api.w.org\/{rel}","templated":true}]}}