{"id":22937,"date":"2018-07-29T23:16:53","date_gmt":"2018-07-30T04:16:53","guid":{"rendered":"https:\/\/www.dev.nitu.mx\/?p=22937"},"modified":"2018-07-30T00:44:17","modified_gmt":"2018-07-30T05:44:17","slug":"grand-velas-riviera-maya-anuncia-el-evento-the-best-of-mexicos-culinary-traditions","status":"publish","type":"post","link":"https:\/\/nitu.mx\/index.php\/2018\/07\/29\/grand-velas-riviera-maya-anuncia-el-evento-the-best-of-mexicos-culinary-traditions\/","title":{"rendered":"Grand Velas Riviera Maya anuncia el evento The Best Of Mexico\u2019s Culinary Traditions"},"content":{"rendered":"<p>Del 10 al 14 de octubre de 2018, el Grand Velas Riviera Maya realizar\u00e1 el\u00a0 The Best Of Mexico\u2019s Culinary Traditions con los chefs invitados, Reyna Mendoza, Ricardo Mu\u00f1oz Zurita, Pablo Salas, David Cetina y Joel Ornelas, quienes deleitar\u00e1n los paladares de los asistentes con men\u00fas de degustaci\u00f3n de diez tiempos.<\/p>\n<p>En este evento, los chefs invitados compartir\u00e1n su pasi\u00f3n y amor al arte culinario con men\u00fas de degustaci\u00f3n de diez tiempos confeccionados para exaltar los sabores legendarios de M\u00e9xico y rescatar las t\u00e9cnicas ancestrales de preparaci\u00f3n. La experiencia al paladar ser\u00e1 un despliegue de sabores maridados con mezcales y cervezas artesanales.<\/p>\n<p>Los invitados de honor de este a\u00f1o son los chefs: Reyna Mendoza, reconocida por su pasi\u00f3n por la cocina tradicional y representante de la cocina oaxaque\u00f1a; Ricardo Mu\u00f1oz Zurita, considerado una autoridad en la cocina mexicana, y autor de una enciclopedia sobre el tema; David Cetina, famoso por su experiencia en la comida yucateca; Joel Ornelas, conocido por su reinterpretaci\u00f3n contempor\u00e1nea de los platillos tradicionales; y Pablo Salas, cuyo restaurante Amaranta ha sido nombrado entre los 50 mejores restaurantes de Am\u00e9rica Latina. Los chefs anfitriones, a cuyo cargo se encuentra el restaurante Chak\u00e1 de especialidades de la pen\u00ednsula de Yucat\u00e1n, son Humberto May Tamay y Laura Avalos. (<a title=\"Grand Velas Riviera Maya recibe certificaci\u00f3n por excelencia en el segmento de bodas y romance\" href=\"https:\/\/www.dev.nitu.mx\/index.php\/2017\/07\/07\/grand-velas-riviera-maya-recibe-certificacion-por-excelencia-en-el-segmento-de-bodas-y-romance\/\" rel=\"bookmark\">Grand Velas Riviera Maya recibe certificaci\u00f3n por excelencia en el segmento de bodas y romance<\/a>).<\/p>\n<p>The Best of Mexico\u00b4s Culinary Traditions \u2013 Riviera Maya es organizado por el Director Culinario de Velas Resorts y Maestro Cocinero de Francia, Michel Musti\u00e9re junto con Mario L\u00f3pez, Chef Ejecutivo de Grand Velas Riviera Maya y forma parte del compromiso adquirido por Grand Velas de promover la gastronom\u00eda de M\u00e9xico y el mundo a trav\u00e9s de eventos como The Best of France en 2015, The Best of Mexico en 2016 y The Best of Cocina de Autor en 2017.<\/p>\n<p>El ambiente del restaurante anfitri\u00f3n, Chak\u00e1, est\u00e1 inspirado en la regi\u00f3n sureste de M\u00e9xico y se integra de manera org\u00e1nica al entorno natural, rodeado de \u00e1rboles de Salam, Chech\u00e9n y Chak\u00e1 y cenotes interiores. Las cenas estar\u00e1n abiertas al p\u00fablico en general y a los hu\u00e9spedes del resort quienes podr\u00e1n disfrutar de esta gran experiencia como uno de los privilegios de su plan Todo Incluido.<\/p>\n","protected":false},"excerpt":{"rendered":"<p>Del 10 al 14 de octubre de 2018, el Grand Velas Riviera Maya realizar\u00e1 el\u00a0 The Best Of Mexico\u2019s Culinary Traditions con los chefs invitados, Reyna Mendoza, Ricardo Mu\u00f1oz Zurita, Pablo Salas, David Cetina y Joel Ornelas, quienes deleitar\u00e1n los paladares de los asistentes con men\u00fas de degustaci\u00f3n de diez tiempos. En este evento, los [&hellip;]<\/p>\n","protected":false},"author":17,"featured_media":22962,"comment_status":"open","ping_status":"open","sticky":false,"template":"","format":"standard","meta":{"footnotes":""},"categories":[5,2],"tags":[11514,11518,11515,11513,11512,4966,11517],"yoast_head":"<!-- This site is optimized with the Yoast SEO plugin v22.2 - https:\/\/yoast.com\/wordpress\/plugins\/seo\/ -->\n<title>Grand Velas Riviera Maya anuncia el evento The Best Of Mexico\u2019s Culinary Traditions - Nitu - Noticias de la Industria Turistica<\/title>\n<meta name=\"robots\" content=\"index, follow, max-snippet:-1, max-image-preview:large, max-video-preview:-1\" \/>\n<link rel=\"canonical\" href=\"https:\/\/nitu.mx\/index.php\/2018\/07\/29\/grand-velas-riviera-maya-anuncia-el-evento-the-best-of-mexicos-culinary-traditions\/\" \/>\n<meta name=\"twitter:card\" content=\"summary_large_image\" \/>\n<meta name=\"twitter:title\" content=\"Grand Velas Riviera Maya anuncia el evento The Best Of Mexico\u2019s Culinary Traditions - Nitu - Noticias de la Industria Turistica\" \/>\n<meta name=\"twitter:description\" content=\"Del 10 al 14 de octubre de 2018, el Grand Velas Riviera Maya realizar\u00e1 el\u00a0 The Best Of Mexico\u2019s Culinary Traditions con los chefs invitados, Reyna Mendoza, Ricardo Mu\u00f1oz Zurita, Pablo Salas, David Cetina y Joel Ornelas, quienes deleitar\u00e1n los paladares de los asistentes con men\u00fas de degustaci\u00f3n de diez tiempos. En este evento, los [&hellip;]\" \/>\n<meta name=\"twitter:image\" content=\"https:\/\/nitu.mx\/wp-content\/uploads\/2018\/07\/grand-velas-riviera-maya.jpg\" \/>\n<meta name=\"twitter:creator\" content=\"@NITUmx\" \/>\n<meta name=\"twitter:site\" content=\"@Arturo_Medina_G\" \/>\n<meta name=\"twitter:label1\" content=\"Escrito por\" \/>\n\t<meta name=\"twitter:data1\" content=\"Redacci\u00f3n\" \/>\n\t<meta name=\"twitter:label2\" content=\"Tiempo de lectura\" \/>\n\t<meta name=\"twitter:data2\" content=\"2 minutos\" \/>\n<script type=\"application\/ld+json\" class=\"yoast-schema-graph\">{\"@context\":\"https:\/\/schema.org\",\"@graph\":[{\"@type\":\"Article\",\"@id\":\"https:\/\/nitu.mx\/index.php\/2018\/07\/29\/grand-velas-riviera-maya-anuncia-el-evento-the-best-of-mexicos-culinary-traditions\/#article\",\"isPartOf\":{\"@id\":\"https:\/\/nitu.mx\/index.php\/2018\/07\/29\/grand-velas-riviera-maya-anuncia-el-evento-the-best-of-mexicos-culinary-traditions\/\"},\"author\":{\"name\":\"Redacci\u00f3n\",\"@id\":\"https:\/\/nitu.mx\/#\/schema\/person\/4a28fe9bd65924f7c90623773daf1b0b\"},\"headline\":\"Grand Velas Riviera Maya anuncia el evento The Best Of Mexico\u2019s Culinary Traditions\",\"datePublished\":\"2018-07-30T04:16:53+00:00\",\"dateModified\":\"2018-07-30T05:44:17+00:00\",\"mainEntityOfPage\":{\"@id\":\"https:\/\/nitu.mx\/index.php\/2018\/07\/29\/grand-velas-riviera-maya-anuncia-el-evento-the-best-of-mexicos-culinary-traditions\/\"},\"wordCount\":412,\"commentCount\":0,\"publisher\":{\"@id\":\"https:\/\/nitu.mx\/#\/schema\/person\/ae7a53426417292d3dd07b45a33e01bc\"},\"image\":{\"@id\":\"https:\/\/nitu.mx\/index.php\/2018\/07\/29\/grand-velas-riviera-maya-anuncia-el-evento-the-best-of-mexicos-culinary-traditions\/#primaryimage\"},\"thumbnailUrl\":\"https:\/\/nitu.mx\/wp-content\/uploads\/2018\/07\/grand-velas-riviera-maya.jpg\",\"keywords\":[\"David Cetina\",\"Grand Velas Riviera Maya\",\"Joel Ornelas\",\"Pablo Salas\",\"Reyna Mendoza\",\"Ricardo Mu\u00f1oz Zurita\",\"The Best Of Mexico\u2019s Culinary Traditions\"],\"articleSection\":[\"Destinos\",\"Hoteles\"],\"inLanguage\":\"es-MX\",\"potentialAction\":[{\"@type\":\"CommentAction\",\"name\":\"Comment\",\"target\":[\"https:\/\/nitu.mx\/index.php\/2018\/07\/29\/grand-velas-riviera-maya-anuncia-el-evento-the-best-of-mexicos-culinary-traditions\/#respond\"]}]},{\"@type\":\"WebPage\",\"@id\":\"https:\/\/nitu.mx\/index.php\/2018\/07\/29\/grand-velas-riviera-maya-anuncia-el-evento-the-best-of-mexicos-culinary-traditions\/\",\"url\":\"https:\/\/nitu.mx\/index.php\/2018\/07\/29\/grand-velas-riviera-maya-anuncia-el-evento-the-best-of-mexicos-culinary-traditions\/\",\"name\":\"Grand Velas Riviera Maya anuncia el evento The Best Of Mexico\u2019s Culinary Traditions - Nitu - Noticias de la Industria Turistica\",\"isPartOf\":{\"@id\":\"https:\/\/nitu.mx\/#website\"},\"primaryImageOfPage\":{\"@id\":\"https:\/\/nitu.mx\/index.php\/2018\/07\/29\/grand-velas-riviera-maya-anuncia-el-evento-the-best-of-mexicos-culinary-traditions\/#primaryimage\"},\"image\":{\"@id\":\"https:\/\/nitu.mx\/index.php\/2018\/07\/29\/grand-velas-riviera-maya-anuncia-el-evento-the-best-of-mexicos-culinary-traditions\/#primaryimage\"},\"thumbnailUrl\":\"https:\/\/nitu.mx\/wp-content\/uploads\/2018\/07\/grand-velas-riviera-maya.jpg\",\"datePublished\":\"2018-07-30T04:16:53+00:00\",\"dateModified\":\"2018-07-30T05:44:17+00:00\",\"breadcrumb\":{\"@id\":\"https:\/\/nitu.mx\/index.php\/2018\/07\/29\/grand-velas-riviera-maya-anuncia-el-evento-the-best-of-mexicos-culinary-traditions\/#breadcrumb\"},\"inLanguage\":\"es-MX\",\"potentialAction\":[{\"@type\":\"ReadAction\",\"target\":[\"https:\/\/nitu.mx\/index.php\/2018\/07\/29\/grand-velas-riviera-maya-anuncia-el-evento-the-best-of-mexicos-culinary-traditions\/\"]}]},{\"@type\":\"ImageObject\",\"inLanguage\":\"es-MX\",\"@id\":\"https:\/\/nitu.mx\/index.php\/2018\/07\/29\/grand-velas-riviera-maya-anuncia-el-evento-the-best-of-mexicos-culinary-traditions\/#primaryimage\",\"url\":\"https:\/\/nitu.mx\/wp-content\/uploads\/2018\/07\/grand-velas-riviera-maya.jpg\",\"contentUrl\":\"https:\/\/nitu.mx\/wp-content\/uploads\/2018\/07\/grand-velas-riviera-maya.jpg\",\"width\":850,\"height\":480,\"caption\":\"grand velas riviera maya Caribe\"},{\"@type\":\"BreadcrumbList\",\"@id\":\"https:\/\/nitu.mx\/index.php\/2018\/07\/29\/grand-velas-riviera-maya-anuncia-el-evento-the-best-of-mexicos-culinary-traditions\/#breadcrumb\",\"itemListElement\":[{\"@type\":\"ListItem\",\"position\":1,\"name\":\"Inicio\",\"item\":\"https:\/\/nitu.mx\/\"},{\"@type\":\"ListItem\",\"position\":2,\"name\":\"Grand Velas Riviera Maya anuncia el evento The Best Of Mexico\u2019s Culinary Traditions\"}]},{\"@type\":\"WebSite\",\"@id\":\"https:\/\/nitu.mx\/#website\",\"url\":\"https:\/\/nitu.mx\/\",\"name\":\"Nitu - Noticias de la Industria Turistica\",\"description\":\"Noticias de la Industria Turistica\",\"publisher\":{\"@id\":\"https:\/\/nitu.mx\/#\/schema\/person\/ae7a53426417292d3dd07b45a33e01bc\"},\"alternateName\":\"Noticias de la Industria Turistica\",\"potentialAction\":[{\"@type\":\"SearchAction\",\"target\":{\"@type\":\"EntryPoint\",\"urlTemplate\":\"https:\/\/nitu.mx\/?s={search_term_string}\"},\"query-input\":\"required name=search_term_string\"}],\"inLanguage\":\"es-MX\"},{\"@type\":[\"Person\",\"Organization\"],\"@id\":\"https:\/\/nitu.mx\/#\/schema\/person\/ae7a53426417292d3dd07b45a33e01bc\",\"name\":\"Arturo Medina\",\"image\":{\"@type\":\"ImageObject\",\"inLanguage\":\"es-MX\",\"@id\":\"https:\/\/nitu.mx\/#\/schema\/person\/image\/\",\"url\":\"https:\/\/nitu.mx\/wp-content\/uploads\/2024\/04\/4A315622-1904-4D5C-B022-878CDC840E04-90x90-1.jpeg\",\"contentUrl\":\"https:\/\/nitu.mx\/wp-content\/uploads\/2024\/04\/4A315622-1904-4D5C-B022-878CDC840E04-90x90-1.jpeg\",\"width\":90,\"height\":90,\"caption\":\"Arturo Medina\"},\"logo\":{\"@id\":\"https:\/\/nitu.mx\/#\/schema\/person\/image\/\"},\"description\":\"Director NITU.mx, Egresado de la Escuela de Periodismo Carlos Septi\u00e9n Garc\u00eda. Periodista y analista especializado en turismo desde hace 35 a\u00f1os, radicado en Canc\u00fan Q.Roo. arturo@nitu.mx\",\"sameAs\":[\"https:\/\/nitu.mx\",\"https:\/\/www.facebook.com\/NITUmx\/\",\"medinacancun\",\"https:\/\/twitter.com\/@Arturo_Medina_G\"]},{\"@type\":\"Person\",\"@id\":\"https:\/\/nitu.mx\/#\/schema\/person\/4a28fe9bd65924f7c90623773daf1b0b\",\"name\":\"Redacci\u00f3n\",\"image\":{\"@type\":\"ImageObject\",\"inLanguage\":\"es-MX\",\"@id\":\"https:\/\/nitu.mx\/#\/schema\/person\/image\/\",\"url\":\"https:\/\/secure.gravatar.com\/avatar\/5dd011c8ccfc5cd7e4c81e42252aab38?s=96&d=mm&r=g\",\"contentUrl\":\"https:\/\/secure.gravatar.com\/avatar\/5dd011c8ccfc5cd7e4c81e42252aab38?s=96&d=mm&r=g\",\"caption\":\"Redacci\u00f3n\"},\"url\":\"https:\/\/nitu.mx\/index.php\/author\/redaccion\/\"}]}<\/script>\n<!-- \/ Yoast SEO plugin. -->","yoast_head_json":{"title":"Grand Velas Riviera Maya anuncia el evento The Best Of Mexico\u2019s Culinary Traditions - Nitu - Noticias de la Industria Turistica","robots":{"index":"index","follow":"follow","max-snippet":"max-snippet:-1","max-image-preview":"max-image-preview:large","max-video-preview":"max-video-preview:-1"},"canonical":"https:\/\/nitu.mx\/index.php\/2018\/07\/29\/grand-velas-riviera-maya-anuncia-el-evento-the-best-of-mexicos-culinary-traditions\/","twitter_card":"summary_large_image","twitter_title":"Grand Velas Riviera Maya anuncia el evento The Best Of Mexico\u2019s Culinary Traditions - Nitu - Noticias de la Industria Turistica","twitter_description":"Del 10 al 14 de octubre de 2018, el Grand Velas Riviera Maya realizar\u00e1 el\u00a0 The Best Of Mexico\u2019s Culinary Traditions con los chefs invitados, Reyna Mendoza, Ricardo Mu\u00f1oz Zurita, Pablo Salas, David Cetina y Joel Ornelas, quienes deleitar\u00e1n los paladares de los asistentes con men\u00fas de degustaci\u00f3n de diez tiempos. En este evento, los [&hellip;]","twitter_image":"https:\/\/nitu.mx\/wp-content\/uploads\/2018\/07\/grand-velas-riviera-maya.jpg","twitter_creator":"@NITUmx","twitter_site":"@Arturo_Medina_G","twitter_misc":{"Escrito por":"Redacci\u00f3n","Tiempo de lectura":"2 minutos"},"schema":{"@context":"https:\/\/schema.org","@graph":[{"@type":"Article","@id":"https:\/\/nitu.mx\/index.php\/2018\/07\/29\/grand-velas-riviera-maya-anuncia-el-evento-the-best-of-mexicos-culinary-traditions\/#article","isPartOf":{"@id":"https:\/\/nitu.mx\/index.php\/2018\/07\/29\/grand-velas-riviera-maya-anuncia-el-evento-the-best-of-mexicos-culinary-traditions\/"},"author":{"name":"Redacci\u00f3n","@id":"https:\/\/nitu.mx\/#\/schema\/person\/4a28fe9bd65924f7c90623773daf1b0b"},"headline":"Grand Velas Riviera Maya anuncia el evento The Best Of Mexico\u2019s Culinary Traditions","datePublished":"2018-07-30T04:16:53+00:00","dateModified":"2018-07-30T05:44:17+00:00","mainEntityOfPage":{"@id":"https:\/\/nitu.mx\/index.php\/2018\/07\/29\/grand-velas-riviera-maya-anuncia-el-evento-the-best-of-mexicos-culinary-traditions\/"},"wordCount":412,"commentCount":0,"publisher":{"@id":"https:\/\/nitu.mx\/#\/schema\/person\/ae7a53426417292d3dd07b45a33e01bc"},"image":{"@id":"https:\/\/nitu.mx\/index.php\/2018\/07\/29\/grand-velas-riviera-maya-anuncia-el-evento-the-best-of-mexicos-culinary-traditions\/#primaryimage"},"thumbnailUrl":"https:\/\/nitu.mx\/wp-content\/uploads\/2018\/07\/grand-velas-riviera-maya.jpg","keywords":["David Cetina","Grand Velas Riviera Maya","Joel Ornelas","Pablo Salas","Reyna Mendoza","Ricardo Mu\u00f1oz Zurita","The Best Of Mexico\u2019s Culinary Traditions"],"articleSection":["Destinos","Hoteles"],"inLanguage":"es-MX","potentialAction":[{"@type":"CommentAction","name":"Comment","target":["https:\/\/nitu.mx\/index.php\/2018\/07\/29\/grand-velas-riviera-maya-anuncia-el-evento-the-best-of-mexicos-culinary-traditions\/#respond"]}]},{"@type":"WebPage","@id":"https:\/\/nitu.mx\/index.php\/2018\/07\/29\/grand-velas-riviera-maya-anuncia-el-evento-the-best-of-mexicos-culinary-traditions\/","url":"https:\/\/nitu.mx\/index.php\/2018\/07\/29\/grand-velas-riviera-maya-anuncia-el-evento-the-best-of-mexicos-culinary-traditions\/","name":"Grand Velas Riviera Maya anuncia el evento The Best Of Mexico\u2019s Culinary Traditions - Nitu - Noticias de la Industria Turistica","isPartOf":{"@id":"https:\/\/nitu.mx\/#website"},"primaryImageOfPage":{"@id":"https:\/\/nitu.mx\/index.php\/2018\/07\/29\/grand-velas-riviera-maya-anuncia-el-evento-the-best-of-mexicos-culinary-traditions\/#primaryimage"},"image":{"@id":"https:\/\/nitu.mx\/index.php\/2018\/07\/29\/grand-velas-riviera-maya-anuncia-el-evento-the-best-of-mexicos-culinary-traditions\/#primaryimage"},"thumbnailUrl":"https:\/\/nitu.mx\/wp-content\/uploads\/2018\/07\/grand-velas-riviera-maya.jpg","datePublished":"2018-07-30T04:16:53+00:00","dateModified":"2018-07-30T05:44:17+00:00","breadcrumb":{"@id":"https:\/\/nitu.mx\/index.php\/2018\/07\/29\/grand-velas-riviera-maya-anuncia-el-evento-the-best-of-mexicos-culinary-traditions\/#breadcrumb"},"inLanguage":"es-MX","potentialAction":[{"@type":"ReadAction","target":["https:\/\/nitu.mx\/index.php\/2018\/07\/29\/grand-velas-riviera-maya-anuncia-el-evento-the-best-of-mexicos-culinary-traditions\/"]}]},{"@type":"ImageObject","inLanguage":"es-MX","@id":"https:\/\/nitu.mx\/index.php\/2018\/07\/29\/grand-velas-riviera-maya-anuncia-el-evento-the-best-of-mexicos-culinary-traditions\/#primaryimage","url":"https:\/\/nitu.mx\/wp-content\/uploads\/2018\/07\/grand-velas-riviera-maya.jpg","contentUrl":"https:\/\/nitu.mx\/wp-content\/uploads\/2018\/07\/grand-velas-riviera-maya.jpg","width":850,"height":480,"caption":"grand velas riviera maya Caribe"},{"@type":"BreadcrumbList","@id":"https:\/\/nitu.mx\/index.php\/2018\/07\/29\/grand-velas-riviera-maya-anuncia-el-evento-the-best-of-mexicos-culinary-traditions\/#breadcrumb","itemListElement":[{"@type":"ListItem","position":1,"name":"Inicio","item":"https:\/\/nitu.mx\/"},{"@type":"ListItem","position":2,"name":"Grand Velas Riviera Maya anuncia el evento The Best Of Mexico\u2019s Culinary Traditions"}]},{"@type":"WebSite","@id":"https:\/\/nitu.mx\/#website","url":"https:\/\/nitu.mx\/","name":"Nitu - Noticias de la Industria Turistica","description":"Noticias de la Industria Turistica","publisher":{"@id":"https:\/\/nitu.mx\/#\/schema\/person\/ae7a53426417292d3dd07b45a33e01bc"},"alternateName":"Noticias de la Industria Turistica","potentialAction":[{"@type":"SearchAction","target":{"@type":"EntryPoint","urlTemplate":"https:\/\/nitu.mx\/?s={search_term_string}"},"query-input":"required name=search_term_string"}],"inLanguage":"es-MX"},{"@type":["Person","Organization"],"@id":"https:\/\/nitu.mx\/#\/schema\/person\/ae7a53426417292d3dd07b45a33e01bc","name":"Arturo Medina","image":{"@type":"ImageObject","inLanguage":"es-MX","@id":"https:\/\/nitu.mx\/#\/schema\/person\/image\/","url":"https:\/\/nitu.mx\/wp-content\/uploads\/2024\/04\/4A315622-1904-4D5C-B022-878CDC840E04-90x90-1.jpeg","contentUrl":"https:\/\/nitu.mx\/wp-content\/uploads\/2024\/04\/4A315622-1904-4D5C-B022-878CDC840E04-90x90-1.jpeg","width":90,"height":90,"caption":"Arturo Medina"},"logo":{"@id":"https:\/\/nitu.mx\/#\/schema\/person\/image\/"},"description":"Director NITU.mx, Egresado de la Escuela de Periodismo Carlos Septi\u00e9n Garc\u00eda. Periodista y analista especializado en turismo desde hace 35 a\u00f1os, radicado en Canc\u00fan Q.Roo. arturo@nitu.mx","sameAs":["https:\/\/nitu.mx","https:\/\/www.facebook.com\/NITUmx\/","medinacancun","https:\/\/twitter.com\/@Arturo_Medina_G"]},{"@type":"Person","@id":"https:\/\/nitu.mx\/#\/schema\/person\/4a28fe9bd65924f7c90623773daf1b0b","name":"Redacci\u00f3n","image":{"@type":"ImageObject","inLanguage":"es-MX","@id":"https:\/\/nitu.mx\/#\/schema\/person\/image\/","url":"https:\/\/secure.gravatar.com\/avatar\/5dd011c8ccfc5cd7e4c81e42252aab38?s=96&d=mm&r=g","contentUrl":"https:\/\/secure.gravatar.com\/avatar\/5dd011c8ccfc5cd7e4c81e42252aab38?s=96&d=mm&r=g","caption":"Redacci\u00f3n"},"url":"https:\/\/nitu.mx\/index.php\/author\/redaccion\/"}]}},"views":209,"_links":{"self":[{"href":"https:\/\/nitu.mx\/index.php\/wp-json\/wp\/v2\/posts\/22937"}],"collection":[{"href":"https:\/\/nitu.mx\/index.php\/wp-json\/wp\/v2\/posts"}],"about":[{"href":"https:\/\/nitu.mx\/index.php\/wp-json\/wp\/v2\/types\/post"}],"author":[{"embeddable":true,"href":"https:\/\/nitu.mx\/index.php\/wp-json\/wp\/v2\/users\/17"}],"replies":[{"embeddable":true,"href":"https:\/\/nitu.mx\/index.php\/wp-json\/wp\/v2\/comments?post=22937"}],"version-history":[{"count":3,"href":"https:\/\/nitu.mx\/index.php\/wp-json\/wp\/v2\/posts\/22937\/revisions"}],"predecessor-version":[{"id":22963,"href":"https:\/\/nitu.mx\/index.php\/wp-json\/wp\/v2\/posts\/22937\/revisions\/22963"}],"wp:featuredmedia":[{"embeddable":true,"href":"https:\/\/nitu.mx\/index.php\/wp-json\/wp\/v2\/media\/22962"}],"wp:attachment":[{"href":"https:\/\/nitu.mx\/index.php\/wp-json\/wp\/v2\/media?parent=22937"}],"wp:term":[{"taxonomy":"category","embeddable":true,"href":"https:\/\/nitu.mx\/index.php\/wp-json\/wp\/v2\/categories?post=22937"},{"taxonomy":"post_tag","embeddable":true,"href":"https:\/\/nitu.mx\/index.php\/wp-json\/wp\/v2\/tags?post=22937"}],"curies":[{"name":"wp","href":"https:\/\/api.w.org\/{rel}","templated":true}]}}