{"id":22933,"date":"2018-07-29T23:05:39","date_gmt":"2018-07-30T04:05:39","guid":{"rendered":"https:\/\/www.dev.nitu.mx\/?p=22933"},"modified":"2018-07-30T00:44:30","modified_gmt":"2018-07-30T05:44:30","slug":"ceo-de-volaris-invitado-de-honor-en-evento-de-flight-safety-foundation","status":"publish","type":"post","link":"https:\/\/nitu.mx\/index.php\/2018\/07\/29\/ceo-de-volaris-invitado-de-honor-en-evento-de-flight-safety-foundation\/","title":{"rendered":"CEO de Volaris, invitado de honor en evento de \u2018Flight Safety Foundation\u2019"},"content":{"rendered":"<p>La aerol\u00ednea mexicana Volaris particip\u00f3 en la sexta reuni\u00f3n anual y subasta silenciosa organizada por la fundaci\u00f3n estadounidense \u2018Flight Safety Foundation\u2019.<\/p>\n<p>Enrique Beltranena, fundador y CEO de la aerol\u00ednea, se dirigi\u00f3 a la comunidad de la aviaci\u00f3n como ponente invitado.<\/p>\n<p>La fundaci\u00f3n es una organizaci\u00f3n internacional, sin fines de lucro, dedicada a brindar asesor\u00eda imparcial e independiente en temas de seguridad, as\u00ed como recursos para la industria de la aeron\u00e1utica.<\/p>\n<p>En la sexta reuni\u00f3n anual se dieron cita la comunidad de la aviaci\u00f3n y especialistas en materia de seguridad de todo el mundo. Volaris opera una de las flotas m\u00e1s j\u00f3venes y novedosas.<\/p>\n<p>Desde su fundaci\u00f3n, la aerol\u00ednea no ha reportado ninguna fatalidad y ha sido miembro de la fundaci\u00f3n casi desde su inicio en 2006.<\/p>\n<p>La compa\u00f1\u00eda ha obtenido 7 de 7 \u00edndices de seguridad calificados por AirlineRatings. \u201cLa seguridad es parte de nuestra cultura\u201d, coment\u00f3 Beltranena. (<a title=\"Volaris oferta en \u201ccombo\u201d el pase del CBX y el servicio de shuttle\" href=\"https:\/\/www.dev.nitu.mx\/index.php\/2018\/07\/17\/volaris-oferta-en-combo-el-pase-del-cbx-y-el-servicio-de-shuttle\/\" rel=\"bookmark\">Volaris oferta en \u201ccombo\u201d el pase del CBX y el servicio de shuttle<\/a>).<\/p>\n<p>\u201cEn Volaris ponemos especial atenci\u00f3n al entrenamiento para estar preparados ante lo inesperado. Como CEO, la capacitaci\u00f3n del personal, el reforzamiento de nuestras pol\u00edticas y procesos en los programas de seguridad son parte de mis funciones diarias\u201d, puntualiz\u00f3.<\/p>\n<p>Enrique Beltranena destac\u00f3 tambi\u00e9n la importancia de invertir en la seguridad a\u00e9rea, de la misma manera que la aerol\u00ednea cre\u00f3 y mantiene sus operaciones altamente seguras, a la par de las iniciativas que el CEO considera esenciales para toda la industria.<\/p>\n","protected":false},"excerpt":{"rendered":"<p>La aerol\u00ednea mexicana Volaris particip\u00f3 en la sexta reuni\u00f3n anual y subasta silenciosa organizada por la fundaci\u00f3n estadounidense \u2018Flight Safety Foundation\u2019. Enrique Beltranena, fundador y CEO de la aerol\u00ednea, se dirigi\u00f3 a la comunidad de la aviaci\u00f3n como ponente invitado. La fundaci\u00f3n es una organizaci\u00f3n internacional, sin fines de lucro, dedicada a brindar asesor\u00eda imparcial [&hellip;]<\/p>\n","protected":false},"author":17,"featured_media":22956,"comment_status":"open","ping_status":"open","sticky":false,"template":"","format":"standard","meta":{"footnotes":""},"categories":[29,374],"tags":[435,11509,11537,68,131,1462],"yoast_head":"<!-- This site is optimized with the Yoast SEO plugin v22.2 - https:\/\/yoast.com\/wordpress\/plugins\/seo\/ -->\n<title>CEO de Volaris, invitado de honor en evento de \u2018Flight Safety Foundation\u2019 - Nitu - Noticias de la Industria Turistica<\/title>\n<meta name=\"description\" content=\"La aerol\u00ednea mexicana Volaris particip\u00f3 en la sexta reuni\u00f3n anual y subasta silenciosa organizada por la fundaci\u00f3n estadounidense \u2018Flight Safety Foundation\u2019.\" \/>\n<meta name=\"robots\" content=\"index, follow, max-snippet:-1, max-image-preview:large, max-video-preview:-1\" \/>\n<link rel=\"canonical\" href=\"https:\/\/nitu.mx\/index.php\/2018\/07\/29\/ceo-de-volaris-invitado-de-honor-en-evento-de-flight-safety-foundation\/\" \/>\n<meta name=\"twitter:card\" content=\"summary_large_image\" \/>\n<meta name=\"twitter:title\" content=\"CEO de Volaris, invitado de honor en evento de \u2018Flight Safety Foundation\u2019 - Nitu - Noticias de la Industria Turistica\" \/>\n<meta name=\"twitter:description\" content=\"La aerol\u00ednea mexicana Volaris particip\u00f3 en la sexta reuni\u00f3n anual y subasta silenciosa organizada por la fundaci\u00f3n estadounidense \u2018Flight Safety Foundation\u2019.\" \/>\n<meta name=\"twitter:image\" content=\"https:\/\/nitu.mx\/wp-content\/uploads\/2018\/07\/enrique-beltranena.jpg\" \/>\n<meta name=\"twitter:creator\" content=\"@NITUmx\" \/>\n<meta name=\"twitter:site\" content=\"@Arturo_Medina_G\" \/>\n<meta name=\"twitter:label1\" content=\"Escrito por\" \/>\n\t<meta name=\"twitter:data1\" content=\"Redacci\u00f3n\" \/>\n\t<meta name=\"twitter:label2\" content=\"Tiempo de lectura\" \/>\n\t<meta name=\"twitter:data2\" content=\"1 minuto\" \/>\n<script type=\"application\/ld+json\" class=\"yoast-schema-graph\">{\"@context\":\"https:\/\/schema.org\",\"@graph\":[{\"@type\":\"Article\",\"@id\":\"https:\/\/nitu.mx\/index.php\/2018\/07\/29\/ceo-de-volaris-invitado-de-honor-en-evento-de-flight-safety-foundation\/#article\",\"isPartOf\":{\"@id\":\"https:\/\/nitu.mx\/index.php\/2018\/07\/29\/ceo-de-volaris-invitado-de-honor-en-evento-de-flight-safety-foundation\/\"},\"author\":{\"name\":\"Redacci\u00f3n\",\"@id\":\"https:\/\/nitu.mx\/#\/schema\/person\/4a28fe9bd65924f7c90623773daf1b0b\"},\"headline\":\"CEO de Volaris, invitado de honor en evento de \u2018Flight Safety Foundation\u2019\",\"datePublished\":\"2018-07-30T04:05:39+00:00\",\"dateModified\":\"2018-07-30T05:44:30+00:00\",\"mainEntityOfPage\":{\"@id\":\"https:\/\/nitu.mx\/index.php\/2018\/07\/29\/ceo-de-volaris-invitado-de-honor-en-evento-de-flight-safety-foundation\/\"},\"wordCount\":272,\"commentCount\":0,\"publisher\":{\"@id\":\"https:\/\/nitu.mx\/#\/schema\/person\/ae7a53426417292d3dd07b45a33e01bc\"},\"image\":{\"@id\":\"https:\/\/nitu.mx\/index.php\/2018\/07\/29\/ceo-de-volaris-invitado-de-honor-en-evento-de-flight-safety-foundation\/#primaryimage\"},\"thumbnailUrl\":\"https:\/\/nitu.mx\/wp-content\/uploads\/2018\/07\/enrique-beltranena.jpg\",\"keywords\":[\"Enrique Beltranena\",\"Estados Unidos y Centroam\u00e9rica\",\"Flight Safety Foundation\",\"M\u00e9xico\",\"Volaris\",\"Washington\"],\"articleSection\":[\"Aerol\u00edneas\",\"Internacional\"],\"inLanguage\":\"es-MX\",\"potentialAction\":[{\"@type\":\"CommentAction\",\"name\":\"Comment\",\"target\":[\"https:\/\/nitu.mx\/index.php\/2018\/07\/29\/ceo-de-volaris-invitado-de-honor-en-evento-de-flight-safety-foundation\/#respond\"]}]},{\"@type\":\"WebPage\",\"@id\":\"https:\/\/nitu.mx\/index.php\/2018\/07\/29\/ceo-de-volaris-invitado-de-honor-en-evento-de-flight-safety-foundation\/\",\"url\":\"https:\/\/nitu.mx\/index.php\/2018\/07\/29\/ceo-de-volaris-invitado-de-honor-en-evento-de-flight-safety-foundation\/\",\"name\":\"CEO de Volaris, invitado de honor en evento de \u2018Flight Safety Foundation\u2019 - Nitu - Noticias de la Industria Turistica\",\"isPartOf\":{\"@id\":\"https:\/\/nitu.mx\/#website\"},\"primaryImageOfPage\":{\"@id\":\"https:\/\/nitu.mx\/index.php\/2018\/07\/29\/ceo-de-volaris-invitado-de-honor-en-evento-de-flight-safety-foundation\/#primaryimage\"},\"image\":{\"@id\":\"https:\/\/nitu.mx\/index.php\/2018\/07\/29\/ceo-de-volaris-invitado-de-honor-en-evento-de-flight-safety-foundation\/#primaryimage\"},\"thumbnailUrl\":\"https:\/\/nitu.mx\/wp-content\/uploads\/2018\/07\/enrique-beltranena.jpg\",\"datePublished\":\"2018-07-30T04:05:39+00:00\",\"dateModified\":\"2018-07-30T05:44:30+00:00\",\"description\":\"La aerol\u00ednea mexicana Volaris particip\u00f3 en la sexta reuni\u00f3n anual y subasta silenciosa organizada por la fundaci\u00f3n estadounidense \u2018Flight Safety Foundation\u2019.\",\"breadcrumb\":{\"@id\":\"https:\/\/nitu.mx\/index.php\/2018\/07\/29\/ceo-de-volaris-invitado-de-honor-en-evento-de-flight-safety-foundation\/#breadcrumb\"},\"inLanguage\":\"es-MX\",\"potentialAction\":[{\"@type\":\"ReadAction\",\"target\":[\"https:\/\/nitu.mx\/index.php\/2018\/07\/29\/ceo-de-volaris-invitado-de-honor-en-evento-de-flight-safety-foundation\/\"]}]},{\"@type\":\"ImageObject\",\"inLanguage\":\"es-MX\",\"@id\":\"https:\/\/nitu.mx\/index.php\/2018\/07\/29\/ceo-de-volaris-invitado-de-honor-en-evento-de-flight-safety-foundation\/#primaryimage\",\"url\":\"https:\/\/nitu.mx\/wp-content\/uploads\/2018\/07\/enrique-beltranena.jpg\",\"contentUrl\":\"https:\/\/nitu.mx\/wp-content\/uploads\/2018\/07\/enrique-beltranena.jpg\",\"width\":850,\"height\":480,\"caption\":\"enrique beltranena volaris\"},{\"@type\":\"BreadcrumbList\",\"@id\":\"https:\/\/nitu.mx\/index.php\/2018\/07\/29\/ceo-de-volaris-invitado-de-honor-en-evento-de-flight-safety-foundation\/#breadcrumb\",\"itemListElement\":[{\"@type\":\"ListItem\",\"position\":1,\"name\":\"Inicio\",\"item\":\"https:\/\/nitu.mx\/\"},{\"@type\":\"ListItem\",\"position\":2,\"name\":\"CEO de Volaris, invitado de honor en evento de \u2018Flight Safety Foundation\u2019\"}]},{\"@type\":\"WebSite\",\"@id\":\"https:\/\/nitu.mx\/#website\",\"url\":\"https:\/\/nitu.mx\/\",\"name\":\"Nitu - Noticias de la Industria Turistica\",\"description\":\"Noticias de la Industria Turistica\",\"publisher\":{\"@id\":\"https:\/\/nitu.mx\/#\/schema\/person\/ae7a53426417292d3dd07b45a33e01bc\"},\"alternateName\":\"Noticias de la Industria Turistica\",\"potentialAction\":[{\"@type\":\"SearchAction\",\"target\":{\"@type\":\"EntryPoint\",\"urlTemplate\":\"https:\/\/nitu.mx\/?s={search_term_string}\"},\"query-input\":\"required name=search_term_string\"}],\"inLanguage\":\"es-MX\"},{\"@type\":[\"Person\",\"Organization\"],\"@id\":\"https:\/\/nitu.mx\/#\/schema\/person\/ae7a53426417292d3dd07b45a33e01bc\",\"name\":\"Arturo Medina\",\"image\":{\"@type\":\"ImageObject\",\"inLanguage\":\"es-MX\",\"@id\":\"https:\/\/nitu.mx\/#\/schema\/person\/image\/\",\"url\":\"https:\/\/nitu.mx\/wp-content\/uploads\/2024\/04\/4A315622-1904-4D5C-B022-878CDC840E04-90x90-1.jpeg\",\"contentUrl\":\"https:\/\/nitu.mx\/wp-content\/uploads\/2024\/04\/4A315622-1904-4D5C-B022-878CDC840E04-90x90-1.jpeg\",\"width\":90,\"height\":90,\"caption\":\"Arturo Medina\"},\"logo\":{\"@id\":\"https:\/\/nitu.mx\/#\/schema\/person\/image\/\"},\"description\":\"Director NITU.mx, Egresado de la Escuela de Periodismo Carlos Septi\u00e9n Garc\u00eda. Periodista y analista especializado en turismo desde hace 35 a\u00f1os, radicado en Canc\u00fan Q.Roo. arturo@nitu.mx\",\"sameAs\":[\"https:\/\/nitu.mx\",\"https:\/\/www.facebook.com\/NITUmx\/\",\"medinacancun\",\"https:\/\/twitter.com\/@Arturo_Medina_G\"]},{\"@type\":\"Person\",\"@id\":\"https:\/\/nitu.mx\/#\/schema\/person\/4a28fe9bd65924f7c90623773daf1b0b\",\"name\":\"Redacci\u00f3n\",\"image\":{\"@type\":\"ImageObject\",\"inLanguage\":\"es-MX\",\"@id\":\"https:\/\/nitu.mx\/#\/schema\/person\/image\/\",\"url\":\"https:\/\/secure.gravatar.com\/avatar\/5dd011c8ccfc5cd7e4c81e42252aab38?s=96&d=mm&r=g\",\"contentUrl\":\"https:\/\/secure.gravatar.com\/avatar\/5dd011c8ccfc5cd7e4c81e42252aab38?s=96&d=mm&r=g\",\"caption\":\"Redacci\u00f3n\"},\"url\":\"https:\/\/nitu.mx\/index.php\/author\/redaccion\/\"}]}<\/script>\n<!-- \/ Yoast SEO plugin. -->","yoast_head_json":{"title":"CEO de Volaris, invitado de honor en evento de \u2018Flight Safety Foundation\u2019 - Nitu - Noticias de la Industria Turistica","description":"La aerol\u00ednea mexicana Volaris particip\u00f3 en la sexta reuni\u00f3n anual y subasta silenciosa organizada por la fundaci\u00f3n estadounidense \u2018Flight Safety Foundation\u2019.","robots":{"index":"index","follow":"follow","max-snippet":"max-snippet:-1","max-image-preview":"max-image-preview:large","max-video-preview":"max-video-preview:-1"},"canonical":"https:\/\/nitu.mx\/index.php\/2018\/07\/29\/ceo-de-volaris-invitado-de-honor-en-evento-de-flight-safety-foundation\/","twitter_card":"summary_large_image","twitter_title":"CEO de Volaris, invitado de honor en evento de \u2018Flight Safety Foundation\u2019 - Nitu - Noticias de la Industria Turistica","twitter_description":"La aerol\u00ednea mexicana Volaris particip\u00f3 en la sexta reuni\u00f3n anual y subasta silenciosa organizada por la fundaci\u00f3n estadounidense \u2018Flight Safety Foundation\u2019.","twitter_image":"https:\/\/nitu.mx\/wp-content\/uploads\/2018\/07\/enrique-beltranena.jpg","twitter_creator":"@NITUmx","twitter_site":"@Arturo_Medina_G","twitter_misc":{"Escrito por":"Redacci\u00f3n","Tiempo de lectura":"1 minuto"},"schema":{"@context":"https:\/\/schema.org","@graph":[{"@type":"Article","@id":"https:\/\/nitu.mx\/index.php\/2018\/07\/29\/ceo-de-volaris-invitado-de-honor-en-evento-de-flight-safety-foundation\/#article","isPartOf":{"@id":"https:\/\/nitu.mx\/index.php\/2018\/07\/29\/ceo-de-volaris-invitado-de-honor-en-evento-de-flight-safety-foundation\/"},"author":{"name":"Redacci\u00f3n","@id":"https:\/\/nitu.mx\/#\/schema\/person\/4a28fe9bd65924f7c90623773daf1b0b"},"headline":"CEO de Volaris, invitado de honor en evento de \u2018Flight Safety Foundation\u2019","datePublished":"2018-07-30T04:05:39+00:00","dateModified":"2018-07-30T05:44:30+00:00","mainEntityOfPage":{"@id":"https:\/\/nitu.mx\/index.php\/2018\/07\/29\/ceo-de-volaris-invitado-de-honor-en-evento-de-flight-safety-foundation\/"},"wordCount":272,"commentCount":0,"publisher":{"@id":"https:\/\/nitu.mx\/#\/schema\/person\/ae7a53426417292d3dd07b45a33e01bc"},"image":{"@id":"https:\/\/nitu.mx\/index.php\/2018\/07\/29\/ceo-de-volaris-invitado-de-honor-en-evento-de-flight-safety-foundation\/#primaryimage"},"thumbnailUrl":"https:\/\/nitu.mx\/wp-content\/uploads\/2018\/07\/enrique-beltranena.jpg","keywords":["Enrique Beltranena","Estados Unidos y Centroam\u00e9rica","Flight Safety Foundation","M\u00e9xico","Volaris","Washington"],"articleSection":["Aerol\u00edneas","Internacional"],"inLanguage":"es-MX","potentialAction":[{"@type":"CommentAction","name":"Comment","target":["https:\/\/nitu.mx\/index.php\/2018\/07\/29\/ceo-de-volaris-invitado-de-honor-en-evento-de-flight-safety-foundation\/#respond"]}]},{"@type":"WebPage","@id":"https:\/\/nitu.mx\/index.php\/2018\/07\/29\/ceo-de-volaris-invitado-de-honor-en-evento-de-flight-safety-foundation\/","url":"https:\/\/nitu.mx\/index.php\/2018\/07\/29\/ceo-de-volaris-invitado-de-honor-en-evento-de-flight-safety-foundation\/","name":"CEO de Volaris, invitado de honor en evento de \u2018Flight Safety Foundation\u2019 - Nitu - Noticias de la Industria Turistica","isPartOf":{"@id":"https:\/\/nitu.mx\/#website"},"primaryImageOfPage":{"@id":"https:\/\/nitu.mx\/index.php\/2018\/07\/29\/ceo-de-volaris-invitado-de-honor-en-evento-de-flight-safety-foundation\/#primaryimage"},"image":{"@id":"https:\/\/nitu.mx\/index.php\/2018\/07\/29\/ceo-de-volaris-invitado-de-honor-en-evento-de-flight-safety-foundation\/#primaryimage"},"thumbnailUrl":"https:\/\/nitu.mx\/wp-content\/uploads\/2018\/07\/enrique-beltranena.jpg","datePublished":"2018-07-30T04:05:39+00:00","dateModified":"2018-07-30T05:44:30+00:00","description":"La aerol\u00ednea mexicana Volaris particip\u00f3 en la sexta reuni\u00f3n anual y subasta silenciosa organizada por la fundaci\u00f3n estadounidense \u2018Flight Safety Foundation\u2019.","breadcrumb":{"@id":"https:\/\/nitu.mx\/index.php\/2018\/07\/29\/ceo-de-volaris-invitado-de-honor-en-evento-de-flight-safety-foundation\/#breadcrumb"},"inLanguage":"es-MX","potentialAction":[{"@type":"ReadAction","target":["https:\/\/nitu.mx\/index.php\/2018\/07\/29\/ceo-de-volaris-invitado-de-honor-en-evento-de-flight-safety-foundation\/"]}]},{"@type":"ImageObject","inLanguage":"es-MX","@id":"https:\/\/nitu.mx\/index.php\/2018\/07\/29\/ceo-de-volaris-invitado-de-honor-en-evento-de-flight-safety-foundation\/#primaryimage","url":"https:\/\/nitu.mx\/wp-content\/uploads\/2018\/07\/enrique-beltranena.jpg","contentUrl":"https:\/\/nitu.mx\/wp-content\/uploads\/2018\/07\/enrique-beltranena.jpg","width":850,"height":480,"caption":"enrique beltranena volaris"},{"@type":"BreadcrumbList","@id":"https:\/\/nitu.mx\/index.php\/2018\/07\/29\/ceo-de-volaris-invitado-de-honor-en-evento-de-flight-safety-foundation\/#breadcrumb","itemListElement":[{"@type":"ListItem","position":1,"name":"Inicio","item":"https:\/\/nitu.mx\/"},{"@type":"ListItem","position":2,"name":"CEO de Volaris, invitado de honor en evento de \u2018Flight Safety Foundation\u2019"}]},{"@type":"WebSite","@id":"https:\/\/nitu.mx\/#website","url":"https:\/\/nitu.mx\/","name":"Nitu - Noticias de la Industria Turistica","description":"Noticias de la Industria Turistica","publisher":{"@id":"https:\/\/nitu.mx\/#\/schema\/person\/ae7a53426417292d3dd07b45a33e01bc"},"alternateName":"Noticias de la Industria Turistica","potentialAction":[{"@type":"SearchAction","target":{"@type":"EntryPoint","urlTemplate":"https:\/\/nitu.mx\/?s={search_term_string}"},"query-input":"required name=search_term_string"}],"inLanguage":"es-MX"},{"@type":["Person","Organization"],"@id":"https:\/\/nitu.mx\/#\/schema\/person\/ae7a53426417292d3dd07b45a33e01bc","name":"Arturo Medina","image":{"@type":"ImageObject","inLanguage":"es-MX","@id":"https:\/\/nitu.mx\/#\/schema\/person\/image\/","url":"https:\/\/nitu.mx\/wp-content\/uploads\/2024\/04\/4A315622-1904-4D5C-B022-878CDC840E04-90x90-1.jpeg","contentUrl":"https:\/\/nitu.mx\/wp-content\/uploads\/2024\/04\/4A315622-1904-4D5C-B022-878CDC840E04-90x90-1.jpeg","width":90,"height":90,"caption":"Arturo Medina"},"logo":{"@id":"https:\/\/nitu.mx\/#\/schema\/person\/image\/"},"description":"Director NITU.mx, Egresado de la Escuela de Periodismo Carlos Septi\u00e9n Garc\u00eda. Periodista y analista especializado en turismo desde hace 35 a\u00f1os, radicado en Canc\u00fan Q.Roo. arturo@nitu.mx","sameAs":["https:\/\/nitu.mx","https:\/\/www.facebook.com\/NITUmx\/","medinacancun","https:\/\/twitter.com\/@Arturo_Medina_G"]},{"@type":"Person","@id":"https:\/\/nitu.mx\/#\/schema\/person\/4a28fe9bd65924f7c90623773daf1b0b","name":"Redacci\u00f3n","image":{"@type":"ImageObject","inLanguage":"es-MX","@id":"https:\/\/nitu.mx\/#\/schema\/person\/image\/","url":"https:\/\/secure.gravatar.com\/avatar\/5dd011c8ccfc5cd7e4c81e42252aab38?s=96&d=mm&r=g","contentUrl":"https:\/\/secure.gravatar.com\/avatar\/5dd011c8ccfc5cd7e4c81e42252aab38?s=96&d=mm&r=g","caption":"Redacci\u00f3n"},"url":"https:\/\/nitu.mx\/index.php\/author\/redaccion\/"}]}},"views":285,"_links":{"self":[{"href":"https:\/\/nitu.mx\/index.php\/wp-json\/wp\/v2\/posts\/22933"}],"collection":[{"href":"https:\/\/nitu.mx\/index.php\/wp-json\/wp\/v2\/posts"}],"about":[{"href":"https:\/\/nitu.mx\/index.php\/wp-json\/wp\/v2\/types\/post"}],"author":[{"embeddable":true,"href":"https:\/\/nitu.mx\/index.php\/wp-json\/wp\/v2\/users\/17"}],"replies":[{"embeddable":true,"href":"https:\/\/nitu.mx\/index.php\/wp-json\/wp\/v2\/comments?post=22933"}],"version-history":[{"count":3,"href":"https:\/\/nitu.mx\/index.php\/wp-json\/wp\/v2\/posts\/22933\/revisions"}],"predecessor-version":[{"id":22958,"href":"https:\/\/nitu.mx\/index.php\/wp-json\/wp\/v2\/posts\/22933\/revisions\/22958"}],"wp:featuredmedia":[{"embeddable":true,"href":"https:\/\/nitu.mx\/index.php\/wp-json\/wp\/v2\/media\/22956"}],"wp:attachment":[{"href":"https:\/\/nitu.mx\/index.php\/wp-json\/wp\/v2\/media?parent=22933"}],"wp:term":[{"taxonomy":"category","embeddable":true,"href":"https:\/\/nitu.mx\/index.php\/wp-json\/wp\/v2\/categories?post=22933"},{"taxonomy":"post_tag","embeddable":true,"href":"https:\/\/nitu.mx\/index.php\/wp-json\/wp\/v2\/tags?post=22933"}],"curies":[{"name":"wp","href":"https:\/\/api.w.org\/{rel}","templated":true}]}}