{"id":22873,"date":"2018-07-25T23:55:47","date_gmt":"2018-07-26T04:55:47","guid":{"rendered":"https:\/\/www.dev.nitu.mx\/?p=22873"},"modified":"2018-07-26T00:16:35","modified_gmt":"2018-07-26T05:16:35","slug":"desde-septiembre-aeromexico-conectara-a-queretaro-con-detroit","status":"publish","type":"post","link":"https:\/\/nitu.mx\/index.php\/2018\/07\/25\/desde-septiembre-aeromexico-conectara-a-queretaro-con-detroit\/","title":{"rendered":"Desde septiembre, Aerom\u00e9xico conectar\u00e1 a Quer\u00e9taro con Detroit"},"content":{"rendered":"<p>A partir del 17 de septiembre, y como parte del Acuerdo de Colaboraci\u00f3n Conjunta con Delta Air Lines, Aerom\u00e9xico conectar\u00e1 Quer\u00e9taro y Detroit con tres vuelos semanales.<\/p>\n<p>El servicio ser\u00e1 operado con un equipo Embraer 190 con 99 asientos \u201311 de ellos en Clase Premier\u2013, con el siguiente itinerario (en hora local de cada pa\u00eds):<\/p>\n<p>Quer\u00e9taro-Detroit \u2503 AM 2720 \u2503 07:10 hrs. \u2503 12:25 hrs. \u2503 Lun. Jue. Vie.<\/p>\n<p>Detroit-Quer\u00e9taro \u2503 AM 2721 \u2503 13:50 hrs.\u2503 17:25 hrs. \u2503 Lun. Jue. Vie<\/p>\n<p>\u00c9sta es la ruta n\u00famero 13 lanzada en conjunto por la alianza de aerol\u00edneas, creada con el fin de incrementar su red en el mercado transfronterizo.<\/p>\n<p>Conocida como la \u201cciudad motor\u201d por su famoso cl\u00faster automotriz, Detroit cuenta con una amplia oferta cultural reflejada en una vibrante escena teatral o en el Instituto de las Artes, donde se alojan obras de Diego Rivera, principal exponente del muralismo mexicano.<\/p>\n<p>Aunado a ello, y como segundo centro de operaciones m\u00e1s importante de Delta en los Estados Unidos, el aeropuerto de Detroit permitir\u00e1 a los viajeros queretanos conectar con otras ciudades de la regi\u00f3n de los Grandes Lagos como Chicago, Cleveland, Grand Rapids, Michigan y Milwaukee.<\/p>\n<p>\u201cEn Aerom\u00e9xico buscamos no s\u00f3lo conectar a estos dos destinos e impulsar el corredor industrial de la regi\u00f3n, sino tambi\u00e9n promover el potencial tur\u00edstico y cultural que ofrecen ambas ciudades. Estamos seguros que nuestros pasajeros podr\u00e1n disfrutarlas al m\u00e1ximo\u201d, concluy\u00f3 Paul Verhagen, director de Ventas Internacionales de Aerom\u00e9xico.<\/p>\n<p>Hace unos d\u00edas, Nitu.mx inform\u00f3 que Aerom\u00e9xico expande su presencia en Colombia con la nueva ruta estacionaria, que operar\u00e1 a partir del mes de noviembre de Canc\u00fan a Medell\u00edn por cinco meses. (<a title=\"A partir de noviembre Aerom\u00e9xico conecta a Medell\u00edn con Canc\u00fan\" href=\"https:\/\/www.dev.nitu.mx\/index.php\/2018\/07\/23\/a-partir-de-noviembre-aeromexico-conecta-a-medellin-con-cancun\/\" rel=\"bookmark\">A partir de noviembre Aerom\u00e9xico conecta a Medell\u00edn con Canc\u00fan<\/a>).<\/p>\n<p>Por su parte, funcionarios del gobierno queretano resaltaron el fortalecimiento a la conectividad internacional de la entidad, con un atractivo creciente para los viajeros tanto de turismo como de negocios.<\/p>\n<p>Y es que el centro hist\u00f3rico de Quer\u00e9taro es considerado patrimonio de la humanidad por la UNESCO; adem\u00e1s, el estado ocupa el cuarto lugar a nivel mundial en inversi\u00f3n aeroespacial, y acapara el 45% de la Inversi\u00f3n Extranjera Directa (IED) en M\u00e9xico en dicho sector.<\/p>\n","protected":false},"excerpt":{"rendered":"<p>A partir del 17 de septiembre, y como parte del Acuerdo de Colaboraci\u00f3n Conjunta con Delta Air Lines, Aerom\u00e9xico conectar\u00e1 Quer\u00e9taro y Detroit con tres vuelos semanales. El servicio ser\u00e1 operado con un equipo Embraer 190 con 99 asientos \u201311 de ellos en Clase Premier\u2013, con el siguiente itinerario (en hora local de cada pa\u00eds): [&hellip;]<\/p>\n","protected":false},"author":17,"featured_media":22886,"comment_status":"open","ping_status":"open","sticky":false,"template":"","format":"standard","meta":{"footnotes":""},"categories":[29,7],"tags":[11473,30,7780,8901,1520,4502,10166,6481,11474,11475,7776,61],"yoast_head":"<!-- This site is optimized with the Yoast SEO plugin v22.2 - https:\/\/yoast.com\/wordpress\/plugins\/seo\/ -->\n<title>Desde septiembre, Aerom\u00e9xico conectar\u00e1 a Quer\u00e9taro con Detroit - Nitu - Noticias de la Industria Turistica<\/title>\n<meta name=\"description\" content=\"A partir del 17 de septiembre, y como parte del Acuerdo de Colaboraci\u00f3n Conjunta con Delta Air Lines, Aerom\u00e9xico conectar\u00e1 Quer\u00e9taro y Detroit con tres vuelos semanales.\" \/>\n<meta name=\"robots\" content=\"index, follow, max-snippet:-1, max-image-preview:large, max-video-preview:-1\" \/>\n<link rel=\"canonical\" href=\"https:\/\/nitu.mx\/index.php\/2018\/07\/25\/desde-septiembre-aeromexico-conectara-a-queretaro-con-detroit\/\" \/>\n<meta name=\"twitter:card\" content=\"summary_large_image\" \/>\n<meta name=\"twitter:title\" content=\"Desde septiembre, Aerom\u00e9xico conectar\u00e1 a Quer\u00e9taro con Detroit - Nitu - Noticias de la Industria Turistica\" \/>\n<meta name=\"twitter:description\" content=\"A partir del 17 de septiembre, y como parte del Acuerdo de Colaboraci\u00f3n Conjunta con Delta Air Lines, Aerom\u00e9xico conectar\u00e1 Quer\u00e9taro y Detroit con tres vuelos semanales.\" \/>\n<meta name=\"twitter:image\" content=\"https:\/\/nitu.mx\/wp-content\/uploads\/2018\/07\/Aerome\u0301xico-Detroit.jpg\" \/>\n<meta name=\"twitter:creator\" content=\"@NITUmx\" \/>\n<meta name=\"twitter:site\" content=\"@Arturo_Medina_G\" \/>\n<meta name=\"twitter:label1\" content=\"Escrito por\" \/>\n\t<meta name=\"twitter:data1\" content=\"Redacci\u00f3n\" \/>\n\t<meta name=\"twitter:label2\" content=\"Tiempo de lectura\" \/>\n\t<meta name=\"twitter:data2\" content=\"2 minutos\" \/>\n<script type=\"application\/ld+json\" class=\"yoast-schema-graph\">{\"@context\":\"https:\/\/schema.org\",\"@graph\":[{\"@type\":\"Article\",\"@id\":\"https:\/\/nitu.mx\/index.php\/2018\/07\/25\/desde-septiembre-aeromexico-conectara-a-queretaro-con-detroit\/#article\",\"isPartOf\":{\"@id\":\"https:\/\/nitu.mx\/index.php\/2018\/07\/25\/desde-septiembre-aeromexico-conectara-a-queretaro-con-detroit\/\"},\"author\":{\"name\":\"Redacci\u00f3n\",\"@id\":\"https:\/\/nitu.mx\/#\/schema\/person\/4a28fe9bd65924f7c90623773daf1b0b\"},\"headline\":\"Desde septiembre, Aerom\u00e9xico conectar\u00e1 a Quer\u00e9taro con Detroit\",\"datePublished\":\"2018-07-26T04:55:47+00:00\",\"dateModified\":\"2018-07-26T05:16:35+00:00\",\"mainEntityOfPage\":{\"@id\":\"https:\/\/nitu.mx\/index.php\/2018\/07\/25\/desde-septiembre-aeromexico-conectara-a-queretaro-con-detroit\/\"},\"wordCount\":384,\"commentCount\":0,\"publisher\":{\"@id\":\"https:\/\/nitu.mx\/#\/schema\/person\/ae7a53426417292d3dd07b45a33e01bc\"},\"image\":{\"@id\":\"https:\/\/nitu.mx\/index.php\/2018\/07\/25\/desde-septiembre-aeromexico-conectara-a-queretaro-con-detroit\/#primaryimage\"},\"thumbnailUrl\":\"https:\/\/nitu.mx\/wp-content\/uploads\/2018\/07\/Aerome\u0301xico-Detroit.jpg\",\"keywords\":[\"\u201cciudad motor\u201d Acuerdo de Colaboraci\u00f3n Conjunta\",\"Aerom\u00e9xico\",\"Clase Premier\",\"conectar\u00e1\",\"Delta Air Lines\",\"Detroit\",\"director de ventas internacionales\",\"Embraer-190\",\"Instituto de las Artes\",\"obras de Diego Rivera\",\"Paul Verhagen\",\"Quer\u00e9taro\"],\"articleSection\":[\"Aerol\u00edneas\",\"Estados Unidos\"],\"inLanguage\":\"es-MX\",\"potentialAction\":[{\"@type\":\"CommentAction\",\"name\":\"Comment\",\"target\":[\"https:\/\/nitu.mx\/index.php\/2018\/07\/25\/desde-septiembre-aeromexico-conectara-a-queretaro-con-detroit\/#respond\"]}]},{\"@type\":\"WebPage\",\"@id\":\"https:\/\/nitu.mx\/index.php\/2018\/07\/25\/desde-septiembre-aeromexico-conectara-a-queretaro-con-detroit\/\",\"url\":\"https:\/\/nitu.mx\/index.php\/2018\/07\/25\/desde-septiembre-aeromexico-conectara-a-queretaro-con-detroit\/\",\"name\":\"Desde septiembre, Aerom\u00e9xico conectar\u00e1 a Quer\u00e9taro con Detroit - Nitu - Noticias de la Industria Turistica\",\"isPartOf\":{\"@id\":\"https:\/\/nitu.mx\/#website\"},\"primaryImageOfPage\":{\"@id\":\"https:\/\/nitu.mx\/index.php\/2018\/07\/25\/desde-septiembre-aeromexico-conectara-a-queretaro-con-detroit\/#primaryimage\"},\"image\":{\"@id\":\"https:\/\/nitu.mx\/index.php\/2018\/07\/25\/desde-septiembre-aeromexico-conectara-a-queretaro-con-detroit\/#primaryimage\"},\"thumbnailUrl\":\"https:\/\/nitu.mx\/wp-content\/uploads\/2018\/07\/Aerome\u0301xico-Detroit.jpg\",\"datePublished\":\"2018-07-26T04:55:47+00:00\",\"dateModified\":\"2018-07-26T05:16:35+00:00\",\"description\":\"A partir del 17 de septiembre, y como parte del Acuerdo de Colaboraci\u00f3n Conjunta con Delta Air Lines, Aerom\u00e9xico conectar\u00e1 Quer\u00e9taro y Detroit con tres vuelos semanales.\",\"breadcrumb\":{\"@id\":\"https:\/\/nitu.mx\/index.php\/2018\/07\/25\/desde-septiembre-aeromexico-conectara-a-queretaro-con-detroit\/#breadcrumb\"},\"inLanguage\":\"es-MX\",\"potentialAction\":[{\"@type\":\"ReadAction\",\"target\":[\"https:\/\/nitu.mx\/index.php\/2018\/07\/25\/desde-septiembre-aeromexico-conectara-a-queretaro-con-detroit\/\"]}]},{\"@type\":\"ImageObject\",\"inLanguage\":\"es-MX\",\"@id\":\"https:\/\/nitu.mx\/index.php\/2018\/07\/25\/desde-septiembre-aeromexico-conectara-a-queretaro-con-detroit\/#primaryimage\",\"url\":\"https:\/\/nitu.mx\/wp-content\/uploads\/2018\/07\/Aerome\u0301xico-Detroit.jpg\",\"contentUrl\":\"https:\/\/nitu.mx\/wp-content\/uploads\/2018\/07\/Aerome\u0301xico-Detroit.jpg\",\"width\":850,\"height\":480,\"caption\":\"Aerome\u0301xico Detroit\"},{\"@type\":\"BreadcrumbList\",\"@id\":\"https:\/\/nitu.mx\/index.php\/2018\/07\/25\/desde-septiembre-aeromexico-conectara-a-queretaro-con-detroit\/#breadcrumb\",\"itemListElement\":[{\"@type\":\"ListItem\",\"position\":1,\"name\":\"Inicio\",\"item\":\"https:\/\/nitu.mx\/\"},{\"@type\":\"ListItem\",\"position\":2,\"name\":\"Desde septiembre, Aerom\u00e9xico conectar\u00e1 a Quer\u00e9taro con Detroit\"}]},{\"@type\":\"WebSite\",\"@id\":\"https:\/\/nitu.mx\/#website\",\"url\":\"https:\/\/nitu.mx\/\",\"name\":\"Nitu - Noticias de la Industria Turistica\",\"description\":\"Noticias de la Industria Turistica\",\"publisher\":{\"@id\":\"https:\/\/nitu.mx\/#\/schema\/person\/ae7a53426417292d3dd07b45a33e01bc\"},\"alternateName\":\"Noticias de la Industria Turistica\",\"potentialAction\":[{\"@type\":\"SearchAction\",\"target\":{\"@type\":\"EntryPoint\",\"urlTemplate\":\"https:\/\/nitu.mx\/?s={search_term_string}\"},\"query-input\":\"required name=search_term_string\"}],\"inLanguage\":\"es-MX\"},{\"@type\":[\"Person\",\"Organization\"],\"@id\":\"https:\/\/nitu.mx\/#\/schema\/person\/ae7a53426417292d3dd07b45a33e01bc\",\"name\":\"Arturo Medina\",\"image\":{\"@type\":\"ImageObject\",\"inLanguage\":\"es-MX\",\"@id\":\"https:\/\/nitu.mx\/#\/schema\/person\/image\/\",\"url\":\"https:\/\/nitu.mx\/wp-content\/uploads\/2024\/04\/4A315622-1904-4D5C-B022-878CDC840E04-90x90-1.jpeg\",\"contentUrl\":\"https:\/\/nitu.mx\/wp-content\/uploads\/2024\/04\/4A315622-1904-4D5C-B022-878CDC840E04-90x90-1.jpeg\",\"width\":90,\"height\":90,\"caption\":\"Arturo Medina\"},\"logo\":{\"@id\":\"https:\/\/nitu.mx\/#\/schema\/person\/image\/\"},\"description\":\"Director NITU.mx, Egresado de la Escuela de Periodismo Carlos Septi\u00e9n Garc\u00eda. Periodista y analista especializado en turismo desde hace 35 a\u00f1os, radicado en Canc\u00fan Q.Roo. arturo@nitu.mx\",\"sameAs\":[\"https:\/\/nitu.mx\",\"https:\/\/www.facebook.com\/NITUmx\/\",\"medinacancun\",\"https:\/\/twitter.com\/@Arturo_Medina_G\"]},{\"@type\":\"Person\",\"@id\":\"https:\/\/nitu.mx\/#\/schema\/person\/4a28fe9bd65924f7c90623773daf1b0b\",\"name\":\"Redacci\u00f3n\",\"image\":{\"@type\":\"ImageObject\",\"inLanguage\":\"es-MX\",\"@id\":\"https:\/\/nitu.mx\/#\/schema\/person\/image\/\",\"url\":\"https:\/\/secure.gravatar.com\/avatar\/5dd011c8ccfc5cd7e4c81e42252aab38?s=96&d=mm&r=g\",\"contentUrl\":\"https:\/\/secure.gravatar.com\/avatar\/5dd011c8ccfc5cd7e4c81e42252aab38?s=96&d=mm&r=g\",\"caption\":\"Redacci\u00f3n\"},\"url\":\"https:\/\/nitu.mx\/index.php\/author\/redaccion\/\"}]}<\/script>\n<!-- \/ Yoast SEO plugin. -->","yoast_head_json":{"title":"Desde septiembre, Aerom\u00e9xico conectar\u00e1 a Quer\u00e9taro con Detroit - Nitu - Noticias de la Industria Turistica","description":"A partir del 17 de septiembre, y como parte del Acuerdo de Colaboraci\u00f3n Conjunta con Delta Air Lines, Aerom\u00e9xico conectar\u00e1 Quer\u00e9taro y Detroit con tres vuelos semanales.","robots":{"index":"index","follow":"follow","max-snippet":"max-snippet:-1","max-image-preview":"max-image-preview:large","max-video-preview":"max-video-preview:-1"},"canonical":"https:\/\/nitu.mx\/index.php\/2018\/07\/25\/desde-septiembre-aeromexico-conectara-a-queretaro-con-detroit\/","twitter_card":"summary_large_image","twitter_title":"Desde septiembre, Aerom\u00e9xico conectar\u00e1 a Quer\u00e9taro con Detroit - Nitu - Noticias de la Industria Turistica","twitter_description":"A partir del 17 de septiembre, y como parte del Acuerdo de Colaboraci\u00f3n Conjunta con Delta Air Lines, Aerom\u00e9xico conectar\u00e1 Quer\u00e9taro y Detroit con tres vuelos semanales.","twitter_image":"https:\/\/nitu.mx\/wp-content\/uploads\/2018\/07\/Aerome\u0301xico-Detroit.jpg","twitter_creator":"@NITUmx","twitter_site":"@Arturo_Medina_G","twitter_misc":{"Escrito por":"Redacci\u00f3n","Tiempo de lectura":"2 minutos"},"schema":{"@context":"https:\/\/schema.org","@graph":[{"@type":"Article","@id":"https:\/\/nitu.mx\/index.php\/2018\/07\/25\/desde-septiembre-aeromexico-conectara-a-queretaro-con-detroit\/#article","isPartOf":{"@id":"https:\/\/nitu.mx\/index.php\/2018\/07\/25\/desde-septiembre-aeromexico-conectara-a-queretaro-con-detroit\/"},"author":{"name":"Redacci\u00f3n","@id":"https:\/\/nitu.mx\/#\/schema\/person\/4a28fe9bd65924f7c90623773daf1b0b"},"headline":"Desde septiembre, Aerom\u00e9xico conectar\u00e1 a Quer\u00e9taro con Detroit","datePublished":"2018-07-26T04:55:47+00:00","dateModified":"2018-07-26T05:16:35+00:00","mainEntityOfPage":{"@id":"https:\/\/nitu.mx\/index.php\/2018\/07\/25\/desde-septiembre-aeromexico-conectara-a-queretaro-con-detroit\/"},"wordCount":384,"commentCount":0,"publisher":{"@id":"https:\/\/nitu.mx\/#\/schema\/person\/ae7a53426417292d3dd07b45a33e01bc"},"image":{"@id":"https:\/\/nitu.mx\/index.php\/2018\/07\/25\/desde-septiembre-aeromexico-conectara-a-queretaro-con-detroit\/#primaryimage"},"thumbnailUrl":"https:\/\/nitu.mx\/wp-content\/uploads\/2018\/07\/Aerome\u0301xico-Detroit.jpg","keywords":["\u201cciudad motor\u201d Acuerdo de Colaboraci\u00f3n Conjunta","Aerom\u00e9xico","Clase Premier","conectar\u00e1","Delta Air Lines","Detroit","director de ventas internacionales","Embraer-190","Instituto de las Artes","obras de Diego Rivera","Paul Verhagen","Quer\u00e9taro"],"articleSection":["Aerol\u00edneas","Estados Unidos"],"inLanguage":"es-MX","potentialAction":[{"@type":"CommentAction","name":"Comment","target":["https:\/\/nitu.mx\/index.php\/2018\/07\/25\/desde-septiembre-aeromexico-conectara-a-queretaro-con-detroit\/#respond"]}]},{"@type":"WebPage","@id":"https:\/\/nitu.mx\/index.php\/2018\/07\/25\/desde-septiembre-aeromexico-conectara-a-queretaro-con-detroit\/","url":"https:\/\/nitu.mx\/index.php\/2018\/07\/25\/desde-septiembre-aeromexico-conectara-a-queretaro-con-detroit\/","name":"Desde septiembre, Aerom\u00e9xico conectar\u00e1 a Quer\u00e9taro con Detroit - Nitu - Noticias de la Industria Turistica","isPartOf":{"@id":"https:\/\/nitu.mx\/#website"},"primaryImageOfPage":{"@id":"https:\/\/nitu.mx\/index.php\/2018\/07\/25\/desde-septiembre-aeromexico-conectara-a-queretaro-con-detroit\/#primaryimage"},"image":{"@id":"https:\/\/nitu.mx\/index.php\/2018\/07\/25\/desde-septiembre-aeromexico-conectara-a-queretaro-con-detroit\/#primaryimage"},"thumbnailUrl":"https:\/\/nitu.mx\/wp-content\/uploads\/2018\/07\/Aerome\u0301xico-Detroit.jpg","datePublished":"2018-07-26T04:55:47+00:00","dateModified":"2018-07-26T05:16:35+00:00","description":"A partir del 17 de septiembre, y como parte del Acuerdo de Colaboraci\u00f3n Conjunta con Delta Air Lines, Aerom\u00e9xico conectar\u00e1 Quer\u00e9taro y Detroit con tres vuelos semanales.","breadcrumb":{"@id":"https:\/\/nitu.mx\/index.php\/2018\/07\/25\/desde-septiembre-aeromexico-conectara-a-queretaro-con-detroit\/#breadcrumb"},"inLanguage":"es-MX","potentialAction":[{"@type":"ReadAction","target":["https:\/\/nitu.mx\/index.php\/2018\/07\/25\/desde-septiembre-aeromexico-conectara-a-queretaro-con-detroit\/"]}]},{"@type":"ImageObject","inLanguage":"es-MX","@id":"https:\/\/nitu.mx\/index.php\/2018\/07\/25\/desde-septiembre-aeromexico-conectara-a-queretaro-con-detroit\/#primaryimage","url":"https:\/\/nitu.mx\/wp-content\/uploads\/2018\/07\/Aerome\u0301xico-Detroit.jpg","contentUrl":"https:\/\/nitu.mx\/wp-content\/uploads\/2018\/07\/Aerome\u0301xico-Detroit.jpg","width":850,"height":480,"caption":"Aerome\u0301xico Detroit"},{"@type":"BreadcrumbList","@id":"https:\/\/nitu.mx\/index.php\/2018\/07\/25\/desde-septiembre-aeromexico-conectara-a-queretaro-con-detroit\/#breadcrumb","itemListElement":[{"@type":"ListItem","position":1,"name":"Inicio","item":"https:\/\/nitu.mx\/"},{"@type":"ListItem","position":2,"name":"Desde septiembre, Aerom\u00e9xico conectar\u00e1 a Quer\u00e9taro con Detroit"}]},{"@type":"WebSite","@id":"https:\/\/nitu.mx\/#website","url":"https:\/\/nitu.mx\/","name":"Nitu - Noticias de la Industria Turistica","description":"Noticias de la Industria Turistica","publisher":{"@id":"https:\/\/nitu.mx\/#\/schema\/person\/ae7a53426417292d3dd07b45a33e01bc"},"alternateName":"Noticias de la Industria Turistica","potentialAction":[{"@type":"SearchAction","target":{"@type":"EntryPoint","urlTemplate":"https:\/\/nitu.mx\/?s={search_term_string}"},"query-input":"required name=search_term_string"}],"inLanguage":"es-MX"},{"@type":["Person","Organization"],"@id":"https:\/\/nitu.mx\/#\/schema\/person\/ae7a53426417292d3dd07b45a33e01bc","name":"Arturo Medina","image":{"@type":"ImageObject","inLanguage":"es-MX","@id":"https:\/\/nitu.mx\/#\/schema\/person\/image\/","url":"https:\/\/nitu.mx\/wp-content\/uploads\/2024\/04\/4A315622-1904-4D5C-B022-878CDC840E04-90x90-1.jpeg","contentUrl":"https:\/\/nitu.mx\/wp-content\/uploads\/2024\/04\/4A315622-1904-4D5C-B022-878CDC840E04-90x90-1.jpeg","width":90,"height":90,"caption":"Arturo Medina"},"logo":{"@id":"https:\/\/nitu.mx\/#\/schema\/person\/image\/"},"description":"Director NITU.mx, Egresado de la Escuela de Periodismo Carlos Septi\u00e9n Garc\u00eda. Periodista y analista especializado en turismo desde hace 35 a\u00f1os, radicado en Canc\u00fan Q.Roo. arturo@nitu.mx","sameAs":["https:\/\/nitu.mx","https:\/\/www.facebook.com\/NITUmx\/","medinacancun","https:\/\/twitter.com\/@Arturo_Medina_G"]},{"@type":"Person","@id":"https:\/\/nitu.mx\/#\/schema\/person\/4a28fe9bd65924f7c90623773daf1b0b","name":"Redacci\u00f3n","image":{"@type":"ImageObject","inLanguage":"es-MX","@id":"https:\/\/nitu.mx\/#\/schema\/person\/image\/","url":"https:\/\/secure.gravatar.com\/avatar\/5dd011c8ccfc5cd7e4c81e42252aab38?s=96&d=mm&r=g","contentUrl":"https:\/\/secure.gravatar.com\/avatar\/5dd011c8ccfc5cd7e4c81e42252aab38?s=96&d=mm&r=g","caption":"Redacci\u00f3n"},"url":"https:\/\/nitu.mx\/index.php\/author\/redaccion\/"}]}},"views":278,"_links":{"self":[{"href":"https:\/\/nitu.mx\/index.php\/wp-json\/wp\/v2\/posts\/22873"}],"collection":[{"href":"https:\/\/nitu.mx\/index.php\/wp-json\/wp\/v2\/posts"}],"about":[{"href":"https:\/\/nitu.mx\/index.php\/wp-json\/wp\/v2\/types\/post"}],"author":[{"embeddable":true,"href":"https:\/\/nitu.mx\/index.php\/wp-json\/wp\/v2\/users\/17"}],"replies":[{"embeddable":true,"href":"https:\/\/nitu.mx\/index.php\/wp-json\/wp\/v2\/comments?post=22873"}],"version-history":[{"count":2,"href":"https:\/\/nitu.mx\/index.php\/wp-json\/wp\/v2\/posts\/22873\/revisions"}],"predecessor-version":[{"id":22887,"href":"https:\/\/nitu.mx\/index.php\/wp-json\/wp\/v2\/posts\/22873\/revisions\/22887"}],"wp:featuredmedia":[{"embeddable":true,"href":"https:\/\/nitu.mx\/index.php\/wp-json\/wp\/v2\/media\/22886"}],"wp:attachment":[{"href":"https:\/\/nitu.mx\/index.php\/wp-json\/wp\/v2\/media?parent=22873"}],"wp:term":[{"taxonomy":"category","embeddable":true,"href":"https:\/\/nitu.mx\/index.php\/wp-json\/wp\/v2\/categories?post=22873"},{"taxonomy":"post_tag","embeddable":true,"href":"https:\/\/nitu.mx\/index.php\/wp-json\/wp\/v2\/tags?post=22873"}],"curies":[{"name":"wp","href":"https:\/\/api.w.org\/{rel}","templated":true}]}}