{"id":22729,"date":"2018-07-22T23:46:33","date_gmt":"2018-07-23T04:46:33","guid":{"rendered":"http:\/\/www.dev.nitu.mx\/?p=22729"},"modified":"2018-07-31T00:02:48","modified_gmt":"2018-07-31T05:02:48","slug":"recursos-del-fonden-para-combatir-sargazo-llegaran-hasta-el-2019","status":"publish","type":"post","link":"https:\/\/nitu.mx\/index.php\/2018\/07\/22\/recursos-del-fonden-para-combatir-sargazo-llegaran-hasta-el-2019\/","title":{"rendered":"Recursos del FONDEN para combatir sargazo llegar\u00e1n hasta el 2019"},"content":{"rendered":"<p>La titular de la Secretar\u00eda de Turismo, Marisol Vanegas, inform\u00f3 que ya se hizo la solicitud para acceder a m\u00e1s recursos para atender el problema del sargazo, por medio del Fondo para la Prevenci\u00f3n de Desastres Naturales (Fopreden), que estar\u00e1 abierto hasta noviembre para obtener recursos del siguiente a\u00f1o.<\/p>\n<p>Indic\u00f3 que: \u201cLos recursos que se tienen son para recolecci\u00f3n en la playa, y son del Fonden, que ya se est\u00e1n tramitando nuevos recursos para poder tener la continuidad de los 62.5 millones de pesos que tenemos ahora y poder continuar (los trabajos) para el siguiente mes. Nos queda una semana m\u00e1s\u201d de la primera remesa.<\/p>\n<p>Adelant\u00f3 que en general todos los proyectos que tienen que ver con adquisici\u00f3n de equipos tendr\u00edan que ser con el Fondo para la Prevenci\u00f3n de Desastres Naturales (Fopreden), que estar\u00e1 abierto (hasta) en noviembre para (obtener) recursos del siguiente a\u00f1o.<\/p>\n<p>Asegur\u00f3 que la estimaci\u00f3n de extracci\u00f3n de la Secretar\u00eda de Ecolog\u00eda y Medio Ambiente (SEMA) es de 350 mil metros c\u00fabicos hasta agosto, y que la presencia de talofita se centra en menos de cinco por ciento de los 800 kil\u00f3metros de litorales que tiene la entidad, y la funcionaria tambi\u00e9n asegur\u00f3 que no hay cancelaciones, recorte de estancias ni quejas.<\/p>\n<p>Hay un reporte diario de sargazo \u2013alterno al de la Universidad de Galveston (Texas)\u2013 que emiten la Secretar\u00eda de Turismo (Sedetur) y la SEMA, y por las ma\u00f1anas todos tienen una fotograf\u00eda de los destinos tur\u00edsticos de Quintana Roo (\u2026) que marca la cantidad de sargazo que ha recalado, la presencia en cada una de las playas por medio de web cams<\/p>\n<p>Marisol Vanegas destac\u00f3 que \u201cuna de las cosas m\u00e1s importantes que hay que saber, es que en los 800 kil\u00f3metros de playa que tiene Quintana Roo, en menos del cinco por ciento hay presencia de sargazo (y) los modelos predictivos dicen m\u00e1s o menos d\u00f3nde va a entrar. Se contrataron siete empresas que aglutinan a 350 trabajadores para la limpieza de playas\u201d.<\/p>\n<p>Los trabajadores contratados ex profeso para retirar el alga se mueven en donde necesiten. No hay un calendario por d\u00eda, sino en funci\u00f3n de d\u00f3nde se necesitan y las cuadrillas son de diferentes tama\u00f1os y trabajan en diferentes zonas. El mi\u00e9rcoles pasado estuvieron en Bacalar, Mahahual y Xcalak, y el viernes en Playa del Carmen y Puerto Morelos. (<a title=\"S\u00f3lo en algunas playas del Caribe Mexicano hay sargazo y no ha habido cancelaciones\" href=\"http:\/\/www.dev.nitu.mx\/index.php\/2018\/07\/19\/solo-en-algunas-playas-del-caribe-mexicano-hay-sargazo-y-no-ha-habido-cancelaciones\/\" rel=\"bookmark\">S\u00f3lo en algunas playas del Caribe Mexicano hay sargazo y no ha habido cancelaciones<\/a>).<\/p>\n<p>La funcionaria destac\u00f3 que en el caso de la declaratoria de contingencia ante el Fondo Nacional de Desastres (Fonden) ser\u00e1 mensual mientras contin\u00fae el recale de sargazo en las costas de Quintana Roo; es decir, cada inicio de mes se renovar\u00e1n 62.5 millones de pesos, revel\u00f3 la secretaria de Turismo, Marisol Vanegas P\u00e9rez.<\/p>\n<p>La titular de la Sedetur refiri\u00f3 que \u201ces muy importante observar que los recursos del Fonden son para aplicaci\u00f3n en playas no concesionadas, es decir, playas p\u00fablicas (\u2026) eso es muy importante porque el ejercicio de la limpieza de playas lo hace el municipio por medio de los fondos de la Zofemat (Zona Federal Mar\u00edtimo Terrestre)\u201d.<\/p>\n<p>\u201cEs un recurso que tiene una duraci\u00f3n de un mes, y de continuar la contingencia hay la posibilidades de volver a solicitar otra cantidad similar que tambi\u00e9n ser\u00e1 por un mes m\u00e1s, y mientras sea necesario (\u2026) la SEMA (Secretar\u00eda de Ecolog\u00eda y Medio Ambiente) ya volvi\u00f3 a hacer la solicitud y est\u00e1 haciendo limpieza en las playas\u201d, detall\u00f3 la funcionaria.<\/p>\n<p>Vanegas P\u00e9rez a\u00f1adi\u00f3 que los empresarios limpian las playas que tienen concesionadas, y el gobierno del estado en el resto de las playas y que la estimaci\u00f3n de Alfredo Arellano es que se van a recoger, por la cantidad de playas que no son concesionadas, 350 mil metros c\u00fabicos, esa es la meta en todo el estado, en las playas no concesionadas\u201d,\u00a0(Informaci\u00f3n Quinto Poder).<\/p>\n","protected":false},"excerpt":{"rendered":"<p>La titular de la Secretar\u00eda de Turismo, Marisol Vanegas, inform\u00f3 que ya se hizo la solicitud para acceder a m\u00e1s recursos para atender el problema del sargazo, por medio del Fondo para la Prevenci\u00f3n de Desastres Naturales (Fopreden), que estar\u00e1 abierto hasta noviembre para obtener recursos del siguiente a\u00f1o. Indic\u00f3 que: \u201cLos recursos que se [&hellip;]<\/p>\n","protected":false},"author":17,"featured_media":21881,"comment_status":"open","ping_status":"open","sticky":false,"template":"","format":"standard","meta":{"footnotes":""},"categories":[5,6],"tags":[11394,1024,254],"yoast_head":"<!-- This site is optimized with the Yoast SEO plugin v22.2 - https:\/\/yoast.com\/wordpress\/plugins\/seo\/ -->\n<title>Recursos del FONDEN para combatir sargazo llegar\u00e1n hasta el 2019 - Nitu - Noticias de la Industria Turistica<\/title>\n<meta name=\"robots\" content=\"index, follow, max-snippet:-1, max-image-preview:large, max-video-preview:-1\" \/>\n<link rel=\"canonical\" href=\"https:\/\/nitu.mx\/index.php\/2018\/07\/22\/recursos-del-fonden-para-combatir-sargazo-llegaran-hasta-el-2019\/\" \/>\n<meta name=\"twitter:card\" content=\"summary_large_image\" \/>\n<meta name=\"twitter:title\" content=\"Recursos del FONDEN para combatir sargazo llegar\u00e1n hasta el 2019 - Nitu - Noticias de la Industria Turistica\" \/>\n<meta name=\"twitter:description\" content=\"La titular de la Secretar\u00eda de Turismo, Marisol Vanegas, inform\u00f3 que ya se hizo la solicitud para acceder a m\u00e1s recursos para atender el problema del sargazo, por medio del Fondo para la Prevenci\u00f3n de Desastres Naturales (Fopreden), que estar\u00e1 abierto hasta noviembre para obtener recursos del siguiente a\u00f1o. Indic\u00f3 que: \u201cLos recursos que se [&hellip;]\" \/>\n<meta name=\"twitter:image\" content=\"https:\/\/nitu.mx\/wp-content\/uploads\/2018\/06\/sargazo-quintana-roo.jpg\" \/>\n<meta name=\"twitter:creator\" content=\"@NITUmx\" \/>\n<meta name=\"twitter:site\" content=\"@Arturo_Medina_G\" \/>\n<meta name=\"twitter:label1\" content=\"Escrito por\" \/>\n\t<meta name=\"twitter:data1\" content=\"Redacci\u00f3n\" \/>\n\t<meta name=\"twitter:label2\" content=\"Tiempo de lectura\" \/>\n\t<meta name=\"twitter:data2\" content=\"3 minutos\" \/>\n<script type=\"application\/ld+json\" class=\"yoast-schema-graph\">{\"@context\":\"https:\/\/schema.org\",\"@graph\":[{\"@type\":\"Article\",\"@id\":\"https:\/\/nitu.mx\/index.php\/2018\/07\/22\/recursos-del-fonden-para-combatir-sargazo-llegaran-hasta-el-2019\/#article\",\"isPartOf\":{\"@id\":\"https:\/\/nitu.mx\/index.php\/2018\/07\/22\/recursos-del-fonden-para-combatir-sargazo-llegaran-hasta-el-2019\/\"},\"author\":{\"name\":\"Redacci\u00f3n\",\"@id\":\"https:\/\/nitu.mx\/#\/schema\/person\/4a28fe9bd65924f7c90623773daf1b0b\"},\"headline\":\"Recursos del FONDEN para combatir sargazo llegar\u00e1n hasta el 2019\",\"datePublished\":\"2018-07-23T04:46:33+00:00\",\"dateModified\":\"2018-07-31T05:02:48+00:00\",\"mainEntityOfPage\":{\"@id\":\"https:\/\/nitu.mx\/index.php\/2018\/07\/22\/recursos-del-fonden-para-combatir-sargazo-llegaran-hasta-el-2019\/\"},\"wordCount\":685,\"commentCount\":0,\"publisher\":{\"@id\":\"https:\/\/nitu.mx\/#\/schema\/person\/ae7a53426417292d3dd07b45a33e01bc\"},\"image\":{\"@id\":\"https:\/\/nitu.mx\/index.php\/2018\/07\/22\/recursos-del-fonden-para-combatir-sargazo-llegaran-hasta-el-2019\/#primaryimage\"},\"thumbnailUrl\":\"https:\/\/nitu.mx\/wp-content\/uploads\/2018\/06\/sargazo-quintana-roo.jpg\",\"keywords\":[\"Fondo para la Prevenci\u00f3n de Desastres Naturales (Fopreden)\",\"Marisol Vanegas\",\"Secretar\u00eda de Turismo\"],\"articleSection\":[\"Destinos\",\"M\u00e9xico\"],\"inLanguage\":\"es-MX\",\"potentialAction\":[{\"@type\":\"CommentAction\",\"name\":\"Comment\",\"target\":[\"https:\/\/nitu.mx\/index.php\/2018\/07\/22\/recursos-del-fonden-para-combatir-sargazo-llegaran-hasta-el-2019\/#respond\"]}]},{\"@type\":\"WebPage\",\"@id\":\"https:\/\/nitu.mx\/index.php\/2018\/07\/22\/recursos-del-fonden-para-combatir-sargazo-llegaran-hasta-el-2019\/\",\"url\":\"https:\/\/nitu.mx\/index.php\/2018\/07\/22\/recursos-del-fonden-para-combatir-sargazo-llegaran-hasta-el-2019\/\",\"name\":\"Recursos del FONDEN para combatir sargazo llegar\u00e1n hasta el 2019 - Nitu - Noticias de la Industria Turistica\",\"isPartOf\":{\"@id\":\"https:\/\/nitu.mx\/#website\"},\"primaryImageOfPage\":{\"@id\":\"https:\/\/nitu.mx\/index.php\/2018\/07\/22\/recursos-del-fonden-para-combatir-sargazo-llegaran-hasta-el-2019\/#primaryimage\"},\"image\":{\"@id\":\"https:\/\/nitu.mx\/index.php\/2018\/07\/22\/recursos-del-fonden-para-combatir-sargazo-llegaran-hasta-el-2019\/#primaryimage\"},\"thumbnailUrl\":\"https:\/\/nitu.mx\/wp-content\/uploads\/2018\/06\/sargazo-quintana-roo.jpg\",\"datePublished\":\"2018-07-23T04:46:33+00:00\",\"dateModified\":\"2018-07-31T05:02:48+00:00\",\"breadcrumb\":{\"@id\":\"https:\/\/nitu.mx\/index.php\/2018\/07\/22\/recursos-del-fonden-para-combatir-sargazo-llegaran-hasta-el-2019\/#breadcrumb\"},\"inLanguage\":\"es-MX\",\"potentialAction\":[{\"@type\":\"ReadAction\",\"target\":[\"https:\/\/nitu.mx\/index.php\/2018\/07\/22\/recursos-del-fonden-para-combatir-sargazo-llegaran-hasta-el-2019\/\"]}]},{\"@type\":\"ImageObject\",\"inLanguage\":\"es-MX\",\"@id\":\"https:\/\/nitu.mx\/index.php\/2018\/07\/22\/recursos-del-fonden-para-combatir-sargazo-llegaran-hasta-el-2019\/#primaryimage\",\"url\":\"https:\/\/nitu.mx\/wp-content\/uploads\/2018\/06\/sargazo-quintana-roo.jpg\",\"contentUrl\":\"https:\/\/nitu.mx\/wp-content\/uploads\/2018\/06\/sargazo-quintana-roo.jpg\",\"width\":850,\"height\":480,\"caption\":\"Caribe sargazo playas\"},{\"@type\":\"BreadcrumbList\",\"@id\":\"https:\/\/nitu.mx\/index.php\/2018\/07\/22\/recursos-del-fonden-para-combatir-sargazo-llegaran-hasta-el-2019\/#breadcrumb\",\"itemListElement\":[{\"@type\":\"ListItem\",\"position\":1,\"name\":\"Inicio\",\"item\":\"https:\/\/nitu.mx\/\"},{\"@type\":\"ListItem\",\"position\":2,\"name\":\"Recursos del FONDEN para combatir sargazo llegar\u00e1n hasta el 2019\"}]},{\"@type\":\"WebSite\",\"@id\":\"https:\/\/nitu.mx\/#website\",\"url\":\"https:\/\/nitu.mx\/\",\"name\":\"Nitu - Noticias de la Industria Turistica\",\"description\":\"Noticias de la Industria Turistica\",\"publisher\":{\"@id\":\"https:\/\/nitu.mx\/#\/schema\/person\/ae7a53426417292d3dd07b45a33e01bc\"},\"alternateName\":\"Noticias de la Industria Turistica\",\"potentialAction\":[{\"@type\":\"SearchAction\",\"target\":{\"@type\":\"EntryPoint\",\"urlTemplate\":\"https:\/\/nitu.mx\/?s={search_term_string}\"},\"query-input\":\"required name=search_term_string\"}],\"inLanguage\":\"es-MX\"},{\"@type\":[\"Person\",\"Organization\"],\"@id\":\"https:\/\/nitu.mx\/#\/schema\/person\/ae7a53426417292d3dd07b45a33e01bc\",\"name\":\"Arturo Medina\",\"image\":{\"@type\":\"ImageObject\",\"inLanguage\":\"es-MX\",\"@id\":\"https:\/\/nitu.mx\/#\/schema\/person\/image\/\",\"url\":\"https:\/\/nitu.mx\/wp-content\/uploads\/2024\/04\/4A315622-1904-4D5C-B022-878CDC840E04-90x90-1.jpeg\",\"contentUrl\":\"https:\/\/nitu.mx\/wp-content\/uploads\/2024\/04\/4A315622-1904-4D5C-B022-878CDC840E04-90x90-1.jpeg\",\"width\":90,\"height\":90,\"caption\":\"Arturo Medina\"},\"logo\":{\"@id\":\"https:\/\/nitu.mx\/#\/schema\/person\/image\/\"},\"description\":\"Director NITU.mx, Egresado de la Escuela de Periodismo Carlos Septi\u00e9n Garc\u00eda. Periodista y analista especializado en turismo desde hace 35 a\u00f1os, radicado en Canc\u00fan Q.Roo. arturo@nitu.mx\",\"sameAs\":[\"https:\/\/nitu.mx\",\"https:\/\/www.facebook.com\/NITUmx\/\",\"medinacancun\",\"https:\/\/twitter.com\/@Arturo_Medina_G\"]},{\"@type\":\"Person\",\"@id\":\"https:\/\/nitu.mx\/#\/schema\/person\/4a28fe9bd65924f7c90623773daf1b0b\",\"name\":\"Redacci\u00f3n\",\"image\":{\"@type\":\"ImageObject\",\"inLanguage\":\"es-MX\",\"@id\":\"https:\/\/nitu.mx\/#\/schema\/person\/image\/\",\"url\":\"https:\/\/secure.gravatar.com\/avatar\/5dd011c8ccfc5cd7e4c81e42252aab38?s=96&d=mm&r=g\",\"contentUrl\":\"https:\/\/secure.gravatar.com\/avatar\/5dd011c8ccfc5cd7e4c81e42252aab38?s=96&d=mm&r=g\",\"caption\":\"Redacci\u00f3n\"},\"url\":\"https:\/\/nitu.mx\/index.php\/author\/redaccion\/\"}]}<\/script>\n<!-- \/ Yoast SEO plugin. -->","yoast_head_json":{"title":"Recursos del FONDEN para combatir sargazo llegar\u00e1n hasta el 2019 - Nitu - Noticias de la Industria Turistica","robots":{"index":"index","follow":"follow","max-snippet":"max-snippet:-1","max-image-preview":"max-image-preview:large","max-video-preview":"max-video-preview:-1"},"canonical":"https:\/\/nitu.mx\/index.php\/2018\/07\/22\/recursos-del-fonden-para-combatir-sargazo-llegaran-hasta-el-2019\/","twitter_card":"summary_large_image","twitter_title":"Recursos del FONDEN para combatir sargazo llegar\u00e1n hasta el 2019 - Nitu - Noticias de la Industria Turistica","twitter_description":"La titular de la Secretar\u00eda de Turismo, Marisol Vanegas, inform\u00f3 que ya se hizo la solicitud para acceder a m\u00e1s recursos para atender el problema del sargazo, por medio del Fondo para la Prevenci\u00f3n de Desastres Naturales (Fopreden), que estar\u00e1 abierto hasta noviembre para obtener recursos del siguiente a\u00f1o. Indic\u00f3 que: \u201cLos recursos que se [&hellip;]","twitter_image":"https:\/\/nitu.mx\/wp-content\/uploads\/2018\/06\/sargazo-quintana-roo.jpg","twitter_creator":"@NITUmx","twitter_site":"@Arturo_Medina_G","twitter_misc":{"Escrito por":"Redacci\u00f3n","Tiempo de lectura":"3 minutos"},"schema":{"@context":"https:\/\/schema.org","@graph":[{"@type":"Article","@id":"https:\/\/nitu.mx\/index.php\/2018\/07\/22\/recursos-del-fonden-para-combatir-sargazo-llegaran-hasta-el-2019\/#article","isPartOf":{"@id":"https:\/\/nitu.mx\/index.php\/2018\/07\/22\/recursos-del-fonden-para-combatir-sargazo-llegaran-hasta-el-2019\/"},"author":{"name":"Redacci\u00f3n","@id":"https:\/\/nitu.mx\/#\/schema\/person\/4a28fe9bd65924f7c90623773daf1b0b"},"headline":"Recursos del FONDEN para combatir sargazo llegar\u00e1n hasta el 2019","datePublished":"2018-07-23T04:46:33+00:00","dateModified":"2018-07-31T05:02:48+00:00","mainEntityOfPage":{"@id":"https:\/\/nitu.mx\/index.php\/2018\/07\/22\/recursos-del-fonden-para-combatir-sargazo-llegaran-hasta-el-2019\/"},"wordCount":685,"commentCount":0,"publisher":{"@id":"https:\/\/nitu.mx\/#\/schema\/person\/ae7a53426417292d3dd07b45a33e01bc"},"image":{"@id":"https:\/\/nitu.mx\/index.php\/2018\/07\/22\/recursos-del-fonden-para-combatir-sargazo-llegaran-hasta-el-2019\/#primaryimage"},"thumbnailUrl":"https:\/\/nitu.mx\/wp-content\/uploads\/2018\/06\/sargazo-quintana-roo.jpg","keywords":["Fondo para la Prevenci\u00f3n de Desastres Naturales (Fopreden)","Marisol Vanegas","Secretar\u00eda de Turismo"],"articleSection":["Destinos","M\u00e9xico"],"inLanguage":"es-MX","potentialAction":[{"@type":"CommentAction","name":"Comment","target":["https:\/\/nitu.mx\/index.php\/2018\/07\/22\/recursos-del-fonden-para-combatir-sargazo-llegaran-hasta-el-2019\/#respond"]}]},{"@type":"WebPage","@id":"https:\/\/nitu.mx\/index.php\/2018\/07\/22\/recursos-del-fonden-para-combatir-sargazo-llegaran-hasta-el-2019\/","url":"https:\/\/nitu.mx\/index.php\/2018\/07\/22\/recursos-del-fonden-para-combatir-sargazo-llegaran-hasta-el-2019\/","name":"Recursos del FONDEN para combatir sargazo llegar\u00e1n hasta el 2019 - Nitu - Noticias de la Industria Turistica","isPartOf":{"@id":"https:\/\/nitu.mx\/#website"},"primaryImageOfPage":{"@id":"https:\/\/nitu.mx\/index.php\/2018\/07\/22\/recursos-del-fonden-para-combatir-sargazo-llegaran-hasta-el-2019\/#primaryimage"},"image":{"@id":"https:\/\/nitu.mx\/index.php\/2018\/07\/22\/recursos-del-fonden-para-combatir-sargazo-llegaran-hasta-el-2019\/#primaryimage"},"thumbnailUrl":"https:\/\/nitu.mx\/wp-content\/uploads\/2018\/06\/sargazo-quintana-roo.jpg","datePublished":"2018-07-23T04:46:33+00:00","dateModified":"2018-07-31T05:02:48+00:00","breadcrumb":{"@id":"https:\/\/nitu.mx\/index.php\/2018\/07\/22\/recursos-del-fonden-para-combatir-sargazo-llegaran-hasta-el-2019\/#breadcrumb"},"inLanguage":"es-MX","potentialAction":[{"@type":"ReadAction","target":["https:\/\/nitu.mx\/index.php\/2018\/07\/22\/recursos-del-fonden-para-combatir-sargazo-llegaran-hasta-el-2019\/"]}]},{"@type":"ImageObject","inLanguage":"es-MX","@id":"https:\/\/nitu.mx\/index.php\/2018\/07\/22\/recursos-del-fonden-para-combatir-sargazo-llegaran-hasta-el-2019\/#primaryimage","url":"https:\/\/nitu.mx\/wp-content\/uploads\/2018\/06\/sargazo-quintana-roo.jpg","contentUrl":"https:\/\/nitu.mx\/wp-content\/uploads\/2018\/06\/sargazo-quintana-roo.jpg","width":850,"height":480,"caption":"Caribe sargazo playas"},{"@type":"BreadcrumbList","@id":"https:\/\/nitu.mx\/index.php\/2018\/07\/22\/recursos-del-fonden-para-combatir-sargazo-llegaran-hasta-el-2019\/#breadcrumb","itemListElement":[{"@type":"ListItem","position":1,"name":"Inicio","item":"https:\/\/nitu.mx\/"},{"@type":"ListItem","position":2,"name":"Recursos del FONDEN para combatir sargazo llegar\u00e1n hasta el 2019"}]},{"@type":"WebSite","@id":"https:\/\/nitu.mx\/#website","url":"https:\/\/nitu.mx\/","name":"Nitu - Noticias de la Industria Turistica","description":"Noticias de la Industria Turistica","publisher":{"@id":"https:\/\/nitu.mx\/#\/schema\/person\/ae7a53426417292d3dd07b45a33e01bc"},"alternateName":"Noticias de la Industria Turistica","potentialAction":[{"@type":"SearchAction","target":{"@type":"EntryPoint","urlTemplate":"https:\/\/nitu.mx\/?s={search_term_string}"},"query-input":"required name=search_term_string"}],"inLanguage":"es-MX"},{"@type":["Person","Organization"],"@id":"https:\/\/nitu.mx\/#\/schema\/person\/ae7a53426417292d3dd07b45a33e01bc","name":"Arturo Medina","image":{"@type":"ImageObject","inLanguage":"es-MX","@id":"https:\/\/nitu.mx\/#\/schema\/person\/image\/","url":"https:\/\/nitu.mx\/wp-content\/uploads\/2024\/04\/4A315622-1904-4D5C-B022-878CDC840E04-90x90-1.jpeg","contentUrl":"https:\/\/nitu.mx\/wp-content\/uploads\/2024\/04\/4A315622-1904-4D5C-B022-878CDC840E04-90x90-1.jpeg","width":90,"height":90,"caption":"Arturo Medina"},"logo":{"@id":"https:\/\/nitu.mx\/#\/schema\/person\/image\/"},"description":"Director NITU.mx, Egresado de la Escuela de Periodismo Carlos Septi\u00e9n Garc\u00eda. Periodista y analista especializado en turismo desde hace 35 a\u00f1os, radicado en Canc\u00fan Q.Roo. arturo@nitu.mx","sameAs":["https:\/\/nitu.mx","https:\/\/www.facebook.com\/NITUmx\/","medinacancun","https:\/\/twitter.com\/@Arturo_Medina_G"]},{"@type":"Person","@id":"https:\/\/nitu.mx\/#\/schema\/person\/4a28fe9bd65924f7c90623773daf1b0b","name":"Redacci\u00f3n","image":{"@type":"ImageObject","inLanguage":"es-MX","@id":"https:\/\/nitu.mx\/#\/schema\/person\/image\/","url":"https:\/\/secure.gravatar.com\/avatar\/5dd011c8ccfc5cd7e4c81e42252aab38?s=96&d=mm&r=g","contentUrl":"https:\/\/secure.gravatar.com\/avatar\/5dd011c8ccfc5cd7e4c81e42252aab38?s=96&d=mm&r=g","caption":"Redacci\u00f3n"},"url":"https:\/\/nitu.mx\/index.php\/author\/redaccion\/"}]}},"views":300,"_links":{"self":[{"href":"https:\/\/nitu.mx\/index.php\/wp-json\/wp\/v2\/posts\/22729"}],"collection":[{"href":"https:\/\/nitu.mx\/index.php\/wp-json\/wp\/v2\/posts"}],"about":[{"href":"https:\/\/nitu.mx\/index.php\/wp-json\/wp\/v2\/types\/post"}],"author":[{"embeddable":true,"href":"https:\/\/nitu.mx\/index.php\/wp-json\/wp\/v2\/users\/17"}],"replies":[{"embeddable":true,"href":"https:\/\/nitu.mx\/index.php\/wp-json\/wp\/v2\/comments?post=22729"}],"version-history":[{"count":5,"href":"https:\/\/nitu.mx\/index.php\/wp-json\/wp\/v2\/posts\/22729\/revisions"}],"predecessor-version":[{"id":23024,"href":"https:\/\/nitu.mx\/index.php\/wp-json\/wp\/v2\/posts\/22729\/revisions\/23024"}],"wp:featuredmedia":[{"embeddable":true,"href":"https:\/\/nitu.mx\/index.php\/wp-json\/wp\/v2\/media\/21881"}],"wp:attachment":[{"href":"https:\/\/nitu.mx\/index.php\/wp-json\/wp\/v2\/media?parent=22729"}],"wp:term":[{"taxonomy":"category","embeddable":true,"href":"https:\/\/nitu.mx\/index.php\/wp-json\/wp\/v2\/categories?post=22729"},{"taxonomy":"post_tag","embeddable":true,"href":"https:\/\/nitu.mx\/index.php\/wp-json\/wp\/v2\/tags?post=22729"}],"curies":[{"name":"wp","href":"https:\/\/api.w.org\/{rel}","templated":true}]}}