{"id":22633,"date":"2018-07-19T00:25:25","date_gmt":"2018-07-19T05:25:25","guid":{"rendered":"http:\/\/www.dev.nitu.mx\/?p=22633"},"modified":"2018-07-19T00:29:37","modified_gmt":"2018-07-19T05:29:37","slug":"acusan-a-gobernador-de-morelos-de-desviar-fondos-de-turismo","status":"publish","type":"post","link":"https:\/\/nitu.mx\/index.php\/2018\/07\/19\/acusan-a-gobernador-de-morelos-de-desviar-fondos-de-turismo\/","title":{"rendered":"Acusan a gobernador de Morelos de desviar fondos de turismo"},"content":{"rendered":"<p>El gobernador de Morelos, Graco Ram\u00edrez, decidi\u00f3 dilapidar no s\u00f3lo todos los recursos del impuesto al hospedaje, sino lo correspondiente al impuesto a la n\u00f3mina, se\u00f1alaron empresarios.<\/p>\n<p>De acuerdo con Veranda, en Excelsior, la semana pasada, Ram\u00edrez envi\u00f3 al Congreso local una iniciativa de ley, para desviar los recursos que se hab\u00edan acumulado en el Fideicomiso de Turismo provenientes del pago de 3.5 por ciento del impuesto al hospedaje.<\/p>\n<p>Pero adem\u00e1s hizo lo mismo con el fondo donde se acumulan los recursos del impuesto sobre la n\u00f3mina.<\/p>\n<p>As\u00ed, 21 diputados levantaron la mano y pasaron la iniciativa, cuyo prop\u00f3sito fue darle sustento presupuestal a una Fiscal\u00eda Anticorrupci\u00f3n y otra Antisecuestro.<\/p>\n<p>En el primer caso, Ram\u00edrez ya tiene a quien ser\u00e1 el titular, que ser\u00e1 quien le cuide la espalda cuando llegue en septiembre Cuauht\u00e9moc Blanco, para completar su haza\u00f1a de pasar de futbolista a gobernador.<\/p>\n<p>Como el fiscal estar\u00eda en el cargo varios a\u00f1os, la idea es que dicho personaje dificulte al extremo comprobar los actos de corrupci\u00f3n de Ram\u00edrez en caso de que haya incurrido en ellos.<\/p>\n<p>El asunto provoc\u00f3 una revuelta en el Consejo Coordinador Empresarial de Morelos, y ahora los empresarios est\u00e1n promoviendo amparos para tratar que esos fondos no terminen nutriendo a las fiscal\u00edas.<\/p>\n<p>En el caso concreto del turismo, se esperaba recaudar en el a\u00f1o por lo menos 42 millones de pesos, una cifra que se determina en funci\u00f3n de lo ocurrido el a\u00f1o previo.<\/p>\n<p>El tema es que buena parte de ese dinero ya se gast\u00f3 en acciones como Cinema Planeta de la India; una campa\u00f1a para los balnearios y un evento que se llama Sabores de Morelos cuyos proveedores no han cobrado y, probablemente, no podr\u00e1n cobrar por los mismos. Estos fondos sirven, tambi\u00e9n, para empatar las partidas del Consejo de Promoci\u00f3n Tur\u00edstica de M\u00e9xico; mientras que el monto muy superior del impuesto sobre la n\u00f3mina, deber\u00eda ser para apoyar proyectos que mejoraran la competitividad de las empresas.<\/p>\n<p>Los empresarios tambi\u00e9n le pidieron a Blanco promover una controversia constitucional para frenar la medida, pero hasta este momento, Graco Ram\u00edrez est\u00e1 apostando a que saldr\u00e1 airoso de este tema.<\/p>\n","protected":false},"excerpt":{"rendered":"<p>El gobernador de Morelos, Graco Ram\u00edrez, decidi\u00f3 dilapidar no s\u00f3lo todos los recursos del impuesto al hospedaje, sino lo correspondiente al impuesto a la n\u00f3mina, se\u00f1alaron empresarios. De acuerdo con Veranda, en Excelsior, la semana pasada, Ram\u00edrez envi\u00f3 al Congreso local una iniciativa de ley, para desviar los recursos que se hab\u00edan acumulado en el [&hellip;]<\/p>\n","protected":false},"author":17,"featured_media":22654,"comment_status":"open","ping_status":"open","sticky":false,"template":"","format":"standard","meta":{"footnotes":""},"categories":[5,6],"tags":[11336,11348,11334,11335,847,4997],"yoast_head":"<!-- This site is optimized with the Yoast SEO plugin v22.2 - https:\/\/yoast.com\/wordpress\/plugins\/seo\/ -->\n<title>Acusan a gobernador de Morelos de desviar fondos de turismo - Nitu - Noticias de la Industria Turistica<\/title>\n<meta name=\"description\" content=\"El gobernador de Morelos, Graco Ram\u00edrez, decidi\u00f3 dilapidar no s\u00f3lo todos los recursos del impuesto al hospedaje, sino lo correspondiente al impuesto a la n\u00f3mina, se\u00f1alaron empresarios.\" \/>\n<meta name=\"robots\" content=\"index, follow, max-snippet:-1, max-image-preview:large, max-video-preview:-1\" \/>\n<link rel=\"canonical\" href=\"https:\/\/nitu.mx\/index.php\/2018\/07\/19\/acusan-a-gobernador-de-morelos-de-desviar-fondos-de-turismo\/\" \/>\n<meta name=\"twitter:card\" content=\"summary_large_image\" \/>\n<meta name=\"twitter:title\" content=\"Acusan a gobernador de Morelos de desviar fondos de turismo - Nitu - Noticias de la Industria Turistica\" \/>\n<meta name=\"twitter:description\" content=\"El gobernador de Morelos, Graco Ram\u00edrez, decidi\u00f3 dilapidar no s\u00f3lo todos los recursos del impuesto al hospedaje, sino lo correspondiente al impuesto a la n\u00f3mina, se\u00f1alaron empresarios.\" \/>\n<meta name=\"twitter:image\" content=\"https:\/\/nitu.mx\/wp-content\/uploads\/2018\/07\/Graco-Ram\u00edrez.jpg\" \/>\n<meta name=\"twitter:creator\" content=\"@NITUmx\" \/>\n<meta name=\"twitter:site\" content=\"@Arturo_Medina_G\" \/>\n<meta name=\"twitter:label1\" content=\"Escrito por\" \/>\n\t<meta name=\"twitter:data1\" content=\"Redacci\u00f3n\" \/>\n\t<meta name=\"twitter:label2\" content=\"Tiempo de lectura\" \/>\n\t<meta name=\"twitter:data2\" content=\"2 minutos\" \/>\n<script type=\"application\/ld+json\" class=\"yoast-schema-graph\">{\"@context\":\"https:\/\/schema.org\",\"@graph\":[{\"@type\":\"Article\",\"@id\":\"https:\/\/nitu.mx\/index.php\/2018\/07\/19\/acusan-a-gobernador-de-morelos-de-desviar-fondos-de-turismo\/#article\",\"isPartOf\":{\"@id\":\"https:\/\/nitu.mx\/index.php\/2018\/07\/19\/acusan-a-gobernador-de-morelos-de-desviar-fondos-de-turismo\/\"},\"author\":{\"name\":\"Redacci\u00f3n\",\"@id\":\"https:\/\/nitu.mx\/#\/schema\/person\/4a28fe9bd65924f7c90623773daf1b0b\"},\"headline\":\"Acusan a gobernador de Morelos de desviar fondos de turismo\",\"datePublished\":\"2018-07-19T05:25:25+00:00\",\"dateModified\":\"2018-07-19T05:29:37+00:00\",\"mainEntityOfPage\":{\"@id\":\"https:\/\/nitu.mx\/index.php\/2018\/07\/19\/acusan-a-gobernador-de-morelos-de-desviar-fondos-de-turismo\/\"},\"wordCount\":395,\"commentCount\":0,\"publisher\":{\"@id\":\"https:\/\/nitu.mx\/#\/schema\/person\/ae7a53426417292d3dd07b45a33e01bc\"},\"image\":{\"@id\":\"https:\/\/nitu.mx\/index.php\/2018\/07\/19\/acusan-a-gobernador-de-morelos-de-desviar-fondos-de-turismo\/#primaryimage\"},\"thumbnailUrl\":\"https:\/\/nitu.mx\/wp-content\/uploads\/2018\/07\/Graco-Ram\u00edrez.jpg\",\"keywords\":[\"Congreso local\",\"Cuauht\u00e9moc Blanco\",\"Graco Ram\u00edrez\",\"impuesto a la n\u00f3mina\",\"Impuesto al Hospedaje\",\"Morelos\"],\"articleSection\":[\"Destinos\",\"M\u00e9xico\"],\"inLanguage\":\"es-MX\",\"potentialAction\":[{\"@type\":\"CommentAction\",\"name\":\"Comment\",\"target\":[\"https:\/\/nitu.mx\/index.php\/2018\/07\/19\/acusan-a-gobernador-de-morelos-de-desviar-fondos-de-turismo\/#respond\"]}]},{\"@type\":\"WebPage\",\"@id\":\"https:\/\/nitu.mx\/index.php\/2018\/07\/19\/acusan-a-gobernador-de-morelos-de-desviar-fondos-de-turismo\/\",\"url\":\"https:\/\/nitu.mx\/index.php\/2018\/07\/19\/acusan-a-gobernador-de-morelos-de-desviar-fondos-de-turismo\/\",\"name\":\"Acusan a gobernador de Morelos de desviar fondos de turismo - Nitu - Noticias de la Industria Turistica\",\"isPartOf\":{\"@id\":\"https:\/\/nitu.mx\/#website\"},\"primaryImageOfPage\":{\"@id\":\"https:\/\/nitu.mx\/index.php\/2018\/07\/19\/acusan-a-gobernador-de-morelos-de-desviar-fondos-de-turismo\/#primaryimage\"},\"image\":{\"@id\":\"https:\/\/nitu.mx\/index.php\/2018\/07\/19\/acusan-a-gobernador-de-morelos-de-desviar-fondos-de-turismo\/#primaryimage\"},\"thumbnailUrl\":\"https:\/\/nitu.mx\/wp-content\/uploads\/2018\/07\/Graco-Ram\u00edrez.jpg\",\"datePublished\":\"2018-07-19T05:25:25+00:00\",\"dateModified\":\"2018-07-19T05:29:37+00:00\",\"description\":\"El gobernador de Morelos, Graco Ram\u00edrez, decidi\u00f3 dilapidar no s\u00f3lo todos los recursos del impuesto al hospedaje, sino lo correspondiente al impuesto a la n\u00f3mina, se\u00f1alaron empresarios.\",\"breadcrumb\":{\"@id\":\"https:\/\/nitu.mx\/index.php\/2018\/07\/19\/acusan-a-gobernador-de-morelos-de-desviar-fondos-de-turismo\/#breadcrumb\"},\"inLanguage\":\"es-MX\",\"potentialAction\":[{\"@type\":\"ReadAction\",\"target\":[\"https:\/\/nitu.mx\/index.php\/2018\/07\/19\/acusan-a-gobernador-de-morelos-de-desviar-fondos-de-turismo\/\"]}]},{\"@type\":\"ImageObject\",\"inLanguage\":\"es-MX\",\"@id\":\"https:\/\/nitu.mx\/index.php\/2018\/07\/19\/acusan-a-gobernador-de-morelos-de-desviar-fondos-de-turismo\/#primaryimage\",\"url\":\"https:\/\/nitu.mx\/wp-content\/uploads\/2018\/07\/Graco-Ram\u00edrez.jpg\",\"contentUrl\":\"https:\/\/nitu.mx\/wp-content\/uploads\/2018\/07\/Graco-Ram\u00edrez.jpg\",\"width\":850,\"height\":480,\"caption\":\"Morelos\"},{\"@type\":\"BreadcrumbList\",\"@id\":\"https:\/\/nitu.mx\/index.php\/2018\/07\/19\/acusan-a-gobernador-de-morelos-de-desviar-fondos-de-turismo\/#breadcrumb\",\"itemListElement\":[{\"@type\":\"ListItem\",\"position\":1,\"name\":\"Inicio\",\"item\":\"https:\/\/nitu.mx\/\"},{\"@type\":\"ListItem\",\"position\":2,\"name\":\"Acusan a gobernador de Morelos de desviar fondos de turismo\"}]},{\"@type\":\"WebSite\",\"@id\":\"https:\/\/nitu.mx\/#website\",\"url\":\"https:\/\/nitu.mx\/\",\"name\":\"Nitu - Noticias de la Industria Turistica\",\"description\":\"Noticias de la Industria Turistica\",\"publisher\":{\"@id\":\"https:\/\/nitu.mx\/#\/schema\/person\/ae7a53426417292d3dd07b45a33e01bc\"},\"alternateName\":\"Noticias de la Industria Turistica\",\"potentialAction\":[{\"@type\":\"SearchAction\",\"target\":{\"@type\":\"EntryPoint\",\"urlTemplate\":\"https:\/\/nitu.mx\/?s={search_term_string}\"},\"query-input\":\"required name=search_term_string\"}],\"inLanguage\":\"es-MX\"},{\"@type\":[\"Person\",\"Organization\"],\"@id\":\"https:\/\/nitu.mx\/#\/schema\/person\/ae7a53426417292d3dd07b45a33e01bc\",\"name\":\"Arturo Medina\",\"image\":{\"@type\":\"ImageObject\",\"inLanguage\":\"es-MX\",\"@id\":\"https:\/\/nitu.mx\/#\/schema\/person\/image\/\",\"url\":\"https:\/\/nitu.mx\/wp-content\/uploads\/2024\/04\/4A315622-1904-4D5C-B022-878CDC840E04-90x90-1.jpeg\",\"contentUrl\":\"https:\/\/nitu.mx\/wp-content\/uploads\/2024\/04\/4A315622-1904-4D5C-B022-878CDC840E04-90x90-1.jpeg\",\"width\":90,\"height\":90,\"caption\":\"Arturo Medina\"},\"logo\":{\"@id\":\"https:\/\/nitu.mx\/#\/schema\/person\/image\/\"},\"description\":\"Director NITU.mx, Egresado de la Escuela de Periodismo Carlos Septi\u00e9n Garc\u00eda. Periodista y analista especializado en turismo desde hace 35 a\u00f1os, radicado en Canc\u00fan Q.Roo. arturo@nitu.mx\",\"sameAs\":[\"https:\/\/nitu.mx\",\"https:\/\/www.facebook.com\/NITUmx\/\",\"medinacancun\",\"https:\/\/twitter.com\/@Arturo_Medina_G\"]},{\"@type\":\"Person\",\"@id\":\"https:\/\/nitu.mx\/#\/schema\/person\/4a28fe9bd65924f7c90623773daf1b0b\",\"name\":\"Redacci\u00f3n\",\"image\":{\"@type\":\"ImageObject\",\"inLanguage\":\"es-MX\",\"@id\":\"https:\/\/nitu.mx\/#\/schema\/person\/image\/\",\"url\":\"https:\/\/secure.gravatar.com\/avatar\/5dd011c8ccfc5cd7e4c81e42252aab38?s=96&d=mm&r=g\",\"contentUrl\":\"https:\/\/secure.gravatar.com\/avatar\/5dd011c8ccfc5cd7e4c81e42252aab38?s=96&d=mm&r=g\",\"caption\":\"Redacci\u00f3n\"},\"url\":\"https:\/\/nitu.mx\/index.php\/author\/redaccion\/\"}]}<\/script>\n<!-- \/ Yoast SEO plugin. -->","yoast_head_json":{"title":"Acusan a gobernador de Morelos de desviar fondos de turismo - Nitu - Noticias de la Industria Turistica","description":"El gobernador de Morelos, Graco Ram\u00edrez, decidi\u00f3 dilapidar no s\u00f3lo todos los recursos del impuesto al hospedaje, sino lo correspondiente al impuesto a la n\u00f3mina, se\u00f1alaron empresarios.","robots":{"index":"index","follow":"follow","max-snippet":"max-snippet:-1","max-image-preview":"max-image-preview:large","max-video-preview":"max-video-preview:-1"},"canonical":"https:\/\/nitu.mx\/index.php\/2018\/07\/19\/acusan-a-gobernador-de-morelos-de-desviar-fondos-de-turismo\/","twitter_card":"summary_large_image","twitter_title":"Acusan a gobernador de Morelos de desviar fondos de turismo - Nitu - Noticias de la Industria Turistica","twitter_description":"El gobernador de Morelos, Graco Ram\u00edrez, decidi\u00f3 dilapidar no s\u00f3lo todos los recursos del impuesto al hospedaje, sino lo correspondiente al impuesto a la n\u00f3mina, se\u00f1alaron empresarios.","twitter_image":"https:\/\/nitu.mx\/wp-content\/uploads\/2018\/07\/Graco-Ram\u00edrez.jpg","twitter_creator":"@NITUmx","twitter_site":"@Arturo_Medina_G","twitter_misc":{"Escrito por":"Redacci\u00f3n","Tiempo de lectura":"2 minutos"},"schema":{"@context":"https:\/\/schema.org","@graph":[{"@type":"Article","@id":"https:\/\/nitu.mx\/index.php\/2018\/07\/19\/acusan-a-gobernador-de-morelos-de-desviar-fondos-de-turismo\/#article","isPartOf":{"@id":"https:\/\/nitu.mx\/index.php\/2018\/07\/19\/acusan-a-gobernador-de-morelos-de-desviar-fondos-de-turismo\/"},"author":{"name":"Redacci\u00f3n","@id":"https:\/\/nitu.mx\/#\/schema\/person\/4a28fe9bd65924f7c90623773daf1b0b"},"headline":"Acusan a gobernador de Morelos de desviar fondos de turismo","datePublished":"2018-07-19T05:25:25+00:00","dateModified":"2018-07-19T05:29:37+00:00","mainEntityOfPage":{"@id":"https:\/\/nitu.mx\/index.php\/2018\/07\/19\/acusan-a-gobernador-de-morelos-de-desviar-fondos-de-turismo\/"},"wordCount":395,"commentCount":0,"publisher":{"@id":"https:\/\/nitu.mx\/#\/schema\/person\/ae7a53426417292d3dd07b45a33e01bc"},"image":{"@id":"https:\/\/nitu.mx\/index.php\/2018\/07\/19\/acusan-a-gobernador-de-morelos-de-desviar-fondos-de-turismo\/#primaryimage"},"thumbnailUrl":"https:\/\/nitu.mx\/wp-content\/uploads\/2018\/07\/Graco-Ram\u00edrez.jpg","keywords":["Congreso local","Cuauht\u00e9moc Blanco","Graco Ram\u00edrez","impuesto a la n\u00f3mina","Impuesto al Hospedaje","Morelos"],"articleSection":["Destinos","M\u00e9xico"],"inLanguage":"es-MX","potentialAction":[{"@type":"CommentAction","name":"Comment","target":["https:\/\/nitu.mx\/index.php\/2018\/07\/19\/acusan-a-gobernador-de-morelos-de-desviar-fondos-de-turismo\/#respond"]}]},{"@type":"WebPage","@id":"https:\/\/nitu.mx\/index.php\/2018\/07\/19\/acusan-a-gobernador-de-morelos-de-desviar-fondos-de-turismo\/","url":"https:\/\/nitu.mx\/index.php\/2018\/07\/19\/acusan-a-gobernador-de-morelos-de-desviar-fondos-de-turismo\/","name":"Acusan a gobernador de Morelos de desviar fondos de turismo - Nitu - Noticias de la Industria Turistica","isPartOf":{"@id":"https:\/\/nitu.mx\/#website"},"primaryImageOfPage":{"@id":"https:\/\/nitu.mx\/index.php\/2018\/07\/19\/acusan-a-gobernador-de-morelos-de-desviar-fondos-de-turismo\/#primaryimage"},"image":{"@id":"https:\/\/nitu.mx\/index.php\/2018\/07\/19\/acusan-a-gobernador-de-morelos-de-desviar-fondos-de-turismo\/#primaryimage"},"thumbnailUrl":"https:\/\/nitu.mx\/wp-content\/uploads\/2018\/07\/Graco-Ram\u00edrez.jpg","datePublished":"2018-07-19T05:25:25+00:00","dateModified":"2018-07-19T05:29:37+00:00","description":"El gobernador de Morelos, Graco Ram\u00edrez, decidi\u00f3 dilapidar no s\u00f3lo todos los recursos del impuesto al hospedaje, sino lo correspondiente al impuesto a la n\u00f3mina, se\u00f1alaron empresarios.","breadcrumb":{"@id":"https:\/\/nitu.mx\/index.php\/2018\/07\/19\/acusan-a-gobernador-de-morelos-de-desviar-fondos-de-turismo\/#breadcrumb"},"inLanguage":"es-MX","potentialAction":[{"@type":"ReadAction","target":["https:\/\/nitu.mx\/index.php\/2018\/07\/19\/acusan-a-gobernador-de-morelos-de-desviar-fondos-de-turismo\/"]}]},{"@type":"ImageObject","inLanguage":"es-MX","@id":"https:\/\/nitu.mx\/index.php\/2018\/07\/19\/acusan-a-gobernador-de-morelos-de-desviar-fondos-de-turismo\/#primaryimage","url":"https:\/\/nitu.mx\/wp-content\/uploads\/2018\/07\/Graco-Ram\u00edrez.jpg","contentUrl":"https:\/\/nitu.mx\/wp-content\/uploads\/2018\/07\/Graco-Ram\u00edrez.jpg","width":850,"height":480,"caption":"Morelos"},{"@type":"BreadcrumbList","@id":"https:\/\/nitu.mx\/index.php\/2018\/07\/19\/acusan-a-gobernador-de-morelos-de-desviar-fondos-de-turismo\/#breadcrumb","itemListElement":[{"@type":"ListItem","position":1,"name":"Inicio","item":"https:\/\/nitu.mx\/"},{"@type":"ListItem","position":2,"name":"Acusan a gobernador de Morelos de desviar fondos de turismo"}]},{"@type":"WebSite","@id":"https:\/\/nitu.mx\/#website","url":"https:\/\/nitu.mx\/","name":"Nitu - Noticias de la Industria Turistica","description":"Noticias de la Industria Turistica","publisher":{"@id":"https:\/\/nitu.mx\/#\/schema\/person\/ae7a53426417292d3dd07b45a33e01bc"},"alternateName":"Noticias de la Industria Turistica","potentialAction":[{"@type":"SearchAction","target":{"@type":"EntryPoint","urlTemplate":"https:\/\/nitu.mx\/?s={search_term_string}"},"query-input":"required name=search_term_string"}],"inLanguage":"es-MX"},{"@type":["Person","Organization"],"@id":"https:\/\/nitu.mx\/#\/schema\/person\/ae7a53426417292d3dd07b45a33e01bc","name":"Arturo Medina","image":{"@type":"ImageObject","inLanguage":"es-MX","@id":"https:\/\/nitu.mx\/#\/schema\/person\/image\/","url":"https:\/\/nitu.mx\/wp-content\/uploads\/2024\/04\/4A315622-1904-4D5C-B022-878CDC840E04-90x90-1.jpeg","contentUrl":"https:\/\/nitu.mx\/wp-content\/uploads\/2024\/04\/4A315622-1904-4D5C-B022-878CDC840E04-90x90-1.jpeg","width":90,"height":90,"caption":"Arturo Medina"},"logo":{"@id":"https:\/\/nitu.mx\/#\/schema\/person\/image\/"},"description":"Director NITU.mx, Egresado de la Escuela de Periodismo Carlos Septi\u00e9n Garc\u00eda. Periodista y analista especializado en turismo desde hace 35 a\u00f1os, radicado en Canc\u00fan Q.Roo. arturo@nitu.mx","sameAs":["https:\/\/nitu.mx","https:\/\/www.facebook.com\/NITUmx\/","medinacancun","https:\/\/twitter.com\/@Arturo_Medina_G"]},{"@type":"Person","@id":"https:\/\/nitu.mx\/#\/schema\/person\/4a28fe9bd65924f7c90623773daf1b0b","name":"Redacci\u00f3n","image":{"@type":"ImageObject","inLanguage":"es-MX","@id":"https:\/\/nitu.mx\/#\/schema\/person\/image\/","url":"https:\/\/secure.gravatar.com\/avatar\/5dd011c8ccfc5cd7e4c81e42252aab38?s=96&d=mm&r=g","contentUrl":"https:\/\/secure.gravatar.com\/avatar\/5dd011c8ccfc5cd7e4c81e42252aab38?s=96&d=mm&r=g","caption":"Redacci\u00f3n"},"url":"https:\/\/nitu.mx\/index.php\/author\/redaccion\/"}]}},"views":433,"_links":{"self":[{"href":"https:\/\/nitu.mx\/index.php\/wp-json\/wp\/v2\/posts\/22633"}],"collection":[{"href":"https:\/\/nitu.mx\/index.php\/wp-json\/wp\/v2\/posts"}],"about":[{"href":"https:\/\/nitu.mx\/index.php\/wp-json\/wp\/v2\/types\/post"}],"author":[{"embeddable":true,"href":"https:\/\/nitu.mx\/index.php\/wp-json\/wp\/v2\/users\/17"}],"replies":[{"embeddable":true,"href":"https:\/\/nitu.mx\/index.php\/wp-json\/wp\/v2\/comments?post=22633"}],"version-history":[{"count":3,"href":"https:\/\/nitu.mx\/index.php\/wp-json\/wp\/v2\/posts\/22633\/revisions"}],"predecessor-version":[{"id":22655,"href":"https:\/\/nitu.mx\/index.php\/wp-json\/wp\/v2\/posts\/22633\/revisions\/22655"}],"wp:featuredmedia":[{"embeddable":true,"href":"https:\/\/nitu.mx\/index.php\/wp-json\/wp\/v2\/media\/22654"}],"wp:attachment":[{"href":"https:\/\/nitu.mx\/index.php\/wp-json\/wp\/v2\/media?parent=22633"}],"wp:term":[{"taxonomy":"category","embeddable":true,"href":"https:\/\/nitu.mx\/index.php\/wp-json\/wp\/v2\/categories?post=22633"},{"taxonomy":"post_tag","embeddable":true,"href":"https:\/\/nitu.mx\/index.php\/wp-json\/wp\/v2\/tags?post=22633"}],"curies":[{"name":"wp","href":"https:\/\/api.w.org\/{rel}","templated":true}]}}