{"id":22574,"date":"2018-07-17T23:59:45","date_gmt":"2018-07-18T04:59:45","guid":{"rendered":"http:\/\/www.dev.nitu.mx\/?p=22574"},"modified":"2018-07-18T00:22:29","modified_gmt":"2018-07-18T05:22:29","slug":"transportistas-federales-anuncian-amparo-contra-ley-de-movilidad-de-q-roo","status":"publish","type":"post","link":"https:\/\/nitu.mx\/index.php\/2018\/07\/17\/transportistas-federales-anuncian-amparo-contra-ley-de-movilidad-de-q-roo\/","title":{"rendered":"Transportistas federales anuncian amparo contra Ley de Movilidad de Q. Roo"},"content":{"rendered":"<p>Los transportistas federales buscar\u00e1n ampararse ante la Ley de Movilidad de Quintana Roo, recientemente reformada por el Congreso del Estado.<\/p>\n<p>La queja de los transportistas se basa en que la nueva legislaci\u00f3n busca poner a esa modalidad de transporte bajo la vigilancia del nuevo Instituto de Movilidad, lo cual consideran que est\u00e1 fuera de la competencia de la dependencia estatal.<\/p>\n<p>En conferencia de prensa, representantes de este sector afirmaron que los diputados locales que aprobaron de \u00faltimo momento un cambio a uno de los art\u00edculos de la mencionada Ley, lo hicieron para beneficiar a los taxistas y perjudicarlos a ellos.<\/p>\n<p>Jos\u00e9 Bizarro Galv\u00e1n, presidente de Movimiento Tour AC, acompa\u00f1ado de los integrantes de Transportistas Organizados Unidos de la Riviera, dijo que pedir\u00e1n una reuni\u00f3n con los diputados estatales, a fin de evitar una sobrerregulaci\u00f3n en esta nueva ley.<\/p>\n<p>\u201cNo comprenden los diputados que est\u00e1n invadiendo nuestra competencia federal, pues los permisos con los que operamos son competencia de la Secretar\u00eda de Comunicaciones y Transportes\u201d, precis\u00f3.<\/p>\n<p>Destac\u00f3 que no promover\u00e1n paros o manifestaciones, como lo hacen los taxistas, pero de ser necesario, se amparar\u00e1n, como ya pas\u00f3 en Los Cabos, Baja California.<\/p>\n<p>Asegur\u00f3 que la sobrerregulaci\u00f3n que les quiere aplicar el Gobierno del Estado y diputados locales es para favorecer a los sindicatos de taxistas.<\/p>\n<p>Hace unos dias, Sergio Gonz\u00e1lez Rubiera, presidente de la Asociaci\u00f3n Mexicana de Agencias de Viajes (AMAV) Quintana Roo, declar\u00f3 a NITU.mx, que desde su parecer el \u00fanico debate se da en torno a las reformas a la Ley de Movilidad de Q. Roo, es que el gobierno estatal insiste en que no afecta el hecho de que sean concesiones para Uber, pero la plataforma dice que si les afecta en su modelo de negocio. (<a title=\"AMAV Q.ROO: Ley de Movilidad es un avance, pero una pena que salga Uber\" href=\"http:\/\/www.dev.nitu.mx\/index.php\/2018\/07\/11\/amav-q-roo-ley-de-movilidad-es-un-avance-pero-una-pena-que-salga-uber\/\" rel=\"bookmark\">AMAV Q.ROO: Ley de Movilidad es un avance, pero una pena que salga Uber<\/a>).<\/p>\n<p><strong>Emplaza diputado a Uber<\/strong><\/p>\n<p>Por su parte, el diputado local panista y presidente de la Gran Comisi\u00f3n, Eduardo Mart\u00ednez Arcila, expres\u00f3 que las empresas tienen garantizada la oportunidad de operar en territorio quintanarroense, ello, luego que el Congreso del Estado aprob\u00f3 las reformas a la Ley de Movilidad de Quintana Roo, que establecen restricciones para la operaci\u00f3n de plataformas digitales de transporte, como es el uso de concesiones.<\/p>\n<p>El legislador neg\u00f3 que el Congreso de Quintana Roo, haya regulado la relaci\u00f3n entre el conductor, la aplicaci\u00f3n y el cliente, sino que se regul\u00f3 la explotaci\u00f3n de las v\u00edas carreteras por medio de un servicio de transporte.<\/p>\n<p>Urgi\u00f3 a que la empresa Uber se pronuncie respecto a por qu\u00e9 no aceptar\u00eda una regulaci\u00f3n que contenga la palabra concesi\u00f3n.\u00a0 (<a title=\"Uber M\u00e9xico analizar\u00e1 v\u00edas legales tras reformas aprobadas por el Congreso de Q. Roo a la Ley de Movilidad\" href=\"http:\/\/www.dev.nitu.mx\/index.php\/2018\/07\/11\/uber-mexico-analizara-vias-legales-tras-reformas-aprobadas-por-el-congreso-de-q-roo-a-la-ley-de-movilidad\/\" rel=\"bookmark\">Uber M\u00e9xico analizar\u00e1 v\u00edas legales tras reformas aprobadas por el Congreso de Q. Roo a la Ley de Movilidad<\/a>). Con informaci\u00f3n de La Opini\u00f3n.<\/p>\n","protected":false},"excerpt":{"rendered":"<p>Los transportistas federales buscar\u00e1n ampararse ante la Ley de Movilidad de Quintana Roo, recientemente reformada por el Congreso del Estado. La queja de los transportistas se basa en que la nueva legislaci\u00f3n busca poner a esa modalidad de transporte bajo la vigilancia del nuevo Instituto de Movilidad, lo cual consideran que est\u00e1 fuera de la [&hellip;]<\/p>\n","protected":false},"author":17,"featured_media":22575,"comment_status":"open","ping_status":"open","sticky":false,"template":"","format":"standard","meta":{"footnotes":""},"categories":[5,6],"tags":[849,1821,11293,11294,11291,253,338,11290,11296,288],"yoast_head":"<!-- This site is optimized with the Yoast SEO plugin v22.2 - https:\/\/yoast.com\/wordpress\/plugins\/seo\/ -->\n<title>Transportistas federales anuncian amparo contra Ley de Movilidad de Q. Roo - Nitu - Noticias de la Industria Turistica<\/title>\n<meta name=\"robots\" content=\"index, follow, max-snippet:-1, max-image-preview:large, max-video-preview:-1\" \/>\n<link rel=\"canonical\" href=\"https:\/\/nitu.mx\/index.php\/2018\/07\/17\/transportistas-federales-anuncian-amparo-contra-ley-de-movilidad-de-q-roo\/\" \/>\n<meta name=\"twitter:card\" content=\"summary_large_image\" \/>\n<meta name=\"twitter:title\" content=\"Transportistas federales anuncian amparo contra Ley de Movilidad de Q. Roo - Nitu - Noticias de la Industria Turistica\" \/>\n<meta name=\"twitter:description\" content=\"Los transportistas federales buscar\u00e1n ampararse ante la Ley de Movilidad de Quintana Roo, recientemente reformada por el Congreso del Estado. La queja de los transportistas se basa en que la nueva legislaci\u00f3n busca poner a esa modalidad de transporte bajo la vigilancia del nuevo Instituto de Movilidad, lo cual consideran que est\u00e1 fuera de la [&hellip;]\" \/>\n<meta name=\"twitter:image\" content=\"https:\/\/nitu.mx\/wp-content\/uploads\/2018\/07\/conf-de-transportistas.jpg\" \/>\n<meta name=\"twitter:creator\" content=\"@NITUmx\" \/>\n<meta name=\"twitter:site\" content=\"@Arturo_Medina_G\" \/>\n<meta name=\"twitter:label1\" content=\"Escrito por\" \/>\n\t<meta name=\"twitter:data1\" content=\"Redacci\u00f3n\" \/>\n\t<meta name=\"twitter:label2\" content=\"Tiempo de lectura\" \/>\n\t<meta name=\"twitter:data2\" content=\"2 minutos\" \/>\n<script type=\"application\/ld+json\" class=\"yoast-schema-graph\">{\"@context\":\"https:\/\/schema.org\",\"@graph\":[{\"@type\":\"Article\",\"@id\":\"https:\/\/nitu.mx\/index.php\/2018\/07\/17\/transportistas-federales-anuncian-amparo-contra-ley-de-movilidad-de-q-roo\/#article\",\"isPartOf\":{\"@id\":\"https:\/\/nitu.mx\/index.php\/2018\/07\/17\/transportistas-federales-anuncian-amparo-contra-ley-de-movilidad-de-q-roo\/\"},\"author\":{\"name\":\"Redacci\u00f3n\",\"@id\":\"https:\/\/nitu.mx\/#\/schema\/person\/4a28fe9bd65924f7c90623773daf1b0b\"},\"headline\":\"Transportistas federales anuncian amparo contra Ley de Movilidad de Q. Roo\",\"datePublished\":\"2018-07-18T04:59:45+00:00\",\"dateModified\":\"2018-07-18T05:22:29+00:00\",\"mainEntityOfPage\":{\"@id\":\"https:\/\/nitu.mx\/index.php\/2018\/07\/17\/transportistas-federales-anuncian-amparo-contra-ley-de-movilidad-de-q-roo\/\"},\"wordCount\":495,\"commentCount\":0,\"publisher\":{\"@id\":\"https:\/\/nitu.mx\/#\/schema\/person\/ae7a53426417292d3dd07b45a33e01bc\"},\"image\":{\"@id\":\"https:\/\/nitu.mx\/index.php\/2018\/07\/17\/transportistas-federales-anuncian-amparo-contra-ley-de-movilidad-de-q-roo\/#primaryimage\"},\"thumbnailUrl\":\"https:\/\/nitu.mx\/wp-content\/uploads\/2018\/07\/conf-de-transportistas.jpg\",\"keywords\":[\"AMAV\",\"Eduardo Mart\u00ednez Arcila\",\"Instituto de Movilidad\",\"Jos\u00e9 Bizarro Galv\u00e1n\",\"Ley de Movilidad de Quintana Roo\",\"Secretar\u00eda de Comunicaciones y Transportes\",\"Sergio Gonz\u00e1lez Rubiera\",\"transportistas federales\",\"Transportistas Organizados Unidos de la Riviera\",\"Uber\"],\"articleSection\":[\"Destinos\",\"M\u00e9xico\"],\"inLanguage\":\"es-MX\",\"potentialAction\":[{\"@type\":\"CommentAction\",\"name\":\"Comment\",\"target\":[\"https:\/\/nitu.mx\/index.php\/2018\/07\/17\/transportistas-federales-anuncian-amparo-contra-ley-de-movilidad-de-q-roo\/#respond\"]}]},{\"@type\":\"WebPage\",\"@id\":\"https:\/\/nitu.mx\/index.php\/2018\/07\/17\/transportistas-federales-anuncian-amparo-contra-ley-de-movilidad-de-q-roo\/\",\"url\":\"https:\/\/nitu.mx\/index.php\/2018\/07\/17\/transportistas-federales-anuncian-amparo-contra-ley-de-movilidad-de-q-roo\/\",\"name\":\"Transportistas federales anuncian amparo contra Ley de Movilidad de Q. Roo - Nitu - Noticias de la Industria Turistica\",\"isPartOf\":{\"@id\":\"https:\/\/nitu.mx\/#website\"},\"primaryImageOfPage\":{\"@id\":\"https:\/\/nitu.mx\/index.php\/2018\/07\/17\/transportistas-federales-anuncian-amparo-contra-ley-de-movilidad-de-q-roo\/#primaryimage\"},\"image\":{\"@id\":\"https:\/\/nitu.mx\/index.php\/2018\/07\/17\/transportistas-federales-anuncian-amparo-contra-ley-de-movilidad-de-q-roo\/#primaryimage\"},\"thumbnailUrl\":\"https:\/\/nitu.mx\/wp-content\/uploads\/2018\/07\/conf-de-transportistas.jpg\",\"datePublished\":\"2018-07-18T04:59:45+00:00\",\"dateModified\":\"2018-07-18T05:22:29+00:00\",\"breadcrumb\":{\"@id\":\"https:\/\/nitu.mx\/index.php\/2018\/07\/17\/transportistas-federales-anuncian-amparo-contra-ley-de-movilidad-de-q-roo\/#breadcrumb\"},\"inLanguage\":\"es-MX\",\"potentialAction\":[{\"@type\":\"ReadAction\",\"target\":[\"https:\/\/nitu.mx\/index.php\/2018\/07\/17\/transportistas-federales-anuncian-amparo-contra-ley-de-movilidad-de-q-roo\/\"]}]},{\"@type\":\"ImageObject\",\"inLanguage\":\"es-MX\",\"@id\":\"https:\/\/nitu.mx\/index.php\/2018\/07\/17\/transportistas-federales-anuncian-amparo-contra-ley-de-movilidad-de-q-roo\/#primaryimage\",\"url\":\"https:\/\/nitu.mx\/wp-content\/uploads\/2018\/07\/conf-de-transportistas.jpg\",\"contentUrl\":\"https:\/\/nitu.mx\/wp-content\/uploads\/2018\/07\/conf-de-transportistas.jpg\",\"width\":598,\"height\":359},{\"@type\":\"BreadcrumbList\",\"@id\":\"https:\/\/nitu.mx\/index.php\/2018\/07\/17\/transportistas-federales-anuncian-amparo-contra-ley-de-movilidad-de-q-roo\/#breadcrumb\",\"itemListElement\":[{\"@type\":\"ListItem\",\"position\":1,\"name\":\"Inicio\",\"item\":\"https:\/\/nitu.mx\/\"},{\"@type\":\"ListItem\",\"position\":2,\"name\":\"Transportistas federales anuncian amparo contra Ley de Movilidad de Q. Roo\"}]},{\"@type\":\"WebSite\",\"@id\":\"https:\/\/nitu.mx\/#website\",\"url\":\"https:\/\/nitu.mx\/\",\"name\":\"Nitu - Noticias de la Industria Turistica\",\"description\":\"Noticias de la Industria Turistica\",\"publisher\":{\"@id\":\"https:\/\/nitu.mx\/#\/schema\/person\/ae7a53426417292d3dd07b45a33e01bc\"},\"alternateName\":\"Noticias de la Industria Turistica\",\"potentialAction\":[{\"@type\":\"SearchAction\",\"target\":{\"@type\":\"EntryPoint\",\"urlTemplate\":\"https:\/\/nitu.mx\/?s={search_term_string}\"},\"query-input\":\"required name=search_term_string\"}],\"inLanguage\":\"es-MX\"},{\"@type\":[\"Person\",\"Organization\"],\"@id\":\"https:\/\/nitu.mx\/#\/schema\/person\/ae7a53426417292d3dd07b45a33e01bc\",\"name\":\"Arturo Medina\",\"image\":{\"@type\":\"ImageObject\",\"inLanguage\":\"es-MX\",\"@id\":\"https:\/\/nitu.mx\/#\/schema\/person\/image\/\",\"url\":\"https:\/\/nitu.mx\/wp-content\/uploads\/2024\/04\/4A315622-1904-4D5C-B022-878CDC840E04-90x90-1.jpeg\",\"contentUrl\":\"https:\/\/nitu.mx\/wp-content\/uploads\/2024\/04\/4A315622-1904-4D5C-B022-878CDC840E04-90x90-1.jpeg\",\"width\":90,\"height\":90,\"caption\":\"Arturo Medina\"},\"logo\":{\"@id\":\"https:\/\/nitu.mx\/#\/schema\/person\/image\/\"},\"description\":\"Director NITU.mx, Egresado de la Escuela de Periodismo Carlos Septi\u00e9n Garc\u00eda. Periodista y analista especializado en turismo desde hace 35 a\u00f1os, radicado en Canc\u00fan Q.Roo. arturo@nitu.mx\",\"sameAs\":[\"https:\/\/nitu.mx\",\"https:\/\/www.facebook.com\/NITUmx\/\",\"medinacancun\",\"https:\/\/twitter.com\/@Arturo_Medina_G\"]},{\"@type\":\"Person\",\"@id\":\"https:\/\/nitu.mx\/#\/schema\/person\/4a28fe9bd65924f7c90623773daf1b0b\",\"name\":\"Redacci\u00f3n\",\"image\":{\"@type\":\"ImageObject\",\"inLanguage\":\"es-MX\",\"@id\":\"https:\/\/nitu.mx\/#\/schema\/person\/image\/\",\"url\":\"https:\/\/secure.gravatar.com\/avatar\/5dd011c8ccfc5cd7e4c81e42252aab38?s=96&d=mm&r=g\",\"contentUrl\":\"https:\/\/secure.gravatar.com\/avatar\/5dd011c8ccfc5cd7e4c81e42252aab38?s=96&d=mm&r=g\",\"caption\":\"Redacci\u00f3n\"},\"url\":\"https:\/\/nitu.mx\/index.php\/author\/redaccion\/\"}]}<\/script>\n<!-- \/ Yoast SEO plugin. -->","yoast_head_json":{"title":"Transportistas federales anuncian amparo contra Ley de Movilidad de Q. Roo - Nitu - Noticias de la Industria Turistica","robots":{"index":"index","follow":"follow","max-snippet":"max-snippet:-1","max-image-preview":"max-image-preview:large","max-video-preview":"max-video-preview:-1"},"canonical":"https:\/\/nitu.mx\/index.php\/2018\/07\/17\/transportistas-federales-anuncian-amparo-contra-ley-de-movilidad-de-q-roo\/","twitter_card":"summary_large_image","twitter_title":"Transportistas federales anuncian amparo contra Ley de Movilidad de Q. Roo - Nitu - Noticias de la Industria Turistica","twitter_description":"Los transportistas federales buscar\u00e1n ampararse ante la Ley de Movilidad de Quintana Roo, recientemente reformada por el Congreso del Estado. La queja de los transportistas se basa en que la nueva legislaci\u00f3n busca poner a esa modalidad de transporte bajo la vigilancia del nuevo Instituto de Movilidad, lo cual consideran que est\u00e1 fuera de la [&hellip;]","twitter_image":"https:\/\/nitu.mx\/wp-content\/uploads\/2018\/07\/conf-de-transportistas.jpg","twitter_creator":"@NITUmx","twitter_site":"@Arturo_Medina_G","twitter_misc":{"Escrito por":"Redacci\u00f3n","Tiempo de lectura":"2 minutos"},"schema":{"@context":"https:\/\/schema.org","@graph":[{"@type":"Article","@id":"https:\/\/nitu.mx\/index.php\/2018\/07\/17\/transportistas-federales-anuncian-amparo-contra-ley-de-movilidad-de-q-roo\/#article","isPartOf":{"@id":"https:\/\/nitu.mx\/index.php\/2018\/07\/17\/transportistas-federales-anuncian-amparo-contra-ley-de-movilidad-de-q-roo\/"},"author":{"name":"Redacci\u00f3n","@id":"https:\/\/nitu.mx\/#\/schema\/person\/4a28fe9bd65924f7c90623773daf1b0b"},"headline":"Transportistas federales anuncian amparo contra Ley de Movilidad de Q. Roo","datePublished":"2018-07-18T04:59:45+00:00","dateModified":"2018-07-18T05:22:29+00:00","mainEntityOfPage":{"@id":"https:\/\/nitu.mx\/index.php\/2018\/07\/17\/transportistas-federales-anuncian-amparo-contra-ley-de-movilidad-de-q-roo\/"},"wordCount":495,"commentCount":0,"publisher":{"@id":"https:\/\/nitu.mx\/#\/schema\/person\/ae7a53426417292d3dd07b45a33e01bc"},"image":{"@id":"https:\/\/nitu.mx\/index.php\/2018\/07\/17\/transportistas-federales-anuncian-amparo-contra-ley-de-movilidad-de-q-roo\/#primaryimage"},"thumbnailUrl":"https:\/\/nitu.mx\/wp-content\/uploads\/2018\/07\/conf-de-transportistas.jpg","keywords":["AMAV","Eduardo Mart\u00ednez Arcila","Instituto de Movilidad","Jos\u00e9 Bizarro Galv\u00e1n","Ley de Movilidad de Quintana Roo","Secretar\u00eda de Comunicaciones y Transportes","Sergio Gonz\u00e1lez Rubiera","transportistas federales","Transportistas Organizados Unidos de la Riviera","Uber"],"articleSection":["Destinos","M\u00e9xico"],"inLanguage":"es-MX","potentialAction":[{"@type":"CommentAction","name":"Comment","target":["https:\/\/nitu.mx\/index.php\/2018\/07\/17\/transportistas-federales-anuncian-amparo-contra-ley-de-movilidad-de-q-roo\/#respond"]}]},{"@type":"WebPage","@id":"https:\/\/nitu.mx\/index.php\/2018\/07\/17\/transportistas-federales-anuncian-amparo-contra-ley-de-movilidad-de-q-roo\/","url":"https:\/\/nitu.mx\/index.php\/2018\/07\/17\/transportistas-federales-anuncian-amparo-contra-ley-de-movilidad-de-q-roo\/","name":"Transportistas federales anuncian amparo contra Ley de Movilidad de Q. Roo - Nitu - Noticias de la Industria Turistica","isPartOf":{"@id":"https:\/\/nitu.mx\/#website"},"primaryImageOfPage":{"@id":"https:\/\/nitu.mx\/index.php\/2018\/07\/17\/transportistas-federales-anuncian-amparo-contra-ley-de-movilidad-de-q-roo\/#primaryimage"},"image":{"@id":"https:\/\/nitu.mx\/index.php\/2018\/07\/17\/transportistas-federales-anuncian-amparo-contra-ley-de-movilidad-de-q-roo\/#primaryimage"},"thumbnailUrl":"https:\/\/nitu.mx\/wp-content\/uploads\/2018\/07\/conf-de-transportistas.jpg","datePublished":"2018-07-18T04:59:45+00:00","dateModified":"2018-07-18T05:22:29+00:00","breadcrumb":{"@id":"https:\/\/nitu.mx\/index.php\/2018\/07\/17\/transportistas-federales-anuncian-amparo-contra-ley-de-movilidad-de-q-roo\/#breadcrumb"},"inLanguage":"es-MX","potentialAction":[{"@type":"ReadAction","target":["https:\/\/nitu.mx\/index.php\/2018\/07\/17\/transportistas-federales-anuncian-amparo-contra-ley-de-movilidad-de-q-roo\/"]}]},{"@type":"ImageObject","inLanguage":"es-MX","@id":"https:\/\/nitu.mx\/index.php\/2018\/07\/17\/transportistas-federales-anuncian-amparo-contra-ley-de-movilidad-de-q-roo\/#primaryimage","url":"https:\/\/nitu.mx\/wp-content\/uploads\/2018\/07\/conf-de-transportistas.jpg","contentUrl":"https:\/\/nitu.mx\/wp-content\/uploads\/2018\/07\/conf-de-transportistas.jpg","width":598,"height":359},{"@type":"BreadcrumbList","@id":"https:\/\/nitu.mx\/index.php\/2018\/07\/17\/transportistas-federales-anuncian-amparo-contra-ley-de-movilidad-de-q-roo\/#breadcrumb","itemListElement":[{"@type":"ListItem","position":1,"name":"Inicio","item":"https:\/\/nitu.mx\/"},{"@type":"ListItem","position":2,"name":"Transportistas federales anuncian amparo contra Ley de Movilidad de Q. Roo"}]},{"@type":"WebSite","@id":"https:\/\/nitu.mx\/#website","url":"https:\/\/nitu.mx\/","name":"Nitu - Noticias de la Industria Turistica","description":"Noticias de la Industria Turistica","publisher":{"@id":"https:\/\/nitu.mx\/#\/schema\/person\/ae7a53426417292d3dd07b45a33e01bc"},"alternateName":"Noticias de la Industria Turistica","potentialAction":[{"@type":"SearchAction","target":{"@type":"EntryPoint","urlTemplate":"https:\/\/nitu.mx\/?s={search_term_string}"},"query-input":"required name=search_term_string"}],"inLanguage":"es-MX"},{"@type":["Person","Organization"],"@id":"https:\/\/nitu.mx\/#\/schema\/person\/ae7a53426417292d3dd07b45a33e01bc","name":"Arturo Medina","image":{"@type":"ImageObject","inLanguage":"es-MX","@id":"https:\/\/nitu.mx\/#\/schema\/person\/image\/","url":"https:\/\/nitu.mx\/wp-content\/uploads\/2024\/04\/4A315622-1904-4D5C-B022-878CDC840E04-90x90-1.jpeg","contentUrl":"https:\/\/nitu.mx\/wp-content\/uploads\/2024\/04\/4A315622-1904-4D5C-B022-878CDC840E04-90x90-1.jpeg","width":90,"height":90,"caption":"Arturo Medina"},"logo":{"@id":"https:\/\/nitu.mx\/#\/schema\/person\/image\/"},"description":"Director NITU.mx, Egresado de la Escuela de Periodismo Carlos Septi\u00e9n Garc\u00eda. Periodista y analista especializado en turismo desde hace 35 a\u00f1os, radicado en Canc\u00fan Q.Roo. arturo@nitu.mx","sameAs":["https:\/\/nitu.mx","https:\/\/www.facebook.com\/NITUmx\/","medinacancun","https:\/\/twitter.com\/@Arturo_Medina_G"]},{"@type":"Person","@id":"https:\/\/nitu.mx\/#\/schema\/person\/4a28fe9bd65924f7c90623773daf1b0b","name":"Redacci\u00f3n","image":{"@type":"ImageObject","inLanguage":"es-MX","@id":"https:\/\/nitu.mx\/#\/schema\/person\/image\/","url":"https:\/\/secure.gravatar.com\/avatar\/5dd011c8ccfc5cd7e4c81e42252aab38?s=96&d=mm&r=g","contentUrl":"https:\/\/secure.gravatar.com\/avatar\/5dd011c8ccfc5cd7e4c81e42252aab38?s=96&d=mm&r=g","caption":"Redacci\u00f3n"},"url":"https:\/\/nitu.mx\/index.php\/author\/redaccion\/"}]}},"views":363,"_links":{"self":[{"href":"https:\/\/nitu.mx\/index.php\/wp-json\/wp\/v2\/posts\/22574"}],"collection":[{"href":"https:\/\/nitu.mx\/index.php\/wp-json\/wp\/v2\/posts"}],"about":[{"href":"https:\/\/nitu.mx\/index.php\/wp-json\/wp\/v2\/types\/post"}],"author":[{"embeddable":true,"href":"https:\/\/nitu.mx\/index.php\/wp-json\/wp\/v2\/users\/17"}],"replies":[{"embeddable":true,"href":"https:\/\/nitu.mx\/index.php\/wp-json\/wp\/v2\/comments?post=22574"}],"version-history":[{"count":3,"href":"https:\/\/nitu.mx\/index.php\/wp-json\/wp\/v2\/posts\/22574\/revisions"}],"predecessor-version":[{"id":22603,"href":"https:\/\/nitu.mx\/index.php\/wp-json\/wp\/v2\/posts\/22574\/revisions\/22603"}],"wp:featuredmedia":[{"embeddable":true,"href":"https:\/\/nitu.mx\/index.php\/wp-json\/wp\/v2\/media\/22575"}],"wp:attachment":[{"href":"https:\/\/nitu.mx\/index.php\/wp-json\/wp\/v2\/media?parent=22574"}],"wp:term":[{"taxonomy":"category","embeddable":true,"href":"https:\/\/nitu.mx\/index.php\/wp-json\/wp\/v2\/categories?post=22574"},{"taxonomy":"post_tag","embeddable":true,"href":"https:\/\/nitu.mx\/index.php\/wp-json\/wp\/v2\/tags?post=22574"}],"curies":[{"name":"wp","href":"https:\/\/api.w.org\/{rel}","templated":true}]}}